{"id":34917,"date":"2019-09-20T20:54:30","date_gmt":"2019-09-20T23:54:30","guid":{"rendered":"http:\/\/www.noticiasradioreflejos.com.ar\/noticias\/?p=34917"},"modified":"2019-09-20T20:54:30","modified_gmt":"2019-09-20T23:54:30","slug":"feria-holistica-y-artesanal-en-parador-namaste","status":"publish","type":"post","link":"https:\/\/www.noticiasradioreflejos.com.ar\/2021\/feria-holistica-y-artesanal-en-parador-namaste\/","title":{"rendered":"Feria Holistica y Artesanal en Parador Namaste"},"content":{"rendered":"<p>Hoy visitamos Parador Namaste, situado en el Dique San Bernardo, donde ma\u00f1ana comenzar\u00e1 a partir de la hora 10, el primer encuentro de artesanos holistico, donde diversos expositores de esa rama, y a los cuales se le sumaron ademas otros artesanos de la regi\u00f3n, dar\u00e1n inicio a dicho evento.<!--more--><br \/>\nFuimos recibidos por Valeria y Gabriel quienes se encontraban adecuando el sector para el evento, y nos contaron mate por medio, como se desarrollaran las actividades a partir de ma\u00f1ana. As\u00ed desde la hora 10 hasta las 17, se realizaran talleres de biodescodificaci\u00f3n, tarot terap\u00e9utico, \u00e1rbol geneal\u00f3gico y meditaciones.<br \/>\nAdemas a la hora 15 se har\u00e1n presentes los integrantes de la Agrupaci\u00f3n Floral Ventania, quienes en forma conjunta a vecinos de la localidad, reforestaran el predio con diversidad de especies de plantas, dando as\u00ed lugar a la segunda actividad de este genero.<br \/>\nPodr\u00e1n apreciarse puestos de venta de la rama holistica y de artesanos en general. Habr\u00e1 servicio de cantina, ba\u00f1os, y se han dispuesto, tanto en el predio como en la parte del bosque 7 fogones para aquel que quiera utilizarlos y as\u00ed pasar el mediod\u00eda recibiendo la primavera a la costa del arroyo.<br \/>\n<a href=\"http:\/\/www.noticiasradioreflejos.com.ar\/noticias\/wp-content\/uploads\/2019\/09\/67126865-a4c1-4a94-91d8-b0b1ba16e5e6.jpg\"><img loading=\"lazy\" decoding=\"async\" class=\"aligncenter size-large wp-image-34919\" src=\"http:\/\/www.noticiasradioreflejos.com.ar\/noticias\/wp-content\/uploads\/2019\/09\/67126865-a4c1-4a94-91d8-b0b1ba16e5e6-768x1024.jpg\" alt=\"67126865-a4c1-4a94-91d8-b0b1ba16e5e6\" width=\"768\" height=\"1024\" \/><\/a><br \/>\nLos responsables del parador agradecen la predisposici\u00f3n de las autoridades municipales, locales y de Tornquist, a la Secretaria de Turismo, al delegado municipal Hugo Polvara, al Secretario de Gobierno Ezequiel Gabella, al se\u00f1or intendente Sergio Bordoni, a la Sociedad de Fomento de Barrio San Bernardo, y a todos aquellos que de una u otra forma hicieron posible este evento que es el inicio, de otros a futuro.<br \/>\n<a href=\"http:\/\/www.noticiasradioreflejos.com.ar\/noticias\/wp-content\/uploads\/2019\/09\/feria.jpg\"><img loading=\"lazy\" decoding=\"async\" class=\"aligncenter size-full wp-image-34788\" src=\"http:\/\/www.noticiasradioreflejos.com.ar\/noticias\/wp-content\/uploads\/2019\/09\/feria.jpg\" alt=\"feria\" width=\"708\" height=\"529\" \/><\/a><br \/>\n<a href=\"http:\/\/www.noticiasradioreflejos.com.ar\/noticias\/wp-content\/uploads\/2019\/09\/cronograma-feria-primavera.png\"><img loading=\"lazy\" decoding=\"async\" class=\"aligncenter size-full wp-image-34787\" src=\"http:\/\/www.noticiasradioreflejos.com.ar\/noticias\/wp-content\/uploads\/2019\/09\/cronograma-feria-primavera.png\" alt=\"cronograma feria primavera\" width=\"711\" height=\"535\" \/><\/a><br \/>\n<a href=\"http:\/\/www.noticiasradioreflejos.com.ar\/noticias\/wp-content\/uploads\/2019\/09\/agrupacion-floral-banner.png\"><img loading=\"lazy\" decoding=\"async\" class=\"aligncenter size-full wp-image-34835\" src=\"http:\/\/www.noticiasradioreflejos.com.ar\/noticias\/wp-content\/uploads\/2019\/09\/agrupacion-floral-banner.png\" alt=\"agrupacion floral banner\" width=\"709\" height=\"531\" \/><\/a><\/p>\n","protected":false},"excerpt":{"rendered":"<p>Hoy visitamos Parador Namaste, situado en el Dique San Bernardo, donde ma\u00f1ana comenzar\u00e1 a partir de la hora 10, el primer encuentro de artesanos holistico, donde diversos expositores de esa rama, y a los cuales se le sumaron ademas otros artesanos de la regi\u00f3n, dar\u00e1n inicio a dicho evento.<\/p>\n","protected":false},"author":3,"featured_media":0,"comment_status":"closed","ping_status":"open","sticky":false,"template":"","format":"standard","meta":{"footnotes":""},"categories":[26],"tags":[],"class_list":["post-34917","post","type-post","status-publish","format-standard","hentry","category-sociedad"],"yoast_head":"<!-- This site is optimized with the Yoast SEO plugin v25.9 - https:\/\/yoast.com\/wordpress\/plugins\/seo\/ -->\n<title>Feria Holistica y Artesanal en Parador Namaste - Noticias Radio Reflejos<\/title>\n<meta name=\"robots\" content=\"index, follow, max-snippet:-1, max-image-preview:large, max-video-preview:-1\" \/>\n<link rel=\"canonical\" href=\"https:\/\/www.noticiasradioreflejos.com.ar\/2021\/feria-holistica-y-artesanal-en-parador-namaste\/\" \/>\n<meta property=\"og:locale\" content=\"es_ES\" \/>\n<meta property=\"og:type\" content=\"article\" \/>\n<meta property=\"og:title\" content=\"Feria Holistica y Artesanal en Parador Namaste - Noticias Radio Reflejos\" \/>\n<meta property=\"og:description\" content=\"Hoy visitamos Parador Namaste, situado en el Dique San Bernardo, donde ma\u00f1ana comenzar\u00e1 a partir de la hora 10, el primer encuentro de artesanos holistico, donde diversos expositores de esa rama, y a los cuales se le sumaron ademas otros artesanos de la regi\u00f3n, dar\u00e1n inicio a dicho evento.\" \/>\n<meta property=\"og:url\" content=\"https:\/\/www.noticiasradioreflejos.com.ar\/2021\/feria-holistica-y-artesanal-en-parador-namaste\/\" \/>\n<meta property=\"og:site_name\" content=\"Noticias Radio Reflejos\" \/>\n<meta property=\"article:published_time\" content=\"2019-09-20T23:54:30+00:00\" \/>\n<meta property=\"og:image\" content=\"https:\/\/www.noticiasradioreflejos.com.ar\/2021\/wp-content\/uploads\/2021\/07\/logosol300x200.png\" \/>\n\t<meta property=\"og:image:width\" content=\"300\" \/>\n\t<meta property=\"og:image:height\" content=\"200\" \/>\n\t<meta property=\"og:image:type\" content=\"image\/png\" \/>\n<meta name=\"author\" content=\"Arnaldo Botto\" \/>\n<meta name=\"twitter:card\" content=\"summary_large_image\" \/>\n<script type=\"application\/ld+json\" class=\"yoast-schema-graph\">{\"@context\":\"https:\/\/schema.org\",\"@graph\":[{\"@type\":\"WebPage\",\"@id\":\"https:\/\/www.noticiasradioreflejos.com.ar\/2021\/feria-holistica-y-artesanal-en-parador-namaste\/\",\"url\":\"https:\/\/www.noticiasradioreflejos.com.ar\/2021\/feria-holistica-y-artesanal-en-parador-namaste\/\",\"name\":\"Feria Holistica y Artesanal en Parador Namaste - Noticias Radio Reflejos\",\"isPartOf\":{\"@id\":\"https:\/\/www.noticiasradioreflejos.com.ar\/2021\/#website\"},\"primaryImageOfPage\":{\"@id\":\"https:\/\/www.noticiasradioreflejos.com.ar\/2021\/feria-holistica-y-artesanal-en-parador-namaste\/#primaryimage\"},\"image\":{\"@id\":\"https:\/\/www.noticiasradioreflejos.com.ar\/2021\/feria-holistica-y-artesanal-en-parador-namaste\/#primaryimage\"},\"thumbnailUrl\":\"http:\/\/www.noticiasradioreflejos.com.ar\/noticias\/wp-content\/uploads\/2019\/09\/67126865-a4c1-4a94-91d8-b0b1ba16e5e6-768x1024.jpg\",\"datePublished\":\"2019-09-20T23:54:30+00:00\",\"author\":{\"@id\":\"https:\/\/www.noticiasradioreflejos.com.ar\/2021\/#\/schema\/person\/ad82545263dcc5ec0996818884fd5fb1\"},\"breadcrumb\":{\"@id\":\"https:\/\/www.noticiasradioreflejos.com.ar\/2021\/feria-holistica-y-artesanal-en-parador-namaste\/#breadcrumb\"},\"inLanguage\":\"es\",\"potentialAction\":[{\"@type\":\"ReadAction\",\"target\":[\"https:\/\/www.noticiasradioreflejos.com.ar\/2021\/feria-holistica-y-artesanal-en-parador-namaste\/\"]}]},{\"@type\":\"ImageObject\",\"inLanguage\":\"es\",\"@id\":\"https:\/\/www.noticiasradioreflejos.com.ar\/2021\/feria-holistica-y-artesanal-en-parador-namaste\/#primaryimage\",\"url\":\"http:\/\/www.noticiasradioreflejos.com.ar\/noticias\/wp-content\/uploads\/2019\/09\/67126865-a4c1-4a94-91d8-b0b1ba16e5e6-768x1024.jpg\",\"contentUrl\":\"http:\/\/www.noticiasradioreflejos.com.ar\/noticias\/wp-content\/uploads\/2019\/09\/67126865-a4c1-4a94-91d8-b0b1ba16e5e6-768x1024.jpg\"},{\"@type\":\"BreadcrumbList\",\"@id\":\"https:\/\/www.noticiasradioreflejos.com.ar\/2021\/feria-holistica-y-artesanal-en-parador-namaste\/#breadcrumb\",\"itemListElement\":[{\"@type\":\"ListItem\",\"position\":1,\"name\":\"Portada\",\"item\":\"https:\/\/www.noticiasradioreflejos.com.ar\/2021\/\"},{\"@type\":\"ListItem\",\"position\":2,\"name\":\"Feria Holistica y Artesanal en Parador Namaste\"}]},{\"@type\":\"WebSite\",\"@id\":\"https:\/\/www.noticiasradioreflejos.com.ar\/2021\/#website\",\"url\":\"https:\/\/www.noticiasradioreflejos.com.ar\/2021\/\",\"name\":\"Noticias Radio Reflejos\",\"description\":\"Las noticias de mi comarca\",\"potentialAction\":[{\"@type\":\"SearchAction\",\"target\":{\"@type\":\"EntryPoint\",\"urlTemplate\":\"https:\/\/www.noticiasradioreflejos.com.ar\/2021\/?s={search_term_string}\"},\"query-input\":{\"@type\":\"PropertyValueSpecification\",\"valueRequired\":true,\"valueName\":\"search_term_string\"}}],\"inLanguage\":\"es\"},{\"@type\":\"Person\",\"@id\":\"https:\/\/www.noticiasradioreflejos.com.ar\/2021\/#\/schema\/person\/ad82545263dcc5ec0996818884fd5fb1\",\"name\":\"Arnaldo Botto\",\"image\":{\"@type\":\"ImageObject\",\"inLanguage\":\"es\",\"@id\":\"https:\/\/www.noticiasradioreflejos.com.ar\/2021\/#\/schema\/person\/image\/\",\"url\":\"https:\/\/secure.gravatar.com\/avatar\/55cb5e37c1efa326397366e6974cb338056df65cb50e7d64d1cf314e87504837?s=96&d=mm&r=g\",\"contentUrl\":\"https:\/\/secure.gravatar.com\/avatar\/55cb5e37c1efa326397366e6974cb338056df65cb50e7d64d1cf314e87504837?s=96&d=mm&r=g\",\"caption\":\"Arnaldo Botto\"},\"url\":\"https:\/\/www.noticiasradioreflejos.com.ar\/2021\/author\/arnaldo\/\"}]}<\/script>\n<!-- \/ Yoast SEO plugin. -->","yoast_head_json":{"title":"Feria Holistica y Artesanal en Parador Namaste - Noticias Radio Reflejos","robots":{"index":"index","follow":"follow","max-snippet":"max-snippet:-1","max-image-preview":"max-image-preview:large","max-video-preview":"max-video-preview:-1"},"canonical":"https:\/\/www.noticiasradioreflejos.com.ar\/2021\/feria-holistica-y-artesanal-en-parador-namaste\/","og_locale":"es_ES","og_type":"article","og_title":"Feria Holistica y Artesanal en Parador Namaste - Noticias Radio Reflejos","og_description":"Hoy visitamos Parador Namaste, situado en el Dique San Bernardo, donde ma\u00f1ana comenzar\u00e1 a partir de la hora 10, el primer encuentro de artesanos holistico, donde diversos expositores de esa rama, y a los cuales se le sumaron ademas otros artesanos de la regi\u00f3n, dar\u00e1n inicio a dicho evento.","og_url":"https:\/\/www.noticiasradioreflejos.com.ar\/2021\/feria-holistica-y-artesanal-en-parador-namaste\/","og_site_name":"Noticias Radio Reflejos","article_published_time":"2019-09-20T23:54:30+00:00","og_image":[{"width":300,"height":200,"url":"https:\/\/www.noticiasradioreflejos.com.ar\/2021\/wp-content\/uploads\/2021\/07\/logosol300x200.png","type":"image\/png"}],"author":"Arnaldo Botto","twitter_card":"summary_large_image","schema":{"@context":"https:\/\/schema.org","@graph":[{"@type":"WebPage","@id":"https:\/\/www.noticiasradioreflejos.com.ar\/2021\/feria-holistica-y-artesanal-en-parador-namaste\/","url":"https:\/\/www.noticiasradioreflejos.com.ar\/2021\/feria-holistica-y-artesanal-en-parador-namaste\/","name":"Feria Holistica y Artesanal en Parador Namaste - Noticias Radio Reflejos","isPartOf":{"@id":"https:\/\/www.noticiasradioreflejos.com.ar\/2021\/#website"},"primaryImageOfPage":{"@id":"https:\/\/www.noticiasradioreflejos.com.ar\/2021\/feria-holistica-y-artesanal-en-parador-namaste\/#primaryimage"},"image":{"@id":"https:\/\/www.noticiasradioreflejos.com.ar\/2021\/feria-holistica-y-artesanal-en-parador-namaste\/#primaryimage"},"thumbnailUrl":"http:\/\/www.noticiasradioreflejos.com.ar\/noticias\/wp-content\/uploads\/2019\/09\/67126865-a4c1-4a94-91d8-b0b1ba16e5e6-768x1024.jpg","datePublished":"2019-09-20T23:54:30+00:00","author":{"@id":"https:\/\/www.noticiasradioreflejos.com.ar\/2021\/#\/schema\/person\/ad82545263dcc5ec0996818884fd5fb1"},"breadcrumb":{"@id":"https:\/\/www.noticiasradioreflejos.com.ar\/2021\/feria-holistica-y-artesanal-en-parador-namaste\/#breadcrumb"},"inLanguage":"es","potentialAction":[{"@type":"ReadAction","target":["https:\/\/www.noticiasradioreflejos.com.ar\/2021\/feria-holistica-y-artesanal-en-parador-namaste\/"]}]},{"@type":"ImageObject","inLanguage":"es","@id":"https:\/\/www.noticiasradioreflejos.com.ar\/2021\/feria-holistica-y-artesanal-en-parador-namaste\/#primaryimage","url":"http:\/\/www.noticiasradioreflejos.com.ar\/noticias\/wp-content\/uploads\/2019\/09\/67126865-a4c1-4a94-91d8-b0b1ba16e5e6-768x1024.jpg","contentUrl":"http:\/\/www.noticiasradioreflejos.com.ar\/noticias\/wp-content\/uploads\/2019\/09\/67126865-a4c1-4a94-91d8-b0b1ba16e5e6-768x1024.jpg"},{"@type":"BreadcrumbList","@id":"https:\/\/www.noticiasradioreflejos.com.ar\/2021\/feria-holistica-y-artesanal-en-parador-namaste\/#breadcrumb","itemListElement":[{"@type":"ListItem","position":1,"name":"Portada","item":"https:\/\/www.noticiasradioreflejos.com.ar\/2021\/"},{"@type":"ListItem","position":2,"name":"Feria Holistica y Artesanal en Parador Namaste"}]},{"@type":"WebSite","@id":"https:\/\/www.noticiasradioreflejos.com.ar\/2021\/#website","url":"https:\/\/www.noticiasradioreflejos.com.ar\/2021\/","name":"Noticias Radio Reflejos","description":"Las noticias de mi comarca","potentialAction":[{"@type":"SearchAction","target":{"@type":"EntryPoint","urlTemplate":"https:\/\/www.noticiasradioreflejos.com.ar\/2021\/?s={search_term_string}"},"query-input":{"@type":"PropertyValueSpecification","valueRequired":true,"valueName":"search_term_string"}}],"inLanguage":"es"},{"@type":"Person","@id":"https:\/\/www.noticiasradioreflejos.com.ar\/2021\/#\/schema\/person\/ad82545263dcc5ec0996818884fd5fb1","name":"Arnaldo Botto","image":{"@type":"ImageObject","inLanguage":"es","@id":"https:\/\/www.noticiasradioreflejos.com.ar\/2021\/#\/schema\/person\/image\/","url":"https:\/\/secure.gravatar.com\/avatar\/55cb5e37c1efa326397366e6974cb338056df65cb50e7d64d1cf314e87504837?s=96&d=mm&r=g","contentUrl":"https:\/\/secure.gravatar.com\/avatar\/55cb5e37c1efa326397366e6974cb338056df65cb50e7d64d1cf314e87504837?s=96&d=mm&r=g","caption":"Arnaldo Botto"},"url":"https:\/\/www.noticiasradioreflejos.com.ar\/2021\/author\/arnaldo\/"}]}},"_links":{"self":[{"href":"https:\/\/www.noticiasradioreflejos.com.ar\/2021\/wp-json\/wp\/v2\/posts\/34917","targetHints":{"allow":["GET"]}}],"collection":[{"href":"https:\/\/www.noticiasradioreflejos.com.ar\/2021\/wp-json\/wp\/v2\/posts"}],"about":[{"href":"https:\/\/www.noticiasradioreflejos.com.ar\/2021\/wp-json\/wp\/v2\/types\/post"}],"author":[{"embeddable":true,"href":"https:\/\/www.noticiasradioreflejos.com.ar\/2021\/wp-json\/wp\/v2\/users\/3"}],"replies":[{"embeddable":true,"href":"https:\/\/www.noticiasradioreflejos.com.ar\/2021\/wp-json\/wp\/v2\/comments?post=34917"}],"version-history":[{"count":0,"href":"https:\/\/www.noticiasradioreflejos.com.ar\/2021\/wp-json\/wp\/v2\/posts\/34917\/revisions"}],"wp:attachment":[{"href":"https:\/\/www.noticiasradioreflejos.com.ar\/2021\/wp-json\/wp\/v2\/media?parent=34917"}],"wp:term":[{"taxonomy":"category","embeddable":true,"href":"https:\/\/www.noticiasradioreflejos.com.ar\/2021\/wp-json\/wp\/v2\/categories?post=34917"},{"taxonomy":"post_tag","embeddable":true,"href":"https:\/\/www.noticiasradioreflejos.com.ar\/2021\/wp-json\/wp\/v2\/tags?post=34917"}],"curies":[{"name":"wp","href":"https:\/\/api.w.org\/{rel}","templated":true}]}}