{"id":34884,"date":"2019-09-19T22:41:30","date_gmt":"2019-09-20T01:41:30","guid":{"rendered":"http:\/\/www.noticiasradioreflejos.com.ar\/noticias\/?p=34884"},"modified":"2019-09-19T22:41:30","modified_gmt":"2019-09-20T01:41:30","slug":"esperamos-que-todos-los-comercios-adhieran-mas-porque-ellos-lo-han-solicitado-fabian-gonzales","status":"publish","type":"post","link":"https:\/\/www.noticiasradioreflejos.com.ar\/2021\/esperamos-que-todos-los-comercios-adhieran-mas-porque-ellos-lo-han-solicitado-fabian-gonzales\/","title":{"rendered":"&quot;Esperamos que todos los comercios adhieran, mas porque ellos lo han solicitado&quot; Fabian Gonzales"},"content":{"rendered":"<p>En el d\u00eda de ayer, mantuvimos una conversaci\u00f3n telef\u00f3nica con el Concejal Fabian Gonzales, respecto al d\u00eda del empleado de comercio, y su modificaci\u00f3n.<!--more--><br \/>\n\u00abLa actualidad del gremio esta complicada, como la actividad en si misma de comercio, la recesi\u00f3n, y todo lo que implica vivir en Argentina, el sector esta bastante castigado y obviamente que el sindicato no es ajeno, estamos realmente inversos en una situaci\u00f3n critica, donde estos \u00faltimos d\u00edas estamos convocando algunos empresarios a que actualicen deudas que han generado con el gremio, de cuota sindical y obra social, para poder subsistir nosotros tambi\u00e9n\u00bb.<br \/>\n\u00abEl 26 de septiembre es el d\u00eda del empleado de comercio, y reunidos con las c\u00e1maras, hemos llegado al acuerdo de que el d\u00eda de menor ventas para ellos es el 23, entonces se va a cerrar el lunes 23, esperamos que todos los comercios adhieran, mas porque ellos lo han solicitado, y aparte porque es ley, la ley 26.541, si se trabaja ese d\u00eda se tiene que abonar el doble, mas un franco compensatorio, lo que tambi\u00e9n implicar\u00eda un costo extra para el comerciante, entonces estimamos que el d\u00eda 23 van a estar cerrados todos los comercios de Coronel Su\u00e1rez y del pa\u00eds por supuesto\u00bb.<br \/>\n\u00bfPorque se conmemora el d\u00eda del empleado de comercio el 26 de septiembre?, \u00abSe estipul\u00f3 a ra\u00edz de la historia que tienen los empleados de comercio, si vos me preguntas nosotros quer\u00edamos que fuese el 26 de mayo el d\u00eda de los empleados de comercio, porque ese d\u00eda se cre\u00f3 el sindicato de empleados de comercio de Coronel Su\u00e1rez, en el a\u00f1o 1901, el primer sindicato del pa\u00eds y de sudamerica\u00bb.<br \/>\nNOTA COMPLETA:<br \/>\n<iframe loading=\"lazy\" src=\"https:\/\/w.soundcloud.com\/player\/?url=https%3A\/\/api.soundcloud.com\/tracks\/682885931&amp;color=%23ff5500&amp;auto_play=false&amp;hide_related=false&amp;show_comments=true&amp;show_user=true&amp;show_reposts=false&amp;show_teaser=true\" width=\"100%\" height=\"166\" frameborder=\"no\" scrolling=\"no\"><\/iframe><\/p>\n","protected":false},"excerpt":{"rendered":"<p>En el d\u00eda de ayer, mantuvimos una conversaci\u00f3n telef\u00f3nica con el Concejal Fabian Gonzales, respecto al d\u00eda del empleado de comercio, y su modificaci\u00f3n.<\/p>\n","protected":false},"author":3,"featured_media":0,"comment_status":"closed","ping_status":"open","sticky":false,"template":"","format":"standard","meta":{"footnotes":""},"categories":[26],"tags":[],"class_list":["post-34884","post","type-post","status-publish","format-standard","hentry","category-sociedad"],"yoast_head":"<!-- This site is optimized with the Yoast SEO plugin v25.9 - https:\/\/yoast.com\/wordpress\/plugins\/seo\/ -->\n<title>&quot;Esperamos que todos los comercios adhieran, mas porque ellos lo han solicitado&quot; Fabian Gonzales - Noticias Radio Reflejos<\/title>\n<meta name=\"robots\" content=\"index, follow, max-snippet:-1, max-image-preview:large, max-video-preview:-1\" \/>\n<link rel=\"canonical\" href=\"https:\/\/www.noticiasradioreflejos.com.ar\/2021\/esperamos-que-todos-los-comercios-adhieran-mas-porque-ellos-lo-han-solicitado-fabian-gonzales\/\" \/>\n<meta property=\"og:locale\" content=\"es_ES\" \/>\n<meta property=\"og:type\" content=\"article\" \/>\n<meta property=\"og:title\" content=\"&quot;Esperamos que todos los comercios adhieran, mas porque ellos lo han solicitado&quot; Fabian Gonzales - Noticias Radio Reflejos\" \/>\n<meta property=\"og:description\" content=\"En el d\u00eda de ayer, mantuvimos una conversaci\u00f3n telef\u00f3nica con el Concejal Fabian Gonzales, respecto al d\u00eda del empleado de comercio, y su modificaci\u00f3n.\" \/>\n<meta property=\"og:url\" content=\"https:\/\/www.noticiasradioreflejos.com.ar\/2021\/esperamos-que-todos-los-comercios-adhieran-mas-porque-ellos-lo-han-solicitado-fabian-gonzales\/\" \/>\n<meta property=\"og:site_name\" content=\"Noticias Radio Reflejos\" \/>\n<meta property=\"article:published_time\" content=\"2019-09-20T01:41:30+00:00\" \/>\n<meta property=\"og:image\" content=\"https:\/\/www.noticiasradioreflejos.com.ar\/2021\/wp-content\/uploads\/2021\/07\/logosol300x200.png\" \/>\n\t<meta property=\"og:image:width\" content=\"300\" \/>\n\t<meta property=\"og:image:height\" content=\"200\" \/>\n\t<meta property=\"og:image:type\" content=\"image\/png\" \/>\n<meta name=\"author\" content=\"Arnaldo Botto\" \/>\n<meta name=\"twitter:card\" content=\"summary_large_image\" \/>\n<script type=\"application\/ld+json\" class=\"yoast-schema-graph\">{\"@context\":\"https:\/\/schema.org\",\"@graph\":[{\"@type\":\"WebPage\",\"@id\":\"https:\/\/www.noticiasradioreflejos.com.ar\/2021\/esperamos-que-todos-los-comercios-adhieran-mas-porque-ellos-lo-han-solicitado-fabian-gonzales\/\",\"url\":\"https:\/\/www.noticiasradioreflejos.com.ar\/2021\/esperamos-que-todos-los-comercios-adhieran-mas-porque-ellos-lo-han-solicitado-fabian-gonzales\/\",\"name\":\"&quot;Esperamos que todos los comercios adhieran, mas porque ellos lo han solicitado&quot; Fabian Gonzales - Noticias Radio Reflejos\",\"isPartOf\":{\"@id\":\"https:\/\/www.noticiasradioreflejos.com.ar\/2021\/#website\"},\"datePublished\":\"2019-09-20T01:41:30+00:00\",\"author\":{\"@id\":\"https:\/\/www.noticiasradioreflejos.com.ar\/2021\/#\/schema\/person\/ad82545263dcc5ec0996818884fd5fb1\"},\"breadcrumb\":{\"@id\":\"https:\/\/www.noticiasradioreflejos.com.ar\/2021\/esperamos-que-todos-los-comercios-adhieran-mas-porque-ellos-lo-han-solicitado-fabian-gonzales\/#breadcrumb\"},\"inLanguage\":\"es\",\"potentialAction\":[{\"@type\":\"ReadAction\",\"target\":[\"https:\/\/www.noticiasradioreflejos.com.ar\/2021\/esperamos-que-todos-los-comercios-adhieran-mas-porque-ellos-lo-han-solicitado-fabian-gonzales\/\"]}]},{\"@type\":\"BreadcrumbList\",\"@id\":\"https:\/\/www.noticiasradioreflejos.com.ar\/2021\/esperamos-que-todos-los-comercios-adhieran-mas-porque-ellos-lo-han-solicitado-fabian-gonzales\/#breadcrumb\",\"itemListElement\":[{\"@type\":\"ListItem\",\"position\":1,\"name\":\"Portada\",\"item\":\"https:\/\/www.noticiasradioreflejos.com.ar\/2021\/\"},{\"@type\":\"ListItem\",\"position\":2,\"name\":\"&quot;Esperamos que todos los comercios adhieran, mas porque ellos lo han solicitado&quot; Fabian Gonzales\"}]},{\"@type\":\"WebSite\",\"@id\":\"https:\/\/www.noticiasradioreflejos.com.ar\/2021\/#website\",\"url\":\"https:\/\/www.noticiasradioreflejos.com.ar\/2021\/\",\"name\":\"Noticias Radio Reflejos\",\"description\":\"Las noticias de mi comarca\",\"potentialAction\":[{\"@type\":\"SearchAction\",\"target\":{\"@type\":\"EntryPoint\",\"urlTemplate\":\"https:\/\/www.noticiasradioreflejos.com.ar\/2021\/?s={search_term_string}\"},\"query-input\":{\"@type\":\"PropertyValueSpecification\",\"valueRequired\":true,\"valueName\":\"search_term_string\"}}],\"inLanguage\":\"es\"},{\"@type\":\"Person\",\"@id\":\"https:\/\/www.noticiasradioreflejos.com.ar\/2021\/#\/schema\/person\/ad82545263dcc5ec0996818884fd5fb1\",\"name\":\"Arnaldo Botto\",\"image\":{\"@type\":\"ImageObject\",\"inLanguage\":\"es\",\"@id\":\"https:\/\/www.noticiasradioreflejos.com.ar\/2021\/#\/schema\/person\/image\/\",\"url\":\"https:\/\/secure.gravatar.com\/avatar\/55cb5e37c1efa326397366e6974cb338056df65cb50e7d64d1cf314e87504837?s=96&d=mm&r=g\",\"contentUrl\":\"https:\/\/secure.gravatar.com\/avatar\/55cb5e37c1efa326397366e6974cb338056df65cb50e7d64d1cf314e87504837?s=96&d=mm&r=g\",\"caption\":\"Arnaldo Botto\"},\"url\":\"https:\/\/www.noticiasradioreflejos.com.ar\/2021\/author\/arnaldo\/\"}]}<\/script>\n<!-- \/ Yoast SEO plugin. -->","yoast_head_json":{"title":"&quot;Esperamos que todos los comercios adhieran, mas porque ellos lo han solicitado&quot; Fabian Gonzales - Noticias Radio Reflejos","robots":{"index":"index","follow":"follow","max-snippet":"max-snippet:-1","max-image-preview":"max-image-preview:large","max-video-preview":"max-video-preview:-1"},"canonical":"https:\/\/www.noticiasradioreflejos.com.ar\/2021\/esperamos-que-todos-los-comercios-adhieran-mas-porque-ellos-lo-han-solicitado-fabian-gonzales\/","og_locale":"es_ES","og_type":"article","og_title":"&quot;Esperamos que todos los comercios adhieran, mas porque ellos lo han solicitado&quot; Fabian Gonzales - Noticias Radio Reflejos","og_description":"En el d\u00eda de ayer, mantuvimos una conversaci\u00f3n telef\u00f3nica con el Concejal Fabian Gonzales, respecto al d\u00eda del empleado de comercio, y su modificaci\u00f3n.","og_url":"https:\/\/www.noticiasradioreflejos.com.ar\/2021\/esperamos-que-todos-los-comercios-adhieran-mas-porque-ellos-lo-han-solicitado-fabian-gonzales\/","og_site_name":"Noticias Radio Reflejos","article_published_time":"2019-09-20T01:41:30+00:00","og_image":[{"width":300,"height":200,"url":"https:\/\/www.noticiasradioreflejos.com.ar\/2021\/wp-content\/uploads\/2021\/07\/logosol300x200.png","type":"image\/png"}],"author":"Arnaldo Botto","twitter_card":"summary_large_image","schema":{"@context":"https:\/\/schema.org","@graph":[{"@type":"WebPage","@id":"https:\/\/www.noticiasradioreflejos.com.ar\/2021\/esperamos-que-todos-los-comercios-adhieran-mas-porque-ellos-lo-han-solicitado-fabian-gonzales\/","url":"https:\/\/www.noticiasradioreflejos.com.ar\/2021\/esperamos-que-todos-los-comercios-adhieran-mas-porque-ellos-lo-han-solicitado-fabian-gonzales\/","name":"&quot;Esperamos que todos los comercios adhieran, mas porque ellos lo han solicitado&quot; Fabian Gonzales - Noticias Radio Reflejos","isPartOf":{"@id":"https:\/\/www.noticiasradioreflejos.com.ar\/2021\/#website"},"datePublished":"2019-09-20T01:41:30+00:00","author":{"@id":"https:\/\/www.noticiasradioreflejos.com.ar\/2021\/#\/schema\/person\/ad82545263dcc5ec0996818884fd5fb1"},"breadcrumb":{"@id":"https:\/\/www.noticiasradioreflejos.com.ar\/2021\/esperamos-que-todos-los-comercios-adhieran-mas-porque-ellos-lo-han-solicitado-fabian-gonzales\/#breadcrumb"},"inLanguage":"es","potentialAction":[{"@type":"ReadAction","target":["https:\/\/www.noticiasradioreflejos.com.ar\/2021\/esperamos-que-todos-los-comercios-adhieran-mas-porque-ellos-lo-han-solicitado-fabian-gonzales\/"]}]},{"@type":"BreadcrumbList","@id":"https:\/\/www.noticiasradioreflejos.com.ar\/2021\/esperamos-que-todos-los-comercios-adhieran-mas-porque-ellos-lo-han-solicitado-fabian-gonzales\/#breadcrumb","itemListElement":[{"@type":"ListItem","position":1,"name":"Portada","item":"https:\/\/www.noticiasradioreflejos.com.ar\/2021\/"},{"@type":"ListItem","position":2,"name":"&quot;Esperamos que todos los comercios adhieran, mas porque ellos lo han solicitado&quot; Fabian Gonzales"}]},{"@type":"WebSite","@id":"https:\/\/www.noticiasradioreflejos.com.ar\/2021\/#website","url":"https:\/\/www.noticiasradioreflejos.com.ar\/2021\/","name":"Noticias Radio Reflejos","description":"Las noticias de mi comarca","potentialAction":[{"@type":"SearchAction","target":{"@type":"EntryPoint","urlTemplate":"https:\/\/www.noticiasradioreflejos.com.ar\/2021\/?s={search_term_string}"},"query-input":{"@type":"PropertyValueSpecification","valueRequired":true,"valueName":"search_term_string"}}],"inLanguage":"es"},{"@type":"Person","@id":"https:\/\/www.noticiasradioreflejos.com.ar\/2021\/#\/schema\/person\/ad82545263dcc5ec0996818884fd5fb1","name":"Arnaldo Botto","image":{"@type":"ImageObject","inLanguage":"es","@id":"https:\/\/www.noticiasradioreflejos.com.ar\/2021\/#\/schema\/person\/image\/","url":"https:\/\/secure.gravatar.com\/avatar\/55cb5e37c1efa326397366e6974cb338056df65cb50e7d64d1cf314e87504837?s=96&d=mm&r=g","contentUrl":"https:\/\/secure.gravatar.com\/avatar\/55cb5e37c1efa326397366e6974cb338056df65cb50e7d64d1cf314e87504837?s=96&d=mm&r=g","caption":"Arnaldo Botto"},"url":"https:\/\/www.noticiasradioreflejos.com.ar\/2021\/author\/arnaldo\/"}]}},"_links":{"self":[{"href":"https:\/\/www.noticiasradioreflejos.com.ar\/2021\/wp-json\/wp\/v2\/posts\/34884","targetHints":{"allow":["GET"]}}],"collection":[{"href":"https:\/\/www.noticiasradioreflejos.com.ar\/2021\/wp-json\/wp\/v2\/posts"}],"about":[{"href":"https:\/\/www.noticiasradioreflejos.com.ar\/2021\/wp-json\/wp\/v2\/types\/post"}],"author":[{"embeddable":true,"href":"https:\/\/www.noticiasradioreflejos.com.ar\/2021\/wp-json\/wp\/v2\/users\/3"}],"replies":[{"embeddable":true,"href":"https:\/\/www.noticiasradioreflejos.com.ar\/2021\/wp-json\/wp\/v2\/comments?post=34884"}],"version-history":[{"count":0,"href":"https:\/\/www.noticiasradioreflejos.com.ar\/2021\/wp-json\/wp\/v2\/posts\/34884\/revisions"}],"wp:attachment":[{"href":"https:\/\/www.noticiasradioreflejos.com.ar\/2021\/wp-json\/wp\/v2\/media?parent=34884"}],"wp:term":[{"taxonomy":"category","embeddable":true,"href":"https:\/\/www.noticiasradioreflejos.com.ar\/2021\/wp-json\/wp\/v2\/categories?post=34884"},{"taxonomy":"post_tag","embeddable":true,"href":"https:\/\/www.noticiasradioreflejos.com.ar\/2021\/wp-json\/wp\/v2\/tags?post=34884"}],"curies":[{"name":"wp","href":"https:\/\/api.w.org\/{rel}","templated":true}]}}