{"id":34881,"date":"2019-09-19T22:04:55","date_gmt":"2019-09-20T01:04:55","guid":{"rendered":"http:\/\/www.noticiasradioreflejos.com.ar\/noticias\/?p=34881"},"modified":"2019-09-19T22:04:55","modified_gmt":"2019-09-20T01:04:55","slug":"parque-mahui-pista-de-esqui-en-villa-la-arcadia","status":"publish","type":"post","link":"https:\/\/www.noticiasradioreflejos.com.ar\/2021\/parque-mahui-pista-de-esqui-en-villa-la-arcadia\/","title":{"rendered":"&quot;Parque Mahu\u00ed&quot; pista de esqu\u00ed en Villa La Arcadia"},"content":{"rendered":"<p>En comunicaci\u00f3n con el Secretario de Producci\u00f3n de Coronel Suarez, Juan Ignacio Fidel, nos cont\u00f3 sobre el proyecto de \u00abParque Mahu\u00ed\u00bb, un emprendimiento que busca instalar una pista de sky donde se podr\u00e1n practicar deportes de deslizamiento durante todo el a\u00f1o, en Villa La Arcadia.<!--more--><br \/>\n\u00abEs una muy buena noticia, no solo para Villa La Arcadia y Sierra de la Ventana, sino para todo el sur de la provincia, es una inversi\u00f3n privada, es un grupo de empresarios que viene trabajando desde hace un tiempo con algunos desarrollos en la zona, se acerc\u00f3 en su momento al municipio, y venimos avanzando en el proceso formal para que todo este desarrollo termine de buena manera con \u00e9xito. Hemos avanzado en lo que es la factibilidad de uso del suelo, eso ya lo tienen aprobado desde el municipio para el sector de deportes, tras lo que seria lo que hoy es Ymcapolis estar\u00eda este emprendimiento de sky\u00bb. Inici\u00f3<br \/>\n\u00abLa infraestructura tendr\u00e1 que acompa\u00f1ar estos desarrollos, para que se pueda realizar todo de forma exitosa, y toda la comarca siga creciendo\u00bb.<br \/>\n\u00abEsto viene de la mano del desarrollo privado de jardines del Pillahuinco, un fideicomiso que ellos hacen todo lo que es el tema de infraestructura y servicios dentro de este sector, y a la vez el municipio tendr\u00e1 que acompa\u00f1ar, esto es todo a futuro. Se va a generar en este predio la intenci\u00f3n del grupo inversor es un club de sky, para que todos los vecinos puedan formarse en esta actividad deportiva, lo que tiene de bueno es que el sky en su forma natural es un deporte de invierno, pero esta pista al ser sint\u00e9tica permite generar turismo durante todo el a\u00f1o\u00bb.<br \/>\n\u00abAquel que es esquiador desde hace tiempo pueda hacerlo mas tiempo, de forma mas econ\u00f3mica, pero que a la vez se sume mucho mas gente, es una pista con poca pendiente, es una pista corta en principio, de 300 metros, que lo que quiere es que se acerque al deporte la familia. Estamos felices, creemos que es una muy buena noticia, que va a generar trabajo y desarrollo a toda la comarca\u00bb.<br \/>\nNOTA COMPLETA:<br \/>\n<iframe loading=\"lazy\" src=\"https:\/\/w.soundcloud.com\/player\/?url=https%3A\/\/api.soundcloud.com\/tracks\/682821026&amp;color=%23ff5500&amp;auto_play=false&amp;hide_related=false&amp;show_comments=true&amp;show_user=true&amp;show_reposts=false&amp;show_teaser=true\" width=\"100%\" height=\"166\" frameborder=\"no\" scrolling=\"no\"><\/iframe><\/p>\n","protected":false},"excerpt":{"rendered":"<p>En comunicaci\u00f3n con el Secretario de Producci\u00f3n de Coronel Suarez, Juan Ignacio Fidel, nos cont\u00f3 sobre el proyecto de \u00abParque Mahu\u00ed\u00bb, un emprendimiento que busca instalar una pista de sky donde se podr\u00e1n practicar deportes de deslizamiento durante todo el a\u00f1o, en Villa La Arcadia.<\/p>\n","protected":false},"author":3,"featured_media":0,"comment_status":"closed","ping_status":"open","sticky":false,"template":"","format":"standard","meta":{"footnotes":""},"categories":[33],"tags":[],"class_list":["post-34881","post","type-post","status-publish","format-standard","hentry","category-turismo"],"yoast_head":"<!-- This site is optimized with the Yoast SEO plugin v25.9 - https:\/\/yoast.com\/wordpress\/plugins\/seo\/ -->\n<title>&quot;Parque Mahu\u00ed&quot; pista de esqu\u00ed en Villa La Arcadia - Noticias Radio Reflejos<\/title>\n<meta name=\"robots\" content=\"index, follow, max-snippet:-1, max-image-preview:large, max-video-preview:-1\" \/>\n<link rel=\"canonical\" href=\"https:\/\/www.noticiasradioreflejos.com.ar\/2021\/parque-mahui-pista-de-esqui-en-villa-la-arcadia\/\" \/>\n<meta property=\"og:locale\" content=\"es_ES\" \/>\n<meta property=\"og:type\" content=\"article\" \/>\n<meta property=\"og:title\" content=\"&quot;Parque Mahu\u00ed&quot; pista de esqu\u00ed en Villa La Arcadia - Noticias Radio Reflejos\" \/>\n<meta property=\"og:description\" content=\"En comunicaci\u00f3n con el Secretario de Producci\u00f3n de Coronel Suarez, Juan Ignacio Fidel, nos cont\u00f3 sobre el proyecto de \u00abParque Mahu\u00ed\u00bb, un emprendimiento que busca instalar una pista de sky donde se podr\u00e1n practicar deportes de deslizamiento durante todo el a\u00f1o, en Villa La Arcadia.\" \/>\n<meta property=\"og:url\" content=\"https:\/\/www.noticiasradioreflejos.com.ar\/2021\/parque-mahui-pista-de-esqui-en-villa-la-arcadia\/\" \/>\n<meta property=\"og:site_name\" content=\"Noticias Radio Reflejos\" \/>\n<meta property=\"article:published_time\" content=\"2019-09-20T01:04:55+00:00\" \/>\n<meta property=\"og:image\" content=\"https:\/\/www.noticiasradioreflejos.com.ar\/2021\/wp-content\/uploads\/2021\/07\/logosol300x200.png\" \/>\n\t<meta property=\"og:image:width\" content=\"300\" \/>\n\t<meta property=\"og:image:height\" content=\"200\" \/>\n\t<meta property=\"og:image:type\" content=\"image\/png\" \/>\n<meta name=\"author\" content=\"Arnaldo Botto\" \/>\n<meta name=\"twitter:card\" content=\"summary_large_image\" \/>\n<script type=\"application\/ld+json\" class=\"yoast-schema-graph\">{\"@context\":\"https:\/\/schema.org\",\"@graph\":[{\"@type\":\"WebPage\",\"@id\":\"https:\/\/www.noticiasradioreflejos.com.ar\/2021\/parque-mahui-pista-de-esqui-en-villa-la-arcadia\/\",\"url\":\"https:\/\/www.noticiasradioreflejos.com.ar\/2021\/parque-mahui-pista-de-esqui-en-villa-la-arcadia\/\",\"name\":\"&quot;Parque Mahu\u00ed&quot; pista de esqu\u00ed en Villa La Arcadia - Noticias Radio Reflejos\",\"isPartOf\":{\"@id\":\"https:\/\/www.noticiasradioreflejos.com.ar\/2021\/#website\"},\"datePublished\":\"2019-09-20T01:04:55+00:00\",\"author\":{\"@id\":\"https:\/\/www.noticiasradioreflejos.com.ar\/2021\/#\/schema\/person\/ad82545263dcc5ec0996818884fd5fb1\"},\"breadcrumb\":{\"@id\":\"https:\/\/www.noticiasradioreflejos.com.ar\/2021\/parque-mahui-pista-de-esqui-en-villa-la-arcadia\/#breadcrumb\"},\"inLanguage\":\"es\",\"potentialAction\":[{\"@type\":\"ReadAction\",\"target\":[\"https:\/\/www.noticiasradioreflejos.com.ar\/2021\/parque-mahui-pista-de-esqui-en-villa-la-arcadia\/\"]}]},{\"@type\":\"BreadcrumbList\",\"@id\":\"https:\/\/www.noticiasradioreflejos.com.ar\/2021\/parque-mahui-pista-de-esqui-en-villa-la-arcadia\/#breadcrumb\",\"itemListElement\":[{\"@type\":\"ListItem\",\"position\":1,\"name\":\"Portada\",\"item\":\"https:\/\/www.noticiasradioreflejos.com.ar\/2021\/\"},{\"@type\":\"ListItem\",\"position\":2,\"name\":\"&quot;Parque Mahu\u00ed&quot; pista de esqu\u00ed en Villa La Arcadia\"}]},{\"@type\":\"WebSite\",\"@id\":\"https:\/\/www.noticiasradioreflejos.com.ar\/2021\/#website\",\"url\":\"https:\/\/www.noticiasradioreflejos.com.ar\/2021\/\",\"name\":\"Noticias Radio Reflejos\",\"description\":\"Las noticias de mi comarca\",\"potentialAction\":[{\"@type\":\"SearchAction\",\"target\":{\"@type\":\"EntryPoint\",\"urlTemplate\":\"https:\/\/www.noticiasradioreflejos.com.ar\/2021\/?s={search_term_string}\"},\"query-input\":{\"@type\":\"PropertyValueSpecification\",\"valueRequired\":true,\"valueName\":\"search_term_string\"}}],\"inLanguage\":\"es\"},{\"@type\":\"Person\",\"@id\":\"https:\/\/www.noticiasradioreflejos.com.ar\/2021\/#\/schema\/person\/ad82545263dcc5ec0996818884fd5fb1\",\"name\":\"Arnaldo Botto\",\"image\":{\"@type\":\"ImageObject\",\"inLanguage\":\"es\",\"@id\":\"https:\/\/www.noticiasradioreflejos.com.ar\/2021\/#\/schema\/person\/image\/\",\"url\":\"https:\/\/secure.gravatar.com\/avatar\/55cb5e37c1efa326397366e6974cb338056df65cb50e7d64d1cf314e87504837?s=96&d=mm&r=g\",\"contentUrl\":\"https:\/\/secure.gravatar.com\/avatar\/55cb5e37c1efa326397366e6974cb338056df65cb50e7d64d1cf314e87504837?s=96&d=mm&r=g\",\"caption\":\"Arnaldo Botto\"},\"url\":\"https:\/\/www.noticiasradioreflejos.com.ar\/2021\/author\/arnaldo\/\"}]}<\/script>\n<!-- \/ Yoast SEO plugin. -->","yoast_head_json":{"title":"&quot;Parque Mahu\u00ed&quot; pista de esqu\u00ed en Villa La Arcadia - Noticias Radio Reflejos","robots":{"index":"index","follow":"follow","max-snippet":"max-snippet:-1","max-image-preview":"max-image-preview:large","max-video-preview":"max-video-preview:-1"},"canonical":"https:\/\/www.noticiasradioreflejos.com.ar\/2021\/parque-mahui-pista-de-esqui-en-villa-la-arcadia\/","og_locale":"es_ES","og_type":"article","og_title":"&quot;Parque Mahu\u00ed&quot; pista de esqu\u00ed en Villa La Arcadia - Noticias Radio Reflejos","og_description":"En comunicaci\u00f3n con el Secretario de Producci\u00f3n de Coronel Suarez, Juan Ignacio Fidel, nos cont\u00f3 sobre el proyecto de \u00abParque Mahu\u00ed\u00bb, un emprendimiento que busca instalar una pista de sky donde se podr\u00e1n practicar deportes de deslizamiento durante todo el a\u00f1o, en Villa La Arcadia.","og_url":"https:\/\/www.noticiasradioreflejos.com.ar\/2021\/parque-mahui-pista-de-esqui-en-villa-la-arcadia\/","og_site_name":"Noticias Radio Reflejos","article_published_time":"2019-09-20T01:04:55+00:00","og_image":[{"width":300,"height":200,"url":"https:\/\/www.noticiasradioreflejos.com.ar\/2021\/wp-content\/uploads\/2021\/07\/logosol300x200.png","type":"image\/png"}],"author":"Arnaldo Botto","twitter_card":"summary_large_image","schema":{"@context":"https:\/\/schema.org","@graph":[{"@type":"WebPage","@id":"https:\/\/www.noticiasradioreflejos.com.ar\/2021\/parque-mahui-pista-de-esqui-en-villa-la-arcadia\/","url":"https:\/\/www.noticiasradioreflejos.com.ar\/2021\/parque-mahui-pista-de-esqui-en-villa-la-arcadia\/","name":"&quot;Parque Mahu\u00ed&quot; pista de esqu\u00ed en Villa La Arcadia - Noticias Radio Reflejos","isPartOf":{"@id":"https:\/\/www.noticiasradioreflejos.com.ar\/2021\/#website"},"datePublished":"2019-09-20T01:04:55+00:00","author":{"@id":"https:\/\/www.noticiasradioreflejos.com.ar\/2021\/#\/schema\/person\/ad82545263dcc5ec0996818884fd5fb1"},"breadcrumb":{"@id":"https:\/\/www.noticiasradioreflejos.com.ar\/2021\/parque-mahui-pista-de-esqui-en-villa-la-arcadia\/#breadcrumb"},"inLanguage":"es","potentialAction":[{"@type":"ReadAction","target":["https:\/\/www.noticiasradioreflejos.com.ar\/2021\/parque-mahui-pista-de-esqui-en-villa-la-arcadia\/"]}]},{"@type":"BreadcrumbList","@id":"https:\/\/www.noticiasradioreflejos.com.ar\/2021\/parque-mahui-pista-de-esqui-en-villa-la-arcadia\/#breadcrumb","itemListElement":[{"@type":"ListItem","position":1,"name":"Portada","item":"https:\/\/www.noticiasradioreflejos.com.ar\/2021\/"},{"@type":"ListItem","position":2,"name":"&quot;Parque Mahu\u00ed&quot; pista de esqu\u00ed en Villa La Arcadia"}]},{"@type":"WebSite","@id":"https:\/\/www.noticiasradioreflejos.com.ar\/2021\/#website","url":"https:\/\/www.noticiasradioreflejos.com.ar\/2021\/","name":"Noticias Radio Reflejos","description":"Las noticias de mi comarca","potentialAction":[{"@type":"SearchAction","target":{"@type":"EntryPoint","urlTemplate":"https:\/\/www.noticiasradioreflejos.com.ar\/2021\/?s={search_term_string}"},"query-input":{"@type":"PropertyValueSpecification","valueRequired":true,"valueName":"search_term_string"}}],"inLanguage":"es"},{"@type":"Person","@id":"https:\/\/www.noticiasradioreflejos.com.ar\/2021\/#\/schema\/person\/ad82545263dcc5ec0996818884fd5fb1","name":"Arnaldo Botto","image":{"@type":"ImageObject","inLanguage":"es","@id":"https:\/\/www.noticiasradioreflejos.com.ar\/2021\/#\/schema\/person\/image\/","url":"https:\/\/secure.gravatar.com\/avatar\/55cb5e37c1efa326397366e6974cb338056df65cb50e7d64d1cf314e87504837?s=96&d=mm&r=g","contentUrl":"https:\/\/secure.gravatar.com\/avatar\/55cb5e37c1efa326397366e6974cb338056df65cb50e7d64d1cf314e87504837?s=96&d=mm&r=g","caption":"Arnaldo Botto"},"url":"https:\/\/www.noticiasradioreflejos.com.ar\/2021\/author\/arnaldo\/"}]}},"_links":{"self":[{"href":"https:\/\/www.noticiasradioreflejos.com.ar\/2021\/wp-json\/wp\/v2\/posts\/34881","targetHints":{"allow":["GET"]}}],"collection":[{"href":"https:\/\/www.noticiasradioreflejos.com.ar\/2021\/wp-json\/wp\/v2\/posts"}],"about":[{"href":"https:\/\/www.noticiasradioreflejos.com.ar\/2021\/wp-json\/wp\/v2\/types\/post"}],"author":[{"embeddable":true,"href":"https:\/\/www.noticiasradioreflejos.com.ar\/2021\/wp-json\/wp\/v2\/users\/3"}],"replies":[{"embeddable":true,"href":"https:\/\/www.noticiasradioreflejos.com.ar\/2021\/wp-json\/wp\/v2\/comments?post=34881"}],"version-history":[{"count":0,"href":"https:\/\/www.noticiasradioreflejos.com.ar\/2021\/wp-json\/wp\/v2\/posts\/34881\/revisions"}],"wp:attachment":[{"href":"https:\/\/www.noticiasradioreflejos.com.ar\/2021\/wp-json\/wp\/v2\/media?parent=34881"}],"wp:term":[{"taxonomy":"category","embeddable":true,"href":"https:\/\/www.noticiasradioreflejos.com.ar\/2021\/wp-json\/wp\/v2\/categories?post=34881"},{"taxonomy":"post_tag","embeddable":true,"href":"https:\/\/www.noticiasradioreflejos.com.ar\/2021\/wp-json\/wp\/v2\/tags?post=34881"}],"curies":[{"name":"wp","href":"https:\/\/api.w.org\/{rel}","templated":true}]}}