{"id":34863,"date":"2019-09-19T14:05:59","date_gmt":"2019-09-19T17:05:59","guid":{"rendered":"http:\/\/www.noticiasradioreflejos.com.ar\/noticias\/?p=34863"},"modified":"2019-09-19T14:05:59","modified_gmt":"2019-09-19T17:05:59","slug":"aprehendido-por-hurto-de-motocicleta","status":"publish","type":"post","link":"https:\/\/www.noticiasradioreflejos.com.ar\/2021\/aprehendido-por-hurto-de-motocicleta\/","title":{"rendered":"Aprehendido por hurto de motocicleta"},"content":{"rendered":"<p>SECRETARIA DE SEGURIDAD INFORMA APREHENDIDO POR HURTO DE MOTOCICLETA EN SIERRA DE LA VENTANA.-<!--more--><br \/>\nPersonal de la Subestaci\u00f3n de Polic\u00eda Comunal de Sierra de la Ventana, el d\u00eda 18 del corriente mes y a\u00f1o, siendo las 12:23 horas, recepcion\u00f3 una denuncia a la ciudadana GRACIELA SUSANA GARCIA quien refiere que autor\/es ignorados entre las 22:00 hs del d\u00eda anterior y las 08:00 hs. le hab\u00edan sustra\u00eddo su<br \/>\nmotocicleta marca Keller dominio colocado A026BLH la cual se hallaba en el porch de su vereda sin las llaves de encendido colocadas.- Que a ra\u00edz de esto, el personal policial se aboc\u00f3 a la investigaci\u00f3n del hecho denunciado, logrando obtener declaraciones testimoniales de suma importancia como as\u00ed tambi\u00e9n<br \/>\nregistros f\u00edlmicos tanto de c\u00e1maras particulares como de las c\u00e1maras del Centro de Monitoreo de la Municipalidad de Tornquist pudi\u00e9ndose establecer la<br \/>\nsospecha fundada de la autor\u00eda del hecho por parte del ciudadano FRANCISCO AGUSTIN DANGELO oriundo de la localidad de Coronel Pringles.- Por este<br \/>\nmotivo, Personal policial de la Subestaci\u00f3n de Sierra de la Ventana juntamente con colaboraci\u00f3n del personal de la Estaci\u00f3n de Polic\u00eda Comunal de Coronel<br \/>\nPringles se apersonaron en esa vecina localidad los fines de corroborar los domicilios que frecuentaba el sospechado de autos para solicitar la correspondiente orden de allanamiento, logr\u00e1ndose en el d\u00eda de la fecha y siendo las 00:50 hs la APREHENSION del ciudadano FRANCISCO AGUSTIN DANGELO<br \/>\nde 18 a\u00f1os de edad, domiciliado en la localidad de Coronel Pringles, quien fue sorprendido en la vereda de la intersecci\u00f3n de las calles 17 y Pellegrini de C. Pringles junto a la motocicleta marca Keller 110. C.c siendo el rodado que le fuera sustra\u00eda a la ciudadana GRACIELA GARCIA. Debido a esto, se procede a la aprehensi\u00f3n de FRANCISCO AGUSTIN DANGELO por el delito de Hurto de motovehiculo quedando alojado en esta seccional policial a disposici\u00f3n de la UFIJ Nro. 12 del Departamento Judicial de Bah\u00eda Blanca.-<br \/>\nSECRETARIA DE SEGURIDAD, MUNICIPALIDAD DE TORNQUIST-<br \/>\n<a href=\"http:\/\/www.noticiasradioreflejos.com.ar\/noticias\/wp-content\/uploads\/2019\/09\/aprehendido2.png\"><img loading=\"lazy\" decoding=\"async\" src=\"http:\/\/www.noticiasradioreflejos.com.ar\/noticias\/wp-content\/uploads\/2019\/09\/aprehendido2.png\" alt=\"aprehendido2\" width=\"495\" height=\"305\" class=\"aligncenter size-full wp-image-34865\" \/><\/a><\/p>\n","protected":false},"excerpt":{"rendered":"<p>SECRETARIA DE SEGURIDAD INFORMA APREHENDIDO POR HURTO DE MOTOCICLETA EN SIERRA DE LA VENTANA.-<\/p>\n","protected":false},"author":3,"featured_media":0,"comment_status":"closed","ping_status":"open","sticky":false,"template":"","format":"standard","meta":{"footnotes":""},"categories":[29],"tags":[],"class_list":["post-34863","post","type-post","status-publish","format-standard","hentry","category-policiales"],"yoast_head":"<!-- This site is optimized with the Yoast SEO plugin v25.9 - https:\/\/yoast.com\/wordpress\/plugins\/seo\/ -->\n<title>Aprehendido por hurto de motocicleta - Noticias Radio Reflejos<\/title>\n<meta name=\"robots\" content=\"index, follow, max-snippet:-1, max-image-preview:large, max-video-preview:-1\" \/>\n<link rel=\"canonical\" href=\"https:\/\/www.noticiasradioreflejos.com.ar\/2021\/aprehendido-por-hurto-de-motocicleta\/\" \/>\n<meta property=\"og:locale\" content=\"es_ES\" \/>\n<meta property=\"og:type\" content=\"article\" \/>\n<meta property=\"og:title\" content=\"Aprehendido por hurto de motocicleta - Noticias Radio Reflejos\" \/>\n<meta property=\"og:description\" content=\"SECRETARIA DE SEGURIDAD INFORMA APREHENDIDO POR HURTO DE MOTOCICLETA EN SIERRA DE LA VENTANA.-\" \/>\n<meta property=\"og:url\" content=\"https:\/\/www.noticiasradioreflejos.com.ar\/2021\/aprehendido-por-hurto-de-motocicleta\/\" \/>\n<meta property=\"og:site_name\" content=\"Noticias Radio Reflejos\" \/>\n<meta property=\"article:published_time\" content=\"2019-09-19T17:05:59+00:00\" \/>\n<meta property=\"og:image\" content=\"https:\/\/www.noticiasradioreflejos.com.ar\/2021\/wp-content\/uploads\/2021\/07\/logosol300x200.png\" \/>\n\t<meta property=\"og:image:width\" content=\"300\" \/>\n\t<meta property=\"og:image:height\" content=\"200\" \/>\n\t<meta property=\"og:image:type\" content=\"image\/png\" \/>\n<meta name=\"author\" content=\"Arnaldo Botto\" \/>\n<meta name=\"twitter:card\" content=\"summary_large_image\" \/>\n<script type=\"application\/ld+json\" class=\"yoast-schema-graph\">{\"@context\":\"https:\/\/schema.org\",\"@graph\":[{\"@type\":\"WebPage\",\"@id\":\"https:\/\/www.noticiasradioreflejos.com.ar\/2021\/aprehendido-por-hurto-de-motocicleta\/\",\"url\":\"https:\/\/www.noticiasradioreflejos.com.ar\/2021\/aprehendido-por-hurto-de-motocicleta\/\",\"name\":\"Aprehendido por hurto de motocicleta - Noticias Radio Reflejos\",\"isPartOf\":{\"@id\":\"https:\/\/www.noticiasradioreflejos.com.ar\/2021\/#website\"},\"primaryImageOfPage\":{\"@id\":\"https:\/\/www.noticiasradioreflejos.com.ar\/2021\/aprehendido-por-hurto-de-motocicleta\/#primaryimage\"},\"image\":{\"@id\":\"https:\/\/www.noticiasradioreflejos.com.ar\/2021\/aprehendido-por-hurto-de-motocicleta\/#primaryimage\"},\"thumbnailUrl\":\"http:\/\/www.noticiasradioreflejos.com.ar\/noticias\/wp-content\/uploads\/2019\/09\/aprehendido2.png\",\"datePublished\":\"2019-09-19T17:05:59+00:00\",\"author\":{\"@id\":\"https:\/\/www.noticiasradioreflejos.com.ar\/2021\/#\/schema\/person\/ad82545263dcc5ec0996818884fd5fb1\"},\"breadcrumb\":{\"@id\":\"https:\/\/www.noticiasradioreflejos.com.ar\/2021\/aprehendido-por-hurto-de-motocicleta\/#breadcrumb\"},\"inLanguage\":\"es\",\"potentialAction\":[{\"@type\":\"ReadAction\",\"target\":[\"https:\/\/www.noticiasradioreflejos.com.ar\/2021\/aprehendido-por-hurto-de-motocicleta\/\"]}]},{\"@type\":\"ImageObject\",\"inLanguage\":\"es\",\"@id\":\"https:\/\/www.noticiasradioreflejos.com.ar\/2021\/aprehendido-por-hurto-de-motocicleta\/#primaryimage\",\"url\":\"http:\/\/www.noticiasradioreflejos.com.ar\/noticias\/wp-content\/uploads\/2019\/09\/aprehendido2.png\",\"contentUrl\":\"http:\/\/www.noticiasradioreflejos.com.ar\/noticias\/wp-content\/uploads\/2019\/09\/aprehendido2.png\"},{\"@type\":\"BreadcrumbList\",\"@id\":\"https:\/\/www.noticiasradioreflejos.com.ar\/2021\/aprehendido-por-hurto-de-motocicleta\/#breadcrumb\",\"itemListElement\":[{\"@type\":\"ListItem\",\"position\":1,\"name\":\"Portada\",\"item\":\"https:\/\/www.noticiasradioreflejos.com.ar\/2021\/\"},{\"@type\":\"ListItem\",\"position\":2,\"name\":\"Aprehendido por hurto de motocicleta\"}]},{\"@type\":\"WebSite\",\"@id\":\"https:\/\/www.noticiasradioreflejos.com.ar\/2021\/#website\",\"url\":\"https:\/\/www.noticiasradioreflejos.com.ar\/2021\/\",\"name\":\"Noticias Radio Reflejos\",\"description\":\"Las noticias de mi comarca\",\"potentialAction\":[{\"@type\":\"SearchAction\",\"target\":{\"@type\":\"EntryPoint\",\"urlTemplate\":\"https:\/\/www.noticiasradioreflejos.com.ar\/2021\/?s={search_term_string}\"},\"query-input\":{\"@type\":\"PropertyValueSpecification\",\"valueRequired\":true,\"valueName\":\"search_term_string\"}}],\"inLanguage\":\"es\"},{\"@type\":\"Person\",\"@id\":\"https:\/\/www.noticiasradioreflejos.com.ar\/2021\/#\/schema\/person\/ad82545263dcc5ec0996818884fd5fb1\",\"name\":\"Arnaldo Botto\",\"image\":{\"@type\":\"ImageObject\",\"inLanguage\":\"es\",\"@id\":\"https:\/\/www.noticiasradioreflejos.com.ar\/2021\/#\/schema\/person\/image\/\",\"url\":\"https:\/\/secure.gravatar.com\/avatar\/55cb5e37c1efa326397366e6974cb338056df65cb50e7d64d1cf314e87504837?s=96&d=mm&r=g\",\"contentUrl\":\"https:\/\/secure.gravatar.com\/avatar\/55cb5e37c1efa326397366e6974cb338056df65cb50e7d64d1cf314e87504837?s=96&d=mm&r=g\",\"caption\":\"Arnaldo Botto\"},\"url\":\"https:\/\/www.noticiasradioreflejos.com.ar\/2021\/author\/arnaldo\/\"}]}<\/script>\n<!-- \/ Yoast SEO plugin. -->","yoast_head_json":{"title":"Aprehendido por hurto de motocicleta - Noticias Radio Reflejos","robots":{"index":"index","follow":"follow","max-snippet":"max-snippet:-1","max-image-preview":"max-image-preview:large","max-video-preview":"max-video-preview:-1"},"canonical":"https:\/\/www.noticiasradioreflejos.com.ar\/2021\/aprehendido-por-hurto-de-motocicleta\/","og_locale":"es_ES","og_type":"article","og_title":"Aprehendido por hurto de motocicleta - Noticias Radio Reflejos","og_description":"SECRETARIA DE SEGURIDAD INFORMA APREHENDIDO POR HURTO DE MOTOCICLETA EN SIERRA DE LA VENTANA.-","og_url":"https:\/\/www.noticiasradioreflejos.com.ar\/2021\/aprehendido-por-hurto-de-motocicleta\/","og_site_name":"Noticias Radio Reflejos","article_published_time":"2019-09-19T17:05:59+00:00","og_image":[{"width":300,"height":200,"url":"https:\/\/www.noticiasradioreflejos.com.ar\/2021\/wp-content\/uploads\/2021\/07\/logosol300x200.png","type":"image\/png"}],"author":"Arnaldo Botto","twitter_card":"summary_large_image","schema":{"@context":"https:\/\/schema.org","@graph":[{"@type":"WebPage","@id":"https:\/\/www.noticiasradioreflejos.com.ar\/2021\/aprehendido-por-hurto-de-motocicleta\/","url":"https:\/\/www.noticiasradioreflejos.com.ar\/2021\/aprehendido-por-hurto-de-motocicleta\/","name":"Aprehendido por hurto de motocicleta - Noticias Radio Reflejos","isPartOf":{"@id":"https:\/\/www.noticiasradioreflejos.com.ar\/2021\/#website"},"primaryImageOfPage":{"@id":"https:\/\/www.noticiasradioreflejos.com.ar\/2021\/aprehendido-por-hurto-de-motocicleta\/#primaryimage"},"image":{"@id":"https:\/\/www.noticiasradioreflejos.com.ar\/2021\/aprehendido-por-hurto-de-motocicleta\/#primaryimage"},"thumbnailUrl":"http:\/\/www.noticiasradioreflejos.com.ar\/noticias\/wp-content\/uploads\/2019\/09\/aprehendido2.png","datePublished":"2019-09-19T17:05:59+00:00","author":{"@id":"https:\/\/www.noticiasradioreflejos.com.ar\/2021\/#\/schema\/person\/ad82545263dcc5ec0996818884fd5fb1"},"breadcrumb":{"@id":"https:\/\/www.noticiasradioreflejos.com.ar\/2021\/aprehendido-por-hurto-de-motocicleta\/#breadcrumb"},"inLanguage":"es","potentialAction":[{"@type":"ReadAction","target":["https:\/\/www.noticiasradioreflejos.com.ar\/2021\/aprehendido-por-hurto-de-motocicleta\/"]}]},{"@type":"ImageObject","inLanguage":"es","@id":"https:\/\/www.noticiasradioreflejos.com.ar\/2021\/aprehendido-por-hurto-de-motocicleta\/#primaryimage","url":"http:\/\/www.noticiasradioreflejos.com.ar\/noticias\/wp-content\/uploads\/2019\/09\/aprehendido2.png","contentUrl":"http:\/\/www.noticiasradioreflejos.com.ar\/noticias\/wp-content\/uploads\/2019\/09\/aprehendido2.png"},{"@type":"BreadcrumbList","@id":"https:\/\/www.noticiasradioreflejos.com.ar\/2021\/aprehendido-por-hurto-de-motocicleta\/#breadcrumb","itemListElement":[{"@type":"ListItem","position":1,"name":"Portada","item":"https:\/\/www.noticiasradioreflejos.com.ar\/2021\/"},{"@type":"ListItem","position":2,"name":"Aprehendido por hurto de motocicleta"}]},{"@type":"WebSite","@id":"https:\/\/www.noticiasradioreflejos.com.ar\/2021\/#website","url":"https:\/\/www.noticiasradioreflejos.com.ar\/2021\/","name":"Noticias Radio Reflejos","description":"Las noticias de mi comarca","potentialAction":[{"@type":"SearchAction","target":{"@type":"EntryPoint","urlTemplate":"https:\/\/www.noticiasradioreflejos.com.ar\/2021\/?s={search_term_string}"},"query-input":{"@type":"PropertyValueSpecification","valueRequired":true,"valueName":"search_term_string"}}],"inLanguage":"es"},{"@type":"Person","@id":"https:\/\/www.noticiasradioreflejos.com.ar\/2021\/#\/schema\/person\/ad82545263dcc5ec0996818884fd5fb1","name":"Arnaldo Botto","image":{"@type":"ImageObject","inLanguage":"es","@id":"https:\/\/www.noticiasradioreflejos.com.ar\/2021\/#\/schema\/person\/image\/","url":"https:\/\/secure.gravatar.com\/avatar\/55cb5e37c1efa326397366e6974cb338056df65cb50e7d64d1cf314e87504837?s=96&d=mm&r=g","contentUrl":"https:\/\/secure.gravatar.com\/avatar\/55cb5e37c1efa326397366e6974cb338056df65cb50e7d64d1cf314e87504837?s=96&d=mm&r=g","caption":"Arnaldo Botto"},"url":"https:\/\/www.noticiasradioreflejos.com.ar\/2021\/author\/arnaldo\/"}]}},"_links":{"self":[{"href":"https:\/\/www.noticiasradioreflejos.com.ar\/2021\/wp-json\/wp\/v2\/posts\/34863","targetHints":{"allow":["GET"]}}],"collection":[{"href":"https:\/\/www.noticiasradioreflejos.com.ar\/2021\/wp-json\/wp\/v2\/posts"}],"about":[{"href":"https:\/\/www.noticiasradioreflejos.com.ar\/2021\/wp-json\/wp\/v2\/types\/post"}],"author":[{"embeddable":true,"href":"https:\/\/www.noticiasradioreflejos.com.ar\/2021\/wp-json\/wp\/v2\/users\/3"}],"replies":[{"embeddable":true,"href":"https:\/\/www.noticiasradioreflejos.com.ar\/2021\/wp-json\/wp\/v2\/comments?post=34863"}],"version-history":[{"count":0,"href":"https:\/\/www.noticiasradioreflejos.com.ar\/2021\/wp-json\/wp\/v2\/posts\/34863\/revisions"}],"wp:attachment":[{"href":"https:\/\/www.noticiasradioreflejos.com.ar\/2021\/wp-json\/wp\/v2\/media?parent=34863"}],"wp:term":[{"taxonomy":"category","embeddable":true,"href":"https:\/\/www.noticiasradioreflejos.com.ar\/2021\/wp-json\/wp\/v2\/categories?post=34863"},{"taxonomy":"post_tag","embeddable":true,"href":"https:\/\/www.noticiasradioreflejos.com.ar\/2021\/wp-json\/wp\/v2\/tags?post=34863"}],"curies":[{"name":"wp","href":"https:\/\/api.w.org\/{rel}","templated":true}]}}