{"id":34859,"date":"2019-09-18T23:41:39","date_gmt":"2019-09-19T02:41:39","guid":{"rendered":"http:\/\/www.noticiasradioreflejos.com.ar\/noticias\/?p=34859"},"modified":"2019-09-18T23:41:39","modified_gmt":"2019-09-19T02:41:39","slug":"aprueban-exenciones-impositivas-para-distritos-de-la-region","status":"publish","type":"post","link":"https:\/\/www.noticiasradioreflejos.com.ar\/2021\/aprueban-exenciones-impositivas-para-distritos-de-la-region\/","title":{"rendered":"Aprueban exenciones impositivas para distritos de la regi\u00f3n"},"content":{"rendered":"<p>Abarca a Patagones, Villarino, Pu\u00e1n y Tornquist. Busca equilibrar las desfavorables condiciones clim\u00e1ticas que presentan.<!--more--><br \/>\nEl Senado de la Provincia de Buenos Aires dio media sanci\u00f3n hoy a los proyectos de ley que establecen beneficios impositivos a los partidos de Patagones, Villarino, Pu\u00e1n y Tornquist como una forma de equilibrar las desfavorables condiciones clim\u00e1ticas que presentan.<br \/>\nEl proyecto, que tiene como autora a la senadora bahiense Nidia Moirano, prorroga por el t\u00e9rmino de 5 a\u00f1os, las leyes 12.322 y 12.323 y otorga una exenci\u00f3n del 50% del pago de Impuesto Inmobiliario, Urbano y Rural, Ingresos Brutos y del Impuesto de Sellos para las actividades productivas del sector agropecuario, el comercio, la industria y los servicios.<br \/>\nEn el caso de Patagones, las exenciones ser\u00e1n del 100%.<br \/>\n\u00abMuchos de los distritos del sudoeste bonaerense forman parte de una regi\u00f3n sujeta a una alta fragilidad, con complejas incidencias clim\u00e1ticas protagonizadas por intensas sequ\u00edas, heladas y fuertes vientos que los ubican en una situaci\u00f3n de desventaja respecto al resto del territorio\u00bb, dijo Moirano,<br \/>\n\u00abLa situaci\u00f3n de estos partidos, lejos de ser circunstancial, define sus rasgos caracter\u00edsticos por eso es fundamental que, mientras se sigue avanzando en una soluci\u00f3n integral de fondo, se puedan contemplar estos beneficios\u00bb, agreg\u00f3.<br \/>\n&#8212;&#8212;&#8212;&#8212;&#8212;&#8212;&#8212;&#8212;&#8212;&#8212;&#8212;&#8212;&#8212;&#8212;&#8212;&#8212;&#8212;&#8212;&#8212;&#8212;&#8212;&#8212;&#8212;&#8212;&#8212;&#8212;&#8212;&#8212;&#8212;&#8212;&#8212;&#8212;&#8212;&#8212;&#8212;&#8212;&#8212;&#8212;&#8212;&#8212;&#8212;&#8212;&#8212;&#8212;&#8212;&#8212;&#8212;&#8212;&#8211;<br \/>\nADEMAS, PROMOCI\u00d3N Y PROTECCI\u00d3N INTEGRAL DE LOS ADULTOS MAYORES<br \/>\nLa C\u00e1mara de Senadores de la provincia de Buenos Aires dio media sanci\u00f3n al proyecto de la senadora Nidia Moirano (Cambiemos) que promueve el R\u00e9gimen de Promoci\u00f3n y Protecci\u00f3n Integral de los Adultos Mayores para garantizar el ejercicio, disfrute pleno, efectivo y permanente de sus derechos, promoviendo su participaci\u00f3n e integraci\u00f3n en la sociedad.<br \/>\n\u201cEl objetivo de la iniciativa es propiciar un Estado m\u00e1s activo en la creaci\u00f3n y promoci\u00f3n de planes adecuados que les garanticen una vida digna y segura a los adultos mayores\u201d se\u00f1al\u00f3 la senadora Moirano y agreg\u00f3 \u201cTenemos que recuperar el lugar central de los adultos mayores, para que sean respetados, escuchados y contenidos. Hay que tener en claro que una sociedad que no cuida a los abuelos no tiene futuro\u201d<br \/>\nEl proyecto, que obtuvo media sanci\u00f3n en el Senado, prev\u00e9 acciones preventivas y ejecutivas en diversas \u00e1reas como la salud, la alimentaci\u00f3n, el esparcimiento, el trabajo, la vivienda, entre otros. <\/p>\n","protected":false},"excerpt":{"rendered":"<p>Abarca a Patagones, Villarino, Pu\u00e1n y Tornquist. Busca equilibrar las desfavorables condiciones clim\u00e1ticas que presentan.<\/p>\n","protected":false},"author":3,"featured_media":0,"comment_status":"closed","ping_status":"open","sticky":false,"template":"","format":"standard","meta":{"footnotes":""},"categories":[24],"tags":[],"class_list":["post-34859","post","type-post","status-publish","format-standard","hentry","category-politica"],"yoast_head":"<!-- This site is optimized with the Yoast SEO plugin v25.9 - https:\/\/yoast.com\/wordpress\/plugins\/seo\/ -->\n<title>Aprueban exenciones impositivas para distritos de la regi\u00f3n - Noticias Radio Reflejos<\/title>\n<meta name=\"robots\" content=\"index, follow, max-snippet:-1, max-image-preview:large, max-video-preview:-1\" \/>\n<link rel=\"canonical\" href=\"https:\/\/www.noticiasradioreflejos.com.ar\/2021\/aprueban-exenciones-impositivas-para-distritos-de-la-region\/\" \/>\n<meta property=\"og:locale\" content=\"es_ES\" \/>\n<meta property=\"og:type\" content=\"article\" \/>\n<meta property=\"og:title\" content=\"Aprueban exenciones impositivas para distritos de la regi\u00f3n - Noticias Radio Reflejos\" \/>\n<meta property=\"og:description\" content=\"Abarca a Patagones, Villarino, Pu\u00e1n y Tornquist. Busca equilibrar las desfavorables condiciones clim\u00e1ticas que presentan.\" \/>\n<meta property=\"og:url\" content=\"https:\/\/www.noticiasradioreflejos.com.ar\/2021\/aprueban-exenciones-impositivas-para-distritos-de-la-region\/\" \/>\n<meta property=\"og:site_name\" content=\"Noticias Radio Reflejos\" \/>\n<meta property=\"article:published_time\" content=\"2019-09-19T02:41:39+00:00\" \/>\n<meta property=\"og:image\" content=\"https:\/\/www.noticiasradioreflejos.com.ar\/2021\/wp-content\/uploads\/2021\/07\/logosol300x200.png\" \/>\n\t<meta property=\"og:image:width\" content=\"300\" \/>\n\t<meta property=\"og:image:height\" content=\"200\" \/>\n\t<meta property=\"og:image:type\" content=\"image\/png\" \/>\n<meta name=\"author\" content=\"Arnaldo Botto\" \/>\n<meta name=\"twitter:card\" content=\"summary_large_image\" \/>\n<script type=\"application\/ld+json\" class=\"yoast-schema-graph\">{\"@context\":\"https:\/\/schema.org\",\"@graph\":[{\"@type\":\"WebPage\",\"@id\":\"https:\/\/www.noticiasradioreflejos.com.ar\/2021\/aprueban-exenciones-impositivas-para-distritos-de-la-region\/\",\"url\":\"https:\/\/www.noticiasradioreflejos.com.ar\/2021\/aprueban-exenciones-impositivas-para-distritos-de-la-region\/\",\"name\":\"Aprueban exenciones impositivas para distritos de la regi\u00f3n - Noticias Radio Reflejos\",\"isPartOf\":{\"@id\":\"https:\/\/www.noticiasradioreflejos.com.ar\/2021\/#website\"},\"datePublished\":\"2019-09-19T02:41:39+00:00\",\"author\":{\"@id\":\"https:\/\/www.noticiasradioreflejos.com.ar\/2021\/#\/schema\/person\/ad82545263dcc5ec0996818884fd5fb1\"},\"breadcrumb\":{\"@id\":\"https:\/\/www.noticiasradioreflejos.com.ar\/2021\/aprueban-exenciones-impositivas-para-distritos-de-la-region\/#breadcrumb\"},\"inLanguage\":\"es\",\"potentialAction\":[{\"@type\":\"ReadAction\",\"target\":[\"https:\/\/www.noticiasradioreflejos.com.ar\/2021\/aprueban-exenciones-impositivas-para-distritos-de-la-region\/\"]}]},{\"@type\":\"BreadcrumbList\",\"@id\":\"https:\/\/www.noticiasradioreflejos.com.ar\/2021\/aprueban-exenciones-impositivas-para-distritos-de-la-region\/#breadcrumb\",\"itemListElement\":[{\"@type\":\"ListItem\",\"position\":1,\"name\":\"Portada\",\"item\":\"https:\/\/www.noticiasradioreflejos.com.ar\/2021\/\"},{\"@type\":\"ListItem\",\"position\":2,\"name\":\"Aprueban exenciones impositivas para distritos de la regi\u00f3n\"}]},{\"@type\":\"WebSite\",\"@id\":\"https:\/\/www.noticiasradioreflejos.com.ar\/2021\/#website\",\"url\":\"https:\/\/www.noticiasradioreflejos.com.ar\/2021\/\",\"name\":\"Noticias Radio Reflejos\",\"description\":\"Las noticias de mi comarca\",\"potentialAction\":[{\"@type\":\"SearchAction\",\"target\":{\"@type\":\"EntryPoint\",\"urlTemplate\":\"https:\/\/www.noticiasradioreflejos.com.ar\/2021\/?s={search_term_string}\"},\"query-input\":{\"@type\":\"PropertyValueSpecification\",\"valueRequired\":true,\"valueName\":\"search_term_string\"}}],\"inLanguage\":\"es\"},{\"@type\":\"Person\",\"@id\":\"https:\/\/www.noticiasradioreflejos.com.ar\/2021\/#\/schema\/person\/ad82545263dcc5ec0996818884fd5fb1\",\"name\":\"Arnaldo Botto\",\"image\":{\"@type\":\"ImageObject\",\"inLanguage\":\"es\",\"@id\":\"https:\/\/www.noticiasradioreflejos.com.ar\/2021\/#\/schema\/person\/image\/\",\"url\":\"https:\/\/secure.gravatar.com\/avatar\/55cb5e37c1efa326397366e6974cb338056df65cb50e7d64d1cf314e87504837?s=96&d=mm&r=g\",\"contentUrl\":\"https:\/\/secure.gravatar.com\/avatar\/55cb5e37c1efa326397366e6974cb338056df65cb50e7d64d1cf314e87504837?s=96&d=mm&r=g\",\"caption\":\"Arnaldo Botto\"},\"url\":\"https:\/\/www.noticiasradioreflejos.com.ar\/2021\/author\/arnaldo\/\"}]}<\/script>\n<!-- \/ Yoast SEO plugin. -->","yoast_head_json":{"title":"Aprueban exenciones impositivas para distritos de la regi\u00f3n - Noticias Radio Reflejos","robots":{"index":"index","follow":"follow","max-snippet":"max-snippet:-1","max-image-preview":"max-image-preview:large","max-video-preview":"max-video-preview:-1"},"canonical":"https:\/\/www.noticiasradioreflejos.com.ar\/2021\/aprueban-exenciones-impositivas-para-distritos-de-la-region\/","og_locale":"es_ES","og_type":"article","og_title":"Aprueban exenciones impositivas para distritos de la regi\u00f3n - Noticias Radio Reflejos","og_description":"Abarca a Patagones, Villarino, Pu\u00e1n y Tornquist. Busca equilibrar las desfavorables condiciones clim\u00e1ticas que presentan.","og_url":"https:\/\/www.noticiasradioreflejos.com.ar\/2021\/aprueban-exenciones-impositivas-para-distritos-de-la-region\/","og_site_name":"Noticias Radio Reflejos","article_published_time":"2019-09-19T02:41:39+00:00","og_image":[{"width":300,"height":200,"url":"https:\/\/www.noticiasradioreflejos.com.ar\/2021\/wp-content\/uploads\/2021\/07\/logosol300x200.png","type":"image\/png"}],"author":"Arnaldo Botto","twitter_card":"summary_large_image","schema":{"@context":"https:\/\/schema.org","@graph":[{"@type":"WebPage","@id":"https:\/\/www.noticiasradioreflejos.com.ar\/2021\/aprueban-exenciones-impositivas-para-distritos-de-la-region\/","url":"https:\/\/www.noticiasradioreflejos.com.ar\/2021\/aprueban-exenciones-impositivas-para-distritos-de-la-region\/","name":"Aprueban exenciones impositivas para distritos de la regi\u00f3n - Noticias Radio Reflejos","isPartOf":{"@id":"https:\/\/www.noticiasradioreflejos.com.ar\/2021\/#website"},"datePublished":"2019-09-19T02:41:39+00:00","author":{"@id":"https:\/\/www.noticiasradioreflejos.com.ar\/2021\/#\/schema\/person\/ad82545263dcc5ec0996818884fd5fb1"},"breadcrumb":{"@id":"https:\/\/www.noticiasradioreflejos.com.ar\/2021\/aprueban-exenciones-impositivas-para-distritos-de-la-region\/#breadcrumb"},"inLanguage":"es","potentialAction":[{"@type":"ReadAction","target":["https:\/\/www.noticiasradioreflejos.com.ar\/2021\/aprueban-exenciones-impositivas-para-distritos-de-la-region\/"]}]},{"@type":"BreadcrumbList","@id":"https:\/\/www.noticiasradioreflejos.com.ar\/2021\/aprueban-exenciones-impositivas-para-distritos-de-la-region\/#breadcrumb","itemListElement":[{"@type":"ListItem","position":1,"name":"Portada","item":"https:\/\/www.noticiasradioreflejos.com.ar\/2021\/"},{"@type":"ListItem","position":2,"name":"Aprueban exenciones impositivas para distritos de la regi\u00f3n"}]},{"@type":"WebSite","@id":"https:\/\/www.noticiasradioreflejos.com.ar\/2021\/#website","url":"https:\/\/www.noticiasradioreflejos.com.ar\/2021\/","name":"Noticias Radio Reflejos","description":"Las noticias de mi comarca","potentialAction":[{"@type":"SearchAction","target":{"@type":"EntryPoint","urlTemplate":"https:\/\/www.noticiasradioreflejos.com.ar\/2021\/?s={search_term_string}"},"query-input":{"@type":"PropertyValueSpecification","valueRequired":true,"valueName":"search_term_string"}}],"inLanguage":"es"},{"@type":"Person","@id":"https:\/\/www.noticiasradioreflejos.com.ar\/2021\/#\/schema\/person\/ad82545263dcc5ec0996818884fd5fb1","name":"Arnaldo Botto","image":{"@type":"ImageObject","inLanguage":"es","@id":"https:\/\/www.noticiasradioreflejos.com.ar\/2021\/#\/schema\/person\/image\/","url":"https:\/\/secure.gravatar.com\/avatar\/55cb5e37c1efa326397366e6974cb338056df65cb50e7d64d1cf314e87504837?s=96&d=mm&r=g","contentUrl":"https:\/\/secure.gravatar.com\/avatar\/55cb5e37c1efa326397366e6974cb338056df65cb50e7d64d1cf314e87504837?s=96&d=mm&r=g","caption":"Arnaldo Botto"},"url":"https:\/\/www.noticiasradioreflejos.com.ar\/2021\/author\/arnaldo\/"}]}},"_links":{"self":[{"href":"https:\/\/www.noticiasradioreflejos.com.ar\/2021\/wp-json\/wp\/v2\/posts\/34859","targetHints":{"allow":["GET"]}}],"collection":[{"href":"https:\/\/www.noticiasradioreflejos.com.ar\/2021\/wp-json\/wp\/v2\/posts"}],"about":[{"href":"https:\/\/www.noticiasradioreflejos.com.ar\/2021\/wp-json\/wp\/v2\/types\/post"}],"author":[{"embeddable":true,"href":"https:\/\/www.noticiasradioreflejos.com.ar\/2021\/wp-json\/wp\/v2\/users\/3"}],"replies":[{"embeddable":true,"href":"https:\/\/www.noticiasradioreflejos.com.ar\/2021\/wp-json\/wp\/v2\/comments?post=34859"}],"version-history":[{"count":0,"href":"https:\/\/www.noticiasradioreflejos.com.ar\/2021\/wp-json\/wp\/v2\/posts\/34859\/revisions"}],"wp:attachment":[{"href":"https:\/\/www.noticiasradioreflejos.com.ar\/2021\/wp-json\/wp\/v2\/media?parent=34859"}],"wp:term":[{"taxonomy":"category","embeddable":true,"href":"https:\/\/www.noticiasradioreflejos.com.ar\/2021\/wp-json\/wp\/v2\/categories?post=34859"},{"taxonomy":"post_tag","embeddable":true,"href":"https:\/\/www.noticiasradioreflejos.com.ar\/2021\/wp-json\/wp\/v2\/tags?post=34859"}],"curies":[{"name":"wp","href":"https:\/\/api.w.org\/{rel}","templated":true}]}}