{"id":34855,"date":"2019-09-18T18:40:22","date_gmt":"2019-09-18T21:40:22","guid":{"rendered":"http:\/\/www.noticiasradioreflejos.com.ar\/noticias\/?p=34855"},"modified":"2019-09-18T18:40:22","modified_gmt":"2019-09-18T21:40:22","slug":"alumnos-de-la-tec-de-acompanamiento-terapeutico-participaron-de-una-charla-sobre-discapacidad","status":"publish","type":"post","link":"https:\/\/www.noticiasradioreflejos.com.ar\/2021\/alumnos-de-la-tec-de-acompanamiento-terapeutico-participaron-de-una-charla-sobre-discapacidad\/","title":{"rendered":"Alumnos de la Tec. De Acompa\u00f1amiento Terap\u00e9utico participaron de una charla sobre Discapacidad"},"content":{"rendered":"<p>El pasado lunes 16 de septiembre, los alumnos del primer a\u00f1o de la Tecnicatura en<br \/>\nAcompa\u00f1amiento Terap\u00e9utico participaron de una charla sobre la tem\u00e1tica de discapacidad, a cargo de la encargada del \u00e1rea de discapacidad municipal, Liliana Lugones e integrantes de la Junta Medica Distrital, Noral\u00ed Balbiano y Cecilia Cleppe.<!--more--><br \/>\nLa jornada, que cont\u00f3 con la participaci\u00f3n de 25 alumnos, fue propuesta por la Profesora Roci\u00f3 \u00c1vila (Lic. Psicopedagog\u00eda), responsable de la materia Contextualizaci\u00f3n del Campo Profesional del A.T, dictada en el instituto Superior de Formaci\u00f3n Docente y T\u00e9cnica N\u00b0162.<br \/>\nLa propuesta abarc\u00f3 las formas de evaluar para otorgar un certificado de discapacidad y los beneficios que conlleva el mismo.<\/p>\n","protected":false},"excerpt":{"rendered":"<p>El pasado lunes 16 de septiembre, los alumnos del primer a\u00f1o de la Tecnicatura en Acompa\u00f1amiento Terap\u00e9utico participaron de una charla sobre la tem\u00e1tica de discapacidad, a cargo de la encargada del \u00e1rea de discapacidad municipal, Liliana Lugones e integrantes de la Junta Medica Distrital, Noral\u00ed Balbiano y Cecilia Cleppe.<\/p>\n","protected":false},"author":3,"featured_media":0,"comment_status":"closed","ping_status":"open","sticky":false,"template":"","format":"standard","meta":{"footnotes":""},"categories":[26],"tags":[],"class_list":["post-34855","post","type-post","status-publish","format-standard","hentry","category-sociedad"],"yoast_head":"<!-- This site is optimized with the Yoast SEO plugin v25.9 - https:\/\/yoast.com\/wordpress\/plugins\/seo\/ -->\n<title>Alumnos de la Tec. De Acompa\u00f1amiento Terap\u00e9utico participaron de una charla sobre Discapacidad - Noticias Radio Reflejos<\/title>\n<meta name=\"robots\" content=\"index, follow, max-snippet:-1, max-image-preview:large, max-video-preview:-1\" \/>\n<link rel=\"canonical\" href=\"https:\/\/www.noticiasradioreflejos.com.ar\/2021\/alumnos-de-la-tec-de-acompanamiento-terapeutico-participaron-de-una-charla-sobre-discapacidad\/\" \/>\n<meta property=\"og:locale\" content=\"es_ES\" \/>\n<meta property=\"og:type\" content=\"article\" \/>\n<meta property=\"og:title\" content=\"Alumnos de la Tec. De Acompa\u00f1amiento Terap\u00e9utico participaron de una charla sobre Discapacidad - Noticias Radio Reflejos\" \/>\n<meta property=\"og:description\" content=\"El pasado lunes 16 de septiembre, los alumnos del primer a\u00f1o de la Tecnicatura en Acompa\u00f1amiento Terap\u00e9utico participaron de una charla sobre la tem\u00e1tica de discapacidad, a cargo de la encargada del \u00e1rea de discapacidad municipal, Liliana Lugones e integrantes de la Junta Medica Distrital, Noral\u00ed Balbiano y Cecilia Cleppe.\" \/>\n<meta property=\"og:url\" content=\"https:\/\/www.noticiasradioreflejos.com.ar\/2021\/alumnos-de-la-tec-de-acompanamiento-terapeutico-participaron-de-una-charla-sobre-discapacidad\/\" \/>\n<meta property=\"og:site_name\" content=\"Noticias Radio Reflejos\" \/>\n<meta property=\"article:published_time\" content=\"2019-09-18T21:40:22+00:00\" \/>\n<meta property=\"og:image\" content=\"https:\/\/www.noticiasradioreflejos.com.ar\/2021\/wp-content\/uploads\/2021\/07\/logosol300x200.png\" \/>\n\t<meta property=\"og:image:width\" content=\"300\" \/>\n\t<meta property=\"og:image:height\" content=\"200\" \/>\n\t<meta property=\"og:image:type\" content=\"image\/png\" \/>\n<meta name=\"author\" content=\"Arnaldo Botto\" \/>\n<meta name=\"twitter:card\" content=\"summary_large_image\" \/>\n<script type=\"application\/ld+json\" class=\"yoast-schema-graph\">{\"@context\":\"https:\/\/schema.org\",\"@graph\":[{\"@type\":\"WebPage\",\"@id\":\"https:\/\/www.noticiasradioreflejos.com.ar\/2021\/alumnos-de-la-tec-de-acompanamiento-terapeutico-participaron-de-una-charla-sobre-discapacidad\/\",\"url\":\"https:\/\/www.noticiasradioreflejos.com.ar\/2021\/alumnos-de-la-tec-de-acompanamiento-terapeutico-participaron-de-una-charla-sobre-discapacidad\/\",\"name\":\"Alumnos de la Tec. De Acompa\u00f1amiento Terap\u00e9utico participaron de una charla sobre Discapacidad - Noticias Radio Reflejos\",\"isPartOf\":{\"@id\":\"https:\/\/www.noticiasradioreflejos.com.ar\/2021\/#website\"},\"datePublished\":\"2019-09-18T21:40:22+00:00\",\"author\":{\"@id\":\"https:\/\/www.noticiasradioreflejos.com.ar\/2021\/#\/schema\/person\/ad82545263dcc5ec0996818884fd5fb1\"},\"breadcrumb\":{\"@id\":\"https:\/\/www.noticiasradioreflejos.com.ar\/2021\/alumnos-de-la-tec-de-acompanamiento-terapeutico-participaron-de-una-charla-sobre-discapacidad\/#breadcrumb\"},\"inLanguage\":\"es\",\"potentialAction\":[{\"@type\":\"ReadAction\",\"target\":[\"https:\/\/www.noticiasradioreflejos.com.ar\/2021\/alumnos-de-la-tec-de-acompanamiento-terapeutico-participaron-de-una-charla-sobre-discapacidad\/\"]}]},{\"@type\":\"BreadcrumbList\",\"@id\":\"https:\/\/www.noticiasradioreflejos.com.ar\/2021\/alumnos-de-la-tec-de-acompanamiento-terapeutico-participaron-de-una-charla-sobre-discapacidad\/#breadcrumb\",\"itemListElement\":[{\"@type\":\"ListItem\",\"position\":1,\"name\":\"Portada\",\"item\":\"https:\/\/www.noticiasradioreflejos.com.ar\/2021\/\"},{\"@type\":\"ListItem\",\"position\":2,\"name\":\"Alumnos de la Tec. De Acompa\u00f1amiento Terap\u00e9utico participaron de una charla sobre Discapacidad\"}]},{\"@type\":\"WebSite\",\"@id\":\"https:\/\/www.noticiasradioreflejos.com.ar\/2021\/#website\",\"url\":\"https:\/\/www.noticiasradioreflejos.com.ar\/2021\/\",\"name\":\"Noticias Radio Reflejos\",\"description\":\"Las noticias de mi comarca\",\"potentialAction\":[{\"@type\":\"SearchAction\",\"target\":{\"@type\":\"EntryPoint\",\"urlTemplate\":\"https:\/\/www.noticiasradioreflejos.com.ar\/2021\/?s={search_term_string}\"},\"query-input\":{\"@type\":\"PropertyValueSpecification\",\"valueRequired\":true,\"valueName\":\"search_term_string\"}}],\"inLanguage\":\"es\"},{\"@type\":\"Person\",\"@id\":\"https:\/\/www.noticiasradioreflejos.com.ar\/2021\/#\/schema\/person\/ad82545263dcc5ec0996818884fd5fb1\",\"name\":\"Arnaldo Botto\",\"image\":{\"@type\":\"ImageObject\",\"inLanguage\":\"es\",\"@id\":\"https:\/\/www.noticiasradioreflejos.com.ar\/2021\/#\/schema\/person\/image\/\",\"url\":\"https:\/\/secure.gravatar.com\/avatar\/55cb5e37c1efa326397366e6974cb338056df65cb50e7d64d1cf314e87504837?s=96&d=mm&r=g\",\"contentUrl\":\"https:\/\/secure.gravatar.com\/avatar\/55cb5e37c1efa326397366e6974cb338056df65cb50e7d64d1cf314e87504837?s=96&d=mm&r=g\",\"caption\":\"Arnaldo Botto\"},\"url\":\"https:\/\/www.noticiasradioreflejos.com.ar\/2021\/author\/arnaldo\/\"}]}<\/script>\n<!-- \/ Yoast SEO plugin. -->","yoast_head_json":{"title":"Alumnos de la Tec. De Acompa\u00f1amiento Terap\u00e9utico participaron de una charla sobre Discapacidad - Noticias Radio Reflejos","robots":{"index":"index","follow":"follow","max-snippet":"max-snippet:-1","max-image-preview":"max-image-preview:large","max-video-preview":"max-video-preview:-1"},"canonical":"https:\/\/www.noticiasradioreflejos.com.ar\/2021\/alumnos-de-la-tec-de-acompanamiento-terapeutico-participaron-de-una-charla-sobre-discapacidad\/","og_locale":"es_ES","og_type":"article","og_title":"Alumnos de la Tec. De Acompa\u00f1amiento Terap\u00e9utico participaron de una charla sobre Discapacidad - Noticias Radio Reflejos","og_description":"El pasado lunes 16 de septiembre, los alumnos del primer a\u00f1o de la Tecnicatura en Acompa\u00f1amiento Terap\u00e9utico participaron de una charla sobre la tem\u00e1tica de discapacidad, a cargo de la encargada del \u00e1rea de discapacidad municipal, Liliana Lugones e integrantes de la Junta Medica Distrital, Noral\u00ed Balbiano y Cecilia Cleppe.","og_url":"https:\/\/www.noticiasradioreflejos.com.ar\/2021\/alumnos-de-la-tec-de-acompanamiento-terapeutico-participaron-de-una-charla-sobre-discapacidad\/","og_site_name":"Noticias Radio Reflejos","article_published_time":"2019-09-18T21:40:22+00:00","og_image":[{"width":300,"height":200,"url":"https:\/\/www.noticiasradioreflejos.com.ar\/2021\/wp-content\/uploads\/2021\/07\/logosol300x200.png","type":"image\/png"}],"author":"Arnaldo Botto","twitter_card":"summary_large_image","schema":{"@context":"https:\/\/schema.org","@graph":[{"@type":"WebPage","@id":"https:\/\/www.noticiasradioreflejos.com.ar\/2021\/alumnos-de-la-tec-de-acompanamiento-terapeutico-participaron-de-una-charla-sobre-discapacidad\/","url":"https:\/\/www.noticiasradioreflejos.com.ar\/2021\/alumnos-de-la-tec-de-acompanamiento-terapeutico-participaron-de-una-charla-sobre-discapacidad\/","name":"Alumnos de la Tec. De Acompa\u00f1amiento Terap\u00e9utico participaron de una charla sobre Discapacidad - Noticias Radio Reflejos","isPartOf":{"@id":"https:\/\/www.noticiasradioreflejos.com.ar\/2021\/#website"},"datePublished":"2019-09-18T21:40:22+00:00","author":{"@id":"https:\/\/www.noticiasradioreflejos.com.ar\/2021\/#\/schema\/person\/ad82545263dcc5ec0996818884fd5fb1"},"breadcrumb":{"@id":"https:\/\/www.noticiasradioreflejos.com.ar\/2021\/alumnos-de-la-tec-de-acompanamiento-terapeutico-participaron-de-una-charla-sobre-discapacidad\/#breadcrumb"},"inLanguage":"es","potentialAction":[{"@type":"ReadAction","target":["https:\/\/www.noticiasradioreflejos.com.ar\/2021\/alumnos-de-la-tec-de-acompanamiento-terapeutico-participaron-de-una-charla-sobre-discapacidad\/"]}]},{"@type":"BreadcrumbList","@id":"https:\/\/www.noticiasradioreflejos.com.ar\/2021\/alumnos-de-la-tec-de-acompanamiento-terapeutico-participaron-de-una-charla-sobre-discapacidad\/#breadcrumb","itemListElement":[{"@type":"ListItem","position":1,"name":"Portada","item":"https:\/\/www.noticiasradioreflejos.com.ar\/2021\/"},{"@type":"ListItem","position":2,"name":"Alumnos de la Tec. De Acompa\u00f1amiento Terap\u00e9utico participaron de una charla sobre Discapacidad"}]},{"@type":"WebSite","@id":"https:\/\/www.noticiasradioreflejos.com.ar\/2021\/#website","url":"https:\/\/www.noticiasradioreflejos.com.ar\/2021\/","name":"Noticias Radio Reflejos","description":"Las noticias de mi comarca","potentialAction":[{"@type":"SearchAction","target":{"@type":"EntryPoint","urlTemplate":"https:\/\/www.noticiasradioreflejos.com.ar\/2021\/?s={search_term_string}"},"query-input":{"@type":"PropertyValueSpecification","valueRequired":true,"valueName":"search_term_string"}}],"inLanguage":"es"},{"@type":"Person","@id":"https:\/\/www.noticiasradioreflejos.com.ar\/2021\/#\/schema\/person\/ad82545263dcc5ec0996818884fd5fb1","name":"Arnaldo Botto","image":{"@type":"ImageObject","inLanguage":"es","@id":"https:\/\/www.noticiasradioreflejos.com.ar\/2021\/#\/schema\/person\/image\/","url":"https:\/\/secure.gravatar.com\/avatar\/55cb5e37c1efa326397366e6974cb338056df65cb50e7d64d1cf314e87504837?s=96&d=mm&r=g","contentUrl":"https:\/\/secure.gravatar.com\/avatar\/55cb5e37c1efa326397366e6974cb338056df65cb50e7d64d1cf314e87504837?s=96&d=mm&r=g","caption":"Arnaldo Botto"},"url":"https:\/\/www.noticiasradioreflejos.com.ar\/2021\/author\/arnaldo\/"}]}},"_links":{"self":[{"href":"https:\/\/www.noticiasradioreflejos.com.ar\/2021\/wp-json\/wp\/v2\/posts\/34855","targetHints":{"allow":["GET"]}}],"collection":[{"href":"https:\/\/www.noticiasradioreflejos.com.ar\/2021\/wp-json\/wp\/v2\/posts"}],"about":[{"href":"https:\/\/www.noticiasradioreflejos.com.ar\/2021\/wp-json\/wp\/v2\/types\/post"}],"author":[{"embeddable":true,"href":"https:\/\/www.noticiasradioreflejos.com.ar\/2021\/wp-json\/wp\/v2\/users\/3"}],"replies":[{"embeddable":true,"href":"https:\/\/www.noticiasradioreflejos.com.ar\/2021\/wp-json\/wp\/v2\/comments?post=34855"}],"version-history":[{"count":0,"href":"https:\/\/www.noticiasradioreflejos.com.ar\/2021\/wp-json\/wp\/v2\/posts\/34855\/revisions"}],"wp:attachment":[{"href":"https:\/\/www.noticiasradioreflejos.com.ar\/2021\/wp-json\/wp\/v2\/media?parent=34855"}],"wp:term":[{"taxonomy":"category","embeddable":true,"href":"https:\/\/www.noticiasradioreflejos.com.ar\/2021\/wp-json\/wp\/v2\/categories?post=34855"},{"taxonomy":"post_tag","embeddable":true,"href":"https:\/\/www.noticiasradioreflejos.com.ar\/2021\/wp-json\/wp\/v2\/tags?post=34855"}],"curies":[{"name":"wp","href":"https:\/\/api.w.org\/{rel}","templated":true}]}}