{"id":34853,"date":"2019-09-18T13:45:46","date_gmt":"2019-09-18T16:45:46","guid":{"rendered":"http:\/\/www.noticiasradioreflejos.com.ar\/noticias\/?p=34853"},"modified":"2019-09-18T13:45:46","modified_gmt":"2019-09-18T16:45:46","slug":"dorcazberro-guillermo-y-su-alejamiento-del-cargo-de-presidente-de-la-camara-de-comercio-y-turismo-de-villa-ventana","status":"publish","type":"post","link":"https:\/\/www.noticiasradioreflejos.com.ar\/2021\/dorcazberro-guillermo-y-su-alejamiento-del-cargo-de-presidente-de-la-camara-de-comercio-y-turismo-de-villa-ventana\/","title":{"rendered":"Dorcazberro Guillermo y su alejamiento del cargo de presidente de  la C\u00e1mara de Comercio y Turismo de Villa Ventana."},"content":{"rendered":"<p style=\"font-weight: 400;\">Estimados, mediante la presente quiero comunicarles mi alejamiento del cargo de presidente de\u00a0 la C\u00e1mara de Comercio y Turismo de Villa Ventana.<\/p>\n<p><!--more--><\/p>\n<p style=\"font-weight: 400;\">En estos\u00a0 seis meses de gesti\u00f3n, conjuntamente con el resto de la comisi\u00f3n, hemos trabajado intensamente en distintas direcciones en beneficio de nuestros socios como tambi\u00e9n en beneficio de toda la Villa.<\/p>\n<p style=\"font-weight: 400;\">Pero debo decir que este alejamiento se corresponde entre otras cosas, a ciertas discrepancias en el seno de la comisi\u00f3n con\u00a0 relaci\u00f3n directa a las propuestas elevadas por m\u00ed y aceptadas oportunamente para llevar a cabo en el periodo de mi gesti\u00f3n, por tanto he decidido dar un paso al costado.<\/p>\n<p style=\"font-weight: 400;\"><strong><em>Mi retiro tambi\u00e9n y por encima de todo<\/em><\/strong>, obedece a priorizar en estos tiempos el cuidado de mi salud, teniendo en cuenta mis compromisos con otras\u00a0 actividades.<\/p>\n<p style=\"font-weight: 400;\"><strong><em>\u00a0\u00a0\u00a0\u00a0\u00a0\u00a0\u00a0\u00a0\u00a0\u00a0\u00a0\u00a0\u00a0\u00a0\u00a0\u00a0\u00a0\u00a0\u00a0\u00a0\u00a0\u00a0\u201cDE VEZ EN CUANDO SE TU PRIORIDAD,<\/em><\/strong><\/p>\n<p style=\"font-weight: 400;\"><strong><em>\u00a0\u00a0\u00a0\u00a0\u00a0\u00a0\u00a0\u00a0\u00a0\u00a0\u00a0\u00a0\u00a0\u00a0\u00a0\u00a0\u00a0\u00a0\u00a0\u00a0\u00a0\u00a0\u00a0\u00a0 NO ES EGOISMO\u00a0 ES NECESIDAD\u201d<\/em><\/strong><\/p>\n<p style=\"font-weight: 400;\">Por razones de \u00edndole administrativo, dado que en poco tiempo se realizara la asamblea anual,\u00a0 solicito una licencia de seis meses, en ese lapso de tiempo,\u00a0 se realizara la asamblea anual correspondiente con la elecci\u00f3n de un nuevo presidente.<\/p>\n<p style=\"font-weight: 400;\">Saludo a todos con mi\u00a0 mayor afecto y cordialidad<\/p>\n<p style=\"font-weight: 400;\">Dorcazberro Guillermo<\/p>\n","protected":false},"excerpt":{"rendered":"<p>Estimados, mediante la presente quiero comunicarles mi alejamiento del cargo de presidente de\u00a0 la C\u00e1mara de Comercio y Turismo de Villa Ventana.<\/p>\n","protected":false},"author":3,"featured_media":0,"comment_status":"closed","ping_status":"open","sticky":false,"template":"","format":"standard","meta":{"footnotes":""},"categories":[26],"tags":[],"class_list":["post-34853","post","type-post","status-publish","format-standard","hentry","category-sociedad"],"yoast_head":"<!-- This site is optimized with the Yoast SEO plugin v25.9 - https:\/\/yoast.com\/wordpress\/plugins\/seo\/ -->\n<title>Dorcazberro Guillermo y su alejamiento del cargo de presidente de la C\u00e1mara de Comercio y Turismo de Villa Ventana. - Noticias Radio Reflejos<\/title>\n<meta name=\"robots\" content=\"index, follow, max-snippet:-1, max-image-preview:large, max-video-preview:-1\" \/>\n<link rel=\"canonical\" href=\"https:\/\/www.noticiasradioreflejos.com.ar\/2021\/dorcazberro-guillermo-y-su-alejamiento-del-cargo-de-presidente-de-la-camara-de-comercio-y-turismo-de-villa-ventana\/\" \/>\n<meta property=\"og:locale\" content=\"es_ES\" \/>\n<meta property=\"og:type\" content=\"article\" \/>\n<meta property=\"og:title\" content=\"Dorcazberro Guillermo y su alejamiento del cargo de presidente de la C\u00e1mara de Comercio y Turismo de Villa Ventana. - Noticias Radio Reflejos\" \/>\n<meta property=\"og:description\" content=\"Estimados, mediante la presente quiero comunicarles mi alejamiento del cargo de presidente de\u00a0 la C\u00e1mara de Comercio y Turismo de Villa Ventana.\" \/>\n<meta property=\"og:url\" content=\"https:\/\/www.noticiasradioreflejos.com.ar\/2021\/dorcazberro-guillermo-y-su-alejamiento-del-cargo-de-presidente-de-la-camara-de-comercio-y-turismo-de-villa-ventana\/\" \/>\n<meta property=\"og:site_name\" content=\"Noticias Radio Reflejos\" \/>\n<meta property=\"article:published_time\" content=\"2019-09-18T16:45:46+00:00\" \/>\n<meta property=\"og:image\" content=\"https:\/\/www.noticiasradioreflejos.com.ar\/2021\/wp-content\/uploads\/2021\/07\/logosol300x200.png\" \/>\n\t<meta property=\"og:image:width\" content=\"300\" \/>\n\t<meta property=\"og:image:height\" content=\"200\" \/>\n\t<meta property=\"og:image:type\" content=\"image\/png\" \/>\n<meta name=\"author\" content=\"Arnaldo Botto\" \/>\n<meta name=\"twitter:card\" content=\"summary_large_image\" \/>\n<script type=\"application\/ld+json\" class=\"yoast-schema-graph\">{\"@context\":\"https:\/\/schema.org\",\"@graph\":[{\"@type\":\"WebPage\",\"@id\":\"https:\/\/www.noticiasradioreflejos.com.ar\/2021\/dorcazberro-guillermo-y-su-alejamiento-del-cargo-de-presidente-de-la-camara-de-comercio-y-turismo-de-villa-ventana\/\",\"url\":\"https:\/\/www.noticiasradioreflejos.com.ar\/2021\/dorcazberro-guillermo-y-su-alejamiento-del-cargo-de-presidente-de-la-camara-de-comercio-y-turismo-de-villa-ventana\/\",\"name\":\"Dorcazberro Guillermo y su alejamiento del cargo de presidente de la C\u00e1mara de Comercio y Turismo de Villa Ventana. - Noticias Radio Reflejos\",\"isPartOf\":{\"@id\":\"https:\/\/www.noticiasradioreflejos.com.ar\/2021\/#website\"},\"datePublished\":\"2019-09-18T16:45:46+00:00\",\"author\":{\"@id\":\"https:\/\/www.noticiasradioreflejos.com.ar\/2021\/#\/schema\/person\/ad82545263dcc5ec0996818884fd5fb1\"},\"breadcrumb\":{\"@id\":\"https:\/\/www.noticiasradioreflejos.com.ar\/2021\/dorcazberro-guillermo-y-su-alejamiento-del-cargo-de-presidente-de-la-camara-de-comercio-y-turismo-de-villa-ventana\/#breadcrumb\"},\"inLanguage\":\"es\",\"potentialAction\":[{\"@type\":\"ReadAction\",\"target\":[\"https:\/\/www.noticiasradioreflejos.com.ar\/2021\/dorcazberro-guillermo-y-su-alejamiento-del-cargo-de-presidente-de-la-camara-de-comercio-y-turismo-de-villa-ventana\/\"]}]},{\"@type\":\"BreadcrumbList\",\"@id\":\"https:\/\/www.noticiasradioreflejos.com.ar\/2021\/dorcazberro-guillermo-y-su-alejamiento-del-cargo-de-presidente-de-la-camara-de-comercio-y-turismo-de-villa-ventana\/#breadcrumb\",\"itemListElement\":[{\"@type\":\"ListItem\",\"position\":1,\"name\":\"Portada\",\"item\":\"https:\/\/www.noticiasradioreflejos.com.ar\/2021\/\"},{\"@type\":\"ListItem\",\"position\":2,\"name\":\"Dorcazberro Guillermo y su alejamiento del cargo de presidente de la C\u00e1mara de Comercio y Turismo de Villa Ventana.\"}]},{\"@type\":\"WebSite\",\"@id\":\"https:\/\/www.noticiasradioreflejos.com.ar\/2021\/#website\",\"url\":\"https:\/\/www.noticiasradioreflejos.com.ar\/2021\/\",\"name\":\"Noticias Radio Reflejos\",\"description\":\"Las noticias de mi comarca\",\"potentialAction\":[{\"@type\":\"SearchAction\",\"target\":{\"@type\":\"EntryPoint\",\"urlTemplate\":\"https:\/\/www.noticiasradioreflejos.com.ar\/2021\/?s={search_term_string}\"},\"query-input\":{\"@type\":\"PropertyValueSpecification\",\"valueRequired\":true,\"valueName\":\"search_term_string\"}}],\"inLanguage\":\"es\"},{\"@type\":\"Person\",\"@id\":\"https:\/\/www.noticiasradioreflejos.com.ar\/2021\/#\/schema\/person\/ad82545263dcc5ec0996818884fd5fb1\",\"name\":\"Arnaldo Botto\",\"image\":{\"@type\":\"ImageObject\",\"inLanguage\":\"es\",\"@id\":\"https:\/\/www.noticiasradioreflejos.com.ar\/2021\/#\/schema\/person\/image\/\",\"url\":\"https:\/\/secure.gravatar.com\/avatar\/55cb5e37c1efa326397366e6974cb338056df65cb50e7d64d1cf314e87504837?s=96&d=mm&r=g\",\"contentUrl\":\"https:\/\/secure.gravatar.com\/avatar\/55cb5e37c1efa326397366e6974cb338056df65cb50e7d64d1cf314e87504837?s=96&d=mm&r=g\",\"caption\":\"Arnaldo Botto\"},\"url\":\"https:\/\/www.noticiasradioreflejos.com.ar\/2021\/author\/arnaldo\/\"}]}<\/script>\n<!-- \/ Yoast SEO plugin. -->","yoast_head_json":{"title":"Dorcazberro Guillermo y su alejamiento del cargo de presidente de la C\u00e1mara de Comercio y Turismo de Villa Ventana. - Noticias Radio Reflejos","robots":{"index":"index","follow":"follow","max-snippet":"max-snippet:-1","max-image-preview":"max-image-preview:large","max-video-preview":"max-video-preview:-1"},"canonical":"https:\/\/www.noticiasradioreflejos.com.ar\/2021\/dorcazberro-guillermo-y-su-alejamiento-del-cargo-de-presidente-de-la-camara-de-comercio-y-turismo-de-villa-ventana\/","og_locale":"es_ES","og_type":"article","og_title":"Dorcazberro Guillermo y su alejamiento del cargo de presidente de la C\u00e1mara de Comercio y Turismo de Villa Ventana. - Noticias Radio Reflejos","og_description":"Estimados, mediante la presente quiero comunicarles mi alejamiento del cargo de presidente de\u00a0 la C\u00e1mara de Comercio y Turismo de Villa Ventana.","og_url":"https:\/\/www.noticiasradioreflejos.com.ar\/2021\/dorcazberro-guillermo-y-su-alejamiento-del-cargo-de-presidente-de-la-camara-de-comercio-y-turismo-de-villa-ventana\/","og_site_name":"Noticias Radio Reflejos","article_published_time":"2019-09-18T16:45:46+00:00","og_image":[{"width":300,"height":200,"url":"https:\/\/www.noticiasradioreflejos.com.ar\/2021\/wp-content\/uploads\/2021\/07\/logosol300x200.png","type":"image\/png"}],"author":"Arnaldo Botto","twitter_card":"summary_large_image","schema":{"@context":"https:\/\/schema.org","@graph":[{"@type":"WebPage","@id":"https:\/\/www.noticiasradioreflejos.com.ar\/2021\/dorcazberro-guillermo-y-su-alejamiento-del-cargo-de-presidente-de-la-camara-de-comercio-y-turismo-de-villa-ventana\/","url":"https:\/\/www.noticiasradioreflejos.com.ar\/2021\/dorcazberro-guillermo-y-su-alejamiento-del-cargo-de-presidente-de-la-camara-de-comercio-y-turismo-de-villa-ventana\/","name":"Dorcazberro Guillermo y su alejamiento del cargo de presidente de la C\u00e1mara de Comercio y Turismo de Villa Ventana. - Noticias Radio Reflejos","isPartOf":{"@id":"https:\/\/www.noticiasradioreflejos.com.ar\/2021\/#website"},"datePublished":"2019-09-18T16:45:46+00:00","author":{"@id":"https:\/\/www.noticiasradioreflejos.com.ar\/2021\/#\/schema\/person\/ad82545263dcc5ec0996818884fd5fb1"},"breadcrumb":{"@id":"https:\/\/www.noticiasradioreflejos.com.ar\/2021\/dorcazberro-guillermo-y-su-alejamiento-del-cargo-de-presidente-de-la-camara-de-comercio-y-turismo-de-villa-ventana\/#breadcrumb"},"inLanguage":"es","potentialAction":[{"@type":"ReadAction","target":["https:\/\/www.noticiasradioreflejos.com.ar\/2021\/dorcazberro-guillermo-y-su-alejamiento-del-cargo-de-presidente-de-la-camara-de-comercio-y-turismo-de-villa-ventana\/"]}]},{"@type":"BreadcrumbList","@id":"https:\/\/www.noticiasradioreflejos.com.ar\/2021\/dorcazberro-guillermo-y-su-alejamiento-del-cargo-de-presidente-de-la-camara-de-comercio-y-turismo-de-villa-ventana\/#breadcrumb","itemListElement":[{"@type":"ListItem","position":1,"name":"Portada","item":"https:\/\/www.noticiasradioreflejos.com.ar\/2021\/"},{"@type":"ListItem","position":2,"name":"Dorcazberro Guillermo y su alejamiento del cargo de presidente de la C\u00e1mara de Comercio y Turismo de Villa Ventana."}]},{"@type":"WebSite","@id":"https:\/\/www.noticiasradioreflejos.com.ar\/2021\/#website","url":"https:\/\/www.noticiasradioreflejos.com.ar\/2021\/","name":"Noticias Radio Reflejos","description":"Las noticias de mi comarca","potentialAction":[{"@type":"SearchAction","target":{"@type":"EntryPoint","urlTemplate":"https:\/\/www.noticiasradioreflejos.com.ar\/2021\/?s={search_term_string}"},"query-input":{"@type":"PropertyValueSpecification","valueRequired":true,"valueName":"search_term_string"}}],"inLanguage":"es"},{"@type":"Person","@id":"https:\/\/www.noticiasradioreflejos.com.ar\/2021\/#\/schema\/person\/ad82545263dcc5ec0996818884fd5fb1","name":"Arnaldo Botto","image":{"@type":"ImageObject","inLanguage":"es","@id":"https:\/\/www.noticiasradioreflejos.com.ar\/2021\/#\/schema\/person\/image\/","url":"https:\/\/secure.gravatar.com\/avatar\/55cb5e37c1efa326397366e6974cb338056df65cb50e7d64d1cf314e87504837?s=96&d=mm&r=g","contentUrl":"https:\/\/secure.gravatar.com\/avatar\/55cb5e37c1efa326397366e6974cb338056df65cb50e7d64d1cf314e87504837?s=96&d=mm&r=g","caption":"Arnaldo Botto"},"url":"https:\/\/www.noticiasradioreflejos.com.ar\/2021\/author\/arnaldo\/"}]}},"_links":{"self":[{"href":"https:\/\/www.noticiasradioreflejos.com.ar\/2021\/wp-json\/wp\/v2\/posts\/34853","targetHints":{"allow":["GET"]}}],"collection":[{"href":"https:\/\/www.noticiasradioreflejos.com.ar\/2021\/wp-json\/wp\/v2\/posts"}],"about":[{"href":"https:\/\/www.noticiasradioreflejos.com.ar\/2021\/wp-json\/wp\/v2\/types\/post"}],"author":[{"embeddable":true,"href":"https:\/\/www.noticiasradioreflejos.com.ar\/2021\/wp-json\/wp\/v2\/users\/3"}],"replies":[{"embeddable":true,"href":"https:\/\/www.noticiasradioreflejos.com.ar\/2021\/wp-json\/wp\/v2\/comments?post=34853"}],"version-history":[{"count":0,"href":"https:\/\/www.noticiasradioreflejos.com.ar\/2021\/wp-json\/wp\/v2\/posts\/34853\/revisions"}],"wp:attachment":[{"href":"https:\/\/www.noticiasradioreflejos.com.ar\/2021\/wp-json\/wp\/v2\/media?parent=34853"}],"wp:term":[{"taxonomy":"category","embeddable":true,"href":"https:\/\/www.noticiasradioreflejos.com.ar\/2021\/wp-json\/wp\/v2\/categories?post=34853"},{"taxonomy":"post_tag","embeddable":true,"href":"https:\/\/www.noticiasradioreflejos.com.ar\/2021\/wp-json\/wp\/v2\/tags?post=34853"}],"curies":[{"name":"wp","href":"https:\/\/api.w.org\/{rel}","templated":true}]}}