{"id":34784,"date":"2019-09-17T11:17:51","date_gmt":"2019-09-17T14:17:51","guid":{"rendered":"http:\/\/www.noticiasradioreflejos.com.ar\/noticias\/?p=34784"},"modified":"2019-09-17T11:17:51","modified_gmt":"2019-09-17T14:17:51","slug":"fiesta-de-la-primavera-en-sierra-de-la-ventana-3","status":"publish","type":"post","link":"https:\/\/www.noticiasradioreflejos.com.ar\/2021\/fiesta-de-la-primavera-en-sierra-de-la-ventana-3\/","title":{"rendered":"Fiesta de la Primavera en Sierra de la Ventana"},"content":{"rendered":"<p>El pr\u00f3ximo 21 y 22 de septiembre, el predio del Centro Cultural de Sierra de la Ventana, ser\u00e1 nuevamente lugar de encuentro para festejar una nueva edici\u00f3n de la Fiesta de la Primavera.<!--more--><br \/>\nEn esta oportunidad los festejos comenzar\u00e1n el s\u00e1bado a las 11 hs, donde se realizar\u00e1 la apertura de la Feria Productiva, y se dar\u00e1 lugar a una variada grilla de actividades y<br \/>\nespect\u00e1culos. Adem\u00e1s se podr\u00e1 disfrutar de diferentes opciones gastron\u00f3micas, patio<br \/>\ncervecero y juegos para ni\u00f1os.<br \/>\nCronograma de actividades:<br \/>\nSABADO 21<br \/>\n11hs Apertura de Feria productiva<br \/>\n15 hs Taller de Origami\u00bbjugando con papel \u00aba cargo de Asociaci\u00f3n Artesanos y Productores<br \/>\n16hs Zumba: clase abierta a cargo de Ale Medina<br \/>\n17hs Inauguraci\u00f3n 2*etapa \u00abMuseo de la trochita\u00bb<br \/>\n17,30hs Taller de suculentas \u00abLl\u00e9vate tu propia planta\u00bb a cargo de Asociaci\u00f3n Artesanos y Productores<br \/>\n18 hs\u201d Forjados \u00bb covers Rock<br \/>\n19hs\u00bbLisboa\u00bb Rock<br \/>\n20 Hs\u00bbRebenque\u00bb Rock<br \/>\nDOMINGO 22<br \/>\n11.30 hs Taller de costura \u00abPrimeros pasos para dise\u00f1ar tu indumentaria \u00bb a cargo de<br \/>\nAsociaci\u00f3n Artesanos y Productores<br \/>\n14hs Taller de cotidiafonos \u00abVeni a hacer tu propio instrumento\u201d cargo de Asociaci\u00f3n<br \/>\nArtesanos y Productores<br \/>\n15 hs\u00bbFede y Tito \u00bb magia y humor<br \/>\n16 hs Zumba clase abierta a cargo de Ale Medina<br \/>\n16.30hs Taller de Birra \u00abaprende a hacer tu propia cerveza\u00bb a cargo de Asociaci\u00f3n Artesanos y Productores<br \/>\n17 hs \u00abMate \u00bb pop Rock<br \/>\n18hs \u00abGrupo pasi\u00f3n \u00bb cumbia<br \/>\n19 hs \u00abThe chimenea\u00bbRock<br \/>\n<a href=\"http:\/\/www.noticiasradioreflejos.com.ar\/noticias\/wp-content\/uploads\/2019\/09\/WhatsApp-Image-2019-09-17-at-10.20.58.jpeg\"><img loading=\"lazy\" decoding=\"async\" class=\"aligncenter size-full wp-image-34785\" src=\"http:\/\/www.noticiasradioreflejos.com.ar\/noticias\/wp-content\/uploads\/2019\/09\/WhatsApp-Image-2019-09-17-at-10.20.58.jpeg\" alt=\"WhatsApp Image 2019-09-17 at 10.20.58\" width=\"1024\" height=\"1024\" \/><\/a><\/p>\n","protected":false},"excerpt":{"rendered":"<p>El pr\u00f3ximo 21 y 22 de septiembre, el predio del Centro Cultural de Sierra de la Ventana, ser\u00e1 nuevamente lugar de encuentro para festejar una nueva edici\u00f3n de la Fiesta de la Primavera.<\/p>\n","protected":false},"author":3,"featured_media":0,"comment_status":"closed","ping_status":"open","sticky":false,"template":"","format":"standard","meta":{"footnotes":""},"categories":[26],"tags":[],"class_list":["post-34784","post","type-post","status-publish","format-standard","hentry","category-sociedad"],"yoast_head":"<!-- This site is optimized with the Yoast SEO plugin v25.9 - https:\/\/yoast.com\/wordpress\/plugins\/seo\/ -->\n<title>Fiesta de la Primavera en Sierra de la Ventana - Noticias Radio Reflejos<\/title>\n<meta name=\"robots\" content=\"index, follow, max-snippet:-1, max-image-preview:large, max-video-preview:-1\" \/>\n<link rel=\"canonical\" href=\"https:\/\/www.noticiasradioreflejos.com.ar\/2021\/fiesta-de-la-primavera-en-sierra-de-la-ventana-3\/\" \/>\n<meta property=\"og:locale\" content=\"es_ES\" \/>\n<meta property=\"og:type\" content=\"article\" \/>\n<meta property=\"og:title\" content=\"Fiesta de la Primavera en Sierra de la Ventana - Noticias Radio Reflejos\" \/>\n<meta property=\"og:description\" content=\"El pr\u00f3ximo 21 y 22 de septiembre, el predio del Centro Cultural de Sierra de la Ventana, ser\u00e1 nuevamente lugar de encuentro para festejar una nueva edici\u00f3n de la Fiesta de la Primavera.\" \/>\n<meta property=\"og:url\" content=\"https:\/\/www.noticiasradioreflejos.com.ar\/2021\/fiesta-de-la-primavera-en-sierra-de-la-ventana-3\/\" \/>\n<meta property=\"og:site_name\" content=\"Noticias Radio Reflejos\" \/>\n<meta property=\"article:published_time\" content=\"2019-09-17T14:17:51+00:00\" \/>\n<meta property=\"og:image\" content=\"https:\/\/www.noticiasradioreflejos.com.ar\/2021\/wp-content\/uploads\/2021\/07\/logosol300x200.png\" \/>\n\t<meta property=\"og:image:width\" content=\"300\" \/>\n\t<meta property=\"og:image:height\" content=\"200\" \/>\n\t<meta property=\"og:image:type\" content=\"image\/png\" \/>\n<meta name=\"author\" content=\"Arnaldo Botto\" \/>\n<meta name=\"twitter:card\" content=\"summary_large_image\" \/>\n<script type=\"application\/ld+json\" class=\"yoast-schema-graph\">{\"@context\":\"https:\/\/schema.org\",\"@graph\":[{\"@type\":\"WebPage\",\"@id\":\"https:\/\/www.noticiasradioreflejos.com.ar\/2021\/fiesta-de-la-primavera-en-sierra-de-la-ventana-3\/\",\"url\":\"https:\/\/www.noticiasradioreflejos.com.ar\/2021\/fiesta-de-la-primavera-en-sierra-de-la-ventana-3\/\",\"name\":\"Fiesta de la Primavera en Sierra de la Ventana - Noticias Radio Reflejos\",\"isPartOf\":{\"@id\":\"https:\/\/www.noticiasradioreflejos.com.ar\/2021\/#website\"},\"primaryImageOfPage\":{\"@id\":\"https:\/\/www.noticiasradioreflejos.com.ar\/2021\/fiesta-de-la-primavera-en-sierra-de-la-ventana-3\/#primaryimage\"},\"image\":{\"@id\":\"https:\/\/www.noticiasradioreflejos.com.ar\/2021\/fiesta-de-la-primavera-en-sierra-de-la-ventana-3\/#primaryimage\"},\"thumbnailUrl\":\"http:\/\/www.noticiasradioreflejos.com.ar\/noticias\/wp-content\/uploads\/2019\/09\/WhatsApp-Image-2019-09-17-at-10.20.58.jpeg\",\"datePublished\":\"2019-09-17T14:17:51+00:00\",\"author\":{\"@id\":\"https:\/\/www.noticiasradioreflejos.com.ar\/2021\/#\/schema\/person\/ad82545263dcc5ec0996818884fd5fb1\"},\"breadcrumb\":{\"@id\":\"https:\/\/www.noticiasradioreflejos.com.ar\/2021\/fiesta-de-la-primavera-en-sierra-de-la-ventana-3\/#breadcrumb\"},\"inLanguage\":\"es\",\"potentialAction\":[{\"@type\":\"ReadAction\",\"target\":[\"https:\/\/www.noticiasradioreflejos.com.ar\/2021\/fiesta-de-la-primavera-en-sierra-de-la-ventana-3\/\"]}]},{\"@type\":\"ImageObject\",\"inLanguage\":\"es\",\"@id\":\"https:\/\/www.noticiasradioreflejos.com.ar\/2021\/fiesta-de-la-primavera-en-sierra-de-la-ventana-3\/#primaryimage\",\"url\":\"http:\/\/www.noticiasradioreflejos.com.ar\/noticias\/wp-content\/uploads\/2019\/09\/WhatsApp-Image-2019-09-17-at-10.20.58.jpeg\",\"contentUrl\":\"http:\/\/www.noticiasradioreflejos.com.ar\/noticias\/wp-content\/uploads\/2019\/09\/WhatsApp-Image-2019-09-17-at-10.20.58.jpeg\"},{\"@type\":\"BreadcrumbList\",\"@id\":\"https:\/\/www.noticiasradioreflejos.com.ar\/2021\/fiesta-de-la-primavera-en-sierra-de-la-ventana-3\/#breadcrumb\",\"itemListElement\":[{\"@type\":\"ListItem\",\"position\":1,\"name\":\"Portada\",\"item\":\"https:\/\/www.noticiasradioreflejos.com.ar\/2021\/\"},{\"@type\":\"ListItem\",\"position\":2,\"name\":\"Fiesta de la Primavera en Sierra de la Ventana\"}]},{\"@type\":\"WebSite\",\"@id\":\"https:\/\/www.noticiasradioreflejos.com.ar\/2021\/#website\",\"url\":\"https:\/\/www.noticiasradioreflejos.com.ar\/2021\/\",\"name\":\"Noticias Radio Reflejos\",\"description\":\"Las noticias de mi comarca\",\"potentialAction\":[{\"@type\":\"SearchAction\",\"target\":{\"@type\":\"EntryPoint\",\"urlTemplate\":\"https:\/\/www.noticiasradioreflejos.com.ar\/2021\/?s={search_term_string}\"},\"query-input\":{\"@type\":\"PropertyValueSpecification\",\"valueRequired\":true,\"valueName\":\"search_term_string\"}}],\"inLanguage\":\"es\"},{\"@type\":\"Person\",\"@id\":\"https:\/\/www.noticiasradioreflejos.com.ar\/2021\/#\/schema\/person\/ad82545263dcc5ec0996818884fd5fb1\",\"name\":\"Arnaldo Botto\",\"image\":{\"@type\":\"ImageObject\",\"inLanguage\":\"es\",\"@id\":\"https:\/\/www.noticiasradioreflejos.com.ar\/2021\/#\/schema\/person\/image\/\",\"url\":\"https:\/\/secure.gravatar.com\/avatar\/55cb5e37c1efa326397366e6974cb338056df65cb50e7d64d1cf314e87504837?s=96&d=mm&r=g\",\"contentUrl\":\"https:\/\/secure.gravatar.com\/avatar\/55cb5e37c1efa326397366e6974cb338056df65cb50e7d64d1cf314e87504837?s=96&d=mm&r=g\",\"caption\":\"Arnaldo Botto\"},\"url\":\"https:\/\/www.noticiasradioreflejos.com.ar\/2021\/author\/arnaldo\/\"}]}<\/script>\n<!-- \/ Yoast SEO plugin. -->","yoast_head_json":{"title":"Fiesta de la Primavera en Sierra de la Ventana - Noticias Radio Reflejos","robots":{"index":"index","follow":"follow","max-snippet":"max-snippet:-1","max-image-preview":"max-image-preview:large","max-video-preview":"max-video-preview:-1"},"canonical":"https:\/\/www.noticiasradioreflejos.com.ar\/2021\/fiesta-de-la-primavera-en-sierra-de-la-ventana-3\/","og_locale":"es_ES","og_type":"article","og_title":"Fiesta de la Primavera en Sierra de la Ventana - Noticias Radio Reflejos","og_description":"El pr\u00f3ximo 21 y 22 de septiembre, el predio del Centro Cultural de Sierra de la Ventana, ser\u00e1 nuevamente lugar de encuentro para festejar una nueva edici\u00f3n de la Fiesta de la Primavera.","og_url":"https:\/\/www.noticiasradioreflejos.com.ar\/2021\/fiesta-de-la-primavera-en-sierra-de-la-ventana-3\/","og_site_name":"Noticias Radio Reflejos","article_published_time":"2019-09-17T14:17:51+00:00","og_image":[{"width":300,"height":200,"url":"https:\/\/www.noticiasradioreflejos.com.ar\/2021\/wp-content\/uploads\/2021\/07\/logosol300x200.png","type":"image\/png"}],"author":"Arnaldo Botto","twitter_card":"summary_large_image","schema":{"@context":"https:\/\/schema.org","@graph":[{"@type":"WebPage","@id":"https:\/\/www.noticiasradioreflejos.com.ar\/2021\/fiesta-de-la-primavera-en-sierra-de-la-ventana-3\/","url":"https:\/\/www.noticiasradioreflejos.com.ar\/2021\/fiesta-de-la-primavera-en-sierra-de-la-ventana-3\/","name":"Fiesta de la Primavera en Sierra de la Ventana - Noticias Radio Reflejos","isPartOf":{"@id":"https:\/\/www.noticiasradioreflejos.com.ar\/2021\/#website"},"primaryImageOfPage":{"@id":"https:\/\/www.noticiasradioreflejos.com.ar\/2021\/fiesta-de-la-primavera-en-sierra-de-la-ventana-3\/#primaryimage"},"image":{"@id":"https:\/\/www.noticiasradioreflejos.com.ar\/2021\/fiesta-de-la-primavera-en-sierra-de-la-ventana-3\/#primaryimage"},"thumbnailUrl":"http:\/\/www.noticiasradioreflejos.com.ar\/noticias\/wp-content\/uploads\/2019\/09\/WhatsApp-Image-2019-09-17-at-10.20.58.jpeg","datePublished":"2019-09-17T14:17:51+00:00","author":{"@id":"https:\/\/www.noticiasradioreflejos.com.ar\/2021\/#\/schema\/person\/ad82545263dcc5ec0996818884fd5fb1"},"breadcrumb":{"@id":"https:\/\/www.noticiasradioreflejos.com.ar\/2021\/fiesta-de-la-primavera-en-sierra-de-la-ventana-3\/#breadcrumb"},"inLanguage":"es","potentialAction":[{"@type":"ReadAction","target":["https:\/\/www.noticiasradioreflejos.com.ar\/2021\/fiesta-de-la-primavera-en-sierra-de-la-ventana-3\/"]}]},{"@type":"ImageObject","inLanguage":"es","@id":"https:\/\/www.noticiasradioreflejos.com.ar\/2021\/fiesta-de-la-primavera-en-sierra-de-la-ventana-3\/#primaryimage","url":"http:\/\/www.noticiasradioreflejos.com.ar\/noticias\/wp-content\/uploads\/2019\/09\/WhatsApp-Image-2019-09-17-at-10.20.58.jpeg","contentUrl":"http:\/\/www.noticiasradioreflejos.com.ar\/noticias\/wp-content\/uploads\/2019\/09\/WhatsApp-Image-2019-09-17-at-10.20.58.jpeg"},{"@type":"BreadcrumbList","@id":"https:\/\/www.noticiasradioreflejos.com.ar\/2021\/fiesta-de-la-primavera-en-sierra-de-la-ventana-3\/#breadcrumb","itemListElement":[{"@type":"ListItem","position":1,"name":"Portada","item":"https:\/\/www.noticiasradioreflejos.com.ar\/2021\/"},{"@type":"ListItem","position":2,"name":"Fiesta de la Primavera en Sierra de la Ventana"}]},{"@type":"WebSite","@id":"https:\/\/www.noticiasradioreflejos.com.ar\/2021\/#website","url":"https:\/\/www.noticiasradioreflejos.com.ar\/2021\/","name":"Noticias Radio Reflejos","description":"Las noticias de mi comarca","potentialAction":[{"@type":"SearchAction","target":{"@type":"EntryPoint","urlTemplate":"https:\/\/www.noticiasradioreflejos.com.ar\/2021\/?s={search_term_string}"},"query-input":{"@type":"PropertyValueSpecification","valueRequired":true,"valueName":"search_term_string"}}],"inLanguage":"es"},{"@type":"Person","@id":"https:\/\/www.noticiasradioreflejos.com.ar\/2021\/#\/schema\/person\/ad82545263dcc5ec0996818884fd5fb1","name":"Arnaldo Botto","image":{"@type":"ImageObject","inLanguage":"es","@id":"https:\/\/www.noticiasradioreflejos.com.ar\/2021\/#\/schema\/person\/image\/","url":"https:\/\/secure.gravatar.com\/avatar\/55cb5e37c1efa326397366e6974cb338056df65cb50e7d64d1cf314e87504837?s=96&d=mm&r=g","contentUrl":"https:\/\/secure.gravatar.com\/avatar\/55cb5e37c1efa326397366e6974cb338056df65cb50e7d64d1cf314e87504837?s=96&d=mm&r=g","caption":"Arnaldo Botto"},"url":"https:\/\/www.noticiasradioreflejos.com.ar\/2021\/author\/arnaldo\/"}]}},"_links":{"self":[{"href":"https:\/\/www.noticiasradioreflejos.com.ar\/2021\/wp-json\/wp\/v2\/posts\/34784","targetHints":{"allow":["GET"]}}],"collection":[{"href":"https:\/\/www.noticiasradioreflejos.com.ar\/2021\/wp-json\/wp\/v2\/posts"}],"about":[{"href":"https:\/\/www.noticiasradioreflejos.com.ar\/2021\/wp-json\/wp\/v2\/types\/post"}],"author":[{"embeddable":true,"href":"https:\/\/www.noticiasradioreflejos.com.ar\/2021\/wp-json\/wp\/v2\/users\/3"}],"replies":[{"embeddable":true,"href":"https:\/\/www.noticiasradioreflejos.com.ar\/2021\/wp-json\/wp\/v2\/comments?post=34784"}],"version-history":[{"count":0,"href":"https:\/\/www.noticiasradioreflejos.com.ar\/2021\/wp-json\/wp\/v2\/posts\/34784\/revisions"}],"wp:attachment":[{"href":"https:\/\/www.noticiasradioreflejos.com.ar\/2021\/wp-json\/wp\/v2\/media?parent=34784"}],"wp:term":[{"taxonomy":"category","embeddable":true,"href":"https:\/\/www.noticiasradioreflejos.com.ar\/2021\/wp-json\/wp\/v2\/categories?post=34784"},{"taxonomy":"post_tag","embeddable":true,"href":"https:\/\/www.noticiasradioreflejos.com.ar\/2021\/wp-json\/wp\/v2\/tags?post=34784"}],"curies":[{"name":"wp","href":"https:\/\/api.w.org\/{rel}","templated":true}]}}