{"id":34687,"date":"2019-09-13T11:28:01","date_gmt":"2019-09-13T14:28:01","guid":{"rendered":"http:\/\/www.noticiasradioreflejos.com.ar\/noticias\/?p=34687"},"modified":"2019-09-13T11:28:01","modified_gmt":"2019-09-13T14:28:01","slug":"marketing-digital-y-comercio-electronico-para-empresas-y-emprendedores-herramientas-para-vender-por-internet-y-redes-sociales","status":"publish","type":"post","link":"https:\/\/www.noticiasradioreflejos.com.ar\/2021\/marketing-digital-y-comercio-electronico-para-empresas-y-emprendedores-herramientas-para-vender-por-internet-y-redes-sociales\/","title":{"rendered":"Marketing Digital y Comercio Electr\u00f3nico para empresas y emprendedores. Herramientas para vender por Internet y Redes Sociales"},"content":{"rendered":"<p>El presente y futuro de las ventas y las negociaciones es online.<!--more--><br \/>\nEsta exitosa presentaci\u00f3n sobre Marketing Digital y Comercio Electr\u00f3nico de Bruno Palmieri, que recorre decenas de ciudades argentinas desde hace m\u00e1s de cinco a\u00f1os; es intensiva, simple y amena, y te permitir\u00e1 abrir las puertas de tu negocio a miles de consumidores online que en nuestro pa\u00eds compran y consumen cada d\u00eda m\u00e1s a trav\u00e9s de Internet.<br \/>\nOBJETIVOS:<br \/>\n* Conocer y utilizar todas las herramientas disponibles para vender productos y servicios a trav\u00e9s de Internet. Desde p\u00e1ginas web hasta redes sociales, pasando por dispositivos m\u00f3viles y marketing digital.<br \/>\n* Orientado a Comerciantes que desean vender productos a trav\u00e9s de Internet, Emprendedores que quieren desarrollar su negocio online, PyMEs; Responsables de Ventas, Marketing y Vendedores de Empresas; Empresarios que saben que deben tener un canal online de venta, y toda aquella persona que tenga inter\u00e9s en conocer el mundo del eCommerce y aprender a vender online.<br \/>\n* Orientado a quienes quieren dar sus primeros pasos en Internet, como as\u00ed tambi\u00e9n para quienes ya cuentan con algo de experiencia y desean ampliar sus conocimientos y adquirir m\u00e1s teor\u00eda y pr\u00e1ctica. Las clases son amenas, con mucha interacci\u00f3n y pr\u00e1ctica, y en un lenguaje simple y entretenido<br \/>\n\u201cMarketing digital\u201d<br \/>\nCapacitador: Bruno Palmieri<br \/>\nFecha: MARTES\u00a0 17 de setiembre\u00a0 14 hs.<br \/>\nLugar: La Gran Caba\u00f1a, Belisario entre Colibr\u00ed y Picaflor<br \/>\nActividad gratuita para los participantes- con inscripci\u00f3n previa<br \/>\nInscripci\u00f3n:\u00a0<a href=\"mailto:camaradecomercioyturismovilla@yahoo.com.ar\" target=\"_blank\" rel=\"noopener\">camaradecomercioyturismovilla@<wbr \/>yahoo.com.ar<\/a><br \/>\nLOS ESPERAMOS<br \/>\nComisi\u00f3n Directiva C\u00e1mara de Comercio y Turismo de Villa Ventana<br \/>\nBruno Palmieri se dedica desde hace m\u00e1s de 12 a\u00f1os a las tem\u00e1ticas de Marketing Digital y Comercio Electr\u00f3nico. Es presidente de ABAKO Desarrollo de Negocios Online S.A., es profesional certificado Google Cloud Partner para todo Latinoam\u00e9rica, y profesor en diferentes Diplomaturas y Cursos de estas tem\u00e1ticas en universidades e instituciones como UNS, UTN, UPSO y CCIS. Es Director del Polo Tecnol\u00f3gico del Sur y de CCIS.<\/p>\n","protected":false},"excerpt":{"rendered":"<p>El presente y futuro de las ventas y las negociaciones es online.<\/p>\n","protected":false},"author":3,"featured_media":0,"comment_status":"closed","ping_status":"open","sticky":false,"template":"","format":"standard","meta":{"footnotes":""},"categories":[26],"tags":[],"class_list":["post-34687","post","type-post","status-publish","format-standard","hentry","category-sociedad"],"yoast_head":"<!-- This site is optimized with the Yoast SEO plugin v25.9 - https:\/\/yoast.com\/wordpress\/plugins\/seo\/ -->\n<title>Marketing Digital y Comercio Electr\u00f3nico para empresas y emprendedores. Herramientas para vender por Internet y Redes Sociales - Noticias Radio Reflejos<\/title>\n<meta name=\"robots\" content=\"index, follow, max-snippet:-1, max-image-preview:large, max-video-preview:-1\" \/>\n<link rel=\"canonical\" href=\"https:\/\/www.noticiasradioreflejos.com.ar\/2021\/marketing-digital-y-comercio-electronico-para-empresas-y-emprendedores-herramientas-para-vender-por-internet-y-redes-sociales\/\" \/>\n<meta property=\"og:locale\" content=\"es_ES\" \/>\n<meta property=\"og:type\" content=\"article\" \/>\n<meta property=\"og:title\" content=\"Marketing Digital y Comercio Electr\u00f3nico para empresas y emprendedores. Herramientas para vender por Internet y Redes Sociales - Noticias Radio Reflejos\" \/>\n<meta property=\"og:description\" content=\"El presente y futuro de las ventas y las negociaciones es online.\" \/>\n<meta property=\"og:url\" content=\"https:\/\/www.noticiasradioreflejos.com.ar\/2021\/marketing-digital-y-comercio-electronico-para-empresas-y-emprendedores-herramientas-para-vender-por-internet-y-redes-sociales\/\" \/>\n<meta property=\"og:site_name\" content=\"Noticias Radio Reflejos\" \/>\n<meta property=\"article:published_time\" content=\"2019-09-13T14:28:01+00:00\" \/>\n<meta property=\"og:image\" content=\"https:\/\/www.noticiasradioreflejos.com.ar\/2021\/wp-content\/uploads\/2021\/07\/logosol300x200.png\" \/>\n\t<meta property=\"og:image:width\" content=\"300\" \/>\n\t<meta property=\"og:image:height\" content=\"200\" \/>\n\t<meta property=\"og:image:type\" content=\"image\/png\" \/>\n<meta name=\"author\" content=\"Arnaldo Botto\" \/>\n<meta name=\"twitter:card\" content=\"summary_large_image\" \/>\n<script type=\"application\/ld+json\" class=\"yoast-schema-graph\">{\"@context\":\"https:\/\/schema.org\",\"@graph\":[{\"@type\":\"WebPage\",\"@id\":\"https:\/\/www.noticiasradioreflejos.com.ar\/2021\/marketing-digital-y-comercio-electronico-para-empresas-y-emprendedores-herramientas-para-vender-por-internet-y-redes-sociales\/\",\"url\":\"https:\/\/www.noticiasradioreflejos.com.ar\/2021\/marketing-digital-y-comercio-electronico-para-empresas-y-emprendedores-herramientas-para-vender-por-internet-y-redes-sociales\/\",\"name\":\"Marketing Digital y Comercio Electr\u00f3nico para empresas y emprendedores. Herramientas para vender por Internet y Redes Sociales - Noticias Radio Reflejos\",\"isPartOf\":{\"@id\":\"https:\/\/www.noticiasradioreflejos.com.ar\/2021\/#website\"},\"datePublished\":\"2019-09-13T14:28:01+00:00\",\"author\":{\"@id\":\"https:\/\/www.noticiasradioreflejos.com.ar\/2021\/#\/schema\/person\/ad82545263dcc5ec0996818884fd5fb1\"},\"breadcrumb\":{\"@id\":\"https:\/\/www.noticiasradioreflejos.com.ar\/2021\/marketing-digital-y-comercio-electronico-para-empresas-y-emprendedores-herramientas-para-vender-por-internet-y-redes-sociales\/#breadcrumb\"},\"inLanguage\":\"es\",\"potentialAction\":[{\"@type\":\"ReadAction\",\"target\":[\"https:\/\/www.noticiasradioreflejos.com.ar\/2021\/marketing-digital-y-comercio-electronico-para-empresas-y-emprendedores-herramientas-para-vender-por-internet-y-redes-sociales\/\"]}]},{\"@type\":\"BreadcrumbList\",\"@id\":\"https:\/\/www.noticiasradioreflejos.com.ar\/2021\/marketing-digital-y-comercio-electronico-para-empresas-y-emprendedores-herramientas-para-vender-por-internet-y-redes-sociales\/#breadcrumb\",\"itemListElement\":[{\"@type\":\"ListItem\",\"position\":1,\"name\":\"Portada\",\"item\":\"https:\/\/www.noticiasradioreflejos.com.ar\/2021\/\"},{\"@type\":\"ListItem\",\"position\":2,\"name\":\"Marketing Digital y Comercio Electr\u00f3nico para empresas y emprendedores. Herramientas para vender por Internet y Redes Sociales\"}]},{\"@type\":\"WebSite\",\"@id\":\"https:\/\/www.noticiasradioreflejos.com.ar\/2021\/#website\",\"url\":\"https:\/\/www.noticiasradioreflejos.com.ar\/2021\/\",\"name\":\"Noticias Radio Reflejos\",\"description\":\"Las noticias de mi comarca\",\"potentialAction\":[{\"@type\":\"SearchAction\",\"target\":{\"@type\":\"EntryPoint\",\"urlTemplate\":\"https:\/\/www.noticiasradioreflejos.com.ar\/2021\/?s={search_term_string}\"},\"query-input\":{\"@type\":\"PropertyValueSpecification\",\"valueRequired\":true,\"valueName\":\"search_term_string\"}}],\"inLanguage\":\"es\"},{\"@type\":\"Person\",\"@id\":\"https:\/\/www.noticiasradioreflejos.com.ar\/2021\/#\/schema\/person\/ad82545263dcc5ec0996818884fd5fb1\",\"name\":\"Arnaldo Botto\",\"image\":{\"@type\":\"ImageObject\",\"inLanguage\":\"es\",\"@id\":\"https:\/\/www.noticiasradioreflejos.com.ar\/2021\/#\/schema\/person\/image\/\",\"url\":\"https:\/\/secure.gravatar.com\/avatar\/55cb5e37c1efa326397366e6974cb338056df65cb50e7d64d1cf314e87504837?s=96&d=mm&r=g\",\"contentUrl\":\"https:\/\/secure.gravatar.com\/avatar\/55cb5e37c1efa326397366e6974cb338056df65cb50e7d64d1cf314e87504837?s=96&d=mm&r=g\",\"caption\":\"Arnaldo Botto\"},\"url\":\"https:\/\/www.noticiasradioreflejos.com.ar\/2021\/author\/arnaldo\/\"}]}<\/script>\n<!-- \/ Yoast SEO plugin. -->","yoast_head_json":{"title":"Marketing Digital y Comercio Electr\u00f3nico para empresas y emprendedores. Herramientas para vender por Internet y Redes Sociales - Noticias Radio Reflejos","robots":{"index":"index","follow":"follow","max-snippet":"max-snippet:-1","max-image-preview":"max-image-preview:large","max-video-preview":"max-video-preview:-1"},"canonical":"https:\/\/www.noticiasradioreflejos.com.ar\/2021\/marketing-digital-y-comercio-electronico-para-empresas-y-emprendedores-herramientas-para-vender-por-internet-y-redes-sociales\/","og_locale":"es_ES","og_type":"article","og_title":"Marketing Digital y Comercio Electr\u00f3nico para empresas y emprendedores. Herramientas para vender por Internet y Redes Sociales - Noticias Radio Reflejos","og_description":"El presente y futuro de las ventas y las negociaciones es online.","og_url":"https:\/\/www.noticiasradioreflejos.com.ar\/2021\/marketing-digital-y-comercio-electronico-para-empresas-y-emprendedores-herramientas-para-vender-por-internet-y-redes-sociales\/","og_site_name":"Noticias Radio Reflejos","article_published_time":"2019-09-13T14:28:01+00:00","og_image":[{"width":300,"height":200,"url":"https:\/\/www.noticiasradioreflejos.com.ar\/2021\/wp-content\/uploads\/2021\/07\/logosol300x200.png","type":"image\/png"}],"author":"Arnaldo Botto","twitter_card":"summary_large_image","schema":{"@context":"https:\/\/schema.org","@graph":[{"@type":"WebPage","@id":"https:\/\/www.noticiasradioreflejos.com.ar\/2021\/marketing-digital-y-comercio-electronico-para-empresas-y-emprendedores-herramientas-para-vender-por-internet-y-redes-sociales\/","url":"https:\/\/www.noticiasradioreflejos.com.ar\/2021\/marketing-digital-y-comercio-electronico-para-empresas-y-emprendedores-herramientas-para-vender-por-internet-y-redes-sociales\/","name":"Marketing Digital y Comercio Electr\u00f3nico para empresas y emprendedores. Herramientas para vender por Internet y Redes Sociales - Noticias Radio Reflejos","isPartOf":{"@id":"https:\/\/www.noticiasradioreflejos.com.ar\/2021\/#website"},"datePublished":"2019-09-13T14:28:01+00:00","author":{"@id":"https:\/\/www.noticiasradioreflejos.com.ar\/2021\/#\/schema\/person\/ad82545263dcc5ec0996818884fd5fb1"},"breadcrumb":{"@id":"https:\/\/www.noticiasradioreflejos.com.ar\/2021\/marketing-digital-y-comercio-electronico-para-empresas-y-emprendedores-herramientas-para-vender-por-internet-y-redes-sociales\/#breadcrumb"},"inLanguage":"es","potentialAction":[{"@type":"ReadAction","target":["https:\/\/www.noticiasradioreflejos.com.ar\/2021\/marketing-digital-y-comercio-electronico-para-empresas-y-emprendedores-herramientas-para-vender-por-internet-y-redes-sociales\/"]}]},{"@type":"BreadcrumbList","@id":"https:\/\/www.noticiasradioreflejos.com.ar\/2021\/marketing-digital-y-comercio-electronico-para-empresas-y-emprendedores-herramientas-para-vender-por-internet-y-redes-sociales\/#breadcrumb","itemListElement":[{"@type":"ListItem","position":1,"name":"Portada","item":"https:\/\/www.noticiasradioreflejos.com.ar\/2021\/"},{"@type":"ListItem","position":2,"name":"Marketing Digital y Comercio Electr\u00f3nico para empresas y emprendedores. Herramientas para vender por Internet y Redes Sociales"}]},{"@type":"WebSite","@id":"https:\/\/www.noticiasradioreflejos.com.ar\/2021\/#website","url":"https:\/\/www.noticiasradioreflejos.com.ar\/2021\/","name":"Noticias Radio Reflejos","description":"Las noticias de mi comarca","potentialAction":[{"@type":"SearchAction","target":{"@type":"EntryPoint","urlTemplate":"https:\/\/www.noticiasradioreflejos.com.ar\/2021\/?s={search_term_string}"},"query-input":{"@type":"PropertyValueSpecification","valueRequired":true,"valueName":"search_term_string"}}],"inLanguage":"es"},{"@type":"Person","@id":"https:\/\/www.noticiasradioreflejos.com.ar\/2021\/#\/schema\/person\/ad82545263dcc5ec0996818884fd5fb1","name":"Arnaldo Botto","image":{"@type":"ImageObject","inLanguage":"es","@id":"https:\/\/www.noticiasradioreflejos.com.ar\/2021\/#\/schema\/person\/image\/","url":"https:\/\/secure.gravatar.com\/avatar\/55cb5e37c1efa326397366e6974cb338056df65cb50e7d64d1cf314e87504837?s=96&d=mm&r=g","contentUrl":"https:\/\/secure.gravatar.com\/avatar\/55cb5e37c1efa326397366e6974cb338056df65cb50e7d64d1cf314e87504837?s=96&d=mm&r=g","caption":"Arnaldo Botto"},"url":"https:\/\/www.noticiasradioreflejos.com.ar\/2021\/author\/arnaldo\/"}]}},"_links":{"self":[{"href":"https:\/\/www.noticiasradioreflejos.com.ar\/2021\/wp-json\/wp\/v2\/posts\/34687","targetHints":{"allow":["GET"]}}],"collection":[{"href":"https:\/\/www.noticiasradioreflejos.com.ar\/2021\/wp-json\/wp\/v2\/posts"}],"about":[{"href":"https:\/\/www.noticiasradioreflejos.com.ar\/2021\/wp-json\/wp\/v2\/types\/post"}],"author":[{"embeddable":true,"href":"https:\/\/www.noticiasradioreflejos.com.ar\/2021\/wp-json\/wp\/v2\/users\/3"}],"replies":[{"embeddable":true,"href":"https:\/\/www.noticiasradioreflejos.com.ar\/2021\/wp-json\/wp\/v2\/comments?post=34687"}],"version-history":[{"count":0,"href":"https:\/\/www.noticiasradioreflejos.com.ar\/2021\/wp-json\/wp\/v2\/posts\/34687\/revisions"}],"wp:attachment":[{"href":"https:\/\/www.noticiasradioreflejos.com.ar\/2021\/wp-json\/wp\/v2\/media?parent=34687"}],"wp:term":[{"taxonomy":"category","embeddable":true,"href":"https:\/\/www.noticiasradioreflejos.com.ar\/2021\/wp-json\/wp\/v2\/categories?post=34687"},{"taxonomy":"post_tag","embeddable":true,"href":"https:\/\/www.noticiasradioreflejos.com.ar\/2021\/wp-json\/wp\/v2\/tags?post=34687"}],"curies":[{"name":"wp","href":"https:\/\/api.w.org\/{rel}","templated":true}]}}