{"id":34586,"date":"2019-09-10T18:43:20","date_gmt":"2019-09-10T21:43:20","guid":{"rendered":"http:\/\/www.noticiasradioreflejos.com.ar\/noticias\/?p=34586"},"modified":"2019-09-10T18:43:20","modified_gmt":"2019-09-10T21:43:20","slug":"se-realizo-el-acto-oficial-por-el-dia-del-maestro","status":"publish","type":"post","link":"https:\/\/www.noticiasradioreflejos.com.ar\/2021\/se-realizo-el-acto-oficial-por-el-dia-del-maestro\/","title":{"rendered":"Se realiz\u00f3 el acto oficial por el D\u00eda del Maestro"},"content":{"rendered":"<p>En horas de la ma\u00f1ana, se llev\u00f3 a cabo en instalaciones de la Escuela Primaria N\u00b01, el acto oficial en conmemoraci\u00f3n a el educador \u201cDomingo Faustino Sarmiento\u201d; maestro por vocaci\u00f3n. <!--more--><br \/>\nEn representaci\u00f3n del intendente municipal, presidi\u00f3 el acto el Secretario de Gobierno Ezequiel Gabella junto autoridades del ejecutivo, del Consejo Escolar y educativas.<br \/>\nLuego del ingreso de las banderas de ceremonias, y de entonar las estrofas del himno nacional argentino, hizo uso de la palabra la docente Laura Giambernadino en representaci\u00f3n de las Escuelas Rurales.<br \/>\nM\u00e1s tarde se acerc\u00f3 una ofrenda florar al busto que perpetua la memoria de Sarmiento y el Pastor Daniel P\u00e9rez, realiz\u00f3 una bendici\u00f3n para todos los docentes en su d\u00eda.<br \/>\nPosteriormente las autoridades educativas y municipales reconocieron a los docentes que cumplieron 25 a\u00f1os de servicio en la docencia.<br \/>\nPara finalizar la Inspectora Jefe Distrital, Prof. Mar\u00eda Rosa Gonz\u00e1lez, hizo uso de la palabra para agradecer a quienes desarrollan una profesi\u00f3n tan noble como la de educar. Asimismo resalt\u00f3 el gran compromiso de cada una de las dependencias educativas, que hacen posible llevar adelante la tarea de ense\u00f1ar, con gran profesionalismo y amor. Tambi\u00e9n hizo menci\u00f3n al compromiso del municipio y del Consejo Escolar por brindar una mejor infraestructura que redunda en beneficio de una educaci\u00f3n de calidad.<br \/>\nFinalizada la parte protocolar, alumnos de la E.S. N\u00b03 homenajearon a los docentes con reflexiones y un tema musical.<br \/>\n<a href=\"http:\/\/www.noticiasradioreflejos.com.ar\/noticias\/wp-content\/uploads\/2019\/09\/110_f6d9_WhatsApp-Image-2019-09-10-at-14.04.04-18-720x380_1568138038.jpeg_720.jpeg\"><img loading=\"lazy\" decoding=\"async\" src=\"http:\/\/www.noticiasradioreflejos.com.ar\/noticias\/wp-content\/uploads\/2019\/09\/110_f6d9_WhatsApp-Image-2019-09-10-at-14.04.04-18-720x380_1568138038.jpeg_720.jpeg\" alt=\"110_f6d9_WhatsApp-Image-2019-09-10-at-14.04.04-18-720x380_1568138038.jpeg_720\" width=\"720\" height=\"380\" class=\"aligncenter size-full wp-image-34588\" \/><\/a><\/p>\n","protected":false},"excerpt":{"rendered":"<p>En horas de la ma\u00f1ana, se llev\u00f3 a cabo en instalaciones de la Escuela Primaria N\u00b01, el acto oficial en conmemoraci\u00f3n a el educador \u201cDomingo Faustino Sarmiento\u201d; maestro por vocaci\u00f3n.<\/p>\n","protected":false},"author":3,"featured_media":0,"comment_status":"closed","ping_status":"open","sticky":false,"template":"","format":"standard","meta":{"footnotes":""},"categories":[34],"tags":[],"class_list":["post-34586","post","type-post","status-publish","format-standard","hentry","category-educacion"],"yoast_head":"<!-- This site is optimized with the Yoast SEO plugin v25.9 - https:\/\/yoast.com\/wordpress\/plugins\/seo\/ -->\n<title>Se realiz\u00f3 el acto oficial por el D\u00eda del Maestro - Noticias Radio Reflejos<\/title>\n<meta name=\"robots\" content=\"index, follow, max-snippet:-1, max-image-preview:large, max-video-preview:-1\" \/>\n<link rel=\"canonical\" href=\"https:\/\/www.noticiasradioreflejos.com.ar\/2021\/se-realizo-el-acto-oficial-por-el-dia-del-maestro\/\" \/>\n<meta property=\"og:locale\" content=\"es_ES\" \/>\n<meta property=\"og:type\" content=\"article\" \/>\n<meta property=\"og:title\" content=\"Se realiz\u00f3 el acto oficial por el D\u00eda del Maestro - Noticias Radio Reflejos\" \/>\n<meta property=\"og:description\" content=\"En horas de la ma\u00f1ana, se llev\u00f3 a cabo en instalaciones de la Escuela Primaria N\u00b01, el acto oficial en conmemoraci\u00f3n a el educador \u201cDomingo Faustino Sarmiento\u201d; maestro por vocaci\u00f3n.\" \/>\n<meta property=\"og:url\" content=\"https:\/\/www.noticiasradioreflejos.com.ar\/2021\/se-realizo-el-acto-oficial-por-el-dia-del-maestro\/\" \/>\n<meta property=\"og:site_name\" content=\"Noticias Radio Reflejos\" \/>\n<meta property=\"article:published_time\" content=\"2019-09-10T21:43:20+00:00\" \/>\n<meta property=\"og:image\" content=\"https:\/\/www.noticiasradioreflejos.com.ar\/2021\/wp-content\/uploads\/2021\/07\/logosol300x200.png\" \/>\n\t<meta property=\"og:image:width\" content=\"300\" \/>\n\t<meta property=\"og:image:height\" content=\"200\" \/>\n\t<meta property=\"og:image:type\" content=\"image\/png\" \/>\n<meta name=\"author\" content=\"Arnaldo Botto\" \/>\n<meta name=\"twitter:card\" content=\"summary_large_image\" \/>\n<script type=\"application\/ld+json\" class=\"yoast-schema-graph\">{\"@context\":\"https:\/\/schema.org\",\"@graph\":[{\"@type\":\"WebPage\",\"@id\":\"https:\/\/www.noticiasradioreflejos.com.ar\/2021\/se-realizo-el-acto-oficial-por-el-dia-del-maestro\/\",\"url\":\"https:\/\/www.noticiasradioreflejos.com.ar\/2021\/se-realizo-el-acto-oficial-por-el-dia-del-maestro\/\",\"name\":\"Se realiz\u00f3 el acto oficial por el D\u00eda del Maestro - Noticias Radio Reflejos\",\"isPartOf\":{\"@id\":\"https:\/\/www.noticiasradioreflejos.com.ar\/2021\/#website\"},\"primaryImageOfPage\":{\"@id\":\"https:\/\/www.noticiasradioreflejos.com.ar\/2021\/se-realizo-el-acto-oficial-por-el-dia-del-maestro\/#primaryimage\"},\"image\":{\"@id\":\"https:\/\/www.noticiasradioreflejos.com.ar\/2021\/se-realizo-el-acto-oficial-por-el-dia-del-maestro\/#primaryimage\"},\"thumbnailUrl\":\"http:\/\/www.noticiasradioreflejos.com.ar\/noticias\/wp-content\/uploads\/2019\/09\/110_f6d9_WhatsApp-Image-2019-09-10-at-14.04.04-18-720x380_1568138038.jpeg_720.jpeg\",\"datePublished\":\"2019-09-10T21:43:20+00:00\",\"author\":{\"@id\":\"https:\/\/www.noticiasradioreflejos.com.ar\/2021\/#\/schema\/person\/ad82545263dcc5ec0996818884fd5fb1\"},\"breadcrumb\":{\"@id\":\"https:\/\/www.noticiasradioreflejos.com.ar\/2021\/se-realizo-el-acto-oficial-por-el-dia-del-maestro\/#breadcrumb\"},\"inLanguage\":\"es\",\"potentialAction\":[{\"@type\":\"ReadAction\",\"target\":[\"https:\/\/www.noticiasradioreflejos.com.ar\/2021\/se-realizo-el-acto-oficial-por-el-dia-del-maestro\/\"]}]},{\"@type\":\"ImageObject\",\"inLanguage\":\"es\",\"@id\":\"https:\/\/www.noticiasradioreflejos.com.ar\/2021\/se-realizo-el-acto-oficial-por-el-dia-del-maestro\/#primaryimage\",\"url\":\"http:\/\/www.noticiasradioreflejos.com.ar\/noticias\/wp-content\/uploads\/2019\/09\/110_f6d9_WhatsApp-Image-2019-09-10-at-14.04.04-18-720x380_1568138038.jpeg_720.jpeg\",\"contentUrl\":\"http:\/\/www.noticiasradioreflejos.com.ar\/noticias\/wp-content\/uploads\/2019\/09\/110_f6d9_WhatsApp-Image-2019-09-10-at-14.04.04-18-720x380_1568138038.jpeg_720.jpeg\"},{\"@type\":\"BreadcrumbList\",\"@id\":\"https:\/\/www.noticiasradioreflejos.com.ar\/2021\/se-realizo-el-acto-oficial-por-el-dia-del-maestro\/#breadcrumb\",\"itemListElement\":[{\"@type\":\"ListItem\",\"position\":1,\"name\":\"Portada\",\"item\":\"https:\/\/www.noticiasradioreflejos.com.ar\/2021\/\"},{\"@type\":\"ListItem\",\"position\":2,\"name\":\"Se realiz\u00f3 el acto oficial por el D\u00eda del Maestro\"}]},{\"@type\":\"WebSite\",\"@id\":\"https:\/\/www.noticiasradioreflejos.com.ar\/2021\/#website\",\"url\":\"https:\/\/www.noticiasradioreflejos.com.ar\/2021\/\",\"name\":\"Noticias Radio Reflejos\",\"description\":\"Las noticias de mi comarca\",\"potentialAction\":[{\"@type\":\"SearchAction\",\"target\":{\"@type\":\"EntryPoint\",\"urlTemplate\":\"https:\/\/www.noticiasradioreflejos.com.ar\/2021\/?s={search_term_string}\"},\"query-input\":{\"@type\":\"PropertyValueSpecification\",\"valueRequired\":true,\"valueName\":\"search_term_string\"}}],\"inLanguage\":\"es\"},{\"@type\":\"Person\",\"@id\":\"https:\/\/www.noticiasradioreflejos.com.ar\/2021\/#\/schema\/person\/ad82545263dcc5ec0996818884fd5fb1\",\"name\":\"Arnaldo Botto\",\"image\":{\"@type\":\"ImageObject\",\"inLanguage\":\"es\",\"@id\":\"https:\/\/www.noticiasradioreflejos.com.ar\/2021\/#\/schema\/person\/image\/\",\"url\":\"https:\/\/secure.gravatar.com\/avatar\/55cb5e37c1efa326397366e6974cb338056df65cb50e7d64d1cf314e87504837?s=96&d=mm&r=g\",\"contentUrl\":\"https:\/\/secure.gravatar.com\/avatar\/55cb5e37c1efa326397366e6974cb338056df65cb50e7d64d1cf314e87504837?s=96&d=mm&r=g\",\"caption\":\"Arnaldo Botto\"},\"url\":\"https:\/\/www.noticiasradioreflejos.com.ar\/2021\/author\/arnaldo\/\"}]}<\/script>\n<!-- \/ Yoast SEO plugin. -->","yoast_head_json":{"title":"Se realiz\u00f3 el acto oficial por el D\u00eda del Maestro - Noticias Radio Reflejos","robots":{"index":"index","follow":"follow","max-snippet":"max-snippet:-1","max-image-preview":"max-image-preview:large","max-video-preview":"max-video-preview:-1"},"canonical":"https:\/\/www.noticiasradioreflejos.com.ar\/2021\/se-realizo-el-acto-oficial-por-el-dia-del-maestro\/","og_locale":"es_ES","og_type":"article","og_title":"Se realiz\u00f3 el acto oficial por el D\u00eda del Maestro - Noticias Radio Reflejos","og_description":"En horas de la ma\u00f1ana, se llev\u00f3 a cabo en instalaciones de la Escuela Primaria N\u00b01, el acto oficial en conmemoraci\u00f3n a el educador \u201cDomingo Faustino Sarmiento\u201d; maestro por vocaci\u00f3n.","og_url":"https:\/\/www.noticiasradioreflejos.com.ar\/2021\/se-realizo-el-acto-oficial-por-el-dia-del-maestro\/","og_site_name":"Noticias Radio Reflejos","article_published_time":"2019-09-10T21:43:20+00:00","og_image":[{"width":300,"height":200,"url":"https:\/\/www.noticiasradioreflejos.com.ar\/2021\/wp-content\/uploads\/2021\/07\/logosol300x200.png","type":"image\/png"}],"author":"Arnaldo Botto","twitter_card":"summary_large_image","schema":{"@context":"https:\/\/schema.org","@graph":[{"@type":"WebPage","@id":"https:\/\/www.noticiasradioreflejos.com.ar\/2021\/se-realizo-el-acto-oficial-por-el-dia-del-maestro\/","url":"https:\/\/www.noticiasradioreflejos.com.ar\/2021\/se-realizo-el-acto-oficial-por-el-dia-del-maestro\/","name":"Se realiz\u00f3 el acto oficial por el D\u00eda del Maestro - Noticias Radio Reflejos","isPartOf":{"@id":"https:\/\/www.noticiasradioreflejos.com.ar\/2021\/#website"},"primaryImageOfPage":{"@id":"https:\/\/www.noticiasradioreflejos.com.ar\/2021\/se-realizo-el-acto-oficial-por-el-dia-del-maestro\/#primaryimage"},"image":{"@id":"https:\/\/www.noticiasradioreflejos.com.ar\/2021\/se-realizo-el-acto-oficial-por-el-dia-del-maestro\/#primaryimage"},"thumbnailUrl":"http:\/\/www.noticiasradioreflejos.com.ar\/noticias\/wp-content\/uploads\/2019\/09\/110_f6d9_WhatsApp-Image-2019-09-10-at-14.04.04-18-720x380_1568138038.jpeg_720.jpeg","datePublished":"2019-09-10T21:43:20+00:00","author":{"@id":"https:\/\/www.noticiasradioreflejos.com.ar\/2021\/#\/schema\/person\/ad82545263dcc5ec0996818884fd5fb1"},"breadcrumb":{"@id":"https:\/\/www.noticiasradioreflejos.com.ar\/2021\/se-realizo-el-acto-oficial-por-el-dia-del-maestro\/#breadcrumb"},"inLanguage":"es","potentialAction":[{"@type":"ReadAction","target":["https:\/\/www.noticiasradioreflejos.com.ar\/2021\/se-realizo-el-acto-oficial-por-el-dia-del-maestro\/"]}]},{"@type":"ImageObject","inLanguage":"es","@id":"https:\/\/www.noticiasradioreflejos.com.ar\/2021\/se-realizo-el-acto-oficial-por-el-dia-del-maestro\/#primaryimage","url":"http:\/\/www.noticiasradioreflejos.com.ar\/noticias\/wp-content\/uploads\/2019\/09\/110_f6d9_WhatsApp-Image-2019-09-10-at-14.04.04-18-720x380_1568138038.jpeg_720.jpeg","contentUrl":"http:\/\/www.noticiasradioreflejos.com.ar\/noticias\/wp-content\/uploads\/2019\/09\/110_f6d9_WhatsApp-Image-2019-09-10-at-14.04.04-18-720x380_1568138038.jpeg_720.jpeg"},{"@type":"BreadcrumbList","@id":"https:\/\/www.noticiasradioreflejos.com.ar\/2021\/se-realizo-el-acto-oficial-por-el-dia-del-maestro\/#breadcrumb","itemListElement":[{"@type":"ListItem","position":1,"name":"Portada","item":"https:\/\/www.noticiasradioreflejos.com.ar\/2021\/"},{"@type":"ListItem","position":2,"name":"Se realiz\u00f3 el acto oficial por el D\u00eda del Maestro"}]},{"@type":"WebSite","@id":"https:\/\/www.noticiasradioreflejos.com.ar\/2021\/#website","url":"https:\/\/www.noticiasradioreflejos.com.ar\/2021\/","name":"Noticias Radio Reflejos","description":"Las noticias de mi comarca","potentialAction":[{"@type":"SearchAction","target":{"@type":"EntryPoint","urlTemplate":"https:\/\/www.noticiasradioreflejos.com.ar\/2021\/?s={search_term_string}"},"query-input":{"@type":"PropertyValueSpecification","valueRequired":true,"valueName":"search_term_string"}}],"inLanguage":"es"},{"@type":"Person","@id":"https:\/\/www.noticiasradioreflejos.com.ar\/2021\/#\/schema\/person\/ad82545263dcc5ec0996818884fd5fb1","name":"Arnaldo Botto","image":{"@type":"ImageObject","inLanguage":"es","@id":"https:\/\/www.noticiasradioreflejos.com.ar\/2021\/#\/schema\/person\/image\/","url":"https:\/\/secure.gravatar.com\/avatar\/55cb5e37c1efa326397366e6974cb338056df65cb50e7d64d1cf314e87504837?s=96&d=mm&r=g","contentUrl":"https:\/\/secure.gravatar.com\/avatar\/55cb5e37c1efa326397366e6974cb338056df65cb50e7d64d1cf314e87504837?s=96&d=mm&r=g","caption":"Arnaldo Botto"},"url":"https:\/\/www.noticiasradioreflejos.com.ar\/2021\/author\/arnaldo\/"}]}},"_links":{"self":[{"href":"https:\/\/www.noticiasradioreflejos.com.ar\/2021\/wp-json\/wp\/v2\/posts\/34586","targetHints":{"allow":["GET"]}}],"collection":[{"href":"https:\/\/www.noticiasradioreflejos.com.ar\/2021\/wp-json\/wp\/v2\/posts"}],"about":[{"href":"https:\/\/www.noticiasradioreflejos.com.ar\/2021\/wp-json\/wp\/v2\/types\/post"}],"author":[{"embeddable":true,"href":"https:\/\/www.noticiasradioreflejos.com.ar\/2021\/wp-json\/wp\/v2\/users\/3"}],"replies":[{"embeddable":true,"href":"https:\/\/www.noticiasradioreflejos.com.ar\/2021\/wp-json\/wp\/v2\/comments?post=34586"}],"version-history":[{"count":0,"href":"https:\/\/www.noticiasradioreflejos.com.ar\/2021\/wp-json\/wp\/v2\/posts\/34586\/revisions"}],"wp:attachment":[{"href":"https:\/\/www.noticiasradioreflejos.com.ar\/2021\/wp-json\/wp\/v2\/media?parent=34586"}],"wp:term":[{"taxonomy":"category","embeddable":true,"href":"https:\/\/www.noticiasradioreflejos.com.ar\/2021\/wp-json\/wp\/v2\/categories?post=34586"},{"taxonomy":"post_tag","embeddable":true,"href":"https:\/\/www.noticiasradioreflejos.com.ar\/2021\/wp-json\/wp\/v2\/tags?post=34586"}],"curies":[{"name":"wp","href":"https:\/\/api.w.org\/{rel}","templated":true}]}}