{"id":34566,"date":"2019-09-10T08:23:36","date_gmt":"2019-09-10T11:23:36","guid":{"rendered":"http:\/\/www.noticiasradioreflejos.com.ar\/noticias\/?p=34566"},"modified":"2019-09-10T08:23:36","modified_gmt":"2019-09-10T11:23:36","slug":"la-quinta-y-la-sexta-de-automoto-dan-pelea","status":"publish","type":"post","link":"https:\/\/www.noticiasradioreflejos.com.ar\/2021\/la-quinta-y-la-sexta-de-automoto-dan-pelea\/","title":{"rendered":"La Quinta y la Sexta de Automoto dan pelea"},"content":{"rendered":"<p>La Quinta y la Sexta divisi\u00f3n del Automoto Club Deportivo consiguieron una importante victoria frente a Deportivo Argentino, en calidad de visitante, y contin\u00faan entre los animadores de la tabla de posiciones de su categor\u00eda, luego de haberse cumplido la tercera fecha de la tercera ronda del torneo de Inferiores.<!--more--><br \/>\nLa categor\u00eda m\u00e1s grande se hizo fuerte en terreno ajeno y se qued\u00f3 con un triunfo clave para sus aspiraciones de clasificaci\u00f3n. Los goles de Jos\u00edas Figueroa y Valentino Bucchi le permitieron al Rojo sacar adelante un resultado merecido dentro de un partido muy parejo.<br \/>\nLa Sexta, en tanto, encontr\u00f3 los caminos en el segundo tiempo, para superar a Deportivo Argentino por 3 a 0. Los tantos del puntero de la zona fueron marcados por Luca Marzialetti, Tiziano Gambirassi y Blas Schwindt.<br \/>\nLas otras dos categor\u00edas perdieron frente al conjunto pig\u00fcense, en ambos casos por muy poco margen y tras partidos muy disputados. La S\u00e9ptima cay\u00f3 por 2 a 1, luego de ir ganando con un tanto de Valent\u00edn Alric, mientras que la Octava fue derrotada por 1 a 0.<br \/>\nEl pr\u00f3ximo s\u00e1bado, Automoto recibir\u00e1 a Puan FC en Quinta, Sexta y Octava.<br \/>\nLas tablas de posiciones de la Zona \u201cA\u201d son las siguientes:<br \/>\n&nbsp;<br \/>\n&nbsp;<br \/>\n<strong>Quinta<\/strong><\/p>\n<table>\n<tbody>\n<tr>\n<td><strong>Equipo<\/strong><\/td>\n<td><strong>Pts<\/strong><\/td>\n<td><strong>PJ<\/strong><\/td>\n<td><strong>G<\/strong><\/td>\n<td><strong>E<\/strong><\/td>\n<td><strong>P<\/strong><\/td>\n<td><strong>Gf<\/strong><\/td>\n<td><strong>Gc<\/strong><\/td>\n<\/tr>\n<tr>\n<td>Club Sarmiento<\/td>\n<td>9<\/td>\n<td>3<\/td>\n<td>3<\/td>\n<td>0<\/td>\n<td>0<\/td>\n<td>8<\/td>\n<td>1<\/td>\n<\/tr>\n<tr>\n<td>D. Argentino<\/td>\n<td>6<\/td>\n<td>3<\/td>\n<td>2<\/td>\n<td>0<\/td>\n<td>1<\/td>\n<td>5<\/td>\n<td>3<\/td>\n<\/tr>\n<tr>\n<td><strong>Automoto<\/strong><\/td>\n<td><strong>6<\/strong><\/td>\n<td><strong>3<\/strong><\/td>\n<td><strong>2<\/strong><\/td>\n<td><strong>0<\/strong><\/td>\n<td><strong>1<\/strong><\/td>\n<td><strong>4<\/strong><\/td>\n<td><strong>3<\/strong><\/td>\n<\/tr>\n<tr>\n<td>Puan F. Club<\/td>\n<td>3<\/td>\n<td>1<\/td>\n<td>1<\/td>\n<td>0<\/td>\n<td>0<\/td>\n<td>8<\/td>\n<td>0<\/td>\n<\/tr>\n<tr>\n<td>Pe\u00f1arol (Pig\u00fc\u00e9)<\/td>\n<td>3<\/td>\n<td>2<\/td>\n<td>1<\/td>\n<td>0<\/td>\n<td>1<\/td>\n<td>4<\/td>\n<td>3<\/td>\n<\/tr>\n<tr>\n<td>Uni\u00f3n (T)<\/td>\n<td>3<\/td>\n<td>2<\/td>\n<td>1<\/td>\n<td>0<\/td>\n<td>1<\/td>\n<td>2<\/td>\n<td>3<\/td>\n<\/tr>\n<tr>\n<td>Tiro Federal (P)<\/td>\n<td>1<\/td>\n<td>2<\/td>\n<td>0<\/td>\n<td>1<\/td>\n<td>1<\/td>\n<td>1<\/td>\n<td>4<\/td>\n<\/tr>\n<tr>\n<td>E. de Comercio<\/td>\n<td>1<\/td>\n<td>3<\/td>\n<td>0<\/td>\n<td>1<\/td>\n<td>2<\/td>\n<td>3<\/td>\n<td>7<\/td>\n<\/tr>\n<tr>\n<td>Uni\u00f3n Pig\u00fc\u00e9<\/td>\n<td>0<\/td>\n<td>3<\/td>\n<td>0<\/td>\n<td>0<\/td>\n<td>3<\/td>\n<td>2<\/td>\n<td>13<\/td>\n<\/tr>\n<\/tbody>\n<\/table>\n<p>&nbsp;<br \/>\n<strong>Sexta<\/strong><\/p>\n<table>\n<tbody>\n<tr>\n<td><strong>Equipo<\/strong><\/td>\n<td><strong>Pts<\/strong><\/td>\n<td><strong>PJ<\/strong><\/td>\n<td><strong>G<\/strong><\/td>\n<td><strong>E<\/strong><\/td>\n<td><strong>P<\/strong><\/td>\n<td><strong>Gf<\/strong><\/td>\n<td><strong>Gc<\/strong><\/td>\n<\/tr>\n<tr>\n<td><strong>Automoto<\/strong><\/td>\n<td><strong>7<\/strong><\/td>\n<td><strong>3<\/strong><\/td>\n<td><strong>2<\/strong><\/td>\n<td><strong>1<\/strong><\/td>\n<td><strong>0<\/strong><\/td>\n<td><strong>5<\/strong><\/td>\n<td><strong>0<\/strong><\/td>\n<\/tr>\n<tr>\n<td>Pe\u00f1arol (P)<\/td>\n<td>6<\/td>\n<td>2<\/td>\n<td>2<\/td>\n<td>0<\/td>\n<td>0<\/td>\n<td>16<\/td>\n<td>1<\/td>\n<\/tr>\n<tr>\n<td>Club Sarmiento<\/td>\n<td>5<\/td>\n<td>3<\/td>\n<td>1<\/td>\n<td>2<\/td>\n<td>0<\/td>\n<td>4<\/td>\n<td>3<\/td>\n<\/tr>\n<tr>\n<td>Puan F. Club<\/td>\n<td>3<\/td>\n<td>1<\/td>\n<td>1<\/td>\n<td>0<\/td>\n<td>0<\/td>\n<td>2<\/td>\n<td>1<\/td>\n<\/tr>\n<tr>\n<td>D. Argentino<\/td>\n<td>3<\/td>\n<td>2<\/td>\n<td>1<\/td>\n<td>0<\/td>\n<td>1<\/td>\n<td>3<\/td>\n<td>3<\/td>\n<\/tr>\n<tr>\n<td>E. de Comercio<\/td>\n<td>1<\/td>\n<td>2<\/td>\n<td>0<\/td>\n<td>1<\/td>\n<td>1<\/td>\n<td>1<\/td>\n<td>3<\/td>\n<\/tr>\n<tr>\n<td>Uni\u00f3n (Tornquist)<\/td>\n<td>0<\/td>\n<td>2<\/td>\n<td>0<\/td>\n<td>0<\/td>\n<td>2<\/td>\n<td>3<\/td>\n<td>7<\/td>\n<\/tr>\n<tr>\n<td>Uni\u00f3n Pig\u00fc\u00e9<\/td>\n<td>0<\/td>\n<td>3<\/td>\n<td>0<\/td>\n<td>0<\/td>\n<td>3<\/td>\n<td>1<\/td>\n<td>17<\/td>\n<\/tr>\n<\/tbody>\n<\/table>\n<p>&nbsp;<br \/>\n&nbsp;<br \/>\n<strong>S\u00e9ptima<\/strong><\/p>\n<table>\n<tbody>\n<tr>\n<td><strong>Equipo<\/strong><\/td>\n<td><strong>Pts<\/strong><\/td>\n<td><strong>PJ<\/strong><\/td>\n<td><strong>G<\/strong><\/td>\n<td><strong>E<\/strong><\/td>\n<td><strong>P<\/strong><\/td>\n<td><strong>Gf<\/strong><\/td>\n<td><strong>Gc<\/strong><\/td>\n<\/tr>\n<tr>\n<td>D. Argentino<\/td>\n<td>6<\/td>\n<td>2<\/td>\n<td>2<\/td>\n<td>0<\/td>\n<td>0<\/td>\n<td>8<\/td>\n<td>1<\/td>\n<\/tr>\n<tr>\n<td>San Mart\u00edn (S)<\/td>\n<td>4<\/td>\n<td>2<\/td>\n<td>1<\/td>\n<td>1<\/td>\n<td>0<\/td>\n<td>6<\/td>\n<td>4<\/td>\n<\/tr>\n<tr>\n<td>Pe\u00f1arol (Pig\u00fc\u00e9)<\/td>\n<td>3<\/td>\n<td>2<\/td>\n<td>1<\/td>\n<td>0<\/td>\n<td>1<\/td>\n<td>9<\/td>\n<td>6<\/td>\n<\/tr>\n<tr>\n<td>Club Sarmiento A<\/td>\n<td>3<\/td>\n<td>2<\/td>\n<td>1<\/td>\n<td>0<\/td>\n<td>1<\/td>\n<td>5<\/td>\n<td>3<\/td>\n<\/tr>\n<tr>\n<td><strong>Automoto<\/strong><\/td>\n<td><strong>3<\/strong><\/td>\n<td><strong>2<\/strong><\/td>\n<td><strong>1<\/strong><\/td>\n<td><strong>0<\/strong><\/td>\n<td><strong>1<\/strong><\/td>\n<td><strong>4<\/strong><\/td>\n<td><strong>3<\/strong><\/td>\n<\/tr>\n<tr>\n<td>Uni\u00f3n (Tornquist)<\/td>\n<td>1<\/td>\n<td>3<\/td>\n<td>0<\/td>\n<td>1<\/td>\n<td>2<\/td>\n<td>0<\/td>\n<td>9<\/td>\n<\/tr>\n<tr>\n<td>Tiro Federal (P)<\/td>\n<td>0<\/td>\n<td>1<\/td>\n<td>0<\/td>\n<td>0<\/td>\n<td>1<\/td>\n<td>0<\/td>\n<td>6<\/td>\n<\/tr>\n<\/tbody>\n<\/table>\n<p>&nbsp;<br \/>\n<strong>Octava<\/strong><\/p>\n<table>\n<tbody>\n<tr>\n<td><strong>Equipo<\/strong><\/td>\n<td><strong>Pts<\/strong><\/td>\n<td><strong>PJ<\/strong><\/td>\n<td><strong>G<\/strong><\/td>\n<td><strong>E<\/strong><\/td>\n<td><strong>P<\/strong><\/td>\n<td><strong>Gf<\/strong><\/td>\n<td><strong>Gc<\/strong><\/td>\n<\/tr>\n<tr>\n<td>Pe\u00f1arol (Pig\u00fc\u00e9)<\/td>\n<td>9<\/td>\n<td>3<\/td>\n<td>3<\/td>\n<td>0<\/td>\n<td>0<\/td>\n<td>8<\/td>\n<td>0<\/td>\n<\/tr>\n<tr>\n<td>Club Sarmiento A<\/td>\n<td>9<\/td>\n<td>3<\/td>\n<td>3<\/td>\n<td>0<\/td>\n<td>0<\/td>\n<td>8<\/td>\n<td>2<\/td>\n<\/tr>\n<tr>\n<td>Puan F. Club<\/td>\n<td>6<\/td>\n<td>2<\/td>\n<td>2<\/td>\n<td>0<\/td>\n<td>0<\/td>\n<td>2<\/td>\n<td>0<\/td>\n<\/tr>\n<tr>\n<td>D. Argentino<\/td>\n<td>6<\/td>\n<td>3<\/td>\n<td>2<\/td>\n<td>0<\/td>\n<td>1<\/td>\n<td>3<\/td>\n<td>1<\/td>\n<\/tr>\n<tr>\n<td>Tiro Federal (P)<\/td>\n<td>4<\/td>\n<td>2<\/td>\n<td>1<\/td>\n<td>1<\/td>\n<td>0<\/td>\n<td>2<\/td>\n<td>1<\/td>\n<\/tr>\n<tr>\n<td><strong>Automoto<\/strong><\/td>\n<td><strong>3<\/strong><\/td>\n<td><strong>3<\/strong><\/td>\n<td><strong>1<\/strong><\/td>\n<td><strong>0<\/strong><\/td>\n<td><strong>2<\/strong><\/td>\n<td><strong>6<\/strong><\/td>\n<td><strong>5<\/strong><\/td>\n<\/tr>\n<tr>\n<td>San Mart\u00edn (S)<\/td>\n<td>3<\/td>\n<td>3<\/td>\n<td>1<\/td>\n<td>0<\/td>\n<td>2<\/td>\n<td>3<\/td>\n<td>2<\/td>\n<\/tr>\n<tr>\n<td>E. de Comercio<\/td>\n<td>1<\/td>\n<td>3<\/td>\n<td>0<\/td>\n<td>1<\/td>\n<td>2<\/td>\n<td>1<\/td>\n<td>7<\/td>\n<\/tr>\n<tr>\n<td>Uni\u00f3n Pig\u00fc\u00e9<\/td>\n<td>0<\/td>\n<td>3<\/td>\n<td>0<\/td>\n<td>0<\/td>\n<td>3<\/td>\n<td>0<\/td>\n<td>5<\/td>\n<\/tr>\n<tr>\n<td>Uni\u00f3n (Tornquist)<\/td>\n<td>0<\/td>\n<td>3<\/td>\n<td>0<\/td>\n<td>0<\/td>\n<td>3<\/td>\n<td>0<\/td>\n<td>10<\/td>\n<\/tr>\n<\/tbody>\n<\/table>\n<p>&nbsp;<br \/>\n&nbsp;<br \/>\nDepartamento de Prensa \u2013 Automoto Club Deportivo<br \/>\nwww.clubautomotopasion.com.ar<br \/>\nFacebook: \/automototornquist<br \/>\nTwitter: @ClubAutomoto<br \/>\nYouTube: acdtvideos<\/p>\n","protected":false},"excerpt":{"rendered":"<p>La Quinta y la Sexta divisi\u00f3n del Automoto Club Deportivo consiguieron una importante victoria frente a Deportivo Argentino, en calidad de visitante, y contin\u00faan entre los animadores de la tabla de posiciones de su categor\u00eda, luego de haberse cumplido la tercera fecha de la tercera ronda del torneo de Inferiores.<\/p>\n","protected":false},"author":3,"featured_media":0,"comment_status":"closed","ping_status":"open","sticky":false,"template":"","format":"standard","meta":{"footnotes":""},"categories":[27],"tags":[],"class_list":["post-34566","post","type-post","status-publish","format-standard","hentry","category-deportes"],"yoast_head":"<!-- This site is optimized with the Yoast SEO plugin v25.9 - https:\/\/yoast.com\/wordpress\/plugins\/seo\/ -->\n<title>La Quinta y la Sexta de Automoto dan pelea - Noticias Radio Reflejos<\/title>\n<meta name=\"robots\" content=\"index, follow, max-snippet:-1, max-image-preview:large, max-video-preview:-1\" \/>\n<link rel=\"canonical\" href=\"https:\/\/www.noticiasradioreflejos.com.ar\/2021\/la-quinta-y-la-sexta-de-automoto-dan-pelea\/\" \/>\n<meta property=\"og:locale\" content=\"es_ES\" \/>\n<meta property=\"og:type\" content=\"article\" \/>\n<meta property=\"og:title\" content=\"La Quinta y la Sexta de Automoto dan pelea - Noticias Radio Reflejos\" \/>\n<meta property=\"og:description\" content=\"La Quinta y la Sexta divisi\u00f3n del Automoto Club Deportivo consiguieron una importante victoria frente a Deportivo Argentino, en calidad de visitante, y contin\u00faan entre los animadores de la tabla de posiciones de su categor\u00eda, luego de haberse cumplido la tercera fecha de la tercera ronda del torneo de Inferiores.\" \/>\n<meta property=\"og:url\" content=\"https:\/\/www.noticiasradioreflejos.com.ar\/2021\/la-quinta-y-la-sexta-de-automoto-dan-pelea\/\" \/>\n<meta property=\"og:site_name\" content=\"Noticias Radio Reflejos\" \/>\n<meta property=\"article:published_time\" content=\"2019-09-10T11:23:36+00:00\" \/>\n<meta property=\"og:image\" content=\"https:\/\/www.noticiasradioreflejos.com.ar\/2021\/wp-content\/uploads\/2021\/07\/logosol300x200.png\" \/>\n\t<meta property=\"og:image:width\" content=\"300\" \/>\n\t<meta property=\"og:image:height\" content=\"200\" \/>\n\t<meta property=\"og:image:type\" content=\"image\/png\" \/>\n<meta name=\"author\" content=\"Arnaldo Botto\" \/>\n<meta name=\"twitter:card\" content=\"summary_large_image\" \/>\n<script type=\"application\/ld+json\" class=\"yoast-schema-graph\">{\"@context\":\"https:\/\/schema.org\",\"@graph\":[{\"@type\":\"WebPage\",\"@id\":\"https:\/\/www.noticiasradioreflejos.com.ar\/2021\/la-quinta-y-la-sexta-de-automoto-dan-pelea\/\",\"url\":\"https:\/\/www.noticiasradioreflejos.com.ar\/2021\/la-quinta-y-la-sexta-de-automoto-dan-pelea\/\",\"name\":\"La Quinta y la Sexta de Automoto dan pelea - Noticias Radio Reflejos\",\"isPartOf\":{\"@id\":\"https:\/\/www.noticiasradioreflejos.com.ar\/2021\/#website\"},\"datePublished\":\"2019-09-10T11:23:36+00:00\",\"author\":{\"@id\":\"https:\/\/www.noticiasradioreflejos.com.ar\/2021\/#\/schema\/person\/ad82545263dcc5ec0996818884fd5fb1\"},\"breadcrumb\":{\"@id\":\"https:\/\/www.noticiasradioreflejos.com.ar\/2021\/la-quinta-y-la-sexta-de-automoto-dan-pelea\/#breadcrumb\"},\"inLanguage\":\"es\",\"potentialAction\":[{\"@type\":\"ReadAction\",\"target\":[\"https:\/\/www.noticiasradioreflejos.com.ar\/2021\/la-quinta-y-la-sexta-de-automoto-dan-pelea\/\"]}]},{\"@type\":\"BreadcrumbList\",\"@id\":\"https:\/\/www.noticiasradioreflejos.com.ar\/2021\/la-quinta-y-la-sexta-de-automoto-dan-pelea\/#breadcrumb\",\"itemListElement\":[{\"@type\":\"ListItem\",\"position\":1,\"name\":\"Portada\",\"item\":\"https:\/\/www.noticiasradioreflejos.com.ar\/2021\/\"},{\"@type\":\"ListItem\",\"position\":2,\"name\":\"La Quinta y la Sexta de Automoto dan pelea\"}]},{\"@type\":\"WebSite\",\"@id\":\"https:\/\/www.noticiasradioreflejos.com.ar\/2021\/#website\",\"url\":\"https:\/\/www.noticiasradioreflejos.com.ar\/2021\/\",\"name\":\"Noticias Radio Reflejos\",\"description\":\"Las noticias de mi comarca\",\"potentialAction\":[{\"@type\":\"SearchAction\",\"target\":{\"@type\":\"EntryPoint\",\"urlTemplate\":\"https:\/\/www.noticiasradioreflejos.com.ar\/2021\/?s={search_term_string}\"},\"query-input\":{\"@type\":\"PropertyValueSpecification\",\"valueRequired\":true,\"valueName\":\"search_term_string\"}}],\"inLanguage\":\"es\"},{\"@type\":\"Person\",\"@id\":\"https:\/\/www.noticiasradioreflejos.com.ar\/2021\/#\/schema\/person\/ad82545263dcc5ec0996818884fd5fb1\",\"name\":\"Arnaldo Botto\",\"image\":{\"@type\":\"ImageObject\",\"inLanguage\":\"es\",\"@id\":\"https:\/\/www.noticiasradioreflejos.com.ar\/2021\/#\/schema\/person\/image\/\",\"url\":\"https:\/\/secure.gravatar.com\/avatar\/55cb5e37c1efa326397366e6974cb338056df65cb50e7d64d1cf314e87504837?s=96&d=mm&r=g\",\"contentUrl\":\"https:\/\/secure.gravatar.com\/avatar\/55cb5e37c1efa326397366e6974cb338056df65cb50e7d64d1cf314e87504837?s=96&d=mm&r=g\",\"caption\":\"Arnaldo Botto\"},\"url\":\"https:\/\/www.noticiasradioreflejos.com.ar\/2021\/author\/arnaldo\/\"}]}<\/script>\n<!-- \/ Yoast SEO plugin. -->","yoast_head_json":{"title":"La Quinta y la Sexta de Automoto dan pelea - Noticias Radio Reflejos","robots":{"index":"index","follow":"follow","max-snippet":"max-snippet:-1","max-image-preview":"max-image-preview:large","max-video-preview":"max-video-preview:-1"},"canonical":"https:\/\/www.noticiasradioreflejos.com.ar\/2021\/la-quinta-y-la-sexta-de-automoto-dan-pelea\/","og_locale":"es_ES","og_type":"article","og_title":"La Quinta y la Sexta de Automoto dan pelea - Noticias Radio Reflejos","og_description":"La Quinta y la Sexta divisi\u00f3n del Automoto Club Deportivo consiguieron una importante victoria frente a Deportivo Argentino, en calidad de visitante, y contin\u00faan entre los animadores de la tabla de posiciones de su categor\u00eda, luego de haberse cumplido la tercera fecha de la tercera ronda del torneo de Inferiores.","og_url":"https:\/\/www.noticiasradioreflejos.com.ar\/2021\/la-quinta-y-la-sexta-de-automoto-dan-pelea\/","og_site_name":"Noticias Radio Reflejos","article_published_time":"2019-09-10T11:23:36+00:00","og_image":[{"width":300,"height":200,"url":"https:\/\/www.noticiasradioreflejos.com.ar\/2021\/wp-content\/uploads\/2021\/07\/logosol300x200.png","type":"image\/png"}],"author":"Arnaldo Botto","twitter_card":"summary_large_image","schema":{"@context":"https:\/\/schema.org","@graph":[{"@type":"WebPage","@id":"https:\/\/www.noticiasradioreflejos.com.ar\/2021\/la-quinta-y-la-sexta-de-automoto-dan-pelea\/","url":"https:\/\/www.noticiasradioreflejos.com.ar\/2021\/la-quinta-y-la-sexta-de-automoto-dan-pelea\/","name":"La Quinta y la Sexta de Automoto dan pelea - Noticias Radio Reflejos","isPartOf":{"@id":"https:\/\/www.noticiasradioreflejos.com.ar\/2021\/#website"},"datePublished":"2019-09-10T11:23:36+00:00","author":{"@id":"https:\/\/www.noticiasradioreflejos.com.ar\/2021\/#\/schema\/person\/ad82545263dcc5ec0996818884fd5fb1"},"breadcrumb":{"@id":"https:\/\/www.noticiasradioreflejos.com.ar\/2021\/la-quinta-y-la-sexta-de-automoto-dan-pelea\/#breadcrumb"},"inLanguage":"es","potentialAction":[{"@type":"ReadAction","target":["https:\/\/www.noticiasradioreflejos.com.ar\/2021\/la-quinta-y-la-sexta-de-automoto-dan-pelea\/"]}]},{"@type":"BreadcrumbList","@id":"https:\/\/www.noticiasradioreflejos.com.ar\/2021\/la-quinta-y-la-sexta-de-automoto-dan-pelea\/#breadcrumb","itemListElement":[{"@type":"ListItem","position":1,"name":"Portada","item":"https:\/\/www.noticiasradioreflejos.com.ar\/2021\/"},{"@type":"ListItem","position":2,"name":"La Quinta y la Sexta de Automoto dan pelea"}]},{"@type":"WebSite","@id":"https:\/\/www.noticiasradioreflejos.com.ar\/2021\/#website","url":"https:\/\/www.noticiasradioreflejos.com.ar\/2021\/","name":"Noticias Radio Reflejos","description":"Las noticias de mi comarca","potentialAction":[{"@type":"SearchAction","target":{"@type":"EntryPoint","urlTemplate":"https:\/\/www.noticiasradioreflejos.com.ar\/2021\/?s={search_term_string}"},"query-input":{"@type":"PropertyValueSpecification","valueRequired":true,"valueName":"search_term_string"}}],"inLanguage":"es"},{"@type":"Person","@id":"https:\/\/www.noticiasradioreflejos.com.ar\/2021\/#\/schema\/person\/ad82545263dcc5ec0996818884fd5fb1","name":"Arnaldo Botto","image":{"@type":"ImageObject","inLanguage":"es","@id":"https:\/\/www.noticiasradioreflejos.com.ar\/2021\/#\/schema\/person\/image\/","url":"https:\/\/secure.gravatar.com\/avatar\/55cb5e37c1efa326397366e6974cb338056df65cb50e7d64d1cf314e87504837?s=96&d=mm&r=g","contentUrl":"https:\/\/secure.gravatar.com\/avatar\/55cb5e37c1efa326397366e6974cb338056df65cb50e7d64d1cf314e87504837?s=96&d=mm&r=g","caption":"Arnaldo Botto"},"url":"https:\/\/www.noticiasradioreflejos.com.ar\/2021\/author\/arnaldo\/"}]}},"_links":{"self":[{"href":"https:\/\/www.noticiasradioreflejos.com.ar\/2021\/wp-json\/wp\/v2\/posts\/34566","targetHints":{"allow":["GET"]}}],"collection":[{"href":"https:\/\/www.noticiasradioreflejos.com.ar\/2021\/wp-json\/wp\/v2\/posts"}],"about":[{"href":"https:\/\/www.noticiasradioreflejos.com.ar\/2021\/wp-json\/wp\/v2\/types\/post"}],"author":[{"embeddable":true,"href":"https:\/\/www.noticiasradioreflejos.com.ar\/2021\/wp-json\/wp\/v2\/users\/3"}],"replies":[{"embeddable":true,"href":"https:\/\/www.noticiasradioreflejos.com.ar\/2021\/wp-json\/wp\/v2\/comments?post=34566"}],"version-history":[{"count":0,"href":"https:\/\/www.noticiasradioreflejos.com.ar\/2021\/wp-json\/wp\/v2\/posts\/34566\/revisions"}],"wp:attachment":[{"href":"https:\/\/www.noticiasradioreflejos.com.ar\/2021\/wp-json\/wp\/v2\/media?parent=34566"}],"wp:term":[{"taxonomy":"category","embeddable":true,"href":"https:\/\/www.noticiasradioreflejos.com.ar\/2021\/wp-json\/wp\/v2\/categories?post=34566"},{"taxonomy":"post_tag","embeddable":true,"href":"https:\/\/www.noticiasradioreflejos.com.ar\/2021\/wp-json\/wp\/v2\/tags?post=34566"}],"curies":[{"name":"wp","href":"https:\/\/api.w.org\/{rel}","templated":true}]}}