{"id":34556,"date":"2019-09-09T20:08:40","date_gmt":"2019-09-09T23:08:40","guid":{"rendered":"http:\/\/www.noticiasradioreflejos.com.ar\/noticias\/?p=34556"},"modified":"2019-09-09T20:08:40","modified_gmt":"2019-09-09T23:08:40","slug":"cuando-se-unen-manos-y-voluntades-todo-es-posible-ruben-testa","status":"publish","type":"post","link":"https:\/\/www.noticiasradioreflejos.com.ar\/2021\/cuando-se-unen-manos-y-voluntades-todo-es-posible-ruben-testa\/","title":{"rendered":"&quot;Cuando se unen manos y voluntades, todo es posible&quot; &#8211; Rub\u00e9n Testa."},"content":{"rendered":"<p>El domingo 15 de Setiembre, en Villa Ventana, habr\u00e1 un festejo triple. Se realizar\u00e1 la inauguraci\u00f3n de las instalaciones de la nueva cancha de f\u00fatbol sint\u00e9tica, se festejar\u00e1 el d\u00eda del ni\u00f1o junto con el 51\u00b0 Aniversario de la Asociaci\u00f3n de fomento de la localidad. Por estos motivos, charlamos con <strong>Rub\u00e9n Testa<\/strong>, Presidente de la Instituci\u00f3n serrana.<!--more--><br \/>\n\u00abAdem\u00e1s de la inauguraci\u00f3n de la canchita, es el aniversario de la Asociaci\u00f3n de fomento, cumple 51 a\u00f1os, nos propusimos este a\u00f1o volver a festejar, con el condimento de que con la inauguraci\u00f3n de un espacio que se logr\u00f3 con el aporte de todos con much\u00edsimo esfuerzo por parte de la comisi\u00f3n, apoyo del municipio, otras instituciones como bomberos, y bueno decidimos festejarlo. Postergamos el d\u00eda del ni\u00f1o, para esta fecha tambi\u00e9n porque es mucho el esfuerzo que se requiere para armar un evento y canalizamos todos los esfuerzos en terminar la canchita, y poder disfrutar en familia este domingo la inauguraci\u00f3n, el d\u00eda del ni\u00f1o, y el cumplea\u00f1os de la Asociaci\u00f3n de fomento\u00bb. Inici\u00f3<br \/>\n\u00abVa a ser un d\u00eda de fiesta, arrancaremos a las 10:30 hs, con la escuelita de f\u00fatbol con una clase normal, se convoca a las 11, pero a eso de las 12 va a ser el corte de cinta, despu\u00e9s hablar\u00e1n las autoridades presentes, luego de eso la gente de Pepo&#8217;s don\u00f3 150 panchos para los chicos, ya compramos todo lo que tiene que ver con un d\u00eda de fiesta \u00ab., Afirm\u00f3 Rub\u00e9n.<br \/>\nGestionamos un animal para poder carnearlo y hacer s\u00e1ndwiches de carne al horno en la panader\u00eda delices de ac\u00e1 de Villa Ventana, la vamos a filetear y saltear al disco despu\u00e9s para comer, todo esto gratis sin ning\u00fan costo para los que nos visiten. Despu\u00e9s del almuerzo, va a haber un espect\u00e1culo infantil, \u00abEl tren de Homero\u00bb, son unos chicos geniales, que todo lo que hacen deja un mensaje hacia la sociedad, es muy lindo, para disfrutar no solo el chico, sino el adulto tambi\u00e9n, luego estar\u00e1 Huma con la escuela de canto de fomento con algunos alumnos acompa\u00f1ando, y mas tarde vamos a proyectarse una pel\u00edcula a los chicos \u00abMetegol\u00bb, con pochoclos con caramelo, para que pasen un d\u00eda divertido\u00bb. Continu\u00f3<br \/>\n\u00abA partir de las 16:30 hs vamos a comenzar a hacer alg\u00fan amistoso entre distintas instituciones, eso lo vamos a organizar esta semana, la c\u00e1mara de comercio ya esta invitada a hacer un partido con el equipo de fomento, para pasarla bien un rato, y disfrutar del espacio que quedo muy lindo, tratamos de estar en todos los detalles, nos faltan algunos que pulir, en cuanto a la comisi\u00f3n no tenemos el mejor equipo de los \u00faltimos a\u00f1os, pero tenemos un gran equipo, en este \u00faltimo a\u00f1o aprendimos a respetarnos, a entendernos, muchas veces disentimos pero, nos ponemos de acuerdo y lo que la mayor\u00eda decide, hacemos.<br \/>\nEl fruto est\u00e1 a la vista, porque si no hubiese sido por ese grupo de personas que forma la comisi\u00f3n que todos aportan algo, no hubiese sido posible, ni hablar de todos los vecinos que aportaron, ayudaron, y vinieron, desde hacer un pozo hasta decir yo tengo esto, sirve?, tengo que agradecer a la gente de Sierra de la Ventana, a los comerciantes que nos apoyaron, a los comerciantes de Tornquist, al mirador de Jorge Maipach, a todos los que apoyaron\u00bb. Finaliz\u00f3<br \/>\nNOTA COMPLETA:<br \/>\n<iframe loading=\"lazy\" src=\"https:\/\/w.soundcloud.com\/player\/?url=https%3A\/\/api.soundcloud.com\/tracks\/678516126&amp;color=%23ff5500&amp;auto_play=false&amp;hide_related=false&amp;show_comments=true&amp;show_user=true&amp;show_reposts=false&amp;show_teaser=true\" width=\"100%\" height=\"166\" frameborder=\"no\" scrolling=\"no\"><\/iframe><br \/>\n<a href=\"http:\/\/www.noticiasradioreflejos.com.ar\/noticias\/wp-content\/uploads\/2019\/09\/69357315_913827618993833_1203180232652095488_n.jpg\"><img loading=\"lazy\" decoding=\"async\" class=\"aligncenter size-large wp-image-34560\" src=\"http:\/\/www.noticiasradioreflejos.com.ar\/noticias\/wp-content\/uploads\/2019\/09\/69357315_913827618993833_1203180232652095488_n.jpg\" alt=\"69357315_913827618993833_1203180232652095488_n\" width=\"960\" height=\"540\" \/><\/a><br \/>\n<a href=\"http:\/\/www.noticiasradioreflejos.com.ar\/noticias\/wp-content\/uploads\/2019\/09\/69665103_924893437887251_3766376522600939520_n.jpg\"><img loading=\"lazy\" decoding=\"async\" class=\"aligncenter size-large wp-image-34561\" src=\"http:\/\/www.noticiasradioreflejos.com.ar\/noticias\/wp-content\/uploads\/2019\/09\/69665103_924893437887251_3766376522600939520_n.jpg\" alt=\"69665103_924893437887251_3766376522600939520_n\" width=\"960\" height=\"540\" \/><\/a><br \/>\n<a href=\"http:\/\/www.noticiasradioreflejos.com.ar\/noticias\/wp-content\/uploads\/2019\/09\/69889427_914999592209969_1479328410533625856_n.jpg\"><img loading=\"lazy\" decoding=\"async\" class=\"aligncenter size-large wp-image-34562\" src=\"http:\/\/www.noticiasradioreflejos.com.ar\/noticias\/wp-content\/uploads\/2019\/09\/69889427_914999592209969_1479328410533625856_n.jpg\" alt=\"69889427_914999592209969_1479328410533625856_n\" width=\"960\" height=\"540\" \/><\/a><\/p>\n","protected":false},"excerpt":{"rendered":"<p>El domingo 15 de Setiembre, en Villa Ventana, habr\u00e1 un festejo triple. Se realizar\u00e1 la inauguraci\u00f3n de las instalaciones de la nueva cancha de f\u00fatbol sint\u00e9tica, se festejar\u00e1 el d\u00eda del ni\u00f1o junto con el 51\u00b0 Aniversario de la Asociaci\u00f3n de fomento de la localidad. Por estos motivos, charlamos con Rub\u00e9n Testa, Presidente de la [&hellip;]<\/p>\n","protected":false},"author":3,"featured_media":0,"comment_status":"closed","ping_status":"open","sticky":false,"template":"","format":"standard","meta":{"footnotes":""},"categories":[26],"tags":[],"class_list":["post-34556","post","type-post","status-publish","format-standard","hentry","category-sociedad"],"yoast_head":"<!-- This site is optimized with the Yoast SEO plugin v25.9 - https:\/\/yoast.com\/wordpress\/plugins\/seo\/ -->\n<title>&quot;Cuando se unen manos y voluntades, todo es posible&quot; - Rub\u00e9n Testa. - Noticias Radio Reflejos<\/title>\n<meta name=\"robots\" content=\"index, follow, max-snippet:-1, max-image-preview:large, max-video-preview:-1\" \/>\n<link rel=\"canonical\" href=\"https:\/\/www.noticiasradioreflejos.com.ar\/2021\/cuando-se-unen-manos-y-voluntades-todo-es-posible-ruben-testa\/\" \/>\n<meta property=\"og:locale\" content=\"es_ES\" \/>\n<meta property=\"og:type\" content=\"article\" \/>\n<meta property=\"og:title\" content=\"&quot;Cuando se unen manos y voluntades, todo es posible&quot; - Rub\u00e9n Testa. - Noticias Radio Reflejos\" \/>\n<meta property=\"og:description\" content=\"El domingo 15 de Setiembre, en Villa Ventana, habr\u00e1 un festejo triple. Se realizar\u00e1 la inauguraci\u00f3n de las instalaciones de la nueva cancha de f\u00fatbol sint\u00e9tica, se festejar\u00e1 el d\u00eda del ni\u00f1o junto con el 51\u00b0 Aniversario de la Asociaci\u00f3n de fomento de la localidad. Por estos motivos, charlamos con Rub\u00e9n Testa, Presidente de la [&hellip;]\" \/>\n<meta property=\"og:url\" content=\"https:\/\/www.noticiasradioreflejos.com.ar\/2021\/cuando-se-unen-manos-y-voluntades-todo-es-posible-ruben-testa\/\" \/>\n<meta property=\"og:site_name\" content=\"Noticias Radio Reflejos\" \/>\n<meta property=\"article:published_time\" content=\"2019-09-09T23:08:40+00:00\" \/>\n<meta property=\"og:image\" content=\"https:\/\/www.noticiasradioreflejos.com.ar\/2021\/wp-content\/uploads\/2021\/07\/logosol300x200.png\" \/>\n\t<meta property=\"og:image:width\" content=\"300\" \/>\n\t<meta property=\"og:image:height\" content=\"200\" \/>\n\t<meta property=\"og:image:type\" content=\"image\/png\" \/>\n<meta name=\"author\" content=\"Arnaldo Botto\" \/>\n<meta name=\"twitter:card\" content=\"summary_large_image\" \/>\n<script type=\"application\/ld+json\" class=\"yoast-schema-graph\">{\"@context\":\"https:\/\/schema.org\",\"@graph\":[{\"@type\":\"WebPage\",\"@id\":\"https:\/\/www.noticiasradioreflejos.com.ar\/2021\/cuando-se-unen-manos-y-voluntades-todo-es-posible-ruben-testa\/\",\"url\":\"https:\/\/www.noticiasradioreflejos.com.ar\/2021\/cuando-se-unen-manos-y-voluntades-todo-es-posible-ruben-testa\/\",\"name\":\"&quot;Cuando se unen manos y voluntades, todo es posible&quot; - Rub\u00e9n Testa. - Noticias Radio Reflejos\",\"isPartOf\":{\"@id\":\"https:\/\/www.noticiasradioreflejos.com.ar\/2021\/#website\"},\"primaryImageOfPage\":{\"@id\":\"https:\/\/www.noticiasradioreflejos.com.ar\/2021\/cuando-se-unen-manos-y-voluntades-todo-es-posible-ruben-testa\/#primaryimage\"},\"image\":{\"@id\":\"https:\/\/www.noticiasradioreflejos.com.ar\/2021\/cuando-se-unen-manos-y-voluntades-todo-es-posible-ruben-testa\/#primaryimage\"},\"thumbnailUrl\":\"http:\/\/www.noticiasradioreflejos.com.ar\/noticias\/wp-content\/uploads\/2019\/09\/69357315_913827618993833_1203180232652095488_n.jpg\",\"datePublished\":\"2019-09-09T23:08:40+00:00\",\"author\":{\"@id\":\"https:\/\/www.noticiasradioreflejos.com.ar\/2021\/#\/schema\/person\/ad82545263dcc5ec0996818884fd5fb1\"},\"breadcrumb\":{\"@id\":\"https:\/\/www.noticiasradioreflejos.com.ar\/2021\/cuando-se-unen-manos-y-voluntades-todo-es-posible-ruben-testa\/#breadcrumb\"},\"inLanguage\":\"es\",\"potentialAction\":[{\"@type\":\"ReadAction\",\"target\":[\"https:\/\/www.noticiasradioreflejos.com.ar\/2021\/cuando-se-unen-manos-y-voluntades-todo-es-posible-ruben-testa\/\"]}]},{\"@type\":\"ImageObject\",\"inLanguage\":\"es\",\"@id\":\"https:\/\/www.noticiasradioreflejos.com.ar\/2021\/cuando-se-unen-manos-y-voluntades-todo-es-posible-ruben-testa\/#primaryimage\",\"url\":\"http:\/\/www.noticiasradioreflejos.com.ar\/noticias\/wp-content\/uploads\/2019\/09\/69357315_913827618993833_1203180232652095488_n.jpg\",\"contentUrl\":\"http:\/\/www.noticiasradioreflejos.com.ar\/noticias\/wp-content\/uploads\/2019\/09\/69357315_913827618993833_1203180232652095488_n.jpg\"},{\"@type\":\"BreadcrumbList\",\"@id\":\"https:\/\/www.noticiasradioreflejos.com.ar\/2021\/cuando-se-unen-manos-y-voluntades-todo-es-posible-ruben-testa\/#breadcrumb\",\"itemListElement\":[{\"@type\":\"ListItem\",\"position\":1,\"name\":\"Portada\",\"item\":\"https:\/\/www.noticiasradioreflejos.com.ar\/2021\/\"},{\"@type\":\"ListItem\",\"position\":2,\"name\":\"&quot;Cuando se unen manos y voluntades, todo es posible&quot; &#8211; Rub\u00e9n Testa.\"}]},{\"@type\":\"WebSite\",\"@id\":\"https:\/\/www.noticiasradioreflejos.com.ar\/2021\/#website\",\"url\":\"https:\/\/www.noticiasradioreflejos.com.ar\/2021\/\",\"name\":\"Noticias Radio Reflejos\",\"description\":\"Las noticias de mi comarca\",\"potentialAction\":[{\"@type\":\"SearchAction\",\"target\":{\"@type\":\"EntryPoint\",\"urlTemplate\":\"https:\/\/www.noticiasradioreflejos.com.ar\/2021\/?s={search_term_string}\"},\"query-input\":{\"@type\":\"PropertyValueSpecification\",\"valueRequired\":true,\"valueName\":\"search_term_string\"}}],\"inLanguage\":\"es\"},{\"@type\":\"Person\",\"@id\":\"https:\/\/www.noticiasradioreflejos.com.ar\/2021\/#\/schema\/person\/ad82545263dcc5ec0996818884fd5fb1\",\"name\":\"Arnaldo Botto\",\"image\":{\"@type\":\"ImageObject\",\"inLanguage\":\"es\",\"@id\":\"https:\/\/www.noticiasradioreflejos.com.ar\/2021\/#\/schema\/person\/image\/\",\"url\":\"https:\/\/secure.gravatar.com\/avatar\/55cb5e37c1efa326397366e6974cb338056df65cb50e7d64d1cf314e87504837?s=96&d=mm&r=g\",\"contentUrl\":\"https:\/\/secure.gravatar.com\/avatar\/55cb5e37c1efa326397366e6974cb338056df65cb50e7d64d1cf314e87504837?s=96&d=mm&r=g\",\"caption\":\"Arnaldo Botto\"},\"url\":\"https:\/\/www.noticiasradioreflejos.com.ar\/2021\/author\/arnaldo\/\"}]}<\/script>\n<!-- \/ Yoast SEO plugin. -->","yoast_head_json":{"title":"&quot;Cuando se unen manos y voluntades, todo es posible&quot; - Rub\u00e9n Testa. - Noticias Radio Reflejos","robots":{"index":"index","follow":"follow","max-snippet":"max-snippet:-1","max-image-preview":"max-image-preview:large","max-video-preview":"max-video-preview:-1"},"canonical":"https:\/\/www.noticiasradioreflejos.com.ar\/2021\/cuando-se-unen-manos-y-voluntades-todo-es-posible-ruben-testa\/","og_locale":"es_ES","og_type":"article","og_title":"&quot;Cuando se unen manos y voluntades, todo es posible&quot; - Rub\u00e9n Testa. - Noticias Radio Reflejos","og_description":"El domingo 15 de Setiembre, en Villa Ventana, habr\u00e1 un festejo triple. Se realizar\u00e1 la inauguraci\u00f3n de las instalaciones de la nueva cancha de f\u00fatbol sint\u00e9tica, se festejar\u00e1 el d\u00eda del ni\u00f1o junto con el 51\u00b0 Aniversario de la Asociaci\u00f3n de fomento de la localidad. Por estos motivos, charlamos con Rub\u00e9n Testa, Presidente de la [&hellip;]","og_url":"https:\/\/www.noticiasradioreflejos.com.ar\/2021\/cuando-se-unen-manos-y-voluntades-todo-es-posible-ruben-testa\/","og_site_name":"Noticias Radio Reflejos","article_published_time":"2019-09-09T23:08:40+00:00","og_image":[{"width":300,"height":200,"url":"https:\/\/www.noticiasradioreflejos.com.ar\/2021\/wp-content\/uploads\/2021\/07\/logosol300x200.png","type":"image\/png"}],"author":"Arnaldo Botto","twitter_card":"summary_large_image","schema":{"@context":"https:\/\/schema.org","@graph":[{"@type":"WebPage","@id":"https:\/\/www.noticiasradioreflejos.com.ar\/2021\/cuando-se-unen-manos-y-voluntades-todo-es-posible-ruben-testa\/","url":"https:\/\/www.noticiasradioreflejos.com.ar\/2021\/cuando-se-unen-manos-y-voluntades-todo-es-posible-ruben-testa\/","name":"&quot;Cuando se unen manos y voluntades, todo es posible&quot; - Rub\u00e9n Testa. - Noticias Radio Reflejos","isPartOf":{"@id":"https:\/\/www.noticiasradioreflejos.com.ar\/2021\/#website"},"primaryImageOfPage":{"@id":"https:\/\/www.noticiasradioreflejos.com.ar\/2021\/cuando-se-unen-manos-y-voluntades-todo-es-posible-ruben-testa\/#primaryimage"},"image":{"@id":"https:\/\/www.noticiasradioreflejos.com.ar\/2021\/cuando-se-unen-manos-y-voluntades-todo-es-posible-ruben-testa\/#primaryimage"},"thumbnailUrl":"http:\/\/www.noticiasradioreflejos.com.ar\/noticias\/wp-content\/uploads\/2019\/09\/69357315_913827618993833_1203180232652095488_n.jpg","datePublished":"2019-09-09T23:08:40+00:00","author":{"@id":"https:\/\/www.noticiasradioreflejos.com.ar\/2021\/#\/schema\/person\/ad82545263dcc5ec0996818884fd5fb1"},"breadcrumb":{"@id":"https:\/\/www.noticiasradioreflejos.com.ar\/2021\/cuando-se-unen-manos-y-voluntades-todo-es-posible-ruben-testa\/#breadcrumb"},"inLanguage":"es","potentialAction":[{"@type":"ReadAction","target":["https:\/\/www.noticiasradioreflejos.com.ar\/2021\/cuando-se-unen-manos-y-voluntades-todo-es-posible-ruben-testa\/"]}]},{"@type":"ImageObject","inLanguage":"es","@id":"https:\/\/www.noticiasradioreflejos.com.ar\/2021\/cuando-se-unen-manos-y-voluntades-todo-es-posible-ruben-testa\/#primaryimage","url":"http:\/\/www.noticiasradioreflejos.com.ar\/noticias\/wp-content\/uploads\/2019\/09\/69357315_913827618993833_1203180232652095488_n.jpg","contentUrl":"http:\/\/www.noticiasradioreflejos.com.ar\/noticias\/wp-content\/uploads\/2019\/09\/69357315_913827618993833_1203180232652095488_n.jpg"},{"@type":"BreadcrumbList","@id":"https:\/\/www.noticiasradioreflejos.com.ar\/2021\/cuando-se-unen-manos-y-voluntades-todo-es-posible-ruben-testa\/#breadcrumb","itemListElement":[{"@type":"ListItem","position":1,"name":"Portada","item":"https:\/\/www.noticiasradioreflejos.com.ar\/2021\/"},{"@type":"ListItem","position":2,"name":"&quot;Cuando se unen manos y voluntades, todo es posible&quot; &#8211; Rub\u00e9n Testa."}]},{"@type":"WebSite","@id":"https:\/\/www.noticiasradioreflejos.com.ar\/2021\/#website","url":"https:\/\/www.noticiasradioreflejos.com.ar\/2021\/","name":"Noticias Radio Reflejos","description":"Las noticias de mi comarca","potentialAction":[{"@type":"SearchAction","target":{"@type":"EntryPoint","urlTemplate":"https:\/\/www.noticiasradioreflejos.com.ar\/2021\/?s={search_term_string}"},"query-input":{"@type":"PropertyValueSpecification","valueRequired":true,"valueName":"search_term_string"}}],"inLanguage":"es"},{"@type":"Person","@id":"https:\/\/www.noticiasradioreflejos.com.ar\/2021\/#\/schema\/person\/ad82545263dcc5ec0996818884fd5fb1","name":"Arnaldo Botto","image":{"@type":"ImageObject","inLanguage":"es","@id":"https:\/\/www.noticiasradioreflejos.com.ar\/2021\/#\/schema\/person\/image\/","url":"https:\/\/secure.gravatar.com\/avatar\/55cb5e37c1efa326397366e6974cb338056df65cb50e7d64d1cf314e87504837?s=96&d=mm&r=g","contentUrl":"https:\/\/secure.gravatar.com\/avatar\/55cb5e37c1efa326397366e6974cb338056df65cb50e7d64d1cf314e87504837?s=96&d=mm&r=g","caption":"Arnaldo Botto"},"url":"https:\/\/www.noticiasradioreflejos.com.ar\/2021\/author\/arnaldo\/"}]}},"_links":{"self":[{"href":"https:\/\/www.noticiasradioreflejos.com.ar\/2021\/wp-json\/wp\/v2\/posts\/34556","targetHints":{"allow":["GET"]}}],"collection":[{"href":"https:\/\/www.noticiasradioreflejos.com.ar\/2021\/wp-json\/wp\/v2\/posts"}],"about":[{"href":"https:\/\/www.noticiasradioreflejos.com.ar\/2021\/wp-json\/wp\/v2\/types\/post"}],"author":[{"embeddable":true,"href":"https:\/\/www.noticiasradioreflejos.com.ar\/2021\/wp-json\/wp\/v2\/users\/3"}],"replies":[{"embeddable":true,"href":"https:\/\/www.noticiasradioreflejos.com.ar\/2021\/wp-json\/wp\/v2\/comments?post=34556"}],"version-history":[{"count":0,"href":"https:\/\/www.noticiasradioreflejos.com.ar\/2021\/wp-json\/wp\/v2\/posts\/34556\/revisions"}],"wp:attachment":[{"href":"https:\/\/www.noticiasradioreflejos.com.ar\/2021\/wp-json\/wp\/v2\/media?parent=34556"}],"wp:term":[{"taxonomy":"category","embeddable":true,"href":"https:\/\/www.noticiasradioreflejos.com.ar\/2021\/wp-json\/wp\/v2\/categories?post=34556"},{"taxonomy":"post_tag","embeddable":true,"href":"https:\/\/www.noticiasradioreflejos.com.ar\/2021\/wp-json\/wp\/v2\/tags?post=34556"}],"curies":[{"name":"wp","href":"https:\/\/api.w.org\/{rel}","templated":true}]}}