{"id":34548,"date":"2019-09-09T14:16:03","date_gmt":"2019-09-09T17:16:03","guid":{"rendered":"http:\/\/www.noticiasradioreflejos.com.ar\/noticias\/?p=34548"},"modified":"2019-09-09T14:16:03","modified_gmt":"2019-09-09T17:16:03","slug":"torneo-amistoso-de-gimnasia-artistica-en-tandil","status":"publish","type":"post","link":"https:\/\/www.noticiasradioreflejos.com.ar\/2021\/torneo-amistoso-de-gimnasia-artistica-en-tandil\/","title":{"rendered":"Torneo amistoso de Gimnasia art\u00edstica en Tandil"},"content":{"rendered":"<p>Este fin de semana, la Escuela de Gimnasia Art\u00edstica \u00abTerra Gym\u00bb de Sierra de la Ventana, con gimnastas de Sierra, Saldungaray y Villa Ventana participaron de un torneo amistoso en la ciudad de Tandil, realizando una excelente participaci\u00f3n y demostrando que todo lo entrenado da buenos resultados.<!--more--><br \/>\nLas gimnastas que nos representaron fueron:<br \/>\nNivel E1 &#8211; Categor\u00eda Infantil: Juana Gomez Tunessi 4to lugar entre 39 gimnastas<br \/>\nNivel E2 &#8211; Categoria Infantil: Martina Chiuca 15to lugar entre 30 gimnastas<br \/>\nCategor\u00eda Pre-Infantil: Catalina Piolanti 1ra lugar entre 65 gimnastas<br \/>\nAylen Trejo 11er lugar entre 65 gimnastas<br \/>\nLuz Giovanini 17mo lugar entre 65 gimnastas<br \/>\nNahiara Vazques 36to lugar entre 65 gimnastas<br \/>\nValentina Nori 45to lugar entre 65 gimnastas<br \/>\nSharon Bridges 51er lugar entre 65 gimnastas<br \/>\nCategor\u00eda Mini: Jazmin Gonzalez 17mo lugar entre 35 gimnastas<br \/>\nNivel E3 &#8211; Categor\u00eda Infantil: Luna Cerda 1era lugar entre 20 gimnastas<br \/>\nCategor\u00eda Mini: Martina Ibarra 4ta lugar entre 30 gimnastas<br \/>\nLucia Torres Mazetti 12do lugar entre 30 gimnastas<br \/>\nNaiara Stoessel 25to lugar entre 30 gimnastas<br \/>\nFelicitamos a todas nuestras gimnastas por su participaci\u00f3n, alegr\u00eda y entusiasmo para entrenar y competir. Agradecemos a todos los padres y madres que nos acompa\u00f1aron y confiaron en nosotras.<br \/>\nA continuar entrenando que se viene nuestro torneo!!!<br \/>\n<a href=\"http:\/\/www.noticiasradioreflejos.com.ar\/noticias\/wp-content\/uploads\/2019\/09\/IMG-20190909-WA0014.jpg\"><img loading=\"lazy\" decoding=\"async\" src=\"http:\/\/www.noticiasradioreflejos.com.ar\/noticias\/wp-content\/uploads\/2019\/09\/IMG-20190909-WA0014-1024x768.jpg\" alt=\"IMG-20190909-WA0014\" width=\"1024\" height=\"768\" class=\"aligncenter size-large wp-image-34551\" \/><\/a><br \/>\n<a href=\"http:\/\/www.noticiasradioreflejos.com.ar\/noticias\/wp-content\/uploads\/2019\/09\/IMG-20190908-WA0003.jpg\"><img loading=\"lazy\" decoding=\"async\" src=\"http:\/\/www.noticiasradioreflejos.com.ar\/noticias\/wp-content\/uploads\/2019\/09\/IMG-20190908-WA0003-1024x530.jpg\" alt=\"IMG-20190908-WA0003\" width=\"1024\" height=\"530\" class=\"aligncenter size-large wp-image-34550\" \/><\/a><br \/>\nProfesoras Silvana Tunessi &#8211; Bel\u00e9n Andes &#8211; Sofia Fogel<\/p>\n","protected":false},"excerpt":{"rendered":"<p>Este fin de semana, la Escuela de Gimnasia Art\u00edstica \u00abTerra Gym\u00bb de Sierra de la Ventana, con gimnastas de Sierra, Saldungaray y Villa Ventana participaron de un torneo amistoso en la ciudad de Tandil, realizando una excelente participaci\u00f3n y demostrando que todo lo entrenado da buenos resultados.<\/p>\n","protected":false},"author":3,"featured_media":0,"comment_status":"closed","ping_status":"open","sticky":false,"template":"","format":"standard","meta":{"footnotes":""},"categories":[27],"tags":[],"class_list":["post-34548","post","type-post","status-publish","format-standard","hentry","category-deportes"],"yoast_head":"<!-- This site is optimized with the Yoast SEO plugin v25.9 - https:\/\/yoast.com\/wordpress\/plugins\/seo\/ -->\n<title>Torneo amistoso de Gimnasia art\u00edstica en Tandil - Noticias Radio Reflejos<\/title>\n<meta name=\"robots\" content=\"index, follow, max-snippet:-1, max-image-preview:large, max-video-preview:-1\" \/>\n<link rel=\"canonical\" href=\"https:\/\/www.noticiasradioreflejos.com.ar\/2021\/torneo-amistoso-de-gimnasia-artistica-en-tandil\/\" \/>\n<meta property=\"og:locale\" content=\"es_ES\" \/>\n<meta property=\"og:type\" content=\"article\" \/>\n<meta property=\"og:title\" content=\"Torneo amistoso de Gimnasia art\u00edstica en Tandil - Noticias Radio Reflejos\" \/>\n<meta property=\"og:description\" content=\"Este fin de semana, la Escuela de Gimnasia Art\u00edstica \u00abTerra Gym\u00bb de Sierra de la Ventana, con gimnastas de Sierra, Saldungaray y Villa Ventana participaron de un torneo amistoso en la ciudad de Tandil, realizando una excelente participaci\u00f3n y demostrando que todo lo entrenado da buenos resultados.\" \/>\n<meta property=\"og:url\" content=\"https:\/\/www.noticiasradioreflejos.com.ar\/2021\/torneo-amistoso-de-gimnasia-artistica-en-tandil\/\" \/>\n<meta property=\"og:site_name\" content=\"Noticias Radio Reflejos\" \/>\n<meta property=\"article:published_time\" content=\"2019-09-09T17:16:03+00:00\" \/>\n<meta property=\"og:image\" content=\"https:\/\/www.noticiasradioreflejos.com.ar\/2021\/wp-content\/uploads\/2021\/07\/logosol300x200.png\" \/>\n\t<meta property=\"og:image:width\" content=\"300\" \/>\n\t<meta property=\"og:image:height\" content=\"200\" \/>\n\t<meta property=\"og:image:type\" content=\"image\/png\" \/>\n<meta name=\"author\" content=\"Arnaldo Botto\" \/>\n<meta name=\"twitter:card\" content=\"summary_large_image\" \/>\n<script type=\"application\/ld+json\" class=\"yoast-schema-graph\">{\"@context\":\"https:\/\/schema.org\",\"@graph\":[{\"@type\":\"WebPage\",\"@id\":\"https:\/\/www.noticiasradioreflejos.com.ar\/2021\/torneo-amistoso-de-gimnasia-artistica-en-tandil\/\",\"url\":\"https:\/\/www.noticiasradioreflejos.com.ar\/2021\/torneo-amistoso-de-gimnasia-artistica-en-tandil\/\",\"name\":\"Torneo amistoso de Gimnasia art\u00edstica en Tandil - Noticias Radio Reflejos\",\"isPartOf\":{\"@id\":\"https:\/\/www.noticiasradioreflejos.com.ar\/2021\/#website\"},\"primaryImageOfPage\":{\"@id\":\"https:\/\/www.noticiasradioreflejos.com.ar\/2021\/torneo-amistoso-de-gimnasia-artistica-en-tandil\/#primaryimage\"},\"image\":{\"@id\":\"https:\/\/www.noticiasradioreflejos.com.ar\/2021\/torneo-amistoso-de-gimnasia-artistica-en-tandil\/#primaryimage\"},\"thumbnailUrl\":\"http:\/\/www.noticiasradioreflejos.com.ar\/noticias\/wp-content\/uploads\/2019\/09\/IMG-20190909-WA0014-1024x768.jpg\",\"datePublished\":\"2019-09-09T17:16:03+00:00\",\"author\":{\"@id\":\"https:\/\/www.noticiasradioreflejos.com.ar\/2021\/#\/schema\/person\/ad82545263dcc5ec0996818884fd5fb1\"},\"breadcrumb\":{\"@id\":\"https:\/\/www.noticiasradioreflejos.com.ar\/2021\/torneo-amistoso-de-gimnasia-artistica-en-tandil\/#breadcrumb\"},\"inLanguage\":\"es\",\"potentialAction\":[{\"@type\":\"ReadAction\",\"target\":[\"https:\/\/www.noticiasradioreflejos.com.ar\/2021\/torneo-amistoso-de-gimnasia-artistica-en-tandil\/\"]}]},{\"@type\":\"ImageObject\",\"inLanguage\":\"es\",\"@id\":\"https:\/\/www.noticiasradioreflejos.com.ar\/2021\/torneo-amistoso-de-gimnasia-artistica-en-tandil\/#primaryimage\",\"url\":\"http:\/\/www.noticiasradioreflejos.com.ar\/noticias\/wp-content\/uploads\/2019\/09\/IMG-20190909-WA0014-1024x768.jpg\",\"contentUrl\":\"http:\/\/www.noticiasradioreflejos.com.ar\/noticias\/wp-content\/uploads\/2019\/09\/IMG-20190909-WA0014-1024x768.jpg\"},{\"@type\":\"BreadcrumbList\",\"@id\":\"https:\/\/www.noticiasradioreflejos.com.ar\/2021\/torneo-amistoso-de-gimnasia-artistica-en-tandil\/#breadcrumb\",\"itemListElement\":[{\"@type\":\"ListItem\",\"position\":1,\"name\":\"Portada\",\"item\":\"https:\/\/www.noticiasradioreflejos.com.ar\/2021\/\"},{\"@type\":\"ListItem\",\"position\":2,\"name\":\"Torneo amistoso de Gimnasia art\u00edstica en Tandil\"}]},{\"@type\":\"WebSite\",\"@id\":\"https:\/\/www.noticiasradioreflejos.com.ar\/2021\/#website\",\"url\":\"https:\/\/www.noticiasradioreflejos.com.ar\/2021\/\",\"name\":\"Noticias Radio Reflejos\",\"description\":\"Las noticias de mi comarca\",\"potentialAction\":[{\"@type\":\"SearchAction\",\"target\":{\"@type\":\"EntryPoint\",\"urlTemplate\":\"https:\/\/www.noticiasradioreflejos.com.ar\/2021\/?s={search_term_string}\"},\"query-input\":{\"@type\":\"PropertyValueSpecification\",\"valueRequired\":true,\"valueName\":\"search_term_string\"}}],\"inLanguage\":\"es\"},{\"@type\":\"Person\",\"@id\":\"https:\/\/www.noticiasradioreflejos.com.ar\/2021\/#\/schema\/person\/ad82545263dcc5ec0996818884fd5fb1\",\"name\":\"Arnaldo Botto\",\"image\":{\"@type\":\"ImageObject\",\"inLanguage\":\"es\",\"@id\":\"https:\/\/www.noticiasradioreflejos.com.ar\/2021\/#\/schema\/person\/image\/\",\"url\":\"https:\/\/secure.gravatar.com\/avatar\/55cb5e37c1efa326397366e6974cb338056df65cb50e7d64d1cf314e87504837?s=96&d=mm&r=g\",\"contentUrl\":\"https:\/\/secure.gravatar.com\/avatar\/55cb5e37c1efa326397366e6974cb338056df65cb50e7d64d1cf314e87504837?s=96&d=mm&r=g\",\"caption\":\"Arnaldo Botto\"},\"url\":\"https:\/\/www.noticiasradioreflejos.com.ar\/2021\/author\/arnaldo\/\"}]}<\/script>\n<!-- \/ Yoast SEO plugin. -->","yoast_head_json":{"title":"Torneo amistoso de Gimnasia art\u00edstica en Tandil - Noticias Radio Reflejos","robots":{"index":"index","follow":"follow","max-snippet":"max-snippet:-1","max-image-preview":"max-image-preview:large","max-video-preview":"max-video-preview:-1"},"canonical":"https:\/\/www.noticiasradioreflejos.com.ar\/2021\/torneo-amistoso-de-gimnasia-artistica-en-tandil\/","og_locale":"es_ES","og_type":"article","og_title":"Torneo amistoso de Gimnasia art\u00edstica en Tandil - Noticias Radio Reflejos","og_description":"Este fin de semana, la Escuela de Gimnasia Art\u00edstica \u00abTerra Gym\u00bb de Sierra de la Ventana, con gimnastas de Sierra, Saldungaray y Villa Ventana participaron de un torneo amistoso en la ciudad de Tandil, realizando una excelente participaci\u00f3n y demostrando que todo lo entrenado da buenos resultados.","og_url":"https:\/\/www.noticiasradioreflejos.com.ar\/2021\/torneo-amistoso-de-gimnasia-artistica-en-tandil\/","og_site_name":"Noticias Radio Reflejos","article_published_time":"2019-09-09T17:16:03+00:00","og_image":[{"width":300,"height":200,"url":"https:\/\/www.noticiasradioreflejos.com.ar\/2021\/wp-content\/uploads\/2021\/07\/logosol300x200.png","type":"image\/png"}],"author":"Arnaldo Botto","twitter_card":"summary_large_image","schema":{"@context":"https:\/\/schema.org","@graph":[{"@type":"WebPage","@id":"https:\/\/www.noticiasradioreflejos.com.ar\/2021\/torneo-amistoso-de-gimnasia-artistica-en-tandil\/","url":"https:\/\/www.noticiasradioreflejos.com.ar\/2021\/torneo-amistoso-de-gimnasia-artistica-en-tandil\/","name":"Torneo amistoso de Gimnasia art\u00edstica en Tandil - Noticias Radio Reflejos","isPartOf":{"@id":"https:\/\/www.noticiasradioreflejos.com.ar\/2021\/#website"},"primaryImageOfPage":{"@id":"https:\/\/www.noticiasradioreflejos.com.ar\/2021\/torneo-amistoso-de-gimnasia-artistica-en-tandil\/#primaryimage"},"image":{"@id":"https:\/\/www.noticiasradioreflejos.com.ar\/2021\/torneo-amistoso-de-gimnasia-artistica-en-tandil\/#primaryimage"},"thumbnailUrl":"http:\/\/www.noticiasradioreflejos.com.ar\/noticias\/wp-content\/uploads\/2019\/09\/IMG-20190909-WA0014-1024x768.jpg","datePublished":"2019-09-09T17:16:03+00:00","author":{"@id":"https:\/\/www.noticiasradioreflejos.com.ar\/2021\/#\/schema\/person\/ad82545263dcc5ec0996818884fd5fb1"},"breadcrumb":{"@id":"https:\/\/www.noticiasradioreflejos.com.ar\/2021\/torneo-amistoso-de-gimnasia-artistica-en-tandil\/#breadcrumb"},"inLanguage":"es","potentialAction":[{"@type":"ReadAction","target":["https:\/\/www.noticiasradioreflejos.com.ar\/2021\/torneo-amistoso-de-gimnasia-artistica-en-tandil\/"]}]},{"@type":"ImageObject","inLanguage":"es","@id":"https:\/\/www.noticiasradioreflejos.com.ar\/2021\/torneo-amistoso-de-gimnasia-artistica-en-tandil\/#primaryimage","url":"http:\/\/www.noticiasradioreflejos.com.ar\/noticias\/wp-content\/uploads\/2019\/09\/IMG-20190909-WA0014-1024x768.jpg","contentUrl":"http:\/\/www.noticiasradioreflejos.com.ar\/noticias\/wp-content\/uploads\/2019\/09\/IMG-20190909-WA0014-1024x768.jpg"},{"@type":"BreadcrumbList","@id":"https:\/\/www.noticiasradioreflejos.com.ar\/2021\/torneo-amistoso-de-gimnasia-artistica-en-tandil\/#breadcrumb","itemListElement":[{"@type":"ListItem","position":1,"name":"Portada","item":"https:\/\/www.noticiasradioreflejos.com.ar\/2021\/"},{"@type":"ListItem","position":2,"name":"Torneo amistoso de Gimnasia art\u00edstica en Tandil"}]},{"@type":"WebSite","@id":"https:\/\/www.noticiasradioreflejos.com.ar\/2021\/#website","url":"https:\/\/www.noticiasradioreflejos.com.ar\/2021\/","name":"Noticias Radio Reflejos","description":"Las noticias de mi comarca","potentialAction":[{"@type":"SearchAction","target":{"@type":"EntryPoint","urlTemplate":"https:\/\/www.noticiasradioreflejos.com.ar\/2021\/?s={search_term_string}"},"query-input":{"@type":"PropertyValueSpecification","valueRequired":true,"valueName":"search_term_string"}}],"inLanguage":"es"},{"@type":"Person","@id":"https:\/\/www.noticiasradioreflejos.com.ar\/2021\/#\/schema\/person\/ad82545263dcc5ec0996818884fd5fb1","name":"Arnaldo Botto","image":{"@type":"ImageObject","inLanguage":"es","@id":"https:\/\/www.noticiasradioreflejos.com.ar\/2021\/#\/schema\/person\/image\/","url":"https:\/\/secure.gravatar.com\/avatar\/55cb5e37c1efa326397366e6974cb338056df65cb50e7d64d1cf314e87504837?s=96&d=mm&r=g","contentUrl":"https:\/\/secure.gravatar.com\/avatar\/55cb5e37c1efa326397366e6974cb338056df65cb50e7d64d1cf314e87504837?s=96&d=mm&r=g","caption":"Arnaldo Botto"},"url":"https:\/\/www.noticiasradioreflejos.com.ar\/2021\/author\/arnaldo\/"}]}},"_links":{"self":[{"href":"https:\/\/www.noticiasradioreflejos.com.ar\/2021\/wp-json\/wp\/v2\/posts\/34548","targetHints":{"allow":["GET"]}}],"collection":[{"href":"https:\/\/www.noticiasradioreflejos.com.ar\/2021\/wp-json\/wp\/v2\/posts"}],"about":[{"href":"https:\/\/www.noticiasradioreflejos.com.ar\/2021\/wp-json\/wp\/v2\/types\/post"}],"author":[{"embeddable":true,"href":"https:\/\/www.noticiasradioreflejos.com.ar\/2021\/wp-json\/wp\/v2\/users\/3"}],"replies":[{"embeddable":true,"href":"https:\/\/www.noticiasradioreflejos.com.ar\/2021\/wp-json\/wp\/v2\/comments?post=34548"}],"version-history":[{"count":0,"href":"https:\/\/www.noticiasradioreflejos.com.ar\/2021\/wp-json\/wp\/v2\/posts\/34548\/revisions"}],"wp:attachment":[{"href":"https:\/\/www.noticiasradioreflejos.com.ar\/2021\/wp-json\/wp\/v2\/media?parent=34548"}],"wp:term":[{"taxonomy":"category","embeddable":true,"href":"https:\/\/www.noticiasradioreflejos.com.ar\/2021\/wp-json\/wp\/v2\/categories?post=34548"},{"taxonomy":"post_tag","embeddable":true,"href":"https:\/\/www.noticiasradioreflejos.com.ar\/2021\/wp-json\/wp\/v2\/tags?post=34548"}],"curies":[{"name":"wp","href":"https:\/\/api.w.org\/{rel}","templated":true}]}}