{"id":34542,"date":"2019-09-09T13:59:35","date_gmt":"2019-09-09T16:59:35","guid":{"rendered":"http:\/\/www.noticiasradioreflejos.com.ar\/noticias\/?p=34542"},"modified":"2019-09-09T13:59:35","modified_gmt":"2019-09-09T16:59:35","slug":"otro-asesino-al-volante-exceso-de-velocidad-alcohol-y-drogas-basta","status":"publish","type":"post","link":"https:\/\/www.noticiasradioreflejos.com.ar\/2021\/otro-asesino-al-volante-exceso-de-velocidad-alcohol-y-drogas-basta\/","title":{"rendered":"Otro asesino al volante: \u00bfexceso de velocidad, alcohol y drogas? BASTA"},"content":{"rendered":"<p><a href=\"http:\/\/www.noticiasradioreflejos.com.ar\/noticias\/wp-content\/uploads\/2019\/09\/unnamed-3.jpg\"><img loading=\"lazy\" decoding=\"async\" class=\"alignleft size-medium wp-image-34543\" src=\"http:\/\/www.noticiasradioreflejos.com.ar\/noticias\/wp-content\/uploads\/2019\/09\/unnamed-3-225x300.jpg\" alt=\"unnamed\" width=\"225\" height=\"300\" \/><\/a>Una vez m\u00e1s un asesino al volante, en este caso, Eugenio Veppo, destruy\u00f3 vidas y familias en un siniestro extremadamente grave, no solo por la muerte y grav\u00edsimas lesiones causadas, sino porque adem\u00e1s agravia y ataca a toda la sociedad, dado que las v\u00edctimas estaban trabajando para detectar precisamente a presuntos asesinos al volante, como Veppo result\u00f3 ser.<!--more--><br \/>\nDe acuerdo al video difundido p\u00fablicamente y sin perjuicio de lo que las pericias confirmen, su desprecio total por la vida se manifiesta de forma evidente en:<br \/>\nExceso notable de velocidad (100 km\/h o m\u00e1s).<br \/>\nPresunci\u00f3n de haberse encontrado altamente alcoholizado y\/o bajo efectos de drogas ilegales, por su descontrol al volante y por haberse presentado 14 horas despu\u00e9s a las autoridades, comportamiento t\u00edpico de quien quiere que su cuerpo metabolice y elimine la presencia de alcohol y drogas.<br \/>\nParece sobrepasar a otro veh\u00edculo por la derecha.<br \/>\nAbandona a las v\u00edctimas y huye.<br \/>\nHomicidios como este se cometen diariamente a lo largo y ancho del pa\u00eds.<br \/>\nEs hora que todos digamos: \u00a1BASTA!<br \/>\nResulta cada vez m\u00e1s urgente e imprescindible:<br \/>\nMultiplicaci\u00f3n de controles eficaces y sanciones efectivas en calles y rutas.<br \/>\nLegislar los Delitos contra la Seguridad Vial (ver propuesta de LxV), en particular el de la conducci\u00f3n con exceso notable de velocidad o de alcohol, antes de que otros potenciales homicidas del tr\u00e1nsito, como \u00e9ste, lleguen a matar. Despu\u00e9s es tarde.<br \/>\nQue los jueces apliquen las m\u00e1ximas penas que prev\u00e9 nuestro C\u00f3digo Penal para casos como \u00e9ste.<br \/>\n<strong>Luchemos por la Vida Asociaci\u00f3n Civil<\/strong><br \/>\n<a href=\"mailto:info@luchemos.org.ar\">info@luchemos.org.ar<\/a><br \/>\n(+54 11) 4637-8090 \/ 4611-4060<br \/>\nBogot\u00e1 2348 P.B. \u00abA\u00bb &#8211; Buenos Aires &#8211; Argentina<br \/>\n<strong>www.luchemos.org.ar<\/strong><\/p>\n","protected":false},"excerpt":{"rendered":"<p>Una vez m\u00e1s un asesino al volante, en este caso, Eugenio Veppo, destruy\u00f3 vidas y familias en un siniestro extremadamente grave, no solo por la muerte y grav\u00edsimas lesiones causadas, sino porque adem\u00e1s agravia y ataca a toda la sociedad, dado que las v\u00edctimas estaban trabajando para detectar precisamente a presuntos asesinos al volante, como [&hellip;]<\/p>\n","protected":false},"author":3,"featured_media":0,"comment_status":"closed","ping_status":"open","sticky":false,"template":"","format":"standard","meta":{"footnotes":""},"categories":[29],"tags":[],"class_list":["post-34542","post","type-post","status-publish","format-standard","hentry","category-policiales"],"yoast_head":"<!-- This site is optimized with the Yoast SEO plugin v25.9 - https:\/\/yoast.com\/wordpress\/plugins\/seo\/ -->\n<title>Otro asesino al volante: \u00bfexceso de velocidad, alcohol y drogas? BASTA - Noticias Radio Reflejos<\/title>\n<meta name=\"robots\" content=\"index, follow, max-snippet:-1, max-image-preview:large, max-video-preview:-1\" \/>\n<link rel=\"canonical\" href=\"https:\/\/www.noticiasradioreflejos.com.ar\/2021\/otro-asesino-al-volante-exceso-de-velocidad-alcohol-y-drogas-basta\/\" \/>\n<meta property=\"og:locale\" content=\"es_ES\" \/>\n<meta property=\"og:type\" content=\"article\" \/>\n<meta property=\"og:title\" content=\"Otro asesino al volante: \u00bfexceso de velocidad, alcohol y drogas? BASTA - Noticias Radio Reflejos\" \/>\n<meta property=\"og:description\" content=\"Una vez m\u00e1s un asesino al volante, en este caso, Eugenio Veppo, destruy\u00f3 vidas y familias en un siniestro extremadamente grave, no solo por la muerte y grav\u00edsimas lesiones causadas, sino porque adem\u00e1s agravia y ataca a toda la sociedad, dado que las v\u00edctimas estaban trabajando para detectar precisamente a presuntos asesinos al volante, como [&hellip;]\" \/>\n<meta property=\"og:url\" content=\"https:\/\/www.noticiasradioreflejos.com.ar\/2021\/otro-asesino-al-volante-exceso-de-velocidad-alcohol-y-drogas-basta\/\" \/>\n<meta property=\"og:site_name\" content=\"Noticias Radio Reflejos\" \/>\n<meta property=\"article:published_time\" content=\"2019-09-09T16:59:35+00:00\" \/>\n<meta property=\"og:image\" content=\"https:\/\/www.noticiasradioreflejos.com.ar\/2021\/wp-content\/uploads\/2021\/07\/logosol300x200.png\" \/>\n\t<meta property=\"og:image:width\" content=\"300\" \/>\n\t<meta property=\"og:image:height\" content=\"200\" \/>\n\t<meta property=\"og:image:type\" content=\"image\/png\" \/>\n<meta name=\"author\" content=\"Arnaldo Botto\" \/>\n<meta name=\"twitter:card\" content=\"summary_large_image\" \/>\n<script type=\"application\/ld+json\" class=\"yoast-schema-graph\">{\"@context\":\"https:\/\/schema.org\",\"@graph\":[{\"@type\":\"WebPage\",\"@id\":\"https:\/\/www.noticiasradioreflejos.com.ar\/2021\/otro-asesino-al-volante-exceso-de-velocidad-alcohol-y-drogas-basta\/\",\"url\":\"https:\/\/www.noticiasradioreflejos.com.ar\/2021\/otro-asesino-al-volante-exceso-de-velocidad-alcohol-y-drogas-basta\/\",\"name\":\"Otro asesino al volante: \u00bfexceso de velocidad, alcohol y drogas? BASTA - Noticias Radio Reflejos\",\"isPartOf\":{\"@id\":\"https:\/\/www.noticiasradioreflejos.com.ar\/2021\/#website\"},\"primaryImageOfPage\":{\"@id\":\"https:\/\/www.noticiasradioreflejos.com.ar\/2021\/otro-asesino-al-volante-exceso-de-velocidad-alcohol-y-drogas-basta\/#primaryimage\"},\"image\":{\"@id\":\"https:\/\/www.noticiasradioreflejos.com.ar\/2021\/otro-asesino-al-volante-exceso-de-velocidad-alcohol-y-drogas-basta\/#primaryimage\"},\"thumbnailUrl\":\"http:\/\/www.noticiasradioreflejos.com.ar\/noticias\/wp-content\/uploads\/2019\/09\/unnamed-3-225x300.jpg\",\"datePublished\":\"2019-09-09T16:59:35+00:00\",\"author\":{\"@id\":\"https:\/\/www.noticiasradioreflejos.com.ar\/2021\/#\/schema\/person\/ad82545263dcc5ec0996818884fd5fb1\"},\"breadcrumb\":{\"@id\":\"https:\/\/www.noticiasradioreflejos.com.ar\/2021\/otro-asesino-al-volante-exceso-de-velocidad-alcohol-y-drogas-basta\/#breadcrumb\"},\"inLanguage\":\"es\",\"potentialAction\":[{\"@type\":\"ReadAction\",\"target\":[\"https:\/\/www.noticiasradioreflejos.com.ar\/2021\/otro-asesino-al-volante-exceso-de-velocidad-alcohol-y-drogas-basta\/\"]}]},{\"@type\":\"ImageObject\",\"inLanguage\":\"es\",\"@id\":\"https:\/\/www.noticiasradioreflejos.com.ar\/2021\/otro-asesino-al-volante-exceso-de-velocidad-alcohol-y-drogas-basta\/#primaryimage\",\"url\":\"http:\/\/www.noticiasradioreflejos.com.ar\/noticias\/wp-content\/uploads\/2019\/09\/unnamed-3-225x300.jpg\",\"contentUrl\":\"http:\/\/www.noticiasradioreflejos.com.ar\/noticias\/wp-content\/uploads\/2019\/09\/unnamed-3-225x300.jpg\"},{\"@type\":\"BreadcrumbList\",\"@id\":\"https:\/\/www.noticiasradioreflejos.com.ar\/2021\/otro-asesino-al-volante-exceso-de-velocidad-alcohol-y-drogas-basta\/#breadcrumb\",\"itemListElement\":[{\"@type\":\"ListItem\",\"position\":1,\"name\":\"Portada\",\"item\":\"https:\/\/www.noticiasradioreflejos.com.ar\/2021\/\"},{\"@type\":\"ListItem\",\"position\":2,\"name\":\"Otro asesino al volante: \u00bfexceso de velocidad, alcohol y drogas? BASTA\"}]},{\"@type\":\"WebSite\",\"@id\":\"https:\/\/www.noticiasradioreflejos.com.ar\/2021\/#website\",\"url\":\"https:\/\/www.noticiasradioreflejos.com.ar\/2021\/\",\"name\":\"Noticias Radio Reflejos\",\"description\":\"Las noticias de mi comarca\",\"potentialAction\":[{\"@type\":\"SearchAction\",\"target\":{\"@type\":\"EntryPoint\",\"urlTemplate\":\"https:\/\/www.noticiasradioreflejos.com.ar\/2021\/?s={search_term_string}\"},\"query-input\":{\"@type\":\"PropertyValueSpecification\",\"valueRequired\":true,\"valueName\":\"search_term_string\"}}],\"inLanguage\":\"es\"},{\"@type\":\"Person\",\"@id\":\"https:\/\/www.noticiasradioreflejos.com.ar\/2021\/#\/schema\/person\/ad82545263dcc5ec0996818884fd5fb1\",\"name\":\"Arnaldo Botto\",\"image\":{\"@type\":\"ImageObject\",\"inLanguage\":\"es\",\"@id\":\"https:\/\/www.noticiasradioreflejos.com.ar\/2021\/#\/schema\/person\/image\/\",\"url\":\"https:\/\/secure.gravatar.com\/avatar\/55cb5e37c1efa326397366e6974cb338056df65cb50e7d64d1cf314e87504837?s=96&d=mm&r=g\",\"contentUrl\":\"https:\/\/secure.gravatar.com\/avatar\/55cb5e37c1efa326397366e6974cb338056df65cb50e7d64d1cf314e87504837?s=96&d=mm&r=g\",\"caption\":\"Arnaldo Botto\"},\"url\":\"https:\/\/www.noticiasradioreflejos.com.ar\/2021\/author\/arnaldo\/\"}]}<\/script>\n<!-- \/ Yoast SEO plugin. -->","yoast_head_json":{"title":"Otro asesino al volante: \u00bfexceso de velocidad, alcohol y drogas? BASTA - Noticias Radio Reflejos","robots":{"index":"index","follow":"follow","max-snippet":"max-snippet:-1","max-image-preview":"max-image-preview:large","max-video-preview":"max-video-preview:-1"},"canonical":"https:\/\/www.noticiasradioreflejos.com.ar\/2021\/otro-asesino-al-volante-exceso-de-velocidad-alcohol-y-drogas-basta\/","og_locale":"es_ES","og_type":"article","og_title":"Otro asesino al volante: \u00bfexceso de velocidad, alcohol y drogas? BASTA - Noticias Radio Reflejos","og_description":"Una vez m\u00e1s un asesino al volante, en este caso, Eugenio Veppo, destruy\u00f3 vidas y familias en un siniestro extremadamente grave, no solo por la muerte y grav\u00edsimas lesiones causadas, sino porque adem\u00e1s agravia y ataca a toda la sociedad, dado que las v\u00edctimas estaban trabajando para detectar precisamente a presuntos asesinos al volante, como [&hellip;]","og_url":"https:\/\/www.noticiasradioreflejos.com.ar\/2021\/otro-asesino-al-volante-exceso-de-velocidad-alcohol-y-drogas-basta\/","og_site_name":"Noticias Radio Reflejos","article_published_time":"2019-09-09T16:59:35+00:00","og_image":[{"width":300,"height":200,"url":"https:\/\/www.noticiasradioreflejos.com.ar\/2021\/wp-content\/uploads\/2021\/07\/logosol300x200.png","type":"image\/png"}],"author":"Arnaldo Botto","twitter_card":"summary_large_image","schema":{"@context":"https:\/\/schema.org","@graph":[{"@type":"WebPage","@id":"https:\/\/www.noticiasradioreflejos.com.ar\/2021\/otro-asesino-al-volante-exceso-de-velocidad-alcohol-y-drogas-basta\/","url":"https:\/\/www.noticiasradioreflejos.com.ar\/2021\/otro-asesino-al-volante-exceso-de-velocidad-alcohol-y-drogas-basta\/","name":"Otro asesino al volante: \u00bfexceso de velocidad, alcohol y drogas? BASTA - Noticias Radio Reflejos","isPartOf":{"@id":"https:\/\/www.noticiasradioreflejos.com.ar\/2021\/#website"},"primaryImageOfPage":{"@id":"https:\/\/www.noticiasradioreflejos.com.ar\/2021\/otro-asesino-al-volante-exceso-de-velocidad-alcohol-y-drogas-basta\/#primaryimage"},"image":{"@id":"https:\/\/www.noticiasradioreflejos.com.ar\/2021\/otro-asesino-al-volante-exceso-de-velocidad-alcohol-y-drogas-basta\/#primaryimage"},"thumbnailUrl":"http:\/\/www.noticiasradioreflejos.com.ar\/noticias\/wp-content\/uploads\/2019\/09\/unnamed-3-225x300.jpg","datePublished":"2019-09-09T16:59:35+00:00","author":{"@id":"https:\/\/www.noticiasradioreflejos.com.ar\/2021\/#\/schema\/person\/ad82545263dcc5ec0996818884fd5fb1"},"breadcrumb":{"@id":"https:\/\/www.noticiasradioreflejos.com.ar\/2021\/otro-asesino-al-volante-exceso-de-velocidad-alcohol-y-drogas-basta\/#breadcrumb"},"inLanguage":"es","potentialAction":[{"@type":"ReadAction","target":["https:\/\/www.noticiasradioreflejos.com.ar\/2021\/otro-asesino-al-volante-exceso-de-velocidad-alcohol-y-drogas-basta\/"]}]},{"@type":"ImageObject","inLanguage":"es","@id":"https:\/\/www.noticiasradioreflejos.com.ar\/2021\/otro-asesino-al-volante-exceso-de-velocidad-alcohol-y-drogas-basta\/#primaryimage","url":"http:\/\/www.noticiasradioreflejos.com.ar\/noticias\/wp-content\/uploads\/2019\/09\/unnamed-3-225x300.jpg","contentUrl":"http:\/\/www.noticiasradioreflejos.com.ar\/noticias\/wp-content\/uploads\/2019\/09\/unnamed-3-225x300.jpg"},{"@type":"BreadcrumbList","@id":"https:\/\/www.noticiasradioreflejos.com.ar\/2021\/otro-asesino-al-volante-exceso-de-velocidad-alcohol-y-drogas-basta\/#breadcrumb","itemListElement":[{"@type":"ListItem","position":1,"name":"Portada","item":"https:\/\/www.noticiasradioreflejos.com.ar\/2021\/"},{"@type":"ListItem","position":2,"name":"Otro asesino al volante: \u00bfexceso de velocidad, alcohol y drogas? BASTA"}]},{"@type":"WebSite","@id":"https:\/\/www.noticiasradioreflejos.com.ar\/2021\/#website","url":"https:\/\/www.noticiasradioreflejos.com.ar\/2021\/","name":"Noticias Radio Reflejos","description":"Las noticias de mi comarca","potentialAction":[{"@type":"SearchAction","target":{"@type":"EntryPoint","urlTemplate":"https:\/\/www.noticiasradioreflejos.com.ar\/2021\/?s={search_term_string}"},"query-input":{"@type":"PropertyValueSpecification","valueRequired":true,"valueName":"search_term_string"}}],"inLanguage":"es"},{"@type":"Person","@id":"https:\/\/www.noticiasradioreflejos.com.ar\/2021\/#\/schema\/person\/ad82545263dcc5ec0996818884fd5fb1","name":"Arnaldo Botto","image":{"@type":"ImageObject","inLanguage":"es","@id":"https:\/\/www.noticiasradioreflejos.com.ar\/2021\/#\/schema\/person\/image\/","url":"https:\/\/secure.gravatar.com\/avatar\/55cb5e37c1efa326397366e6974cb338056df65cb50e7d64d1cf314e87504837?s=96&d=mm&r=g","contentUrl":"https:\/\/secure.gravatar.com\/avatar\/55cb5e37c1efa326397366e6974cb338056df65cb50e7d64d1cf314e87504837?s=96&d=mm&r=g","caption":"Arnaldo Botto"},"url":"https:\/\/www.noticiasradioreflejos.com.ar\/2021\/author\/arnaldo\/"}]}},"_links":{"self":[{"href":"https:\/\/www.noticiasradioreflejos.com.ar\/2021\/wp-json\/wp\/v2\/posts\/34542","targetHints":{"allow":["GET"]}}],"collection":[{"href":"https:\/\/www.noticiasradioreflejos.com.ar\/2021\/wp-json\/wp\/v2\/posts"}],"about":[{"href":"https:\/\/www.noticiasradioreflejos.com.ar\/2021\/wp-json\/wp\/v2\/types\/post"}],"author":[{"embeddable":true,"href":"https:\/\/www.noticiasradioreflejos.com.ar\/2021\/wp-json\/wp\/v2\/users\/3"}],"replies":[{"embeddable":true,"href":"https:\/\/www.noticiasradioreflejos.com.ar\/2021\/wp-json\/wp\/v2\/comments?post=34542"}],"version-history":[{"count":0,"href":"https:\/\/www.noticiasradioreflejos.com.ar\/2021\/wp-json\/wp\/v2\/posts\/34542\/revisions"}],"wp:attachment":[{"href":"https:\/\/www.noticiasradioreflejos.com.ar\/2021\/wp-json\/wp\/v2\/media?parent=34542"}],"wp:term":[{"taxonomy":"category","embeddable":true,"href":"https:\/\/www.noticiasradioreflejos.com.ar\/2021\/wp-json\/wp\/v2\/categories?post=34542"},{"taxonomy":"post_tag","embeddable":true,"href":"https:\/\/www.noticiasradioreflejos.com.ar\/2021\/wp-json\/wp\/v2\/tags?post=34542"}],"curies":[{"name":"wp","href":"https:\/\/api.w.org\/{rel}","templated":true}]}}