{"id":34515,"date":"2019-09-08T21:10:41","date_gmt":"2019-09-09T00:10:41","guid":{"rendered":"http:\/\/www.noticiasradioreflejos.com.ar\/noticias\/?p=34515"},"modified":"2019-09-08T21:10:41","modified_gmt":"2019-09-09T00:10:41","slug":"tornquist-no-sale-del-asombro-por-el-caso-santellan","status":"publish","type":"post","link":"https:\/\/www.noticiasradioreflejos.com.ar\/2021\/tornquist-no-sale-del-asombro-por-el-caso-santellan\/","title":{"rendered":"Tornquist no sale del asombro por el caso Santell\u00e1n."},"content":{"rendered":"<p>Luego de conocida la noticia este domingo en el domicilio de Intendente Ruppel 593.<!--more--><br \/>\nLa tranquilidad de un domingo en familia se vio alterada por la noticia que daba\u00a0\u00a0<strong>FM reflejos de Sierra de la Ventana<\/strong>, de la aparici\u00f3n de huesos humanos en una vivienda ubicada en Intendente Ruppel 593, y Ameghino.<br \/>\nEse domicilio, fue la casa de un conocido vecino de nuestra ciudad, Antonio Enrique \u201cTigre\u201d Santell\u00e1n, jubilado de la Cooperativa El\u00e9ctrica y colaborador permanente en festivales de instituciones a las que apoyaba con su canto y su guitarra.<br \/>\nSantell\u00e1n falleci\u00f3 el 31 de Diciembre de 2017 a los 77 a\u00f1os, cuando un amigo encontr\u00f3 su cuerpo tirado a la salida de su vivienda.<br \/>\nLuego de su deceso nunca pudieron dar con su hija Edith Santell\u00e1n que en la actualidad tendr\u00eda 43 a\u00f1os y el hijo de ella que se presume habr\u00eda nacido en 2010.<br \/>\nLa vivienda, actualmente estaba ocupada por un vecino de Tornquist, Andr\u00e9s Dietz a quien le habr\u00edan prestado el inmueble para que lo habitara y mantuviera. La llave del inmueble qued\u00f3 en poder y en custodia de una familia cercana a Santell\u00e1n, hasta tanto aparecieran sus herederos.<br \/>\nEste s\u00e1bado por la tarde, Dietz se dispon\u00eda a realizar una revisi\u00f3n a un piso de un garage o galp\u00f3n contiguo para poder construir un contrapiso, cuando se hundi\u00f3 unos cent\u00edmetros y al intentar excavar para saber qu\u00e9 hab\u00eda ocurrido, aparecieron huesos.<br \/>\nR\u00e1pidamente el joven se comunic\u00f3 con la estaci\u00f3n de polic\u00eda comunal de nuestra ciudad, para dar aviso. De inmediato las autoridades montaron un operativo, preservaron el lugar y lo cerraron a la espera del personal de polic\u00eda cient\u00edfica, que arrib\u00f3 el domingo por la ma\u00f1ana.<br \/>\nSeg\u00fan fuentes confiables, cuando se revis\u00f3 la escena, se pudieron extraer varios huesos que fueron confirmados como humanos. Los restos de la que se presume es una mujer y un ni\u00f1o peque\u00f1o fueron hallados en posici\u00f3n c\u00fabito dorsal uno al lado del otro. Tambi\u00e9n en la escena se secuestraron algunas prendas.<br \/>\nEn principio se tejieron diferentes hip\u00f3tesis y todo es muy reciente. Reci\u00e9n ahora con los elementos de prueba, todo el material recogido se env\u00eda a la ciudad de La Plata, para evaluar y cotejar el ADN y determinar si son familiares.<br \/>\nLos \u00e9xamenes, seg\u00fan explicaban a nuestro medio pueden tardar mucho tiempo. Cuando se tenga esa informaci\u00f3n se solicitar\u00e1 a paso siguiente la exhumaci\u00f3n del cad\u00e1ver de Enrique Santell\u00e1n, para extraer muestras y realizar una prueba de ADN que determinar\u00e1 si tienen relaci\u00f3n familiar o no.<br \/>\nLos investigadores estiman que lo que se presume son restos de un ni\u00f1o, al momento de morir tendr\u00eda 2 o 3 a\u00f1os y puede situarse la escena entre 2012 y 2013, aunque para esto se deber\u00e1n determinar muchas cuestiones que ser\u00e1n materia de investigaci\u00f3n.<br \/>\nIntervino la Delegaci\u00f3n de Polic\u00eda Cient\u00edfica de Bah\u00eda Blanca junto a la M\u00e9dico de Polic\u00eda de Tornquist y la Ayudant\u00eda Fiscal de Tornquist, quien imparte directivas en relaci\u00f3n a la investigaci\u00f3n en curso.<br \/>\nNoticias Tormquist.<\/p>\n","protected":false},"excerpt":{"rendered":"<p>Luego de conocida la noticia este domingo en el domicilio de Intendente Ruppel 593.<\/p>\n","protected":false},"author":3,"featured_media":0,"comment_status":"closed","ping_status":"open","sticky":false,"template":"","format":"standard","meta":{"footnotes":""},"categories":[29],"tags":[],"class_list":["post-34515","post","type-post","status-publish","format-standard","hentry","category-policiales"],"yoast_head":"<!-- This site is optimized with the Yoast SEO plugin v25.9 - https:\/\/yoast.com\/wordpress\/plugins\/seo\/ -->\n<title>Tornquist no sale del asombro por el caso Santell\u00e1n. - Noticias Radio Reflejos<\/title>\n<meta name=\"robots\" content=\"index, follow, max-snippet:-1, max-image-preview:large, max-video-preview:-1\" \/>\n<link rel=\"canonical\" href=\"https:\/\/www.noticiasradioreflejos.com.ar\/2021\/tornquist-no-sale-del-asombro-por-el-caso-santellan\/\" \/>\n<meta property=\"og:locale\" content=\"es_ES\" \/>\n<meta property=\"og:type\" content=\"article\" \/>\n<meta property=\"og:title\" content=\"Tornquist no sale del asombro por el caso Santell\u00e1n. - Noticias Radio Reflejos\" \/>\n<meta property=\"og:description\" content=\"Luego de conocida la noticia este domingo en el domicilio de Intendente Ruppel 593.\" \/>\n<meta property=\"og:url\" content=\"https:\/\/www.noticiasradioreflejos.com.ar\/2021\/tornquist-no-sale-del-asombro-por-el-caso-santellan\/\" \/>\n<meta property=\"og:site_name\" content=\"Noticias Radio Reflejos\" \/>\n<meta property=\"article:published_time\" content=\"2019-09-09T00:10:41+00:00\" \/>\n<meta property=\"og:image\" content=\"https:\/\/www.noticiasradioreflejos.com.ar\/2021\/wp-content\/uploads\/2021\/07\/logosol300x200.png\" \/>\n\t<meta property=\"og:image:width\" content=\"300\" \/>\n\t<meta property=\"og:image:height\" content=\"200\" \/>\n\t<meta property=\"og:image:type\" content=\"image\/png\" \/>\n<meta name=\"author\" content=\"Arnaldo Botto\" \/>\n<meta name=\"twitter:card\" content=\"summary_large_image\" \/>\n<script type=\"application\/ld+json\" class=\"yoast-schema-graph\">{\"@context\":\"https:\/\/schema.org\",\"@graph\":[{\"@type\":\"WebPage\",\"@id\":\"https:\/\/www.noticiasradioreflejos.com.ar\/2021\/tornquist-no-sale-del-asombro-por-el-caso-santellan\/\",\"url\":\"https:\/\/www.noticiasradioreflejos.com.ar\/2021\/tornquist-no-sale-del-asombro-por-el-caso-santellan\/\",\"name\":\"Tornquist no sale del asombro por el caso Santell\u00e1n. - Noticias Radio Reflejos\",\"isPartOf\":{\"@id\":\"https:\/\/www.noticiasradioreflejos.com.ar\/2021\/#website\"},\"datePublished\":\"2019-09-09T00:10:41+00:00\",\"author\":{\"@id\":\"https:\/\/www.noticiasradioreflejos.com.ar\/2021\/#\/schema\/person\/ad82545263dcc5ec0996818884fd5fb1\"},\"breadcrumb\":{\"@id\":\"https:\/\/www.noticiasradioreflejos.com.ar\/2021\/tornquist-no-sale-del-asombro-por-el-caso-santellan\/#breadcrumb\"},\"inLanguage\":\"es\",\"potentialAction\":[{\"@type\":\"ReadAction\",\"target\":[\"https:\/\/www.noticiasradioreflejos.com.ar\/2021\/tornquist-no-sale-del-asombro-por-el-caso-santellan\/\"]}]},{\"@type\":\"BreadcrumbList\",\"@id\":\"https:\/\/www.noticiasradioreflejos.com.ar\/2021\/tornquist-no-sale-del-asombro-por-el-caso-santellan\/#breadcrumb\",\"itemListElement\":[{\"@type\":\"ListItem\",\"position\":1,\"name\":\"Portada\",\"item\":\"https:\/\/www.noticiasradioreflejos.com.ar\/2021\/\"},{\"@type\":\"ListItem\",\"position\":2,\"name\":\"Tornquist no sale del asombro por el caso Santell\u00e1n.\"}]},{\"@type\":\"WebSite\",\"@id\":\"https:\/\/www.noticiasradioreflejos.com.ar\/2021\/#website\",\"url\":\"https:\/\/www.noticiasradioreflejos.com.ar\/2021\/\",\"name\":\"Noticias Radio Reflejos\",\"description\":\"Las noticias de mi comarca\",\"potentialAction\":[{\"@type\":\"SearchAction\",\"target\":{\"@type\":\"EntryPoint\",\"urlTemplate\":\"https:\/\/www.noticiasradioreflejos.com.ar\/2021\/?s={search_term_string}\"},\"query-input\":{\"@type\":\"PropertyValueSpecification\",\"valueRequired\":true,\"valueName\":\"search_term_string\"}}],\"inLanguage\":\"es\"},{\"@type\":\"Person\",\"@id\":\"https:\/\/www.noticiasradioreflejos.com.ar\/2021\/#\/schema\/person\/ad82545263dcc5ec0996818884fd5fb1\",\"name\":\"Arnaldo Botto\",\"image\":{\"@type\":\"ImageObject\",\"inLanguage\":\"es\",\"@id\":\"https:\/\/www.noticiasradioreflejos.com.ar\/2021\/#\/schema\/person\/image\/\",\"url\":\"https:\/\/secure.gravatar.com\/avatar\/55cb5e37c1efa326397366e6974cb338056df65cb50e7d64d1cf314e87504837?s=96&d=mm&r=g\",\"contentUrl\":\"https:\/\/secure.gravatar.com\/avatar\/55cb5e37c1efa326397366e6974cb338056df65cb50e7d64d1cf314e87504837?s=96&d=mm&r=g\",\"caption\":\"Arnaldo Botto\"},\"url\":\"https:\/\/www.noticiasradioreflejos.com.ar\/2021\/author\/arnaldo\/\"}]}<\/script>\n<!-- \/ Yoast SEO plugin. -->","yoast_head_json":{"title":"Tornquist no sale del asombro por el caso Santell\u00e1n. - Noticias Radio Reflejos","robots":{"index":"index","follow":"follow","max-snippet":"max-snippet:-1","max-image-preview":"max-image-preview:large","max-video-preview":"max-video-preview:-1"},"canonical":"https:\/\/www.noticiasradioreflejos.com.ar\/2021\/tornquist-no-sale-del-asombro-por-el-caso-santellan\/","og_locale":"es_ES","og_type":"article","og_title":"Tornquist no sale del asombro por el caso Santell\u00e1n. - Noticias Radio Reflejos","og_description":"Luego de conocida la noticia este domingo en el domicilio de Intendente Ruppel 593.","og_url":"https:\/\/www.noticiasradioreflejos.com.ar\/2021\/tornquist-no-sale-del-asombro-por-el-caso-santellan\/","og_site_name":"Noticias Radio Reflejos","article_published_time":"2019-09-09T00:10:41+00:00","og_image":[{"width":300,"height":200,"url":"https:\/\/www.noticiasradioreflejos.com.ar\/2021\/wp-content\/uploads\/2021\/07\/logosol300x200.png","type":"image\/png"}],"author":"Arnaldo Botto","twitter_card":"summary_large_image","schema":{"@context":"https:\/\/schema.org","@graph":[{"@type":"WebPage","@id":"https:\/\/www.noticiasradioreflejos.com.ar\/2021\/tornquist-no-sale-del-asombro-por-el-caso-santellan\/","url":"https:\/\/www.noticiasradioreflejos.com.ar\/2021\/tornquist-no-sale-del-asombro-por-el-caso-santellan\/","name":"Tornquist no sale del asombro por el caso Santell\u00e1n. - Noticias Radio Reflejos","isPartOf":{"@id":"https:\/\/www.noticiasradioreflejos.com.ar\/2021\/#website"},"datePublished":"2019-09-09T00:10:41+00:00","author":{"@id":"https:\/\/www.noticiasradioreflejos.com.ar\/2021\/#\/schema\/person\/ad82545263dcc5ec0996818884fd5fb1"},"breadcrumb":{"@id":"https:\/\/www.noticiasradioreflejos.com.ar\/2021\/tornquist-no-sale-del-asombro-por-el-caso-santellan\/#breadcrumb"},"inLanguage":"es","potentialAction":[{"@type":"ReadAction","target":["https:\/\/www.noticiasradioreflejos.com.ar\/2021\/tornquist-no-sale-del-asombro-por-el-caso-santellan\/"]}]},{"@type":"BreadcrumbList","@id":"https:\/\/www.noticiasradioreflejos.com.ar\/2021\/tornquist-no-sale-del-asombro-por-el-caso-santellan\/#breadcrumb","itemListElement":[{"@type":"ListItem","position":1,"name":"Portada","item":"https:\/\/www.noticiasradioreflejos.com.ar\/2021\/"},{"@type":"ListItem","position":2,"name":"Tornquist no sale del asombro por el caso Santell\u00e1n."}]},{"@type":"WebSite","@id":"https:\/\/www.noticiasradioreflejos.com.ar\/2021\/#website","url":"https:\/\/www.noticiasradioreflejos.com.ar\/2021\/","name":"Noticias Radio Reflejos","description":"Las noticias de mi comarca","potentialAction":[{"@type":"SearchAction","target":{"@type":"EntryPoint","urlTemplate":"https:\/\/www.noticiasradioreflejos.com.ar\/2021\/?s={search_term_string}"},"query-input":{"@type":"PropertyValueSpecification","valueRequired":true,"valueName":"search_term_string"}}],"inLanguage":"es"},{"@type":"Person","@id":"https:\/\/www.noticiasradioreflejos.com.ar\/2021\/#\/schema\/person\/ad82545263dcc5ec0996818884fd5fb1","name":"Arnaldo Botto","image":{"@type":"ImageObject","inLanguage":"es","@id":"https:\/\/www.noticiasradioreflejos.com.ar\/2021\/#\/schema\/person\/image\/","url":"https:\/\/secure.gravatar.com\/avatar\/55cb5e37c1efa326397366e6974cb338056df65cb50e7d64d1cf314e87504837?s=96&d=mm&r=g","contentUrl":"https:\/\/secure.gravatar.com\/avatar\/55cb5e37c1efa326397366e6974cb338056df65cb50e7d64d1cf314e87504837?s=96&d=mm&r=g","caption":"Arnaldo Botto"},"url":"https:\/\/www.noticiasradioreflejos.com.ar\/2021\/author\/arnaldo\/"}]}},"_links":{"self":[{"href":"https:\/\/www.noticiasradioreflejos.com.ar\/2021\/wp-json\/wp\/v2\/posts\/34515","targetHints":{"allow":["GET"]}}],"collection":[{"href":"https:\/\/www.noticiasradioreflejos.com.ar\/2021\/wp-json\/wp\/v2\/posts"}],"about":[{"href":"https:\/\/www.noticiasradioreflejos.com.ar\/2021\/wp-json\/wp\/v2\/types\/post"}],"author":[{"embeddable":true,"href":"https:\/\/www.noticiasradioreflejos.com.ar\/2021\/wp-json\/wp\/v2\/users\/3"}],"replies":[{"embeddable":true,"href":"https:\/\/www.noticiasradioreflejos.com.ar\/2021\/wp-json\/wp\/v2\/comments?post=34515"}],"version-history":[{"count":0,"href":"https:\/\/www.noticiasradioreflejos.com.ar\/2021\/wp-json\/wp\/v2\/posts\/34515\/revisions"}],"wp:attachment":[{"href":"https:\/\/www.noticiasradioreflejos.com.ar\/2021\/wp-json\/wp\/v2\/media?parent=34515"}],"wp:term":[{"taxonomy":"category","embeddable":true,"href":"https:\/\/www.noticiasradioreflejos.com.ar\/2021\/wp-json\/wp\/v2\/categories?post=34515"},{"taxonomy":"post_tag","embeddable":true,"href":"https:\/\/www.noticiasradioreflejos.com.ar\/2021\/wp-json\/wp\/v2\/tags?post=34515"}],"curies":[{"name":"wp","href":"https:\/\/api.w.org\/{rel}","templated":true}]}}