{"id":34492,"date":"2019-09-08T13:58:48","date_gmt":"2019-09-08T16:58:48","guid":{"rendered":"http:\/\/www.noticiasradioreflejos.com.ar\/noticias\/?p=34492"},"modified":"2019-09-08T13:58:48","modified_gmt":"2019-09-08T16:58:48","slug":"macabro-hallazgo-en-tornquist","status":"publish","type":"post","link":"https:\/\/www.noticiasradioreflejos.com.ar\/2021\/macabro-hallazgo-en-tornquist\/","title":{"rendered":"Macabro hallazgo en Tornquist &#8211; Encuentran dos cuerpos bajo el piso de una vivienda."},"content":{"rendered":"<p>Encuentran restos humanos de una mujer y un menor, en un pozo bajo el piso de una dependencia de una vivienda, ubicada en la esquina de Avda. Ameghino e Int. Ruppel, de la ciudad de Tornquist.<!--more--><br \/>\nExtraoficialmente, el hallazgo lo realiza el inquilino de la propiedad, en horas de la tarde del s\u00e1bado 07 de setiembre, cuando transitando dentro de una de las dependencias de la vivienda, el piso cede originando un pozo, en cuyo fondo se encuentra con los restos de\u00a0dos personas.<br \/>\nAl propietario de la vivienda, de nombre Antonio Enrique Santell\u00e1n (El Tigre), se lo encontr\u00f3 sin vida en la salida de la vivienda en diciembre de 2017. Tras su deceso, las autoridades locales trataron de contactar e informar del deceso del \u00abTigre\u00bb, a su hija Edith Noem\u00ed Santell\u00e1n y su nieto, con resultados negativos hasta el d\u00eda de la fecha.<br \/>\nLa Polic\u00eda Local fue informada del descubrimiento por el inquilino, y a partir de la ma\u00f1ana de este domingo, trabajan en el lugar funcionarios de Polic\u00eda Antropol\u00f3gica Forense, iniciando las pericias que lleven a determinar la identidad de los cuerpos encontrados.<br \/>\nSeg\u00fan inform\u00f3 la polic\u00eda de Bah\u00eda Blanca, los restos \u00f3seos se encontraban con sus respectivas vestimentas y se descubrieron en el galp\u00f3n de\u00a0la vivienda ubicada\u00a0en Intendente Ruppel 593, de Tornquist, donde reside Andr\u00e9s Mario Dietz (32), inquilino del lugar.\u00a0\u00a0Efectivos de la Polic\u00eda Cient\u00edfica y un m\u00e9dico forense bahienses iniciaron esta ma\u00f1ana pericias en el sitio del hallazgo.<br \/>\nUno de los esqueletos corresponder\u00eda a \u00abuna mujer de entre 35 y 40 a\u00f1os\u00bb, y el otro pertenecer\u00eda a un ni\u00f1o de \u00abentre 3 y 5 a\u00f1os\u00bb, y fuentes policiales estiman que los cuerpos llevar\u00edan enterrados aproximadamente unos 5 a\u00f1os.<br \/>\nPor el hecho tom\u00f3 intervenci\u00f3n la Unidad Funcional de Instrucci\u00f3n y Juicio N\u00ba 20, de esta ciudad, a cargo del fiscal Rodolfo de Luc\u00eda.<br \/>\n<strong>Foto del Tigre Santell\u00e1n y su guitarra.<\/strong><br \/>\n<a href=\"http:\/\/www.noticiasradioreflejos.com.ar\/noticias\/wp-content\/uploads\/2019\/09\/tigre-Santellan-guitarra.jpg\"><img loading=\"lazy\" decoding=\"async\" class=\"aligncenter size-full wp-image-34499\" src=\"http:\/\/www.noticiasradioreflejos.com.ar\/noticias\/wp-content\/uploads\/2019\/09\/tigre-Santellan-guitarra.jpg\" alt=\"tigre Santellan guitarra\" width=\"467\" height=\"700\" \/><\/a><br \/>\n<a href=\"http:\/\/www.noticiasradioreflejos.com.ar\/noticias\/wp-content\/uploads\/2019\/09\/WhatsApp-Image-2019-09-08-at-14.21.41.jpeg\"><img loading=\"lazy\" decoding=\"async\" class=\"aligncenter size-large wp-image-34500\" src=\"http:\/\/www.noticiasradioreflejos.com.ar\/noticias\/wp-content\/uploads\/2019\/09\/WhatsApp-Image-2019-09-08-at-14.21.41-1024x485.jpeg\" alt=\"WhatsApp Image 2019-09-08 at 14.21.41\" width=\"1024\" height=\"485\" \/><\/a><br \/>\n<a href=\"http:\/\/www.noticiasradioreflejos.com.ar\/noticias\/wp-content\/uploads\/2019\/09\/WhatsApp-Image-2019-09-08-at-14.22.06.jpeg\"><img loading=\"lazy\" decoding=\"async\" class=\"aligncenter size-large wp-image-34501\" src=\"http:\/\/www.noticiasradioreflejos.com.ar\/noticias\/wp-content\/uploads\/2019\/09\/WhatsApp-Image-2019-09-08-at-14.22.06-1024x461.jpeg\" alt=\"WhatsApp Image 2019-09-08 at 14.22.06\" width=\"1024\" height=\"461\" \/><\/a><br \/>\n<a href=\"http:\/\/www.noticiasradioreflejos.com.ar\/noticias\/wp-content\/uploads\/2019\/09\/Tigre-Santellan.jpg\"><img loading=\"lazy\" decoding=\"async\" class=\"aligncenter size-large wp-image-34493\" src=\"http:\/\/www.noticiasradioreflejos.com.ar\/noticias\/wp-content\/uploads\/2019\/09\/Tigre-Santellan-1024x451.jpg\" alt=\"Tigre Santellan\" width=\"1024\" height=\"451\" \/><\/a><\/p>\n","protected":false},"excerpt":{"rendered":"<p>Encuentran restos humanos de una mujer y un menor, en un pozo bajo el piso de una dependencia de una vivienda, ubicada en la esquina de Avda. Ameghino e Int. Ruppel, de la ciudad de Tornquist.<\/p>\n","protected":false},"author":3,"featured_media":0,"comment_status":"closed","ping_status":"open","sticky":false,"template":"","format":"standard","meta":{"footnotes":""},"categories":[29],"tags":[],"class_list":["post-34492","post","type-post","status-publish","format-standard","hentry","category-policiales"],"yoast_head":"<!-- This site is optimized with the Yoast SEO plugin v25.9 - https:\/\/yoast.com\/wordpress\/plugins\/seo\/ -->\n<title>Macabro hallazgo en Tornquist - Encuentran dos cuerpos bajo el piso de una vivienda. - Noticias Radio Reflejos<\/title>\n<meta name=\"robots\" content=\"index, follow, max-snippet:-1, max-image-preview:large, max-video-preview:-1\" \/>\n<link rel=\"canonical\" href=\"https:\/\/www.noticiasradioreflejos.com.ar\/2021\/macabro-hallazgo-en-tornquist\/\" \/>\n<meta property=\"og:locale\" content=\"es_ES\" \/>\n<meta property=\"og:type\" content=\"article\" \/>\n<meta property=\"og:title\" content=\"Macabro hallazgo en Tornquist - Encuentran dos cuerpos bajo el piso de una vivienda. - Noticias Radio Reflejos\" \/>\n<meta property=\"og:description\" content=\"Encuentran restos humanos de una mujer y un menor, en un pozo bajo el piso de una dependencia de una vivienda, ubicada en la esquina de Avda. Ameghino e Int. Ruppel, de la ciudad de Tornquist.\" \/>\n<meta property=\"og:url\" content=\"https:\/\/www.noticiasradioreflejos.com.ar\/2021\/macabro-hallazgo-en-tornquist\/\" \/>\n<meta property=\"og:site_name\" content=\"Noticias Radio Reflejos\" \/>\n<meta property=\"article:published_time\" content=\"2019-09-08T16:58:48+00:00\" \/>\n<meta property=\"og:image\" content=\"https:\/\/www.noticiasradioreflejos.com.ar\/2021\/wp-content\/uploads\/2021\/07\/logosol300x200.png\" \/>\n\t<meta property=\"og:image:width\" content=\"300\" \/>\n\t<meta property=\"og:image:height\" content=\"200\" \/>\n\t<meta property=\"og:image:type\" content=\"image\/png\" \/>\n<meta name=\"author\" content=\"Arnaldo Botto\" \/>\n<meta name=\"twitter:card\" content=\"summary_large_image\" \/>\n<script type=\"application\/ld+json\" class=\"yoast-schema-graph\">{\"@context\":\"https:\/\/schema.org\",\"@graph\":[{\"@type\":\"WebPage\",\"@id\":\"https:\/\/www.noticiasradioreflejos.com.ar\/2021\/macabro-hallazgo-en-tornquist\/\",\"url\":\"https:\/\/www.noticiasradioreflejos.com.ar\/2021\/macabro-hallazgo-en-tornquist\/\",\"name\":\"Macabro hallazgo en Tornquist - Encuentran dos cuerpos bajo el piso de una vivienda. - Noticias Radio Reflejos\",\"isPartOf\":{\"@id\":\"https:\/\/www.noticiasradioreflejos.com.ar\/2021\/#website\"},\"primaryImageOfPage\":{\"@id\":\"https:\/\/www.noticiasradioreflejos.com.ar\/2021\/macabro-hallazgo-en-tornquist\/#primaryimage\"},\"image\":{\"@id\":\"https:\/\/www.noticiasradioreflejos.com.ar\/2021\/macabro-hallazgo-en-tornquist\/#primaryimage\"},\"thumbnailUrl\":\"http:\/\/www.noticiasradioreflejos.com.ar\/noticias\/wp-content\/uploads\/2019\/09\/tigre-Santellan-guitarra.jpg\",\"datePublished\":\"2019-09-08T16:58:48+00:00\",\"author\":{\"@id\":\"https:\/\/www.noticiasradioreflejos.com.ar\/2021\/#\/schema\/person\/ad82545263dcc5ec0996818884fd5fb1\"},\"breadcrumb\":{\"@id\":\"https:\/\/www.noticiasradioreflejos.com.ar\/2021\/macabro-hallazgo-en-tornquist\/#breadcrumb\"},\"inLanguage\":\"es\",\"potentialAction\":[{\"@type\":\"ReadAction\",\"target\":[\"https:\/\/www.noticiasradioreflejos.com.ar\/2021\/macabro-hallazgo-en-tornquist\/\"]}]},{\"@type\":\"ImageObject\",\"inLanguage\":\"es\",\"@id\":\"https:\/\/www.noticiasradioreflejos.com.ar\/2021\/macabro-hallazgo-en-tornquist\/#primaryimage\",\"url\":\"http:\/\/www.noticiasradioreflejos.com.ar\/noticias\/wp-content\/uploads\/2019\/09\/tigre-Santellan-guitarra.jpg\",\"contentUrl\":\"http:\/\/www.noticiasradioreflejos.com.ar\/noticias\/wp-content\/uploads\/2019\/09\/tigre-Santellan-guitarra.jpg\"},{\"@type\":\"BreadcrumbList\",\"@id\":\"https:\/\/www.noticiasradioreflejos.com.ar\/2021\/macabro-hallazgo-en-tornquist\/#breadcrumb\",\"itemListElement\":[{\"@type\":\"ListItem\",\"position\":1,\"name\":\"Portada\",\"item\":\"https:\/\/www.noticiasradioreflejos.com.ar\/2021\/\"},{\"@type\":\"ListItem\",\"position\":2,\"name\":\"Macabro hallazgo en Tornquist &#8211; Encuentran dos cuerpos bajo el piso de una vivienda.\"}]},{\"@type\":\"WebSite\",\"@id\":\"https:\/\/www.noticiasradioreflejos.com.ar\/2021\/#website\",\"url\":\"https:\/\/www.noticiasradioreflejos.com.ar\/2021\/\",\"name\":\"Noticias Radio Reflejos\",\"description\":\"Las noticias de mi comarca\",\"potentialAction\":[{\"@type\":\"SearchAction\",\"target\":{\"@type\":\"EntryPoint\",\"urlTemplate\":\"https:\/\/www.noticiasradioreflejos.com.ar\/2021\/?s={search_term_string}\"},\"query-input\":{\"@type\":\"PropertyValueSpecification\",\"valueRequired\":true,\"valueName\":\"search_term_string\"}}],\"inLanguage\":\"es\"},{\"@type\":\"Person\",\"@id\":\"https:\/\/www.noticiasradioreflejos.com.ar\/2021\/#\/schema\/person\/ad82545263dcc5ec0996818884fd5fb1\",\"name\":\"Arnaldo Botto\",\"image\":{\"@type\":\"ImageObject\",\"inLanguage\":\"es\",\"@id\":\"https:\/\/www.noticiasradioreflejos.com.ar\/2021\/#\/schema\/person\/image\/\",\"url\":\"https:\/\/secure.gravatar.com\/avatar\/55cb5e37c1efa326397366e6974cb338056df65cb50e7d64d1cf314e87504837?s=96&d=mm&r=g\",\"contentUrl\":\"https:\/\/secure.gravatar.com\/avatar\/55cb5e37c1efa326397366e6974cb338056df65cb50e7d64d1cf314e87504837?s=96&d=mm&r=g\",\"caption\":\"Arnaldo Botto\"},\"url\":\"https:\/\/www.noticiasradioreflejos.com.ar\/2021\/author\/arnaldo\/\"}]}<\/script>\n<!-- \/ Yoast SEO plugin. -->","yoast_head_json":{"title":"Macabro hallazgo en Tornquist - Encuentran dos cuerpos bajo el piso de una vivienda. - Noticias Radio Reflejos","robots":{"index":"index","follow":"follow","max-snippet":"max-snippet:-1","max-image-preview":"max-image-preview:large","max-video-preview":"max-video-preview:-1"},"canonical":"https:\/\/www.noticiasradioreflejos.com.ar\/2021\/macabro-hallazgo-en-tornquist\/","og_locale":"es_ES","og_type":"article","og_title":"Macabro hallazgo en Tornquist - Encuentran dos cuerpos bajo el piso de una vivienda. - Noticias Radio Reflejos","og_description":"Encuentran restos humanos de una mujer y un menor, en un pozo bajo el piso de una dependencia de una vivienda, ubicada en la esquina de Avda. Ameghino e Int. Ruppel, de la ciudad de Tornquist.","og_url":"https:\/\/www.noticiasradioreflejos.com.ar\/2021\/macabro-hallazgo-en-tornquist\/","og_site_name":"Noticias Radio Reflejos","article_published_time":"2019-09-08T16:58:48+00:00","og_image":[{"width":300,"height":200,"url":"https:\/\/www.noticiasradioreflejos.com.ar\/2021\/wp-content\/uploads\/2021\/07\/logosol300x200.png","type":"image\/png"}],"author":"Arnaldo Botto","twitter_card":"summary_large_image","schema":{"@context":"https:\/\/schema.org","@graph":[{"@type":"WebPage","@id":"https:\/\/www.noticiasradioreflejos.com.ar\/2021\/macabro-hallazgo-en-tornquist\/","url":"https:\/\/www.noticiasradioreflejos.com.ar\/2021\/macabro-hallazgo-en-tornquist\/","name":"Macabro hallazgo en Tornquist - Encuentran dos cuerpos bajo el piso de una vivienda. - Noticias Radio Reflejos","isPartOf":{"@id":"https:\/\/www.noticiasradioreflejos.com.ar\/2021\/#website"},"primaryImageOfPage":{"@id":"https:\/\/www.noticiasradioreflejos.com.ar\/2021\/macabro-hallazgo-en-tornquist\/#primaryimage"},"image":{"@id":"https:\/\/www.noticiasradioreflejos.com.ar\/2021\/macabro-hallazgo-en-tornquist\/#primaryimage"},"thumbnailUrl":"http:\/\/www.noticiasradioreflejos.com.ar\/noticias\/wp-content\/uploads\/2019\/09\/tigre-Santellan-guitarra.jpg","datePublished":"2019-09-08T16:58:48+00:00","author":{"@id":"https:\/\/www.noticiasradioreflejos.com.ar\/2021\/#\/schema\/person\/ad82545263dcc5ec0996818884fd5fb1"},"breadcrumb":{"@id":"https:\/\/www.noticiasradioreflejos.com.ar\/2021\/macabro-hallazgo-en-tornquist\/#breadcrumb"},"inLanguage":"es","potentialAction":[{"@type":"ReadAction","target":["https:\/\/www.noticiasradioreflejos.com.ar\/2021\/macabro-hallazgo-en-tornquist\/"]}]},{"@type":"ImageObject","inLanguage":"es","@id":"https:\/\/www.noticiasradioreflejos.com.ar\/2021\/macabro-hallazgo-en-tornquist\/#primaryimage","url":"http:\/\/www.noticiasradioreflejos.com.ar\/noticias\/wp-content\/uploads\/2019\/09\/tigre-Santellan-guitarra.jpg","contentUrl":"http:\/\/www.noticiasradioreflejos.com.ar\/noticias\/wp-content\/uploads\/2019\/09\/tigre-Santellan-guitarra.jpg"},{"@type":"BreadcrumbList","@id":"https:\/\/www.noticiasradioreflejos.com.ar\/2021\/macabro-hallazgo-en-tornquist\/#breadcrumb","itemListElement":[{"@type":"ListItem","position":1,"name":"Portada","item":"https:\/\/www.noticiasradioreflejos.com.ar\/2021\/"},{"@type":"ListItem","position":2,"name":"Macabro hallazgo en Tornquist &#8211; Encuentran dos cuerpos bajo el piso de una vivienda."}]},{"@type":"WebSite","@id":"https:\/\/www.noticiasradioreflejos.com.ar\/2021\/#website","url":"https:\/\/www.noticiasradioreflejos.com.ar\/2021\/","name":"Noticias Radio Reflejos","description":"Las noticias de mi comarca","potentialAction":[{"@type":"SearchAction","target":{"@type":"EntryPoint","urlTemplate":"https:\/\/www.noticiasradioreflejos.com.ar\/2021\/?s={search_term_string}"},"query-input":{"@type":"PropertyValueSpecification","valueRequired":true,"valueName":"search_term_string"}}],"inLanguage":"es"},{"@type":"Person","@id":"https:\/\/www.noticiasradioreflejos.com.ar\/2021\/#\/schema\/person\/ad82545263dcc5ec0996818884fd5fb1","name":"Arnaldo Botto","image":{"@type":"ImageObject","inLanguage":"es","@id":"https:\/\/www.noticiasradioreflejos.com.ar\/2021\/#\/schema\/person\/image\/","url":"https:\/\/secure.gravatar.com\/avatar\/55cb5e37c1efa326397366e6974cb338056df65cb50e7d64d1cf314e87504837?s=96&d=mm&r=g","contentUrl":"https:\/\/secure.gravatar.com\/avatar\/55cb5e37c1efa326397366e6974cb338056df65cb50e7d64d1cf314e87504837?s=96&d=mm&r=g","caption":"Arnaldo Botto"},"url":"https:\/\/www.noticiasradioreflejos.com.ar\/2021\/author\/arnaldo\/"}]}},"_links":{"self":[{"href":"https:\/\/www.noticiasradioreflejos.com.ar\/2021\/wp-json\/wp\/v2\/posts\/34492","targetHints":{"allow":["GET"]}}],"collection":[{"href":"https:\/\/www.noticiasradioreflejos.com.ar\/2021\/wp-json\/wp\/v2\/posts"}],"about":[{"href":"https:\/\/www.noticiasradioreflejos.com.ar\/2021\/wp-json\/wp\/v2\/types\/post"}],"author":[{"embeddable":true,"href":"https:\/\/www.noticiasradioreflejos.com.ar\/2021\/wp-json\/wp\/v2\/users\/3"}],"replies":[{"embeddable":true,"href":"https:\/\/www.noticiasradioreflejos.com.ar\/2021\/wp-json\/wp\/v2\/comments?post=34492"}],"version-history":[{"count":0,"href":"https:\/\/www.noticiasradioreflejos.com.ar\/2021\/wp-json\/wp\/v2\/posts\/34492\/revisions"}],"wp:attachment":[{"href":"https:\/\/www.noticiasradioreflejos.com.ar\/2021\/wp-json\/wp\/v2\/media?parent=34492"}],"wp:term":[{"taxonomy":"category","embeddable":true,"href":"https:\/\/www.noticiasradioreflejos.com.ar\/2021\/wp-json\/wp\/v2\/categories?post=34492"},{"taxonomy":"post_tag","embeddable":true,"href":"https:\/\/www.noticiasradioreflejos.com.ar\/2021\/wp-json\/wp\/v2\/tags?post=34492"}],"curies":[{"name":"wp","href":"https:\/\/api.w.org\/{rel}","templated":true}]}}