{"id":34447,"date":"2019-09-05T17:22:02","date_gmt":"2019-09-05T20:22:02","guid":{"rendered":"http:\/\/www.noticiasradioreflejos.com.ar\/noticias\/?p=34447"},"modified":"2019-09-05T17:22:02","modified_gmt":"2019-09-05T20:22:02","slug":"se-firmo-un-convenio-asociado-al-enoturismo","status":"publish","type":"post","link":"https:\/\/www.noticiasradioreflejos.com.ar\/2021\/se-firmo-un-convenio-asociado-al-enoturismo\/","title":{"rendered":"Se firm\u00f3 un convenio asociado al enoturismo"},"content":{"rendered":"<p>Sergio Bordoni recibi\u00f3 ayer, mi\u00e9rcoles 4, al decano de la Facultad de Arquitectura, Dise\u00f1o, Arte y Urbanismo de la Universidad de Mor\u00f3n, Arq. Alejandro Borrachia, con quien firm\u00f3 un convenio de mutua complementaci\u00f3n y cooperaci\u00f3n.<!--more--><br \/>\nLa idea es comenzar a establecer relaciones de complementaci\u00f3n, cooperaci\u00f3n y asistencia acad\u00e9mica, tecnol\u00f3gica, cultural y de servicio para el desarrollo y la innovaci\u00f3n regional mediante actividades que se concentrar\u00e1n en el campo de la formaci\u00f3n y capacitaci\u00f3n de recursos humanos, generaci\u00f3n de informaci\u00f3n y tecnolog\u00eda para brindar  respuestas de dise\u00f1o, arquitectura y planificaci\u00f3n del paisaje, asociado al enoturismuno. El objetivo es generar aportes a la comunidad.<br \/>\nComo primera actividad est\u00e1 previsto, en el mes de octubre, realizar un workshop de proyectos con inserci\u00f3n real, como el dise\u00f1o de la ruta del vino asociado a la arquitectura y el paisaje, y en el caso de la localidad de Saldungaray, con el patrimonio cultural de Salamone.<br \/>\nDurante la r\u00fabrica estuvieron presentes el Secretario de Desarrollo, Gonzalo Iparraguirre y el Director de Turismo, Mart\u00edn Olhaberry; y de  la universidad de Mor\u00f3n los arq.  Daniel D\u00b4Alessandro y Gast\u00f3n Budin.<br \/>\n<a href=\"http:\/\/www.noticiasradioreflejos.com.ar\/noticias\/wp-content\/uploads\/2019\/09\/WhatsApp-Image-2019-09-05-at-13.38.40.jpeg\"><img loading=\"lazy\" decoding=\"async\" src=\"http:\/\/www.noticiasradioreflejos.com.ar\/noticias\/wp-content\/uploads\/2019\/09\/WhatsApp-Image-2019-09-05-at-13.38.40.jpeg\" alt=\"WhatsApp Image 2019-09-05 at 13.38.40\" width=\"1280\" height=\"960\" class=\"aligncenter size-full wp-image-34449\" \/><\/a><\/p>\n","protected":false},"excerpt":{"rendered":"<p>Sergio Bordoni recibi\u00f3 ayer, mi\u00e9rcoles 4, al decano de la Facultad de Arquitectura, Dise\u00f1o, Arte y Urbanismo de la Universidad de Mor\u00f3n, Arq. Alejandro Borrachia, con quien firm\u00f3 un convenio de mutua complementaci\u00f3n y cooperaci\u00f3n.<\/p>\n","protected":false},"author":3,"featured_media":0,"comment_status":"closed","ping_status":"open","sticky":false,"template":"","format":"standard","meta":{"footnotes":""},"categories":[28],"tags":[],"class_list":["post-34447","post","type-post","status-publish","format-standard","hentry","category-municipales"],"yoast_head":"<!-- This site is optimized with the Yoast SEO plugin v25.9 - https:\/\/yoast.com\/wordpress\/plugins\/seo\/ -->\n<title>Se firm\u00f3 un convenio asociado al enoturismo - Noticias Radio Reflejos<\/title>\n<meta name=\"robots\" content=\"index, follow, max-snippet:-1, max-image-preview:large, max-video-preview:-1\" \/>\n<link rel=\"canonical\" href=\"https:\/\/www.noticiasradioreflejos.com.ar\/2021\/se-firmo-un-convenio-asociado-al-enoturismo\/\" \/>\n<meta property=\"og:locale\" content=\"es_ES\" \/>\n<meta property=\"og:type\" content=\"article\" \/>\n<meta property=\"og:title\" content=\"Se firm\u00f3 un convenio asociado al enoturismo - Noticias Radio Reflejos\" \/>\n<meta property=\"og:description\" content=\"Sergio Bordoni recibi\u00f3 ayer, mi\u00e9rcoles 4, al decano de la Facultad de Arquitectura, Dise\u00f1o, Arte y Urbanismo de la Universidad de Mor\u00f3n, Arq. Alejandro Borrachia, con quien firm\u00f3 un convenio de mutua complementaci\u00f3n y cooperaci\u00f3n.\" \/>\n<meta property=\"og:url\" content=\"https:\/\/www.noticiasradioreflejos.com.ar\/2021\/se-firmo-un-convenio-asociado-al-enoturismo\/\" \/>\n<meta property=\"og:site_name\" content=\"Noticias Radio Reflejos\" \/>\n<meta property=\"article:published_time\" content=\"2019-09-05T20:22:02+00:00\" \/>\n<meta property=\"og:image\" content=\"https:\/\/www.noticiasradioreflejos.com.ar\/2021\/wp-content\/uploads\/2021\/07\/logosol300x200.png\" \/>\n\t<meta property=\"og:image:width\" content=\"300\" \/>\n\t<meta property=\"og:image:height\" content=\"200\" \/>\n\t<meta property=\"og:image:type\" content=\"image\/png\" \/>\n<meta name=\"author\" content=\"Arnaldo Botto\" \/>\n<meta name=\"twitter:card\" content=\"summary_large_image\" \/>\n<script type=\"application\/ld+json\" class=\"yoast-schema-graph\">{\"@context\":\"https:\/\/schema.org\",\"@graph\":[{\"@type\":\"WebPage\",\"@id\":\"https:\/\/www.noticiasradioreflejos.com.ar\/2021\/se-firmo-un-convenio-asociado-al-enoturismo\/\",\"url\":\"https:\/\/www.noticiasradioreflejos.com.ar\/2021\/se-firmo-un-convenio-asociado-al-enoturismo\/\",\"name\":\"Se firm\u00f3 un convenio asociado al enoturismo - Noticias Radio Reflejos\",\"isPartOf\":{\"@id\":\"https:\/\/www.noticiasradioreflejos.com.ar\/2021\/#website\"},\"primaryImageOfPage\":{\"@id\":\"https:\/\/www.noticiasradioreflejos.com.ar\/2021\/se-firmo-un-convenio-asociado-al-enoturismo\/#primaryimage\"},\"image\":{\"@id\":\"https:\/\/www.noticiasradioreflejos.com.ar\/2021\/se-firmo-un-convenio-asociado-al-enoturismo\/#primaryimage\"},\"thumbnailUrl\":\"http:\/\/www.noticiasradioreflejos.com.ar\/noticias\/wp-content\/uploads\/2019\/09\/WhatsApp-Image-2019-09-05-at-13.38.40.jpeg\",\"datePublished\":\"2019-09-05T20:22:02+00:00\",\"author\":{\"@id\":\"https:\/\/www.noticiasradioreflejos.com.ar\/2021\/#\/schema\/person\/ad82545263dcc5ec0996818884fd5fb1\"},\"breadcrumb\":{\"@id\":\"https:\/\/www.noticiasradioreflejos.com.ar\/2021\/se-firmo-un-convenio-asociado-al-enoturismo\/#breadcrumb\"},\"inLanguage\":\"es\",\"potentialAction\":[{\"@type\":\"ReadAction\",\"target\":[\"https:\/\/www.noticiasradioreflejos.com.ar\/2021\/se-firmo-un-convenio-asociado-al-enoturismo\/\"]}]},{\"@type\":\"ImageObject\",\"inLanguage\":\"es\",\"@id\":\"https:\/\/www.noticiasradioreflejos.com.ar\/2021\/se-firmo-un-convenio-asociado-al-enoturismo\/#primaryimage\",\"url\":\"http:\/\/www.noticiasradioreflejos.com.ar\/noticias\/wp-content\/uploads\/2019\/09\/WhatsApp-Image-2019-09-05-at-13.38.40.jpeg\",\"contentUrl\":\"http:\/\/www.noticiasradioreflejos.com.ar\/noticias\/wp-content\/uploads\/2019\/09\/WhatsApp-Image-2019-09-05-at-13.38.40.jpeg\"},{\"@type\":\"BreadcrumbList\",\"@id\":\"https:\/\/www.noticiasradioreflejos.com.ar\/2021\/se-firmo-un-convenio-asociado-al-enoturismo\/#breadcrumb\",\"itemListElement\":[{\"@type\":\"ListItem\",\"position\":1,\"name\":\"Portada\",\"item\":\"https:\/\/www.noticiasradioreflejos.com.ar\/2021\/\"},{\"@type\":\"ListItem\",\"position\":2,\"name\":\"Se firm\u00f3 un convenio asociado al enoturismo\"}]},{\"@type\":\"WebSite\",\"@id\":\"https:\/\/www.noticiasradioreflejos.com.ar\/2021\/#website\",\"url\":\"https:\/\/www.noticiasradioreflejos.com.ar\/2021\/\",\"name\":\"Noticias Radio Reflejos\",\"description\":\"Las noticias de mi comarca\",\"potentialAction\":[{\"@type\":\"SearchAction\",\"target\":{\"@type\":\"EntryPoint\",\"urlTemplate\":\"https:\/\/www.noticiasradioreflejos.com.ar\/2021\/?s={search_term_string}\"},\"query-input\":{\"@type\":\"PropertyValueSpecification\",\"valueRequired\":true,\"valueName\":\"search_term_string\"}}],\"inLanguage\":\"es\"},{\"@type\":\"Person\",\"@id\":\"https:\/\/www.noticiasradioreflejos.com.ar\/2021\/#\/schema\/person\/ad82545263dcc5ec0996818884fd5fb1\",\"name\":\"Arnaldo Botto\",\"image\":{\"@type\":\"ImageObject\",\"inLanguage\":\"es\",\"@id\":\"https:\/\/www.noticiasradioreflejos.com.ar\/2021\/#\/schema\/person\/image\/\",\"url\":\"https:\/\/secure.gravatar.com\/avatar\/55cb5e37c1efa326397366e6974cb338056df65cb50e7d64d1cf314e87504837?s=96&d=mm&r=g\",\"contentUrl\":\"https:\/\/secure.gravatar.com\/avatar\/55cb5e37c1efa326397366e6974cb338056df65cb50e7d64d1cf314e87504837?s=96&d=mm&r=g\",\"caption\":\"Arnaldo Botto\"},\"url\":\"https:\/\/www.noticiasradioreflejos.com.ar\/2021\/author\/arnaldo\/\"}]}<\/script>\n<!-- \/ Yoast SEO plugin. -->","yoast_head_json":{"title":"Se firm\u00f3 un convenio asociado al enoturismo - Noticias Radio Reflejos","robots":{"index":"index","follow":"follow","max-snippet":"max-snippet:-1","max-image-preview":"max-image-preview:large","max-video-preview":"max-video-preview:-1"},"canonical":"https:\/\/www.noticiasradioreflejos.com.ar\/2021\/se-firmo-un-convenio-asociado-al-enoturismo\/","og_locale":"es_ES","og_type":"article","og_title":"Se firm\u00f3 un convenio asociado al enoturismo - Noticias Radio Reflejos","og_description":"Sergio Bordoni recibi\u00f3 ayer, mi\u00e9rcoles 4, al decano de la Facultad de Arquitectura, Dise\u00f1o, Arte y Urbanismo de la Universidad de Mor\u00f3n, Arq. Alejandro Borrachia, con quien firm\u00f3 un convenio de mutua complementaci\u00f3n y cooperaci\u00f3n.","og_url":"https:\/\/www.noticiasradioreflejos.com.ar\/2021\/se-firmo-un-convenio-asociado-al-enoturismo\/","og_site_name":"Noticias Radio Reflejos","article_published_time":"2019-09-05T20:22:02+00:00","og_image":[{"width":300,"height":200,"url":"https:\/\/www.noticiasradioreflejos.com.ar\/2021\/wp-content\/uploads\/2021\/07\/logosol300x200.png","type":"image\/png"}],"author":"Arnaldo Botto","twitter_card":"summary_large_image","schema":{"@context":"https:\/\/schema.org","@graph":[{"@type":"WebPage","@id":"https:\/\/www.noticiasradioreflejos.com.ar\/2021\/se-firmo-un-convenio-asociado-al-enoturismo\/","url":"https:\/\/www.noticiasradioreflejos.com.ar\/2021\/se-firmo-un-convenio-asociado-al-enoturismo\/","name":"Se firm\u00f3 un convenio asociado al enoturismo - Noticias Radio Reflejos","isPartOf":{"@id":"https:\/\/www.noticiasradioreflejos.com.ar\/2021\/#website"},"primaryImageOfPage":{"@id":"https:\/\/www.noticiasradioreflejos.com.ar\/2021\/se-firmo-un-convenio-asociado-al-enoturismo\/#primaryimage"},"image":{"@id":"https:\/\/www.noticiasradioreflejos.com.ar\/2021\/se-firmo-un-convenio-asociado-al-enoturismo\/#primaryimage"},"thumbnailUrl":"http:\/\/www.noticiasradioreflejos.com.ar\/noticias\/wp-content\/uploads\/2019\/09\/WhatsApp-Image-2019-09-05-at-13.38.40.jpeg","datePublished":"2019-09-05T20:22:02+00:00","author":{"@id":"https:\/\/www.noticiasradioreflejos.com.ar\/2021\/#\/schema\/person\/ad82545263dcc5ec0996818884fd5fb1"},"breadcrumb":{"@id":"https:\/\/www.noticiasradioreflejos.com.ar\/2021\/se-firmo-un-convenio-asociado-al-enoturismo\/#breadcrumb"},"inLanguage":"es","potentialAction":[{"@type":"ReadAction","target":["https:\/\/www.noticiasradioreflejos.com.ar\/2021\/se-firmo-un-convenio-asociado-al-enoturismo\/"]}]},{"@type":"ImageObject","inLanguage":"es","@id":"https:\/\/www.noticiasradioreflejos.com.ar\/2021\/se-firmo-un-convenio-asociado-al-enoturismo\/#primaryimage","url":"http:\/\/www.noticiasradioreflejos.com.ar\/noticias\/wp-content\/uploads\/2019\/09\/WhatsApp-Image-2019-09-05-at-13.38.40.jpeg","contentUrl":"http:\/\/www.noticiasradioreflejos.com.ar\/noticias\/wp-content\/uploads\/2019\/09\/WhatsApp-Image-2019-09-05-at-13.38.40.jpeg"},{"@type":"BreadcrumbList","@id":"https:\/\/www.noticiasradioreflejos.com.ar\/2021\/se-firmo-un-convenio-asociado-al-enoturismo\/#breadcrumb","itemListElement":[{"@type":"ListItem","position":1,"name":"Portada","item":"https:\/\/www.noticiasradioreflejos.com.ar\/2021\/"},{"@type":"ListItem","position":2,"name":"Se firm\u00f3 un convenio asociado al enoturismo"}]},{"@type":"WebSite","@id":"https:\/\/www.noticiasradioreflejos.com.ar\/2021\/#website","url":"https:\/\/www.noticiasradioreflejos.com.ar\/2021\/","name":"Noticias Radio Reflejos","description":"Las noticias de mi comarca","potentialAction":[{"@type":"SearchAction","target":{"@type":"EntryPoint","urlTemplate":"https:\/\/www.noticiasradioreflejos.com.ar\/2021\/?s={search_term_string}"},"query-input":{"@type":"PropertyValueSpecification","valueRequired":true,"valueName":"search_term_string"}}],"inLanguage":"es"},{"@type":"Person","@id":"https:\/\/www.noticiasradioreflejos.com.ar\/2021\/#\/schema\/person\/ad82545263dcc5ec0996818884fd5fb1","name":"Arnaldo Botto","image":{"@type":"ImageObject","inLanguage":"es","@id":"https:\/\/www.noticiasradioreflejos.com.ar\/2021\/#\/schema\/person\/image\/","url":"https:\/\/secure.gravatar.com\/avatar\/55cb5e37c1efa326397366e6974cb338056df65cb50e7d64d1cf314e87504837?s=96&d=mm&r=g","contentUrl":"https:\/\/secure.gravatar.com\/avatar\/55cb5e37c1efa326397366e6974cb338056df65cb50e7d64d1cf314e87504837?s=96&d=mm&r=g","caption":"Arnaldo Botto"},"url":"https:\/\/www.noticiasradioreflejos.com.ar\/2021\/author\/arnaldo\/"}]}},"_links":{"self":[{"href":"https:\/\/www.noticiasradioreflejos.com.ar\/2021\/wp-json\/wp\/v2\/posts\/34447","targetHints":{"allow":["GET"]}}],"collection":[{"href":"https:\/\/www.noticiasradioreflejos.com.ar\/2021\/wp-json\/wp\/v2\/posts"}],"about":[{"href":"https:\/\/www.noticiasradioreflejos.com.ar\/2021\/wp-json\/wp\/v2\/types\/post"}],"author":[{"embeddable":true,"href":"https:\/\/www.noticiasradioreflejos.com.ar\/2021\/wp-json\/wp\/v2\/users\/3"}],"replies":[{"embeddable":true,"href":"https:\/\/www.noticiasradioreflejos.com.ar\/2021\/wp-json\/wp\/v2\/comments?post=34447"}],"version-history":[{"count":0,"href":"https:\/\/www.noticiasradioreflejos.com.ar\/2021\/wp-json\/wp\/v2\/posts\/34447\/revisions"}],"wp:attachment":[{"href":"https:\/\/www.noticiasradioreflejos.com.ar\/2021\/wp-json\/wp\/v2\/media?parent=34447"}],"wp:term":[{"taxonomy":"category","embeddable":true,"href":"https:\/\/www.noticiasradioreflejos.com.ar\/2021\/wp-json\/wp\/v2\/categories?post=34447"},{"taxonomy":"post_tag","embeddable":true,"href":"https:\/\/www.noticiasradioreflejos.com.ar\/2021\/wp-json\/wp\/v2\/tags?post=34447"}],"curies":[{"name":"wp","href":"https:\/\/api.w.org\/{rel}","templated":true}]}}