{"id":34428,"date":"2019-09-04T20:16:51","date_gmt":"2019-09-04T23:16:51","guid":{"rendered":"http:\/\/www.noticiasradioreflejos.com.ar\/noticias\/?p=34428"},"modified":"2019-09-04T20:16:51","modified_gmt":"2019-09-04T23:16:51","slug":"se-colocaron-450-nuevas-plantas-en-la-plaza-e-tornquist","status":"publish","type":"post","link":"https:\/\/www.noticiasradioreflejos.com.ar\/2021\/se-colocaron-450-nuevas-plantas-en-la-plaza-e-tornquist\/","title":{"rendered":"Se colocaron 450 nuevas plantas en la Plaza E. Tornquist"},"content":{"rendered":"<p>La Subsecretaria de Servicios Urbanos informa que se est\u00e1 llevando adelante una nueva intervenci\u00f3n en la Plaza E. Tornquist.<br \/>\nLa misma comprende la delimitaci\u00f3n y mantenimiento de canteros, y la plantaci\u00f3n de nuevas especies en los mismos. <!--more--><br \/>\nEn esta etapa se procedi\u00f3 a plantar alrededor de 450 nuevas plantas:<br \/>\n\u2022\t30 Lavandas<br \/>\n\u2022\t120 Boj<br \/>\n\u2022\t112 Santolina<br \/>\n\u2022\t50 Rosas blancas floribunda<br \/>\n\u2022\t50 Rosas europeas<br \/>\n\u2022\t1 Westringia<br \/>\n\u2022\t40 Dientes<br \/>\n\u2022\t8 Sisyrinchium<br \/>\n\u2022\t9 Polygonum<br \/>\n\u2022\t4 Flomis<br \/>\n\u2022\t10 Salvia leucanta<br \/>\n\u2022\t16 Sisyrrinchum enano<br \/>\nEn los pr\u00f3ximos d\u00edas se continuara con la colocaci\u00f3n de nuevas especies.<br \/>\nEstas acciones se suman, a las que se vienen realizando desde el a\u00f1o 2016, con la puesta en marcha del plan de embellecimiento de la plaza, en el cual se ha trabajado con profesionales del \u00e1rea.<\/p>\n","protected":false},"excerpt":{"rendered":"<p>La Subsecretaria de Servicios Urbanos informa que se est\u00e1 llevando adelante una nueva intervenci\u00f3n en la Plaza E. Tornquist. La misma comprende la delimitaci\u00f3n y mantenimiento de canteros, y la plantaci\u00f3n de nuevas especies en los mismos.<\/p>\n","protected":false},"author":3,"featured_media":0,"comment_status":"closed","ping_status":"open","sticky":false,"template":"","format":"standard","meta":{"footnotes":""},"categories":[28],"tags":[],"class_list":["post-34428","post","type-post","status-publish","format-standard","hentry","category-municipales"],"yoast_head":"<!-- This site is optimized with the Yoast SEO plugin v25.9 - https:\/\/yoast.com\/wordpress\/plugins\/seo\/ -->\n<title>Se colocaron 450 nuevas plantas en la Plaza E. Tornquist - Noticias Radio Reflejos<\/title>\n<meta name=\"robots\" content=\"index, follow, max-snippet:-1, max-image-preview:large, max-video-preview:-1\" \/>\n<link rel=\"canonical\" href=\"https:\/\/www.noticiasradioreflejos.com.ar\/2021\/se-colocaron-450-nuevas-plantas-en-la-plaza-e-tornquist\/\" \/>\n<meta property=\"og:locale\" content=\"es_ES\" \/>\n<meta property=\"og:type\" content=\"article\" \/>\n<meta property=\"og:title\" content=\"Se colocaron 450 nuevas plantas en la Plaza E. Tornquist - Noticias Radio Reflejos\" \/>\n<meta property=\"og:description\" content=\"La Subsecretaria de Servicios Urbanos informa que se est\u00e1 llevando adelante una nueva intervenci\u00f3n en la Plaza E. Tornquist. La misma comprende la delimitaci\u00f3n y mantenimiento de canteros, y la plantaci\u00f3n de nuevas especies en los mismos.\" \/>\n<meta property=\"og:url\" content=\"https:\/\/www.noticiasradioreflejos.com.ar\/2021\/se-colocaron-450-nuevas-plantas-en-la-plaza-e-tornquist\/\" \/>\n<meta property=\"og:site_name\" content=\"Noticias Radio Reflejos\" \/>\n<meta property=\"article:published_time\" content=\"2019-09-04T23:16:51+00:00\" \/>\n<meta property=\"og:image\" content=\"https:\/\/www.noticiasradioreflejos.com.ar\/2021\/wp-content\/uploads\/2021\/07\/logosol300x200.png\" \/>\n\t<meta property=\"og:image:width\" content=\"300\" \/>\n\t<meta property=\"og:image:height\" content=\"200\" \/>\n\t<meta property=\"og:image:type\" content=\"image\/png\" \/>\n<meta name=\"author\" content=\"Arnaldo Botto\" \/>\n<meta name=\"twitter:card\" content=\"summary_large_image\" \/>\n<script type=\"application\/ld+json\" class=\"yoast-schema-graph\">{\"@context\":\"https:\/\/schema.org\",\"@graph\":[{\"@type\":\"WebPage\",\"@id\":\"https:\/\/www.noticiasradioreflejos.com.ar\/2021\/se-colocaron-450-nuevas-plantas-en-la-plaza-e-tornquist\/\",\"url\":\"https:\/\/www.noticiasradioreflejos.com.ar\/2021\/se-colocaron-450-nuevas-plantas-en-la-plaza-e-tornquist\/\",\"name\":\"Se colocaron 450 nuevas plantas en la Plaza E. Tornquist - Noticias Radio Reflejos\",\"isPartOf\":{\"@id\":\"https:\/\/www.noticiasradioreflejos.com.ar\/2021\/#website\"},\"datePublished\":\"2019-09-04T23:16:51+00:00\",\"author\":{\"@id\":\"https:\/\/www.noticiasradioreflejos.com.ar\/2021\/#\/schema\/person\/ad82545263dcc5ec0996818884fd5fb1\"},\"breadcrumb\":{\"@id\":\"https:\/\/www.noticiasradioreflejos.com.ar\/2021\/se-colocaron-450-nuevas-plantas-en-la-plaza-e-tornquist\/#breadcrumb\"},\"inLanguage\":\"es\",\"potentialAction\":[{\"@type\":\"ReadAction\",\"target\":[\"https:\/\/www.noticiasradioreflejos.com.ar\/2021\/se-colocaron-450-nuevas-plantas-en-la-plaza-e-tornquist\/\"]}]},{\"@type\":\"BreadcrumbList\",\"@id\":\"https:\/\/www.noticiasradioreflejos.com.ar\/2021\/se-colocaron-450-nuevas-plantas-en-la-plaza-e-tornquist\/#breadcrumb\",\"itemListElement\":[{\"@type\":\"ListItem\",\"position\":1,\"name\":\"Portada\",\"item\":\"https:\/\/www.noticiasradioreflejos.com.ar\/2021\/\"},{\"@type\":\"ListItem\",\"position\":2,\"name\":\"Se colocaron 450 nuevas plantas en la Plaza E. Tornquist\"}]},{\"@type\":\"WebSite\",\"@id\":\"https:\/\/www.noticiasradioreflejos.com.ar\/2021\/#website\",\"url\":\"https:\/\/www.noticiasradioreflejos.com.ar\/2021\/\",\"name\":\"Noticias Radio Reflejos\",\"description\":\"Las noticias de mi comarca\",\"potentialAction\":[{\"@type\":\"SearchAction\",\"target\":{\"@type\":\"EntryPoint\",\"urlTemplate\":\"https:\/\/www.noticiasradioreflejos.com.ar\/2021\/?s={search_term_string}\"},\"query-input\":{\"@type\":\"PropertyValueSpecification\",\"valueRequired\":true,\"valueName\":\"search_term_string\"}}],\"inLanguage\":\"es\"},{\"@type\":\"Person\",\"@id\":\"https:\/\/www.noticiasradioreflejos.com.ar\/2021\/#\/schema\/person\/ad82545263dcc5ec0996818884fd5fb1\",\"name\":\"Arnaldo Botto\",\"image\":{\"@type\":\"ImageObject\",\"inLanguage\":\"es\",\"@id\":\"https:\/\/www.noticiasradioreflejos.com.ar\/2021\/#\/schema\/person\/image\/\",\"url\":\"https:\/\/secure.gravatar.com\/avatar\/55cb5e37c1efa326397366e6974cb338056df65cb50e7d64d1cf314e87504837?s=96&d=mm&r=g\",\"contentUrl\":\"https:\/\/secure.gravatar.com\/avatar\/55cb5e37c1efa326397366e6974cb338056df65cb50e7d64d1cf314e87504837?s=96&d=mm&r=g\",\"caption\":\"Arnaldo Botto\"},\"url\":\"https:\/\/www.noticiasradioreflejos.com.ar\/2021\/author\/arnaldo\/\"}]}<\/script>\n<!-- \/ Yoast SEO plugin. -->","yoast_head_json":{"title":"Se colocaron 450 nuevas plantas en la Plaza E. Tornquist - Noticias Radio Reflejos","robots":{"index":"index","follow":"follow","max-snippet":"max-snippet:-1","max-image-preview":"max-image-preview:large","max-video-preview":"max-video-preview:-1"},"canonical":"https:\/\/www.noticiasradioreflejos.com.ar\/2021\/se-colocaron-450-nuevas-plantas-en-la-plaza-e-tornquist\/","og_locale":"es_ES","og_type":"article","og_title":"Se colocaron 450 nuevas plantas en la Plaza E. Tornquist - Noticias Radio Reflejos","og_description":"La Subsecretaria de Servicios Urbanos informa que se est\u00e1 llevando adelante una nueva intervenci\u00f3n en la Plaza E. Tornquist. La misma comprende la delimitaci\u00f3n y mantenimiento de canteros, y la plantaci\u00f3n de nuevas especies en los mismos.","og_url":"https:\/\/www.noticiasradioreflejos.com.ar\/2021\/se-colocaron-450-nuevas-plantas-en-la-plaza-e-tornquist\/","og_site_name":"Noticias Radio Reflejos","article_published_time":"2019-09-04T23:16:51+00:00","og_image":[{"width":300,"height":200,"url":"https:\/\/www.noticiasradioreflejos.com.ar\/2021\/wp-content\/uploads\/2021\/07\/logosol300x200.png","type":"image\/png"}],"author":"Arnaldo Botto","twitter_card":"summary_large_image","schema":{"@context":"https:\/\/schema.org","@graph":[{"@type":"WebPage","@id":"https:\/\/www.noticiasradioreflejos.com.ar\/2021\/se-colocaron-450-nuevas-plantas-en-la-plaza-e-tornquist\/","url":"https:\/\/www.noticiasradioreflejos.com.ar\/2021\/se-colocaron-450-nuevas-plantas-en-la-plaza-e-tornquist\/","name":"Se colocaron 450 nuevas plantas en la Plaza E. Tornquist - Noticias Radio Reflejos","isPartOf":{"@id":"https:\/\/www.noticiasradioreflejos.com.ar\/2021\/#website"},"datePublished":"2019-09-04T23:16:51+00:00","author":{"@id":"https:\/\/www.noticiasradioreflejos.com.ar\/2021\/#\/schema\/person\/ad82545263dcc5ec0996818884fd5fb1"},"breadcrumb":{"@id":"https:\/\/www.noticiasradioreflejos.com.ar\/2021\/se-colocaron-450-nuevas-plantas-en-la-plaza-e-tornquist\/#breadcrumb"},"inLanguage":"es","potentialAction":[{"@type":"ReadAction","target":["https:\/\/www.noticiasradioreflejos.com.ar\/2021\/se-colocaron-450-nuevas-plantas-en-la-plaza-e-tornquist\/"]}]},{"@type":"BreadcrumbList","@id":"https:\/\/www.noticiasradioreflejos.com.ar\/2021\/se-colocaron-450-nuevas-plantas-en-la-plaza-e-tornquist\/#breadcrumb","itemListElement":[{"@type":"ListItem","position":1,"name":"Portada","item":"https:\/\/www.noticiasradioreflejos.com.ar\/2021\/"},{"@type":"ListItem","position":2,"name":"Se colocaron 450 nuevas plantas en la Plaza E. Tornquist"}]},{"@type":"WebSite","@id":"https:\/\/www.noticiasradioreflejos.com.ar\/2021\/#website","url":"https:\/\/www.noticiasradioreflejos.com.ar\/2021\/","name":"Noticias Radio Reflejos","description":"Las noticias de mi comarca","potentialAction":[{"@type":"SearchAction","target":{"@type":"EntryPoint","urlTemplate":"https:\/\/www.noticiasradioreflejos.com.ar\/2021\/?s={search_term_string}"},"query-input":{"@type":"PropertyValueSpecification","valueRequired":true,"valueName":"search_term_string"}}],"inLanguage":"es"},{"@type":"Person","@id":"https:\/\/www.noticiasradioreflejos.com.ar\/2021\/#\/schema\/person\/ad82545263dcc5ec0996818884fd5fb1","name":"Arnaldo Botto","image":{"@type":"ImageObject","inLanguage":"es","@id":"https:\/\/www.noticiasradioreflejos.com.ar\/2021\/#\/schema\/person\/image\/","url":"https:\/\/secure.gravatar.com\/avatar\/55cb5e37c1efa326397366e6974cb338056df65cb50e7d64d1cf314e87504837?s=96&d=mm&r=g","contentUrl":"https:\/\/secure.gravatar.com\/avatar\/55cb5e37c1efa326397366e6974cb338056df65cb50e7d64d1cf314e87504837?s=96&d=mm&r=g","caption":"Arnaldo Botto"},"url":"https:\/\/www.noticiasradioreflejos.com.ar\/2021\/author\/arnaldo\/"}]}},"_links":{"self":[{"href":"https:\/\/www.noticiasradioreflejos.com.ar\/2021\/wp-json\/wp\/v2\/posts\/34428","targetHints":{"allow":["GET"]}}],"collection":[{"href":"https:\/\/www.noticiasradioreflejos.com.ar\/2021\/wp-json\/wp\/v2\/posts"}],"about":[{"href":"https:\/\/www.noticiasradioreflejos.com.ar\/2021\/wp-json\/wp\/v2\/types\/post"}],"author":[{"embeddable":true,"href":"https:\/\/www.noticiasradioreflejos.com.ar\/2021\/wp-json\/wp\/v2\/users\/3"}],"replies":[{"embeddable":true,"href":"https:\/\/www.noticiasradioreflejos.com.ar\/2021\/wp-json\/wp\/v2\/comments?post=34428"}],"version-history":[{"count":0,"href":"https:\/\/www.noticiasradioreflejos.com.ar\/2021\/wp-json\/wp\/v2\/posts\/34428\/revisions"}],"wp:attachment":[{"href":"https:\/\/www.noticiasradioreflejos.com.ar\/2021\/wp-json\/wp\/v2\/media?parent=34428"}],"wp:term":[{"taxonomy":"category","embeddable":true,"href":"https:\/\/www.noticiasradioreflejos.com.ar\/2021\/wp-json\/wp\/v2\/categories?post=34428"},{"taxonomy":"post_tag","embeddable":true,"href":"https:\/\/www.noticiasradioreflejos.com.ar\/2021\/wp-json\/wp\/v2\/tags?post=34428"}],"curies":[{"name":"wp","href":"https:\/\/api.w.org\/{rel}","templated":true}]}}