{"id":34414,"date":"2019-09-04T10:25:29","date_gmt":"2019-09-04T13:25:29","guid":{"rendered":"http:\/\/www.noticiasradioreflejos.com.ar\/noticias\/?p=34414"},"modified":"2019-09-04T10:25:29","modified_gmt":"2019-09-04T13:25:29","slug":"por-hacer-unacto-de-bien-me-salio-todo-mal-luciano-garcia","status":"publish","type":"post","link":"https:\/\/www.noticiasradioreflejos.com.ar\/2021\/por-hacer-unacto-de-bien-me-salio-todo-mal-luciano-garcia\/","title":{"rendered":"&quot;Por hacer un acto de bi\u00e9n, me sali\u00f3 todo mal&quot;  &#8211; Luciano Garc\u00eda."},"content":{"rendered":"<p>Un vecino de Sierra de la Ventana, haciendo tr\u00e1mites en el municipio de Bah\u00eda Blanca, encontr\u00f3 una mochila con dinero, la devolvi\u00f3 a su due\u00f1a y termin\u00f3 escrachado hasta por el propio intendente bahiense.<!--more--><br \/>\nLuciano Jorge Garc\u00eda, relata los hechos sucedidos durante la ma\u00f1ana de este martes 3 de septiembre, cuando en el sector de recaudaciones de la Municipalidad de Bah\u00eda Blanca, encuentra una mochila sobre un sill\u00f3n, contact\u00f3 a su propietaria y se la entreg\u00f3 con todo el contenido, que inclu\u00eda 25 mil pesos, a su propietaria en la Comisar\u00eda 1ra.<br \/>\nLos medios Bahienses y hasta el propio Hector Gay publicaron que fu\u00e9 un robo. Finalmente, los medios se retractaron. Pero Gay no di\u00f3 respuestas.<br \/>\n\u00abHice un acto de buena fe, un acto de bi\u00e9n y termin\u00f3 saliendo el tiro por la culata\u00bb enfatiz\u00f3 Luciano durante la nota realizada en los estudios de FM Reflejos.<br \/>\n\u00abEsto me perjudica, porque yo trabajo con alquiler de caba\u00f1as y todo el mundo me conoce\u00bb dijo Garc\u00eda, admitiendo que en los medios el hecho se rectific\u00f3 pasadas las horas.<br \/>\n\u00abEl Intendente Gay es el \u00fanico que no cambi\u00f3 su comentario, a pesar que sali\u00f3 en Canal 9 de Bah\u00eda Blanca y en medios nacionales\u00bb manifest\u00f3 Luciano.<br \/>\n<iframe loading=\"lazy\" src=\"https:\/\/w.soundcloud.com\/player\/?url=https%3A\/\/api.soundcloud.com\/tracks\/676201451&amp;color=%23ff5500&amp;auto_play=false&amp;hide_related=false&amp;show_comments=true&amp;show_user=true&amp;show_reposts=false&amp;show_teaser=true\" width=\"100%\" height=\"166\" frameborder=\"no\" scrolling=\"no\"><\/iframe><br \/>\n<strong>Nota de Lanueva.com<\/strong><br \/>\nLas c\u00e1maras de seguridad de la Municipalidad captaron esta ma\u00f1ana a un hombre que se llev\u00f3 una mochila que ten\u00eda 25.000 pesos.<br \/>\nA pesar de que en un primer momento se pens\u00f3 que era un robo, la historia tuvo un final fue muy diferente.<br \/>\nEl joven involucrado, Luciano Jorge Garc\u00eda, contact\u00f3 a la due\u00f1a por las redes sociales y se encontr\u00f3 con ella para devolverle la mochila con todas sus pertenencias.<br \/>\nEl hecho ocurri\u00f3 esta ma\u00f1ana cuando una mujer apoy\u00f3 su mochila en un banco del sector de tr\u00e1mites del Palacio Municipal y una persona pas\u00f3 y la agarr\u00f3, al ver que estaba sola.<br \/>\nNo obstante, desde la comisar\u00eda Primera le informaron esta tarde a La Nueva. que el joven le devolvi\u00f3 la mochila a su due\u00f1a y que la denuncia se hab\u00eda dado de baja.<br \/>\n<iframe loading=\"lazy\" src=\"https:\/\/www.youtube.com\/embed\/aTdqk_p7Ghc\" width=\"560\" height=\"315\" frameborder=\"0\" allowfullscreen=\"allowfullscreen\"><\/iframe><\/p>\n","protected":false},"excerpt":{"rendered":"<p>Un vecino de Sierra de la Ventana, haciendo tr\u00e1mites en el municipio de Bah\u00eda Blanca, encontr\u00f3 una mochila con dinero, la devolvi\u00f3 a su due\u00f1a y termin\u00f3 escrachado hasta por el propio intendente bahiense.<\/p>\n","protected":false},"author":3,"featured_media":0,"comment_status":"closed","ping_status":"open","sticky":false,"template":"","format":"standard","meta":{"footnotes":""},"categories":[29],"tags":[],"class_list":["post-34414","post","type-post","status-publish","format-standard","hentry","category-policiales"],"yoast_head":"<!-- This site is optimized with the Yoast SEO plugin v25.9 - https:\/\/yoast.com\/wordpress\/plugins\/seo\/ -->\n<title>&quot;Por hacer un acto de bi\u00e9n, me sali\u00f3 todo mal&quot; - Luciano Garc\u00eda. - Noticias Radio Reflejos<\/title>\n<meta name=\"robots\" content=\"index, follow, max-snippet:-1, max-image-preview:large, max-video-preview:-1\" \/>\n<link rel=\"canonical\" href=\"https:\/\/www.noticiasradioreflejos.com.ar\/2021\/por-hacer-unacto-de-bien-me-salio-todo-mal-luciano-garcia\/\" \/>\n<meta property=\"og:locale\" content=\"es_ES\" \/>\n<meta property=\"og:type\" content=\"article\" \/>\n<meta property=\"og:title\" content=\"&quot;Por hacer un acto de bi\u00e9n, me sali\u00f3 todo mal&quot; - Luciano Garc\u00eda. - Noticias Radio Reflejos\" \/>\n<meta property=\"og:description\" content=\"Un vecino de Sierra de la Ventana, haciendo tr\u00e1mites en el municipio de Bah\u00eda Blanca, encontr\u00f3 una mochila con dinero, la devolvi\u00f3 a su due\u00f1a y termin\u00f3 escrachado hasta por el propio intendente bahiense.\" \/>\n<meta property=\"og:url\" content=\"https:\/\/www.noticiasradioreflejos.com.ar\/2021\/por-hacer-unacto-de-bien-me-salio-todo-mal-luciano-garcia\/\" \/>\n<meta property=\"og:site_name\" content=\"Noticias Radio Reflejos\" \/>\n<meta property=\"article:published_time\" content=\"2019-09-04T13:25:29+00:00\" \/>\n<meta property=\"og:image\" content=\"https:\/\/www.noticiasradioreflejos.com.ar\/2021\/wp-content\/uploads\/2021\/07\/logosol300x200.png\" \/>\n\t<meta property=\"og:image:width\" content=\"300\" \/>\n\t<meta property=\"og:image:height\" content=\"200\" \/>\n\t<meta property=\"og:image:type\" content=\"image\/png\" \/>\n<meta name=\"author\" content=\"Arnaldo Botto\" \/>\n<meta name=\"twitter:card\" content=\"summary_large_image\" \/>\n<script type=\"application\/ld+json\" class=\"yoast-schema-graph\">{\"@context\":\"https:\/\/schema.org\",\"@graph\":[{\"@type\":\"WebPage\",\"@id\":\"https:\/\/www.noticiasradioreflejos.com.ar\/2021\/por-hacer-unacto-de-bien-me-salio-todo-mal-luciano-garcia\/\",\"url\":\"https:\/\/www.noticiasradioreflejos.com.ar\/2021\/por-hacer-unacto-de-bien-me-salio-todo-mal-luciano-garcia\/\",\"name\":\"&quot;Por hacer un acto de bi\u00e9n, me sali\u00f3 todo mal&quot; - Luciano Garc\u00eda. - Noticias Radio Reflejos\",\"isPartOf\":{\"@id\":\"https:\/\/www.noticiasradioreflejos.com.ar\/2021\/#website\"},\"datePublished\":\"2019-09-04T13:25:29+00:00\",\"author\":{\"@id\":\"https:\/\/www.noticiasradioreflejos.com.ar\/2021\/#\/schema\/person\/ad82545263dcc5ec0996818884fd5fb1\"},\"breadcrumb\":{\"@id\":\"https:\/\/www.noticiasradioreflejos.com.ar\/2021\/por-hacer-unacto-de-bien-me-salio-todo-mal-luciano-garcia\/#breadcrumb\"},\"inLanguage\":\"es\",\"potentialAction\":[{\"@type\":\"ReadAction\",\"target\":[\"https:\/\/www.noticiasradioreflejos.com.ar\/2021\/por-hacer-unacto-de-bien-me-salio-todo-mal-luciano-garcia\/\"]}]},{\"@type\":\"BreadcrumbList\",\"@id\":\"https:\/\/www.noticiasradioreflejos.com.ar\/2021\/por-hacer-unacto-de-bien-me-salio-todo-mal-luciano-garcia\/#breadcrumb\",\"itemListElement\":[{\"@type\":\"ListItem\",\"position\":1,\"name\":\"Portada\",\"item\":\"https:\/\/www.noticiasradioreflejos.com.ar\/2021\/\"},{\"@type\":\"ListItem\",\"position\":2,\"name\":\"&quot;Por hacer un acto de bi\u00e9n, me sali\u00f3 todo mal&quot; &#8211; Luciano Garc\u00eda.\"}]},{\"@type\":\"WebSite\",\"@id\":\"https:\/\/www.noticiasradioreflejos.com.ar\/2021\/#website\",\"url\":\"https:\/\/www.noticiasradioreflejos.com.ar\/2021\/\",\"name\":\"Noticias Radio Reflejos\",\"description\":\"Las noticias de mi comarca\",\"potentialAction\":[{\"@type\":\"SearchAction\",\"target\":{\"@type\":\"EntryPoint\",\"urlTemplate\":\"https:\/\/www.noticiasradioreflejos.com.ar\/2021\/?s={search_term_string}\"},\"query-input\":{\"@type\":\"PropertyValueSpecification\",\"valueRequired\":true,\"valueName\":\"search_term_string\"}}],\"inLanguage\":\"es\"},{\"@type\":\"Person\",\"@id\":\"https:\/\/www.noticiasradioreflejos.com.ar\/2021\/#\/schema\/person\/ad82545263dcc5ec0996818884fd5fb1\",\"name\":\"Arnaldo Botto\",\"image\":{\"@type\":\"ImageObject\",\"inLanguage\":\"es\",\"@id\":\"https:\/\/www.noticiasradioreflejos.com.ar\/2021\/#\/schema\/person\/image\/\",\"url\":\"https:\/\/secure.gravatar.com\/avatar\/55cb5e37c1efa326397366e6974cb338056df65cb50e7d64d1cf314e87504837?s=96&d=mm&r=g\",\"contentUrl\":\"https:\/\/secure.gravatar.com\/avatar\/55cb5e37c1efa326397366e6974cb338056df65cb50e7d64d1cf314e87504837?s=96&d=mm&r=g\",\"caption\":\"Arnaldo Botto\"},\"url\":\"https:\/\/www.noticiasradioreflejos.com.ar\/2021\/author\/arnaldo\/\"}]}<\/script>\n<!-- \/ Yoast SEO plugin. -->","yoast_head_json":{"title":"&quot;Por hacer un acto de bi\u00e9n, me sali\u00f3 todo mal&quot; - Luciano Garc\u00eda. - Noticias Radio Reflejos","robots":{"index":"index","follow":"follow","max-snippet":"max-snippet:-1","max-image-preview":"max-image-preview:large","max-video-preview":"max-video-preview:-1"},"canonical":"https:\/\/www.noticiasradioreflejos.com.ar\/2021\/por-hacer-unacto-de-bien-me-salio-todo-mal-luciano-garcia\/","og_locale":"es_ES","og_type":"article","og_title":"&quot;Por hacer un acto de bi\u00e9n, me sali\u00f3 todo mal&quot; - Luciano Garc\u00eda. - Noticias Radio Reflejos","og_description":"Un vecino de Sierra de la Ventana, haciendo tr\u00e1mites en el municipio de Bah\u00eda Blanca, encontr\u00f3 una mochila con dinero, la devolvi\u00f3 a su due\u00f1a y termin\u00f3 escrachado hasta por el propio intendente bahiense.","og_url":"https:\/\/www.noticiasradioreflejos.com.ar\/2021\/por-hacer-unacto-de-bien-me-salio-todo-mal-luciano-garcia\/","og_site_name":"Noticias Radio Reflejos","article_published_time":"2019-09-04T13:25:29+00:00","og_image":[{"width":300,"height":200,"url":"https:\/\/www.noticiasradioreflejos.com.ar\/2021\/wp-content\/uploads\/2021\/07\/logosol300x200.png","type":"image\/png"}],"author":"Arnaldo Botto","twitter_card":"summary_large_image","schema":{"@context":"https:\/\/schema.org","@graph":[{"@type":"WebPage","@id":"https:\/\/www.noticiasradioreflejos.com.ar\/2021\/por-hacer-unacto-de-bien-me-salio-todo-mal-luciano-garcia\/","url":"https:\/\/www.noticiasradioreflejos.com.ar\/2021\/por-hacer-unacto-de-bien-me-salio-todo-mal-luciano-garcia\/","name":"&quot;Por hacer un acto de bi\u00e9n, me sali\u00f3 todo mal&quot; - Luciano Garc\u00eda. - Noticias Radio Reflejos","isPartOf":{"@id":"https:\/\/www.noticiasradioreflejos.com.ar\/2021\/#website"},"datePublished":"2019-09-04T13:25:29+00:00","author":{"@id":"https:\/\/www.noticiasradioreflejos.com.ar\/2021\/#\/schema\/person\/ad82545263dcc5ec0996818884fd5fb1"},"breadcrumb":{"@id":"https:\/\/www.noticiasradioreflejos.com.ar\/2021\/por-hacer-unacto-de-bien-me-salio-todo-mal-luciano-garcia\/#breadcrumb"},"inLanguage":"es","potentialAction":[{"@type":"ReadAction","target":["https:\/\/www.noticiasradioreflejos.com.ar\/2021\/por-hacer-unacto-de-bien-me-salio-todo-mal-luciano-garcia\/"]}]},{"@type":"BreadcrumbList","@id":"https:\/\/www.noticiasradioreflejos.com.ar\/2021\/por-hacer-unacto-de-bien-me-salio-todo-mal-luciano-garcia\/#breadcrumb","itemListElement":[{"@type":"ListItem","position":1,"name":"Portada","item":"https:\/\/www.noticiasradioreflejos.com.ar\/2021\/"},{"@type":"ListItem","position":2,"name":"&quot;Por hacer un acto de bi\u00e9n, me sali\u00f3 todo mal&quot; &#8211; Luciano Garc\u00eda."}]},{"@type":"WebSite","@id":"https:\/\/www.noticiasradioreflejos.com.ar\/2021\/#website","url":"https:\/\/www.noticiasradioreflejos.com.ar\/2021\/","name":"Noticias Radio Reflejos","description":"Las noticias de mi comarca","potentialAction":[{"@type":"SearchAction","target":{"@type":"EntryPoint","urlTemplate":"https:\/\/www.noticiasradioreflejos.com.ar\/2021\/?s={search_term_string}"},"query-input":{"@type":"PropertyValueSpecification","valueRequired":true,"valueName":"search_term_string"}}],"inLanguage":"es"},{"@type":"Person","@id":"https:\/\/www.noticiasradioreflejos.com.ar\/2021\/#\/schema\/person\/ad82545263dcc5ec0996818884fd5fb1","name":"Arnaldo Botto","image":{"@type":"ImageObject","inLanguage":"es","@id":"https:\/\/www.noticiasradioreflejos.com.ar\/2021\/#\/schema\/person\/image\/","url":"https:\/\/secure.gravatar.com\/avatar\/55cb5e37c1efa326397366e6974cb338056df65cb50e7d64d1cf314e87504837?s=96&d=mm&r=g","contentUrl":"https:\/\/secure.gravatar.com\/avatar\/55cb5e37c1efa326397366e6974cb338056df65cb50e7d64d1cf314e87504837?s=96&d=mm&r=g","caption":"Arnaldo Botto"},"url":"https:\/\/www.noticiasradioreflejos.com.ar\/2021\/author\/arnaldo\/"}]}},"_links":{"self":[{"href":"https:\/\/www.noticiasradioreflejos.com.ar\/2021\/wp-json\/wp\/v2\/posts\/34414","targetHints":{"allow":["GET"]}}],"collection":[{"href":"https:\/\/www.noticiasradioreflejos.com.ar\/2021\/wp-json\/wp\/v2\/posts"}],"about":[{"href":"https:\/\/www.noticiasradioreflejos.com.ar\/2021\/wp-json\/wp\/v2\/types\/post"}],"author":[{"embeddable":true,"href":"https:\/\/www.noticiasradioreflejos.com.ar\/2021\/wp-json\/wp\/v2\/users\/3"}],"replies":[{"embeddable":true,"href":"https:\/\/www.noticiasradioreflejos.com.ar\/2021\/wp-json\/wp\/v2\/comments?post=34414"}],"version-history":[{"count":0,"href":"https:\/\/www.noticiasradioreflejos.com.ar\/2021\/wp-json\/wp\/v2\/posts\/34414\/revisions"}],"wp:attachment":[{"href":"https:\/\/www.noticiasradioreflejos.com.ar\/2021\/wp-json\/wp\/v2\/media?parent=34414"}],"wp:term":[{"taxonomy":"category","embeddable":true,"href":"https:\/\/www.noticiasradioreflejos.com.ar\/2021\/wp-json\/wp\/v2\/categories?post=34414"},{"taxonomy":"post_tag","embeddable":true,"href":"https:\/\/www.noticiasradioreflejos.com.ar\/2021\/wp-json\/wp\/v2\/tags?post=34414"}],"curies":[{"name":"wp","href":"https:\/\/api.w.org\/{rel}","templated":true}]}}