{"id":34398,"date":"2019-09-04T07:52:13","date_gmt":"2019-09-04T10:52:13","guid":{"rendered":"http:\/\/www.noticiasradioreflejos.com.ar\/noticias\/?p=34398"},"modified":"2019-09-04T07:52:13","modified_gmt":"2019-09-04T10:52:13","slug":"los-jabalies-vivieron-un-dia-historico","status":"publish","type":"post","link":"https:\/\/www.noticiasradioreflejos.com.ar\/2021\/los-jabalies-vivieron-un-dia-historico\/","title":{"rendered":"Los Jabal\u00edes vivieron un d\u00eda hist\u00f3rico"},"content":{"rendered":"<p>Un hito en la historia del Automoto Club Deportivo y en el deporte de nuestro distrito qued\u00f3 marcado a fuego el pasado domingo: el equipo de rugby de la instituci\u00f3n, Los Jabal\u00edes, hizo su debut en un torneo oficial organizado por la Uni\u00f3n de Rugby del Sur (URS).<!--more--><br \/>\nNo fue un d\u00eda m\u00e1s. No caben dudas de eso. Fue el comienzo de una etapa diferente, que permitir\u00e1 desarrollar la actividad y afrontar nuevos desaf\u00edos.<br \/>\nEn el marco de la programaci\u00f3n inaugural del Campeonato de Mayores Desarrollo G3, Automoto cay\u00f3 frente a Punta Alta RC por 65 a 0. El resultado es por dem\u00e1s anecd\u00f3tico, teniendo en cuenta que se trata del inicio.<br \/>\nAutomoto, que es dirigido por Hugo Dorregaray, estuvo integrado por Juan Delpino, Exequiel Pr\u00f3speri, Emiliano Gim\u00e9nez, Jonatan Urquiza, Marcos Benzi, Nicol\u00e1s Lucero, Bruno Vertiz, Miguel Olmedo, Lucas Larralde, Nicol\u00e1s S\u00e1nchez, Cristian Gallardo, Sergio Molina, Iv\u00e1n Villarreal, \u00c1ngel Ortiz, Segundo Olmedo, Bruno Bustos, Enzo Soto, Alan Olivera, Carlos Dorregaray, Daniel Ortiz, Braian Garrido, Pedro Ben\u00edtez, Jos\u00e9 Luis Iommi, M\u00fcller Tob\u00edas y Juli Iriarte. El asistente t\u00e9cnico es Abel Arias.<br \/>\nEl pr\u00f3ximo domingo, el Rojo recibir\u00e1 la visita de Club Sarmiento de Pig\u00fc\u00e9.<br \/>\n<a href=\"https:\/\/www.facebook.com\/pg\/automototornquist\/photos\/?tab=album&amp;album_id=2612372618782728\"><strong>Alb\u00fam de fotos:\u00a0<\/strong><\/a><br \/>\n<strong>Departamento de Prensa \u2013 Automoto Club Deportivo<\/strong><br \/>\n<strong> www.clubautomotopasion.com.ar<\/strong><br \/>\n<strong> Facebook: \/automototornquist<\/strong><br \/>\n<strong> Twitter: @ClubAutomoto<\/strong><br \/>\n<strong> YouTube: acdtvideos<\/strong><\/p>\n","protected":false},"excerpt":{"rendered":"<p>Un hito en la historia del Automoto Club Deportivo y en el deporte de nuestro distrito qued\u00f3 marcado a fuego el pasado domingo: el equipo de rugby de la instituci\u00f3n, Los Jabal\u00edes, hizo su debut en un torneo oficial organizado por la Uni\u00f3n de Rugby del Sur (URS).<\/p>\n","protected":false},"author":3,"featured_media":0,"comment_status":"closed","ping_status":"open","sticky":false,"template":"","format":"standard","meta":{"footnotes":""},"categories":[27],"tags":[],"class_list":["post-34398","post","type-post","status-publish","format-standard","hentry","category-deportes"],"yoast_head":"<!-- This site is optimized with the Yoast SEO plugin v25.9 - https:\/\/yoast.com\/wordpress\/plugins\/seo\/ -->\n<title>Los Jabal\u00edes vivieron un d\u00eda hist\u00f3rico - Noticias Radio Reflejos<\/title>\n<meta name=\"robots\" content=\"index, follow, max-snippet:-1, max-image-preview:large, max-video-preview:-1\" \/>\n<link rel=\"canonical\" href=\"https:\/\/www.noticiasradioreflejos.com.ar\/2021\/los-jabalies-vivieron-un-dia-historico\/\" \/>\n<meta property=\"og:locale\" content=\"es_ES\" \/>\n<meta property=\"og:type\" content=\"article\" \/>\n<meta property=\"og:title\" content=\"Los Jabal\u00edes vivieron un d\u00eda hist\u00f3rico - Noticias Radio Reflejos\" \/>\n<meta property=\"og:description\" content=\"Un hito en la historia del Automoto Club Deportivo y en el deporte de nuestro distrito qued\u00f3 marcado a fuego el pasado domingo: el equipo de rugby de la instituci\u00f3n, Los Jabal\u00edes, hizo su debut en un torneo oficial organizado por la Uni\u00f3n de Rugby del Sur (URS).\" \/>\n<meta property=\"og:url\" content=\"https:\/\/www.noticiasradioreflejos.com.ar\/2021\/los-jabalies-vivieron-un-dia-historico\/\" \/>\n<meta property=\"og:site_name\" content=\"Noticias Radio Reflejos\" \/>\n<meta property=\"article:published_time\" content=\"2019-09-04T10:52:13+00:00\" \/>\n<meta property=\"og:image\" content=\"https:\/\/www.noticiasradioreflejos.com.ar\/2021\/wp-content\/uploads\/2021\/07\/logosol300x200.png\" \/>\n\t<meta property=\"og:image:width\" content=\"300\" \/>\n\t<meta property=\"og:image:height\" content=\"200\" \/>\n\t<meta property=\"og:image:type\" content=\"image\/png\" \/>\n<meta name=\"author\" content=\"Arnaldo Botto\" \/>\n<meta name=\"twitter:card\" content=\"summary_large_image\" \/>\n<script type=\"application\/ld+json\" class=\"yoast-schema-graph\">{\"@context\":\"https:\/\/schema.org\",\"@graph\":[{\"@type\":\"WebPage\",\"@id\":\"https:\/\/www.noticiasradioreflejos.com.ar\/2021\/los-jabalies-vivieron-un-dia-historico\/\",\"url\":\"https:\/\/www.noticiasradioreflejos.com.ar\/2021\/los-jabalies-vivieron-un-dia-historico\/\",\"name\":\"Los Jabal\u00edes vivieron un d\u00eda hist\u00f3rico - Noticias Radio Reflejos\",\"isPartOf\":{\"@id\":\"https:\/\/www.noticiasradioreflejos.com.ar\/2021\/#website\"},\"datePublished\":\"2019-09-04T10:52:13+00:00\",\"author\":{\"@id\":\"https:\/\/www.noticiasradioreflejos.com.ar\/2021\/#\/schema\/person\/ad82545263dcc5ec0996818884fd5fb1\"},\"breadcrumb\":{\"@id\":\"https:\/\/www.noticiasradioreflejos.com.ar\/2021\/los-jabalies-vivieron-un-dia-historico\/#breadcrumb\"},\"inLanguage\":\"es\",\"potentialAction\":[{\"@type\":\"ReadAction\",\"target\":[\"https:\/\/www.noticiasradioreflejos.com.ar\/2021\/los-jabalies-vivieron-un-dia-historico\/\"]}]},{\"@type\":\"BreadcrumbList\",\"@id\":\"https:\/\/www.noticiasradioreflejos.com.ar\/2021\/los-jabalies-vivieron-un-dia-historico\/#breadcrumb\",\"itemListElement\":[{\"@type\":\"ListItem\",\"position\":1,\"name\":\"Portada\",\"item\":\"https:\/\/www.noticiasradioreflejos.com.ar\/2021\/\"},{\"@type\":\"ListItem\",\"position\":2,\"name\":\"Los Jabal\u00edes vivieron un d\u00eda hist\u00f3rico\"}]},{\"@type\":\"WebSite\",\"@id\":\"https:\/\/www.noticiasradioreflejos.com.ar\/2021\/#website\",\"url\":\"https:\/\/www.noticiasradioreflejos.com.ar\/2021\/\",\"name\":\"Noticias Radio Reflejos\",\"description\":\"Las noticias de mi comarca\",\"potentialAction\":[{\"@type\":\"SearchAction\",\"target\":{\"@type\":\"EntryPoint\",\"urlTemplate\":\"https:\/\/www.noticiasradioreflejos.com.ar\/2021\/?s={search_term_string}\"},\"query-input\":{\"@type\":\"PropertyValueSpecification\",\"valueRequired\":true,\"valueName\":\"search_term_string\"}}],\"inLanguage\":\"es\"},{\"@type\":\"Person\",\"@id\":\"https:\/\/www.noticiasradioreflejos.com.ar\/2021\/#\/schema\/person\/ad82545263dcc5ec0996818884fd5fb1\",\"name\":\"Arnaldo Botto\",\"image\":{\"@type\":\"ImageObject\",\"inLanguage\":\"es\",\"@id\":\"https:\/\/www.noticiasradioreflejos.com.ar\/2021\/#\/schema\/person\/image\/\",\"url\":\"https:\/\/secure.gravatar.com\/avatar\/55cb5e37c1efa326397366e6974cb338056df65cb50e7d64d1cf314e87504837?s=96&d=mm&r=g\",\"contentUrl\":\"https:\/\/secure.gravatar.com\/avatar\/55cb5e37c1efa326397366e6974cb338056df65cb50e7d64d1cf314e87504837?s=96&d=mm&r=g\",\"caption\":\"Arnaldo Botto\"},\"url\":\"https:\/\/www.noticiasradioreflejos.com.ar\/2021\/author\/arnaldo\/\"}]}<\/script>\n<!-- \/ Yoast SEO plugin. -->","yoast_head_json":{"title":"Los Jabal\u00edes vivieron un d\u00eda hist\u00f3rico - Noticias Radio Reflejos","robots":{"index":"index","follow":"follow","max-snippet":"max-snippet:-1","max-image-preview":"max-image-preview:large","max-video-preview":"max-video-preview:-1"},"canonical":"https:\/\/www.noticiasradioreflejos.com.ar\/2021\/los-jabalies-vivieron-un-dia-historico\/","og_locale":"es_ES","og_type":"article","og_title":"Los Jabal\u00edes vivieron un d\u00eda hist\u00f3rico - Noticias Radio Reflejos","og_description":"Un hito en la historia del Automoto Club Deportivo y en el deporte de nuestro distrito qued\u00f3 marcado a fuego el pasado domingo: el equipo de rugby de la instituci\u00f3n, Los Jabal\u00edes, hizo su debut en un torneo oficial organizado por la Uni\u00f3n de Rugby del Sur (URS).","og_url":"https:\/\/www.noticiasradioreflejos.com.ar\/2021\/los-jabalies-vivieron-un-dia-historico\/","og_site_name":"Noticias Radio Reflejos","article_published_time":"2019-09-04T10:52:13+00:00","og_image":[{"width":300,"height":200,"url":"https:\/\/www.noticiasradioreflejos.com.ar\/2021\/wp-content\/uploads\/2021\/07\/logosol300x200.png","type":"image\/png"}],"author":"Arnaldo Botto","twitter_card":"summary_large_image","schema":{"@context":"https:\/\/schema.org","@graph":[{"@type":"WebPage","@id":"https:\/\/www.noticiasradioreflejos.com.ar\/2021\/los-jabalies-vivieron-un-dia-historico\/","url":"https:\/\/www.noticiasradioreflejos.com.ar\/2021\/los-jabalies-vivieron-un-dia-historico\/","name":"Los Jabal\u00edes vivieron un d\u00eda hist\u00f3rico - Noticias Radio Reflejos","isPartOf":{"@id":"https:\/\/www.noticiasradioreflejos.com.ar\/2021\/#website"},"datePublished":"2019-09-04T10:52:13+00:00","author":{"@id":"https:\/\/www.noticiasradioreflejos.com.ar\/2021\/#\/schema\/person\/ad82545263dcc5ec0996818884fd5fb1"},"breadcrumb":{"@id":"https:\/\/www.noticiasradioreflejos.com.ar\/2021\/los-jabalies-vivieron-un-dia-historico\/#breadcrumb"},"inLanguage":"es","potentialAction":[{"@type":"ReadAction","target":["https:\/\/www.noticiasradioreflejos.com.ar\/2021\/los-jabalies-vivieron-un-dia-historico\/"]}]},{"@type":"BreadcrumbList","@id":"https:\/\/www.noticiasradioreflejos.com.ar\/2021\/los-jabalies-vivieron-un-dia-historico\/#breadcrumb","itemListElement":[{"@type":"ListItem","position":1,"name":"Portada","item":"https:\/\/www.noticiasradioreflejos.com.ar\/2021\/"},{"@type":"ListItem","position":2,"name":"Los Jabal\u00edes vivieron un d\u00eda hist\u00f3rico"}]},{"@type":"WebSite","@id":"https:\/\/www.noticiasradioreflejos.com.ar\/2021\/#website","url":"https:\/\/www.noticiasradioreflejos.com.ar\/2021\/","name":"Noticias Radio Reflejos","description":"Las noticias de mi comarca","potentialAction":[{"@type":"SearchAction","target":{"@type":"EntryPoint","urlTemplate":"https:\/\/www.noticiasradioreflejos.com.ar\/2021\/?s={search_term_string}"},"query-input":{"@type":"PropertyValueSpecification","valueRequired":true,"valueName":"search_term_string"}}],"inLanguage":"es"},{"@type":"Person","@id":"https:\/\/www.noticiasradioreflejos.com.ar\/2021\/#\/schema\/person\/ad82545263dcc5ec0996818884fd5fb1","name":"Arnaldo Botto","image":{"@type":"ImageObject","inLanguage":"es","@id":"https:\/\/www.noticiasradioreflejos.com.ar\/2021\/#\/schema\/person\/image\/","url":"https:\/\/secure.gravatar.com\/avatar\/55cb5e37c1efa326397366e6974cb338056df65cb50e7d64d1cf314e87504837?s=96&d=mm&r=g","contentUrl":"https:\/\/secure.gravatar.com\/avatar\/55cb5e37c1efa326397366e6974cb338056df65cb50e7d64d1cf314e87504837?s=96&d=mm&r=g","caption":"Arnaldo Botto"},"url":"https:\/\/www.noticiasradioreflejos.com.ar\/2021\/author\/arnaldo\/"}]}},"_links":{"self":[{"href":"https:\/\/www.noticiasradioreflejos.com.ar\/2021\/wp-json\/wp\/v2\/posts\/34398","targetHints":{"allow":["GET"]}}],"collection":[{"href":"https:\/\/www.noticiasradioreflejos.com.ar\/2021\/wp-json\/wp\/v2\/posts"}],"about":[{"href":"https:\/\/www.noticiasradioreflejos.com.ar\/2021\/wp-json\/wp\/v2\/types\/post"}],"author":[{"embeddable":true,"href":"https:\/\/www.noticiasradioreflejos.com.ar\/2021\/wp-json\/wp\/v2\/users\/3"}],"replies":[{"embeddable":true,"href":"https:\/\/www.noticiasradioreflejos.com.ar\/2021\/wp-json\/wp\/v2\/comments?post=34398"}],"version-history":[{"count":0,"href":"https:\/\/www.noticiasradioreflejos.com.ar\/2021\/wp-json\/wp\/v2\/posts\/34398\/revisions"}],"wp:attachment":[{"href":"https:\/\/www.noticiasradioreflejos.com.ar\/2021\/wp-json\/wp\/v2\/media?parent=34398"}],"wp:term":[{"taxonomy":"category","embeddable":true,"href":"https:\/\/www.noticiasradioreflejos.com.ar\/2021\/wp-json\/wp\/v2\/categories?post=34398"},{"taxonomy":"post_tag","embeddable":true,"href":"https:\/\/www.noticiasradioreflejos.com.ar\/2021\/wp-json\/wp\/v2\/tags?post=34398"}],"curies":[{"name":"wp","href":"https:\/\/api.w.org\/{rel}","templated":true}]}}