{"id":34392,"date":"2019-09-03T14:16:16","date_gmt":"2019-09-03T17:16:16","guid":{"rendered":"http:\/\/www.noticiasradioreflejos.com.ar\/noticias\/?p=34392"},"modified":"2019-09-03T14:16:16","modified_gmt":"2019-09-03T17:16:16","slug":"la-biblioteca-popular-mariano-moreno-convoca-a-asamblea-anual-ordinaria","status":"publish","type":"post","link":"https:\/\/www.noticiasradioreflejos.com.ar\/2021\/la-biblioteca-popular-mariano-moreno-convoca-a-asamblea-anual-ordinaria\/","title":{"rendered":"La Biblioteca popular Mariano Moreno Convoca a Asamblea Anual Ordinaria."},"content":{"rendered":"<p>La Comisi\u00f3n Directiva de la BIBLIOTECA POPULAR MARIANO MORENO, con domicilio en calle Alberdi 70 de la Localidad de Sierra de la Ventana, partido de Tornquist, convoca a los Se\u00f1ores Socios a la Asamblea General Ordinaria a celebrarse en su sede el d\u00eda martes 24 de Septiembre del 2019, a las 19 Hs. en primera convocatoria y una hora despu\u00e9s en segunda convocatoria, para considerar el siguiente:<!--more--><br \/>\nOrden del D\u00eda<br \/>\n1. Elecci\u00f3n de dos socios para firmar el acta, juntamente con el Presidente y el Secretario.-<br \/>\n2. Lectura y aprobaci\u00f3n de la Memoria, Informe de la Comisi\u00f3n Revisora de Cuentas y Balance correspondientes al ejercicio anual finalizado el 30 de Junio de 2019.-<br \/>\n3. Renovaci\u00f3n de la Comisi\u00f3n Directiva:<br \/>\nPor 2 (dos) a\u00f1os, debiendo elegirse: VicePresidente, ProSecretario, ProTesorero, Vocal Titular 2*, Vocal Suplente 1* y Revisores de Cuentas Titular 1* y Suplente, por finalizaci\u00f3n de mandato.<br \/>\nPor 1 (un) a\u00f1o, debiendo elegirse: Presidente, Secretario y Revisor de Cuentas Titular 2* (por renuncias), todo conforme al Art\u00edculo 10* del Estatuto Social.-<br \/>\n&nbsp;<br \/>\n&nbsp;<br \/>\n<strong>Clarisa Lunansky\u00a0 \u00a0 \u00a0 \u00a0 \u00a0 \u00a0 \u00a0 \u00a0 \u00a0 \u00a0 \u00a0 \u00a0 \u00a0 \u00a0 \u00a0 \u00a0 \u00a0 \u00a0Alicia Mazzeo <\/strong><br \/>\n<strong>Secretaria\u00a0 \u00a0 \u00a0 \u00a0 \u00a0 \u00a0 \u00a0 \u00a0 \u00a0 \u00a0 \u00a0 \u00a0 \u00a0 \u00a0 \u00a0 \u00a0 \u00a0 \u00a0 \u00a0 \u00a0 \u00a0 \u00a0 \u00a0 \u00a0 \u00a0 \u00a0 \u00a0 Presidente<\/strong><\/p>\n","protected":false},"excerpt":{"rendered":"<p>La Comisi\u00f3n Directiva de la BIBLIOTECA POPULAR MARIANO MORENO, con domicilio en calle Alberdi 70 de la Localidad de Sierra de la Ventana, partido de Tornquist, convoca a los Se\u00f1ores Socios a la Asamblea General Ordinaria a celebrarse en su sede el d\u00eda martes 24 de Septiembre del 2019, a las 19 Hs. en primera [&hellip;]<\/p>\n","protected":false},"author":3,"featured_media":0,"comment_status":"closed","ping_status":"open","sticky":false,"template":"","format":"standard","meta":{"footnotes":""},"categories":[26],"tags":[],"class_list":["post-34392","post","type-post","status-publish","format-standard","hentry","category-sociedad"],"yoast_head":"<!-- This site is optimized with the Yoast SEO plugin v25.9 - https:\/\/yoast.com\/wordpress\/plugins\/seo\/ -->\n<title>La Biblioteca popular Mariano Moreno Convoca a Asamblea Anual Ordinaria. - Noticias Radio Reflejos<\/title>\n<meta name=\"robots\" content=\"index, follow, max-snippet:-1, max-image-preview:large, max-video-preview:-1\" \/>\n<link rel=\"canonical\" href=\"https:\/\/www.noticiasradioreflejos.com.ar\/2021\/la-biblioteca-popular-mariano-moreno-convoca-a-asamblea-anual-ordinaria\/\" \/>\n<meta property=\"og:locale\" content=\"es_ES\" \/>\n<meta property=\"og:type\" content=\"article\" \/>\n<meta property=\"og:title\" content=\"La Biblioteca popular Mariano Moreno Convoca a Asamblea Anual Ordinaria. - Noticias Radio Reflejos\" \/>\n<meta property=\"og:description\" content=\"La Comisi\u00f3n Directiva de la BIBLIOTECA POPULAR MARIANO MORENO, con domicilio en calle Alberdi 70 de la Localidad de Sierra de la Ventana, partido de Tornquist, convoca a los Se\u00f1ores Socios a la Asamblea General Ordinaria a celebrarse en su sede el d\u00eda martes 24 de Septiembre del 2019, a las 19 Hs. en primera [&hellip;]\" \/>\n<meta property=\"og:url\" content=\"https:\/\/www.noticiasradioreflejos.com.ar\/2021\/la-biblioteca-popular-mariano-moreno-convoca-a-asamblea-anual-ordinaria\/\" \/>\n<meta property=\"og:site_name\" content=\"Noticias Radio Reflejos\" \/>\n<meta property=\"article:published_time\" content=\"2019-09-03T17:16:16+00:00\" \/>\n<meta property=\"og:image\" content=\"https:\/\/www.noticiasradioreflejos.com.ar\/2021\/wp-content\/uploads\/2021\/07\/logosol300x200.png\" \/>\n\t<meta property=\"og:image:width\" content=\"300\" \/>\n\t<meta property=\"og:image:height\" content=\"200\" \/>\n\t<meta property=\"og:image:type\" content=\"image\/png\" \/>\n<meta name=\"author\" content=\"Arnaldo Botto\" \/>\n<meta name=\"twitter:card\" content=\"summary_large_image\" \/>\n<script type=\"application\/ld+json\" class=\"yoast-schema-graph\">{\"@context\":\"https:\/\/schema.org\",\"@graph\":[{\"@type\":\"WebPage\",\"@id\":\"https:\/\/www.noticiasradioreflejos.com.ar\/2021\/la-biblioteca-popular-mariano-moreno-convoca-a-asamblea-anual-ordinaria\/\",\"url\":\"https:\/\/www.noticiasradioreflejos.com.ar\/2021\/la-biblioteca-popular-mariano-moreno-convoca-a-asamblea-anual-ordinaria\/\",\"name\":\"La Biblioteca popular Mariano Moreno Convoca a Asamblea Anual Ordinaria. - Noticias Radio Reflejos\",\"isPartOf\":{\"@id\":\"https:\/\/www.noticiasradioreflejos.com.ar\/2021\/#website\"},\"datePublished\":\"2019-09-03T17:16:16+00:00\",\"author\":{\"@id\":\"https:\/\/www.noticiasradioreflejos.com.ar\/2021\/#\/schema\/person\/ad82545263dcc5ec0996818884fd5fb1\"},\"breadcrumb\":{\"@id\":\"https:\/\/www.noticiasradioreflejos.com.ar\/2021\/la-biblioteca-popular-mariano-moreno-convoca-a-asamblea-anual-ordinaria\/#breadcrumb\"},\"inLanguage\":\"es\",\"potentialAction\":[{\"@type\":\"ReadAction\",\"target\":[\"https:\/\/www.noticiasradioreflejos.com.ar\/2021\/la-biblioteca-popular-mariano-moreno-convoca-a-asamblea-anual-ordinaria\/\"]}]},{\"@type\":\"BreadcrumbList\",\"@id\":\"https:\/\/www.noticiasradioreflejos.com.ar\/2021\/la-biblioteca-popular-mariano-moreno-convoca-a-asamblea-anual-ordinaria\/#breadcrumb\",\"itemListElement\":[{\"@type\":\"ListItem\",\"position\":1,\"name\":\"Portada\",\"item\":\"https:\/\/www.noticiasradioreflejos.com.ar\/2021\/\"},{\"@type\":\"ListItem\",\"position\":2,\"name\":\"La Biblioteca popular Mariano Moreno Convoca a Asamblea Anual Ordinaria.\"}]},{\"@type\":\"WebSite\",\"@id\":\"https:\/\/www.noticiasradioreflejos.com.ar\/2021\/#website\",\"url\":\"https:\/\/www.noticiasradioreflejos.com.ar\/2021\/\",\"name\":\"Noticias Radio Reflejos\",\"description\":\"Las noticias de mi comarca\",\"potentialAction\":[{\"@type\":\"SearchAction\",\"target\":{\"@type\":\"EntryPoint\",\"urlTemplate\":\"https:\/\/www.noticiasradioreflejos.com.ar\/2021\/?s={search_term_string}\"},\"query-input\":{\"@type\":\"PropertyValueSpecification\",\"valueRequired\":true,\"valueName\":\"search_term_string\"}}],\"inLanguage\":\"es\"},{\"@type\":\"Person\",\"@id\":\"https:\/\/www.noticiasradioreflejos.com.ar\/2021\/#\/schema\/person\/ad82545263dcc5ec0996818884fd5fb1\",\"name\":\"Arnaldo Botto\",\"image\":{\"@type\":\"ImageObject\",\"inLanguage\":\"es\",\"@id\":\"https:\/\/www.noticiasradioreflejos.com.ar\/2021\/#\/schema\/person\/image\/\",\"url\":\"https:\/\/secure.gravatar.com\/avatar\/55cb5e37c1efa326397366e6974cb338056df65cb50e7d64d1cf314e87504837?s=96&d=mm&r=g\",\"contentUrl\":\"https:\/\/secure.gravatar.com\/avatar\/55cb5e37c1efa326397366e6974cb338056df65cb50e7d64d1cf314e87504837?s=96&d=mm&r=g\",\"caption\":\"Arnaldo Botto\"},\"url\":\"https:\/\/www.noticiasradioreflejos.com.ar\/2021\/author\/arnaldo\/\"}]}<\/script>\n<!-- \/ Yoast SEO plugin. -->","yoast_head_json":{"title":"La Biblioteca popular Mariano Moreno Convoca a Asamblea Anual Ordinaria. - Noticias Radio Reflejos","robots":{"index":"index","follow":"follow","max-snippet":"max-snippet:-1","max-image-preview":"max-image-preview:large","max-video-preview":"max-video-preview:-1"},"canonical":"https:\/\/www.noticiasradioreflejos.com.ar\/2021\/la-biblioteca-popular-mariano-moreno-convoca-a-asamblea-anual-ordinaria\/","og_locale":"es_ES","og_type":"article","og_title":"La Biblioteca popular Mariano Moreno Convoca a Asamblea Anual Ordinaria. - Noticias Radio Reflejos","og_description":"La Comisi\u00f3n Directiva de la BIBLIOTECA POPULAR MARIANO MORENO, con domicilio en calle Alberdi 70 de la Localidad de Sierra de la Ventana, partido de Tornquist, convoca a los Se\u00f1ores Socios a la Asamblea General Ordinaria a celebrarse en su sede el d\u00eda martes 24 de Septiembre del 2019, a las 19 Hs. en primera [&hellip;]","og_url":"https:\/\/www.noticiasradioreflejos.com.ar\/2021\/la-biblioteca-popular-mariano-moreno-convoca-a-asamblea-anual-ordinaria\/","og_site_name":"Noticias Radio Reflejos","article_published_time":"2019-09-03T17:16:16+00:00","og_image":[{"width":300,"height":200,"url":"https:\/\/www.noticiasradioreflejos.com.ar\/2021\/wp-content\/uploads\/2021\/07\/logosol300x200.png","type":"image\/png"}],"author":"Arnaldo Botto","twitter_card":"summary_large_image","schema":{"@context":"https:\/\/schema.org","@graph":[{"@type":"WebPage","@id":"https:\/\/www.noticiasradioreflejos.com.ar\/2021\/la-biblioteca-popular-mariano-moreno-convoca-a-asamblea-anual-ordinaria\/","url":"https:\/\/www.noticiasradioreflejos.com.ar\/2021\/la-biblioteca-popular-mariano-moreno-convoca-a-asamblea-anual-ordinaria\/","name":"La Biblioteca popular Mariano Moreno Convoca a Asamblea Anual Ordinaria. - Noticias Radio Reflejos","isPartOf":{"@id":"https:\/\/www.noticiasradioreflejos.com.ar\/2021\/#website"},"datePublished":"2019-09-03T17:16:16+00:00","author":{"@id":"https:\/\/www.noticiasradioreflejos.com.ar\/2021\/#\/schema\/person\/ad82545263dcc5ec0996818884fd5fb1"},"breadcrumb":{"@id":"https:\/\/www.noticiasradioreflejos.com.ar\/2021\/la-biblioteca-popular-mariano-moreno-convoca-a-asamblea-anual-ordinaria\/#breadcrumb"},"inLanguage":"es","potentialAction":[{"@type":"ReadAction","target":["https:\/\/www.noticiasradioreflejos.com.ar\/2021\/la-biblioteca-popular-mariano-moreno-convoca-a-asamblea-anual-ordinaria\/"]}]},{"@type":"BreadcrumbList","@id":"https:\/\/www.noticiasradioreflejos.com.ar\/2021\/la-biblioteca-popular-mariano-moreno-convoca-a-asamblea-anual-ordinaria\/#breadcrumb","itemListElement":[{"@type":"ListItem","position":1,"name":"Portada","item":"https:\/\/www.noticiasradioreflejos.com.ar\/2021\/"},{"@type":"ListItem","position":2,"name":"La Biblioteca popular Mariano Moreno Convoca a Asamblea Anual Ordinaria."}]},{"@type":"WebSite","@id":"https:\/\/www.noticiasradioreflejos.com.ar\/2021\/#website","url":"https:\/\/www.noticiasradioreflejos.com.ar\/2021\/","name":"Noticias Radio Reflejos","description":"Las noticias de mi comarca","potentialAction":[{"@type":"SearchAction","target":{"@type":"EntryPoint","urlTemplate":"https:\/\/www.noticiasradioreflejos.com.ar\/2021\/?s={search_term_string}"},"query-input":{"@type":"PropertyValueSpecification","valueRequired":true,"valueName":"search_term_string"}}],"inLanguage":"es"},{"@type":"Person","@id":"https:\/\/www.noticiasradioreflejos.com.ar\/2021\/#\/schema\/person\/ad82545263dcc5ec0996818884fd5fb1","name":"Arnaldo Botto","image":{"@type":"ImageObject","inLanguage":"es","@id":"https:\/\/www.noticiasradioreflejos.com.ar\/2021\/#\/schema\/person\/image\/","url":"https:\/\/secure.gravatar.com\/avatar\/55cb5e37c1efa326397366e6974cb338056df65cb50e7d64d1cf314e87504837?s=96&d=mm&r=g","contentUrl":"https:\/\/secure.gravatar.com\/avatar\/55cb5e37c1efa326397366e6974cb338056df65cb50e7d64d1cf314e87504837?s=96&d=mm&r=g","caption":"Arnaldo Botto"},"url":"https:\/\/www.noticiasradioreflejos.com.ar\/2021\/author\/arnaldo\/"}]}},"_links":{"self":[{"href":"https:\/\/www.noticiasradioreflejos.com.ar\/2021\/wp-json\/wp\/v2\/posts\/34392","targetHints":{"allow":["GET"]}}],"collection":[{"href":"https:\/\/www.noticiasradioreflejos.com.ar\/2021\/wp-json\/wp\/v2\/posts"}],"about":[{"href":"https:\/\/www.noticiasradioreflejos.com.ar\/2021\/wp-json\/wp\/v2\/types\/post"}],"author":[{"embeddable":true,"href":"https:\/\/www.noticiasradioreflejos.com.ar\/2021\/wp-json\/wp\/v2\/users\/3"}],"replies":[{"embeddable":true,"href":"https:\/\/www.noticiasradioreflejos.com.ar\/2021\/wp-json\/wp\/v2\/comments?post=34392"}],"version-history":[{"count":0,"href":"https:\/\/www.noticiasradioreflejos.com.ar\/2021\/wp-json\/wp\/v2\/posts\/34392\/revisions"}],"wp:attachment":[{"href":"https:\/\/www.noticiasradioreflejos.com.ar\/2021\/wp-json\/wp\/v2\/media?parent=34392"}],"wp:term":[{"taxonomy":"category","embeddable":true,"href":"https:\/\/www.noticiasradioreflejos.com.ar\/2021\/wp-json\/wp\/v2\/categories?post=34392"},{"taxonomy":"post_tag","embeddable":true,"href":"https:\/\/www.noticiasradioreflejos.com.ar\/2021\/wp-json\/wp\/v2\/tags?post=34392"}],"curies":[{"name":"wp","href":"https:\/\/api.w.org\/{rel}","templated":true}]}}