{"id":34376,"date":"2019-09-03T11:22:04","date_gmt":"2019-09-03T14:22:04","guid":{"rendered":"http:\/\/www.noticiasradioreflejos.com.ar\/noticias\/?p=34376"},"modified":"2019-09-03T11:22:04","modified_gmt":"2019-09-03T14:22:04","slug":"de-paris-a-saldungaray-sonaban-con-vivir-en-sudamerica-y-hace-3-anos-son-vecinos-de-la-comarca","status":"publish","type":"post","link":"https:\/\/www.noticiasradioreflejos.com.ar\/2021\/de-paris-a-saldungaray-sonaban-con-vivir-en-sudamerica-y-hace-3-anos-son-vecinos-de-la-comarca\/","title":{"rendered":"De Par\u00eds a Saldungaray.  So\u00f1aban con vivir en sudam\u00e9rica y  hace 3 a\u00f1os son vecinos de la comarca."},"content":{"rendered":"<p>Son dos artistas franceses que se radicaron en Saldungaray en el 2016. Laurianne Gebel de Gebhardt y Jean Boissinot cumplen con un sue\u00f1o y el s\u00e1bado presentan su obra musical y teatral en el Centro Cultural de Sierra de la Ventana.<br \/>\nEn la ma\u00f1ana de \u00abUn Mate y Un Caf\u00e9\u00bb, tuvimos la visita de Laurianne y Jean para conocer su interesante historia, que los llev\u00f3 a cumplir el sue\u00f1o de vivir en nuestra comarca.<br \/>\n\u00abSiempre tuve el sue\u00f1o de vivir en Sudam\u00e9rica\u00bb nos contaba Laurianne y lo cumpli\u00f3 llegando como integrante de la Orquesta Sinf\u00f3nica de Bah\u00eda Blanca, donde gan\u00f3 un concurso para ocupar el lugar tocando el Corno Franc\u00e9s. Por su parte, Jean, se desempe\u00f1a como profesor de idioma franc\u00e9s, y director de teatro. Ambos viv\u00edan en Par\u00eds y tomaron la gran decisi\u00f3n de saltar a \u00abOtro tipo de vida\u00bb.<!--more--><br \/>\nLa Compa\u00f1\u00eda Collage fue creada por Laurianne y Jean y naci\u00f3 de las ganas de hacer obras de teatro distintas, reuniendo los artes en el escenario, mezclando culturas y desarrollando una nueva propuesta esc\u00e9nica.<br \/>\nUno viene del mundo del teatro cl\u00e1sico y le fascina crear un lenguaje esc\u00e9nico nuevo y original. La otra viene del mundo de la m\u00fasica cl\u00e1sica y le fascina el mundo teatral. Agreguenle una expatriaci\u00f3n a 11000 kms, hermosos encuentros con grandes artistas bahienses y el compositor argentino Gustavo Beytelmann, y pudo cobrar vida la primera creaci\u00f3n de la Compa\u00f1\u00eda Collage, \u00abEncuentros\u00bb.<br \/>\nEste s\u00e1bado a partir de las 21 hs, se presentar\u00e1n con la obra en el Centro Cultural de la localidad.<br \/>\n<iframe loading=\"lazy\" src=\"https:\/\/w.soundcloud.com\/player\/?url=https%3A\/\/api.soundcloud.com\/tracks\/675521117&amp;color=%23ff5500&amp;auto_play=false&amp;hide_related=false&amp;show_comments=true&amp;show_user=true&amp;show_reposts=false&amp;show_teaser=true\" width=\"100%\" height=\"166\" frameborder=\"no\" scrolling=\"no\"><\/iframe><br \/>\n<a href=\"http:\/\/www.noticiasradioreflejos.com.ar\/noticias\/wp-content\/uploads\/2019\/09\/WhatsApp-Image-2019-09-02-at-11.12.05.jpeg\"><img loading=\"lazy\" decoding=\"async\" class=\"aligncenter size-full wp-image-34329\" src=\"http:\/\/www.noticiasradioreflejos.com.ar\/noticias\/wp-content\/uploads\/2019\/09\/WhatsApp-Image-2019-09-02-at-11.12.05.jpeg\" alt=\"WhatsApp Image 2019-09-02 at 11.12.05\" width=\"905\" height=\"1280\" \/><\/a><\/p>\n","protected":false},"excerpt":{"rendered":"<p>Son dos artistas franceses que se radicaron en Saldungaray en el 2016. Laurianne Gebel de Gebhardt y Jean Boissinot cumplen con un sue\u00f1o y el s\u00e1bado presentan su obra musical y teatral en el Centro Cultural de Sierra de la Ventana. En la ma\u00f1ana de \u00abUn Mate y Un Caf\u00e9\u00bb, tuvimos la visita de Laurianne [&hellip;]<\/p>\n","protected":false},"author":3,"featured_media":0,"comment_status":"closed","ping_status":"open","sticky":false,"template":"","format":"standard","meta":{"footnotes":""},"categories":[35],"tags":[],"class_list":["post-34376","post","type-post","status-publish","format-standard","hentry","category-cultura"],"yoast_head":"<!-- This site is optimized with the Yoast SEO plugin v25.9 - https:\/\/yoast.com\/wordpress\/plugins\/seo\/ -->\n<title>De Par\u00eds a Saldungaray. So\u00f1aban con vivir en sudam\u00e9rica y hace 3 a\u00f1os son vecinos de la comarca. - Noticias Radio Reflejos<\/title>\n<meta name=\"robots\" content=\"index, follow, max-snippet:-1, max-image-preview:large, max-video-preview:-1\" \/>\n<link rel=\"canonical\" href=\"https:\/\/www.noticiasradioreflejos.com.ar\/2021\/de-paris-a-saldungaray-sonaban-con-vivir-en-sudamerica-y-hace-3-anos-son-vecinos-de-la-comarca\/\" \/>\n<meta property=\"og:locale\" content=\"es_ES\" \/>\n<meta property=\"og:type\" content=\"article\" \/>\n<meta property=\"og:title\" content=\"De Par\u00eds a Saldungaray. So\u00f1aban con vivir en sudam\u00e9rica y hace 3 a\u00f1os son vecinos de la comarca. - Noticias Radio Reflejos\" \/>\n<meta property=\"og:description\" content=\"Son dos artistas franceses que se radicaron en Saldungaray en el 2016. Laurianne Gebel de Gebhardt y Jean Boissinot cumplen con un sue\u00f1o y el s\u00e1bado presentan su obra musical y teatral en el Centro Cultural de Sierra de la Ventana. En la ma\u00f1ana de \u00abUn Mate y Un Caf\u00e9\u00bb, tuvimos la visita de Laurianne [&hellip;]\" \/>\n<meta property=\"og:url\" content=\"https:\/\/www.noticiasradioreflejos.com.ar\/2021\/de-paris-a-saldungaray-sonaban-con-vivir-en-sudamerica-y-hace-3-anos-son-vecinos-de-la-comarca\/\" \/>\n<meta property=\"og:site_name\" content=\"Noticias Radio Reflejos\" \/>\n<meta property=\"article:published_time\" content=\"2019-09-03T14:22:04+00:00\" \/>\n<meta property=\"og:image\" content=\"https:\/\/www.noticiasradioreflejos.com.ar\/2021\/wp-content\/uploads\/2021\/07\/logosol300x200.png\" \/>\n\t<meta property=\"og:image:width\" content=\"300\" \/>\n\t<meta property=\"og:image:height\" content=\"200\" \/>\n\t<meta property=\"og:image:type\" content=\"image\/png\" \/>\n<meta name=\"author\" content=\"Arnaldo Botto\" \/>\n<meta name=\"twitter:card\" content=\"summary_large_image\" \/>\n<script type=\"application\/ld+json\" class=\"yoast-schema-graph\">{\"@context\":\"https:\/\/schema.org\",\"@graph\":[{\"@type\":\"WebPage\",\"@id\":\"https:\/\/www.noticiasradioreflejos.com.ar\/2021\/de-paris-a-saldungaray-sonaban-con-vivir-en-sudamerica-y-hace-3-anos-son-vecinos-de-la-comarca\/\",\"url\":\"https:\/\/www.noticiasradioreflejos.com.ar\/2021\/de-paris-a-saldungaray-sonaban-con-vivir-en-sudamerica-y-hace-3-anos-son-vecinos-de-la-comarca\/\",\"name\":\"De Par\u00eds a Saldungaray. So\u00f1aban con vivir en sudam\u00e9rica y hace 3 a\u00f1os son vecinos de la comarca. - Noticias Radio Reflejos\",\"isPartOf\":{\"@id\":\"https:\/\/www.noticiasradioreflejos.com.ar\/2021\/#website\"},\"primaryImageOfPage\":{\"@id\":\"https:\/\/www.noticiasradioreflejos.com.ar\/2021\/de-paris-a-saldungaray-sonaban-con-vivir-en-sudamerica-y-hace-3-anos-son-vecinos-de-la-comarca\/#primaryimage\"},\"image\":{\"@id\":\"https:\/\/www.noticiasradioreflejos.com.ar\/2021\/de-paris-a-saldungaray-sonaban-con-vivir-en-sudamerica-y-hace-3-anos-son-vecinos-de-la-comarca\/#primaryimage\"},\"thumbnailUrl\":\"http:\/\/www.noticiasradioreflejos.com.ar\/noticias\/wp-content\/uploads\/2019\/09\/WhatsApp-Image-2019-09-02-at-11.12.05.jpeg\",\"datePublished\":\"2019-09-03T14:22:04+00:00\",\"author\":{\"@id\":\"https:\/\/www.noticiasradioreflejos.com.ar\/2021\/#\/schema\/person\/ad82545263dcc5ec0996818884fd5fb1\"},\"breadcrumb\":{\"@id\":\"https:\/\/www.noticiasradioreflejos.com.ar\/2021\/de-paris-a-saldungaray-sonaban-con-vivir-en-sudamerica-y-hace-3-anos-son-vecinos-de-la-comarca\/#breadcrumb\"},\"inLanguage\":\"es\",\"potentialAction\":[{\"@type\":\"ReadAction\",\"target\":[\"https:\/\/www.noticiasradioreflejos.com.ar\/2021\/de-paris-a-saldungaray-sonaban-con-vivir-en-sudamerica-y-hace-3-anos-son-vecinos-de-la-comarca\/\"]}]},{\"@type\":\"ImageObject\",\"inLanguage\":\"es\",\"@id\":\"https:\/\/www.noticiasradioreflejos.com.ar\/2021\/de-paris-a-saldungaray-sonaban-con-vivir-en-sudamerica-y-hace-3-anos-son-vecinos-de-la-comarca\/#primaryimage\",\"url\":\"http:\/\/www.noticiasradioreflejos.com.ar\/noticias\/wp-content\/uploads\/2019\/09\/WhatsApp-Image-2019-09-02-at-11.12.05.jpeg\",\"contentUrl\":\"http:\/\/www.noticiasradioreflejos.com.ar\/noticias\/wp-content\/uploads\/2019\/09\/WhatsApp-Image-2019-09-02-at-11.12.05.jpeg\"},{\"@type\":\"BreadcrumbList\",\"@id\":\"https:\/\/www.noticiasradioreflejos.com.ar\/2021\/de-paris-a-saldungaray-sonaban-con-vivir-en-sudamerica-y-hace-3-anos-son-vecinos-de-la-comarca\/#breadcrumb\",\"itemListElement\":[{\"@type\":\"ListItem\",\"position\":1,\"name\":\"Portada\",\"item\":\"https:\/\/www.noticiasradioreflejos.com.ar\/2021\/\"},{\"@type\":\"ListItem\",\"position\":2,\"name\":\"De Par\u00eds a Saldungaray. So\u00f1aban con vivir en sudam\u00e9rica y hace 3 a\u00f1os son vecinos de la comarca.\"}]},{\"@type\":\"WebSite\",\"@id\":\"https:\/\/www.noticiasradioreflejos.com.ar\/2021\/#website\",\"url\":\"https:\/\/www.noticiasradioreflejos.com.ar\/2021\/\",\"name\":\"Noticias Radio Reflejos\",\"description\":\"Las noticias de mi comarca\",\"potentialAction\":[{\"@type\":\"SearchAction\",\"target\":{\"@type\":\"EntryPoint\",\"urlTemplate\":\"https:\/\/www.noticiasradioreflejos.com.ar\/2021\/?s={search_term_string}\"},\"query-input\":{\"@type\":\"PropertyValueSpecification\",\"valueRequired\":true,\"valueName\":\"search_term_string\"}}],\"inLanguage\":\"es\"},{\"@type\":\"Person\",\"@id\":\"https:\/\/www.noticiasradioreflejos.com.ar\/2021\/#\/schema\/person\/ad82545263dcc5ec0996818884fd5fb1\",\"name\":\"Arnaldo Botto\",\"image\":{\"@type\":\"ImageObject\",\"inLanguage\":\"es\",\"@id\":\"https:\/\/www.noticiasradioreflejos.com.ar\/2021\/#\/schema\/person\/image\/\",\"url\":\"https:\/\/secure.gravatar.com\/avatar\/55cb5e37c1efa326397366e6974cb338056df65cb50e7d64d1cf314e87504837?s=96&d=mm&r=g\",\"contentUrl\":\"https:\/\/secure.gravatar.com\/avatar\/55cb5e37c1efa326397366e6974cb338056df65cb50e7d64d1cf314e87504837?s=96&d=mm&r=g\",\"caption\":\"Arnaldo Botto\"},\"url\":\"https:\/\/www.noticiasradioreflejos.com.ar\/2021\/author\/arnaldo\/\"}]}<\/script>\n<!-- \/ Yoast SEO plugin. -->","yoast_head_json":{"title":"De Par\u00eds a Saldungaray. So\u00f1aban con vivir en sudam\u00e9rica y hace 3 a\u00f1os son vecinos de la comarca. - Noticias Radio Reflejos","robots":{"index":"index","follow":"follow","max-snippet":"max-snippet:-1","max-image-preview":"max-image-preview:large","max-video-preview":"max-video-preview:-1"},"canonical":"https:\/\/www.noticiasradioreflejos.com.ar\/2021\/de-paris-a-saldungaray-sonaban-con-vivir-en-sudamerica-y-hace-3-anos-son-vecinos-de-la-comarca\/","og_locale":"es_ES","og_type":"article","og_title":"De Par\u00eds a Saldungaray. So\u00f1aban con vivir en sudam\u00e9rica y hace 3 a\u00f1os son vecinos de la comarca. - Noticias Radio Reflejos","og_description":"Son dos artistas franceses que se radicaron en Saldungaray en el 2016. Laurianne Gebel de Gebhardt y Jean Boissinot cumplen con un sue\u00f1o y el s\u00e1bado presentan su obra musical y teatral en el Centro Cultural de Sierra de la Ventana. En la ma\u00f1ana de \u00abUn Mate y Un Caf\u00e9\u00bb, tuvimos la visita de Laurianne [&hellip;]","og_url":"https:\/\/www.noticiasradioreflejos.com.ar\/2021\/de-paris-a-saldungaray-sonaban-con-vivir-en-sudamerica-y-hace-3-anos-son-vecinos-de-la-comarca\/","og_site_name":"Noticias Radio Reflejos","article_published_time":"2019-09-03T14:22:04+00:00","og_image":[{"width":300,"height":200,"url":"https:\/\/www.noticiasradioreflejos.com.ar\/2021\/wp-content\/uploads\/2021\/07\/logosol300x200.png","type":"image\/png"}],"author":"Arnaldo Botto","twitter_card":"summary_large_image","schema":{"@context":"https:\/\/schema.org","@graph":[{"@type":"WebPage","@id":"https:\/\/www.noticiasradioreflejos.com.ar\/2021\/de-paris-a-saldungaray-sonaban-con-vivir-en-sudamerica-y-hace-3-anos-son-vecinos-de-la-comarca\/","url":"https:\/\/www.noticiasradioreflejos.com.ar\/2021\/de-paris-a-saldungaray-sonaban-con-vivir-en-sudamerica-y-hace-3-anos-son-vecinos-de-la-comarca\/","name":"De Par\u00eds a Saldungaray. So\u00f1aban con vivir en sudam\u00e9rica y hace 3 a\u00f1os son vecinos de la comarca. - Noticias Radio Reflejos","isPartOf":{"@id":"https:\/\/www.noticiasradioreflejos.com.ar\/2021\/#website"},"primaryImageOfPage":{"@id":"https:\/\/www.noticiasradioreflejos.com.ar\/2021\/de-paris-a-saldungaray-sonaban-con-vivir-en-sudamerica-y-hace-3-anos-son-vecinos-de-la-comarca\/#primaryimage"},"image":{"@id":"https:\/\/www.noticiasradioreflejos.com.ar\/2021\/de-paris-a-saldungaray-sonaban-con-vivir-en-sudamerica-y-hace-3-anos-son-vecinos-de-la-comarca\/#primaryimage"},"thumbnailUrl":"http:\/\/www.noticiasradioreflejos.com.ar\/noticias\/wp-content\/uploads\/2019\/09\/WhatsApp-Image-2019-09-02-at-11.12.05.jpeg","datePublished":"2019-09-03T14:22:04+00:00","author":{"@id":"https:\/\/www.noticiasradioreflejos.com.ar\/2021\/#\/schema\/person\/ad82545263dcc5ec0996818884fd5fb1"},"breadcrumb":{"@id":"https:\/\/www.noticiasradioreflejos.com.ar\/2021\/de-paris-a-saldungaray-sonaban-con-vivir-en-sudamerica-y-hace-3-anos-son-vecinos-de-la-comarca\/#breadcrumb"},"inLanguage":"es","potentialAction":[{"@type":"ReadAction","target":["https:\/\/www.noticiasradioreflejos.com.ar\/2021\/de-paris-a-saldungaray-sonaban-con-vivir-en-sudamerica-y-hace-3-anos-son-vecinos-de-la-comarca\/"]}]},{"@type":"ImageObject","inLanguage":"es","@id":"https:\/\/www.noticiasradioreflejos.com.ar\/2021\/de-paris-a-saldungaray-sonaban-con-vivir-en-sudamerica-y-hace-3-anos-son-vecinos-de-la-comarca\/#primaryimage","url":"http:\/\/www.noticiasradioreflejos.com.ar\/noticias\/wp-content\/uploads\/2019\/09\/WhatsApp-Image-2019-09-02-at-11.12.05.jpeg","contentUrl":"http:\/\/www.noticiasradioreflejos.com.ar\/noticias\/wp-content\/uploads\/2019\/09\/WhatsApp-Image-2019-09-02-at-11.12.05.jpeg"},{"@type":"BreadcrumbList","@id":"https:\/\/www.noticiasradioreflejos.com.ar\/2021\/de-paris-a-saldungaray-sonaban-con-vivir-en-sudamerica-y-hace-3-anos-son-vecinos-de-la-comarca\/#breadcrumb","itemListElement":[{"@type":"ListItem","position":1,"name":"Portada","item":"https:\/\/www.noticiasradioreflejos.com.ar\/2021\/"},{"@type":"ListItem","position":2,"name":"De Par\u00eds a Saldungaray. So\u00f1aban con vivir en sudam\u00e9rica y hace 3 a\u00f1os son vecinos de la comarca."}]},{"@type":"WebSite","@id":"https:\/\/www.noticiasradioreflejos.com.ar\/2021\/#website","url":"https:\/\/www.noticiasradioreflejos.com.ar\/2021\/","name":"Noticias Radio Reflejos","description":"Las noticias de mi comarca","potentialAction":[{"@type":"SearchAction","target":{"@type":"EntryPoint","urlTemplate":"https:\/\/www.noticiasradioreflejos.com.ar\/2021\/?s={search_term_string}"},"query-input":{"@type":"PropertyValueSpecification","valueRequired":true,"valueName":"search_term_string"}}],"inLanguage":"es"},{"@type":"Person","@id":"https:\/\/www.noticiasradioreflejos.com.ar\/2021\/#\/schema\/person\/ad82545263dcc5ec0996818884fd5fb1","name":"Arnaldo Botto","image":{"@type":"ImageObject","inLanguage":"es","@id":"https:\/\/www.noticiasradioreflejos.com.ar\/2021\/#\/schema\/person\/image\/","url":"https:\/\/secure.gravatar.com\/avatar\/55cb5e37c1efa326397366e6974cb338056df65cb50e7d64d1cf314e87504837?s=96&d=mm&r=g","contentUrl":"https:\/\/secure.gravatar.com\/avatar\/55cb5e37c1efa326397366e6974cb338056df65cb50e7d64d1cf314e87504837?s=96&d=mm&r=g","caption":"Arnaldo Botto"},"url":"https:\/\/www.noticiasradioreflejos.com.ar\/2021\/author\/arnaldo\/"}]}},"_links":{"self":[{"href":"https:\/\/www.noticiasradioreflejos.com.ar\/2021\/wp-json\/wp\/v2\/posts\/34376","targetHints":{"allow":["GET"]}}],"collection":[{"href":"https:\/\/www.noticiasradioreflejos.com.ar\/2021\/wp-json\/wp\/v2\/posts"}],"about":[{"href":"https:\/\/www.noticiasradioreflejos.com.ar\/2021\/wp-json\/wp\/v2\/types\/post"}],"author":[{"embeddable":true,"href":"https:\/\/www.noticiasradioreflejos.com.ar\/2021\/wp-json\/wp\/v2\/users\/3"}],"replies":[{"embeddable":true,"href":"https:\/\/www.noticiasradioreflejos.com.ar\/2021\/wp-json\/wp\/v2\/comments?post=34376"}],"version-history":[{"count":0,"href":"https:\/\/www.noticiasradioreflejos.com.ar\/2021\/wp-json\/wp\/v2\/posts\/34376\/revisions"}],"wp:attachment":[{"href":"https:\/\/www.noticiasradioreflejos.com.ar\/2021\/wp-json\/wp\/v2\/media?parent=34376"}],"wp:term":[{"taxonomy":"category","embeddable":true,"href":"https:\/\/www.noticiasradioreflejos.com.ar\/2021\/wp-json\/wp\/v2\/categories?post=34376"},{"taxonomy":"post_tag","embeddable":true,"href":"https:\/\/www.noticiasradioreflejos.com.ar\/2021\/wp-json\/wp\/v2\/tags?post=34376"}],"curies":[{"name":"wp","href":"https:\/\/api.w.org\/{rel}","templated":true}]}}