{"id":34100,"date":"2019-08-23T17:23:46","date_gmt":"2019-08-23T20:23:46","guid":{"rendered":"http:\/\/www.noticiasradioreflejos.com.ar\/noticias\/?p=34100"},"modified":"2019-08-23T17:23:46","modified_gmt":"2019-08-23T20:23:46","slug":"se-celebro-el-30-aniversario-de-tornquist-patria-y-folklore","status":"publish","type":"post","link":"https:\/\/www.noticiasradioreflejos.com.ar\/2021\/se-celebro-el-30-aniversario-de-tornquist-patria-y-folklore\/","title":{"rendered":"Se celebr\u00f3 el 30\u00b0 aniversario de \u201cTornquist, Patria y Folklore\u201d"},"content":{"rendered":"<p><a href=\"http:\/\/www.noticiasradioreflejos.com.ar\/noticias\/wp-content\/uploads\/2019\/08\/WhatsApp-Image-2019-08-23-at-13.01.58-9.jpeg\"><img loading=\"lazy\" decoding=\"async\" class=\"alignleft size-medium wp-image-34102\" src=\"http:\/\/www.noticiasradioreflejos.com.ar\/noticias\/wp-content\/uploads\/2019\/08\/WhatsApp-Image-2019-08-23-at-13.01.58-9-300x200.jpeg\" alt=\"WhatsApp Image 2019-08-23 at 13.01.58 (9)\" width=\"300\" height=\"200\" \/><\/a>El domingo a la tarde se llevaron a cabo los festejos por los 30 a\u00f1os del evento \u201cTornquist, Patria y Folklore\u201d, organizado por la Escuela Folkl\u00f3rica Municipal, que tuvo un importante acompa\u00f1amiento del p\u00fablico y donde la nostalgia y los sentimientos tuvieron un lugar preponderante.<!--more--><br \/>\nEl acto protocolar cont\u00f3 con las emotivas palabras a cargo del Intendente municipal Sergio Bordoni, en primer lugar; luego fue el turno de la ex intendente y ex diputada pcial Mar\u00eda Luisa Kugler de Morteo y, finalmente, se refirieron a estos 30 a\u00f1os la ex directora y profesora de la escuela Graciela Scaglione y la actual profesora Mariela Montero.<br \/>\nFinalizado el acto protocolar dieron inicio los n\u00fameros art\u00edsticos a cargo de diferentes delegaciones provenientes de Bah\u00eda blanca, Punta Alta, Monte Hermoso, Saldungaray, Sierra de la Ventana y Chasic\u00f3. Los presentes pudieron disfrutar tambi\u00e9n de la presentaci\u00f3n del grupo salte\u00f1o Kaymanta.<br \/>\nAdem\u00e1s, estuvieron presentes acompa\u00f1ando a la Escuela Folkl\u00f3rica Municipal el Secretario de Seguridad, la Secretaria Privada, la Directora de Deportes y la presidente del Consejo Escolar.<br \/>\nLos integrantes de la escuela agradecen a todos los que hicieron posible la realizaci\u00f3n de este evento: autoridades municipales, C\u00e1ritas Parroquial, EES N\u00b0 1, EES N\u00b0 3, EES Agropecuaria, Colegio Ntra. Se\u00f1ora de Luj\u00e1n, Sociedad Germ\u00e1nica, Asociaci\u00f3n Rural, Uni\u00f3n C\u00edvica radical, Unidad B\u00e1sica, alumnos de 5\u00b0 a\u00f1o de la se EES N\u00b0 1 y al profesor Bruno Marconi.<br \/>\n<a href=\"http:\/\/www.noticiasradioreflejos.com.ar\/noticias\/wp-content\/uploads\/2019\/08\/WhatsApp-Image-2019-08-23-at-13.01.58.jpeg\"><img loading=\"lazy\" decoding=\"async\" class=\"alignleft size-medium wp-image-34105\" src=\"http:\/\/www.noticiasradioreflejos.com.ar\/noticias\/wp-content\/uploads\/2019\/08\/WhatsApp-Image-2019-08-23-at-13.01.58-300x200.jpeg\" alt=\"WhatsApp Image 2019-08-23 at 13.01.58\" width=\"300\" height=\"200\" \/><\/a> <a href=\"http:\/\/www.noticiasradioreflejos.com.ar\/noticias\/wp-content\/uploads\/2019\/08\/WhatsApp-Image-2019-08-23-at-13.01.58-16.jpeg\"><img loading=\"lazy\" decoding=\"async\" class=\"alignleft size-medium wp-image-34104\" src=\"http:\/\/www.noticiasradioreflejos.com.ar\/noticias\/wp-content\/uploads\/2019\/08\/WhatsApp-Image-2019-08-23-at-13.01.58-16-300x200.jpeg\" alt=\"WhatsApp Image 2019-08-23 at 13.01.58 (16)\" width=\"300\" height=\"200\" \/><\/a> <a href=\"http:\/\/www.noticiasradioreflejos.com.ar\/noticias\/wp-content\/uploads\/2019\/08\/WhatsApp-Image-2019-08-23-at-13.01.58-2.jpeg\"><img loading=\"lazy\" decoding=\"async\" class=\"aligncenter size-large wp-image-34103\" src=\"http:\/\/www.noticiasradioreflejos.com.ar\/noticias\/wp-content\/uploads\/2019\/08\/WhatsApp-Image-2019-08-23-at-13.01.58-2-1024x683.jpeg\" alt=\"WhatsApp Image 2019-08-23 at 13.01.58 (2)\" width=\"1024\" height=\"683\" \/><\/a><br \/>\n&nbsp;<\/p>\n","protected":false},"excerpt":{"rendered":"<p>El domingo a la tarde se llevaron a cabo los festejos por los 30 a\u00f1os del evento \u201cTornquist, Patria y Folklore\u201d, organizado por la Escuela Folkl\u00f3rica Municipal, que tuvo un importante acompa\u00f1amiento del p\u00fablico y donde la nostalgia y los sentimientos tuvieron un lugar preponderante.<\/p>\n","protected":false},"author":3,"featured_media":0,"comment_status":"closed","ping_status":"open","sticky":false,"template":"","format":"standard","meta":{"footnotes":""},"categories":[35],"tags":[],"class_list":["post-34100","post","type-post","status-publish","format-standard","hentry","category-cultura"],"yoast_head":"<!-- This site is optimized with the Yoast SEO plugin v25.9 - https:\/\/yoast.com\/wordpress\/plugins\/seo\/ -->\n<title>Se celebr\u00f3 el 30\u00b0 aniversario de \u201cTornquist, Patria y Folklore\u201d - Noticias Radio Reflejos<\/title>\n<meta name=\"robots\" content=\"index, follow, max-snippet:-1, max-image-preview:large, max-video-preview:-1\" \/>\n<link rel=\"canonical\" href=\"https:\/\/www.noticiasradioreflejos.com.ar\/2021\/se-celebro-el-30-aniversario-de-tornquist-patria-y-folklore\/\" \/>\n<meta property=\"og:locale\" content=\"es_ES\" \/>\n<meta property=\"og:type\" content=\"article\" \/>\n<meta property=\"og:title\" content=\"Se celebr\u00f3 el 30\u00b0 aniversario de \u201cTornquist, Patria y Folklore\u201d - Noticias Radio Reflejos\" \/>\n<meta property=\"og:description\" content=\"El domingo a la tarde se llevaron a cabo los festejos por los 30 a\u00f1os del evento \u201cTornquist, Patria y Folklore\u201d, organizado por la Escuela Folkl\u00f3rica Municipal, que tuvo un importante acompa\u00f1amiento del p\u00fablico y donde la nostalgia y los sentimientos tuvieron un lugar preponderante.\" \/>\n<meta property=\"og:url\" content=\"https:\/\/www.noticiasradioreflejos.com.ar\/2021\/se-celebro-el-30-aniversario-de-tornquist-patria-y-folklore\/\" \/>\n<meta property=\"og:site_name\" content=\"Noticias Radio Reflejos\" \/>\n<meta property=\"article:published_time\" content=\"2019-08-23T20:23:46+00:00\" \/>\n<meta property=\"og:image\" content=\"https:\/\/www.noticiasradioreflejos.com.ar\/2021\/wp-content\/uploads\/2021\/07\/logosol300x200.png\" \/>\n\t<meta property=\"og:image:width\" content=\"300\" \/>\n\t<meta property=\"og:image:height\" content=\"200\" \/>\n\t<meta property=\"og:image:type\" content=\"image\/png\" \/>\n<meta name=\"author\" content=\"Arnaldo Botto\" \/>\n<meta name=\"twitter:card\" content=\"summary_large_image\" \/>\n<script type=\"application\/ld+json\" class=\"yoast-schema-graph\">{\"@context\":\"https:\/\/schema.org\",\"@graph\":[{\"@type\":\"WebPage\",\"@id\":\"https:\/\/www.noticiasradioreflejos.com.ar\/2021\/se-celebro-el-30-aniversario-de-tornquist-patria-y-folklore\/\",\"url\":\"https:\/\/www.noticiasradioreflejos.com.ar\/2021\/se-celebro-el-30-aniversario-de-tornquist-patria-y-folklore\/\",\"name\":\"Se celebr\u00f3 el 30\u00b0 aniversario de \u201cTornquist, Patria y Folklore\u201d - Noticias Radio Reflejos\",\"isPartOf\":{\"@id\":\"https:\/\/www.noticiasradioreflejos.com.ar\/2021\/#website\"},\"primaryImageOfPage\":{\"@id\":\"https:\/\/www.noticiasradioreflejos.com.ar\/2021\/se-celebro-el-30-aniversario-de-tornquist-patria-y-folklore\/#primaryimage\"},\"image\":{\"@id\":\"https:\/\/www.noticiasradioreflejos.com.ar\/2021\/se-celebro-el-30-aniversario-de-tornquist-patria-y-folklore\/#primaryimage\"},\"thumbnailUrl\":\"http:\/\/www.noticiasradioreflejos.com.ar\/noticias\/wp-content\/uploads\/2019\/08\/WhatsApp-Image-2019-08-23-at-13.01.58-9-300x200.jpeg\",\"datePublished\":\"2019-08-23T20:23:46+00:00\",\"author\":{\"@id\":\"https:\/\/www.noticiasradioreflejos.com.ar\/2021\/#\/schema\/person\/ad82545263dcc5ec0996818884fd5fb1\"},\"breadcrumb\":{\"@id\":\"https:\/\/www.noticiasradioreflejos.com.ar\/2021\/se-celebro-el-30-aniversario-de-tornquist-patria-y-folklore\/#breadcrumb\"},\"inLanguage\":\"es\",\"potentialAction\":[{\"@type\":\"ReadAction\",\"target\":[\"https:\/\/www.noticiasradioreflejos.com.ar\/2021\/se-celebro-el-30-aniversario-de-tornquist-patria-y-folklore\/\"]}]},{\"@type\":\"ImageObject\",\"inLanguage\":\"es\",\"@id\":\"https:\/\/www.noticiasradioreflejos.com.ar\/2021\/se-celebro-el-30-aniversario-de-tornquist-patria-y-folklore\/#primaryimage\",\"url\":\"http:\/\/www.noticiasradioreflejos.com.ar\/noticias\/wp-content\/uploads\/2019\/08\/WhatsApp-Image-2019-08-23-at-13.01.58-9-300x200.jpeg\",\"contentUrl\":\"http:\/\/www.noticiasradioreflejos.com.ar\/noticias\/wp-content\/uploads\/2019\/08\/WhatsApp-Image-2019-08-23-at-13.01.58-9-300x200.jpeg\"},{\"@type\":\"BreadcrumbList\",\"@id\":\"https:\/\/www.noticiasradioreflejos.com.ar\/2021\/se-celebro-el-30-aniversario-de-tornquist-patria-y-folklore\/#breadcrumb\",\"itemListElement\":[{\"@type\":\"ListItem\",\"position\":1,\"name\":\"Portada\",\"item\":\"https:\/\/www.noticiasradioreflejos.com.ar\/2021\/\"},{\"@type\":\"ListItem\",\"position\":2,\"name\":\"Se celebr\u00f3 el 30\u00b0 aniversario de \u201cTornquist, Patria y Folklore\u201d\"}]},{\"@type\":\"WebSite\",\"@id\":\"https:\/\/www.noticiasradioreflejos.com.ar\/2021\/#website\",\"url\":\"https:\/\/www.noticiasradioreflejos.com.ar\/2021\/\",\"name\":\"Noticias Radio Reflejos\",\"description\":\"Las noticias de mi comarca\",\"potentialAction\":[{\"@type\":\"SearchAction\",\"target\":{\"@type\":\"EntryPoint\",\"urlTemplate\":\"https:\/\/www.noticiasradioreflejos.com.ar\/2021\/?s={search_term_string}\"},\"query-input\":{\"@type\":\"PropertyValueSpecification\",\"valueRequired\":true,\"valueName\":\"search_term_string\"}}],\"inLanguage\":\"es\"},{\"@type\":\"Person\",\"@id\":\"https:\/\/www.noticiasradioreflejos.com.ar\/2021\/#\/schema\/person\/ad82545263dcc5ec0996818884fd5fb1\",\"name\":\"Arnaldo Botto\",\"image\":{\"@type\":\"ImageObject\",\"inLanguage\":\"es\",\"@id\":\"https:\/\/www.noticiasradioreflejos.com.ar\/2021\/#\/schema\/person\/image\/\",\"url\":\"https:\/\/secure.gravatar.com\/avatar\/55cb5e37c1efa326397366e6974cb338056df65cb50e7d64d1cf314e87504837?s=96&d=mm&r=g\",\"contentUrl\":\"https:\/\/secure.gravatar.com\/avatar\/55cb5e37c1efa326397366e6974cb338056df65cb50e7d64d1cf314e87504837?s=96&d=mm&r=g\",\"caption\":\"Arnaldo Botto\"},\"url\":\"https:\/\/www.noticiasradioreflejos.com.ar\/2021\/author\/arnaldo\/\"}]}<\/script>\n<!-- \/ Yoast SEO plugin. -->","yoast_head_json":{"title":"Se celebr\u00f3 el 30\u00b0 aniversario de \u201cTornquist, Patria y Folklore\u201d - Noticias Radio Reflejos","robots":{"index":"index","follow":"follow","max-snippet":"max-snippet:-1","max-image-preview":"max-image-preview:large","max-video-preview":"max-video-preview:-1"},"canonical":"https:\/\/www.noticiasradioreflejos.com.ar\/2021\/se-celebro-el-30-aniversario-de-tornquist-patria-y-folklore\/","og_locale":"es_ES","og_type":"article","og_title":"Se celebr\u00f3 el 30\u00b0 aniversario de \u201cTornquist, Patria y Folklore\u201d - Noticias Radio Reflejos","og_description":"El domingo a la tarde se llevaron a cabo los festejos por los 30 a\u00f1os del evento \u201cTornquist, Patria y Folklore\u201d, organizado por la Escuela Folkl\u00f3rica Municipal, que tuvo un importante acompa\u00f1amiento del p\u00fablico y donde la nostalgia y los sentimientos tuvieron un lugar preponderante.","og_url":"https:\/\/www.noticiasradioreflejos.com.ar\/2021\/se-celebro-el-30-aniversario-de-tornquist-patria-y-folklore\/","og_site_name":"Noticias Radio Reflejos","article_published_time":"2019-08-23T20:23:46+00:00","og_image":[{"width":300,"height":200,"url":"https:\/\/www.noticiasradioreflejos.com.ar\/2021\/wp-content\/uploads\/2021\/07\/logosol300x200.png","type":"image\/png"}],"author":"Arnaldo Botto","twitter_card":"summary_large_image","schema":{"@context":"https:\/\/schema.org","@graph":[{"@type":"WebPage","@id":"https:\/\/www.noticiasradioreflejos.com.ar\/2021\/se-celebro-el-30-aniversario-de-tornquist-patria-y-folklore\/","url":"https:\/\/www.noticiasradioreflejos.com.ar\/2021\/se-celebro-el-30-aniversario-de-tornquist-patria-y-folklore\/","name":"Se celebr\u00f3 el 30\u00b0 aniversario de \u201cTornquist, Patria y Folklore\u201d - Noticias Radio Reflejos","isPartOf":{"@id":"https:\/\/www.noticiasradioreflejos.com.ar\/2021\/#website"},"primaryImageOfPage":{"@id":"https:\/\/www.noticiasradioreflejos.com.ar\/2021\/se-celebro-el-30-aniversario-de-tornquist-patria-y-folklore\/#primaryimage"},"image":{"@id":"https:\/\/www.noticiasradioreflejos.com.ar\/2021\/se-celebro-el-30-aniversario-de-tornquist-patria-y-folklore\/#primaryimage"},"thumbnailUrl":"http:\/\/www.noticiasradioreflejos.com.ar\/noticias\/wp-content\/uploads\/2019\/08\/WhatsApp-Image-2019-08-23-at-13.01.58-9-300x200.jpeg","datePublished":"2019-08-23T20:23:46+00:00","author":{"@id":"https:\/\/www.noticiasradioreflejos.com.ar\/2021\/#\/schema\/person\/ad82545263dcc5ec0996818884fd5fb1"},"breadcrumb":{"@id":"https:\/\/www.noticiasradioreflejos.com.ar\/2021\/se-celebro-el-30-aniversario-de-tornquist-patria-y-folklore\/#breadcrumb"},"inLanguage":"es","potentialAction":[{"@type":"ReadAction","target":["https:\/\/www.noticiasradioreflejos.com.ar\/2021\/se-celebro-el-30-aniversario-de-tornquist-patria-y-folklore\/"]}]},{"@type":"ImageObject","inLanguage":"es","@id":"https:\/\/www.noticiasradioreflejos.com.ar\/2021\/se-celebro-el-30-aniversario-de-tornquist-patria-y-folklore\/#primaryimage","url":"http:\/\/www.noticiasradioreflejos.com.ar\/noticias\/wp-content\/uploads\/2019\/08\/WhatsApp-Image-2019-08-23-at-13.01.58-9-300x200.jpeg","contentUrl":"http:\/\/www.noticiasradioreflejos.com.ar\/noticias\/wp-content\/uploads\/2019\/08\/WhatsApp-Image-2019-08-23-at-13.01.58-9-300x200.jpeg"},{"@type":"BreadcrumbList","@id":"https:\/\/www.noticiasradioreflejos.com.ar\/2021\/se-celebro-el-30-aniversario-de-tornquist-patria-y-folklore\/#breadcrumb","itemListElement":[{"@type":"ListItem","position":1,"name":"Portada","item":"https:\/\/www.noticiasradioreflejos.com.ar\/2021\/"},{"@type":"ListItem","position":2,"name":"Se celebr\u00f3 el 30\u00b0 aniversario de \u201cTornquist, Patria y Folklore\u201d"}]},{"@type":"WebSite","@id":"https:\/\/www.noticiasradioreflejos.com.ar\/2021\/#website","url":"https:\/\/www.noticiasradioreflejos.com.ar\/2021\/","name":"Noticias Radio Reflejos","description":"Las noticias de mi comarca","potentialAction":[{"@type":"SearchAction","target":{"@type":"EntryPoint","urlTemplate":"https:\/\/www.noticiasradioreflejos.com.ar\/2021\/?s={search_term_string}"},"query-input":{"@type":"PropertyValueSpecification","valueRequired":true,"valueName":"search_term_string"}}],"inLanguage":"es"},{"@type":"Person","@id":"https:\/\/www.noticiasradioreflejos.com.ar\/2021\/#\/schema\/person\/ad82545263dcc5ec0996818884fd5fb1","name":"Arnaldo Botto","image":{"@type":"ImageObject","inLanguage":"es","@id":"https:\/\/www.noticiasradioreflejos.com.ar\/2021\/#\/schema\/person\/image\/","url":"https:\/\/secure.gravatar.com\/avatar\/55cb5e37c1efa326397366e6974cb338056df65cb50e7d64d1cf314e87504837?s=96&d=mm&r=g","contentUrl":"https:\/\/secure.gravatar.com\/avatar\/55cb5e37c1efa326397366e6974cb338056df65cb50e7d64d1cf314e87504837?s=96&d=mm&r=g","caption":"Arnaldo Botto"},"url":"https:\/\/www.noticiasradioreflejos.com.ar\/2021\/author\/arnaldo\/"}]}},"_links":{"self":[{"href":"https:\/\/www.noticiasradioreflejos.com.ar\/2021\/wp-json\/wp\/v2\/posts\/34100","targetHints":{"allow":["GET"]}}],"collection":[{"href":"https:\/\/www.noticiasradioreflejos.com.ar\/2021\/wp-json\/wp\/v2\/posts"}],"about":[{"href":"https:\/\/www.noticiasradioreflejos.com.ar\/2021\/wp-json\/wp\/v2\/types\/post"}],"author":[{"embeddable":true,"href":"https:\/\/www.noticiasradioreflejos.com.ar\/2021\/wp-json\/wp\/v2\/users\/3"}],"replies":[{"embeddable":true,"href":"https:\/\/www.noticiasradioreflejos.com.ar\/2021\/wp-json\/wp\/v2\/comments?post=34100"}],"version-history":[{"count":0,"href":"https:\/\/www.noticiasradioreflejos.com.ar\/2021\/wp-json\/wp\/v2\/posts\/34100\/revisions"}],"wp:attachment":[{"href":"https:\/\/www.noticiasradioreflejos.com.ar\/2021\/wp-json\/wp\/v2\/media?parent=34100"}],"wp:term":[{"taxonomy":"category","embeddable":true,"href":"https:\/\/www.noticiasradioreflejos.com.ar\/2021\/wp-json\/wp\/v2\/categories?post=34100"},{"taxonomy":"post_tag","embeddable":true,"href":"https:\/\/www.noticiasradioreflejos.com.ar\/2021\/wp-json\/wp\/v2\/tags?post=34100"}],"curies":[{"name":"wp","href":"https:\/\/api.w.org\/{rel}","templated":true}]}}