{"id":34080,"date":"2019-08-23T07:39:09","date_gmt":"2019-08-23T10:39:09","guid":{"rendered":"http:\/\/www.noticiasradioreflejos.com.ar\/noticias\/?p=34080"},"modified":"2019-08-23T07:39:09","modified_gmt":"2019-08-23T10:39:09","slug":"la-preoctava-del-automoto-club-deportivo-tuvo-su-clasico","status":"publish","type":"post","link":"https:\/\/www.noticiasradioreflejos.com.ar\/2021\/la-preoctava-del-automoto-club-deportivo-tuvo-su-clasico\/","title":{"rendered":"La preoctava del Automoto Club Deportivo tuvo su cl\u00e1sico."},"content":{"rendered":"<p>Continuando con la preparaci\u00f3n para la pr\u00f3xima temporada, la preoctava del Automoto Club Deportivo disput\u00f3 un partido amistoso ante Uni\u00f3n de nuestra ciudad, en la previa del cl\u00e1sico de inferiores.<!--more--><br \/>\nEl anecd\u00f3tico resultado, totalmente secundario en este tipo de enfrentamientos amistoso, qued\u00f3 a favor del Rojo por 5 a 0, con cuatro conquistas de Facundo Abalos y una de Dante Mancinelli.<br \/>\nEl equipo azulgrana estuvo integrado por Franco Bual\u00f3, Francisco Meriggi, Nazareno Verdinelli, Nahuel Garc\u00eda, Juan Ignacio Abreg\u00fa, Alen Gim\u00e9nez, Juan Botto, Antony Pinto, Mateo Gambirassi, Franchesco Mutti, Miguel Vera, Facundo Abalos, Pedro Pinto, Bautista Schwab, Franco Tejeda, Erik Crosoppi y Franco Rubio.<br \/>\nLos chicos disfrutaron de un partido que se extendi\u00f3 durante casi una hora y mostr\u00f3 mucha intensidad de ambos bandos. En las pr\u00f3xima semanas, el equipo azulgrana continuar\u00e1 con este tipo de juegos.<br \/>\nDepartamento de Prensa. Automoto Club Deportivo<\/p>\n","protected":false},"excerpt":{"rendered":"<p>Continuando con la preparaci\u00f3n para la pr\u00f3xima temporada, la preoctava del Automoto Club Deportivo disput\u00f3 un partido amistoso ante Uni\u00f3n de nuestra ciudad, en la previa del cl\u00e1sico de inferiores.<\/p>\n","protected":false},"author":3,"featured_media":0,"comment_status":"closed","ping_status":"open","sticky":false,"template":"","format":"standard","meta":{"footnotes":""},"categories":[27],"tags":[],"class_list":["post-34080","post","type-post","status-publish","format-standard","hentry","category-deportes"],"yoast_head":"<!-- This site is optimized with the Yoast SEO plugin v25.9 - https:\/\/yoast.com\/wordpress\/plugins\/seo\/ -->\n<title>La preoctava del Automoto Club Deportivo tuvo su cl\u00e1sico. - Noticias Radio Reflejos<\/title>\n<meta name=\"robots\" content=\"index, follow, max-snippet:-1, max-image-preview:large, max-video-preview:-1\" \/>\n<link rel=\"canonical\" href=\"https:\/\/www.noticiasradioreflejos.com.ar\/2021\/la-preoctava-del-automoto-club-deportivo-tuvo-su-clasico\/\" \/>\n<meta property=\"og:locale\" content=\"es_ES\" \/>\n<meta property=\"og:type\" content=\"article\" \/>\n<meta property=\"og:title\" content=\"La preoctava del Automoto Club Deportivo tuvo su cl\u00e1sico. - Noticias Radio Reflejos\" \/>\n<meta property=\"og:description\" content=\"Continuando con la preparaci\u00f3n para la pr\u00f3xima temporada, la preoctava del Automoto Club Deportivo disput\u00f3 un partido amistoso ante Uni\u00f3n de nuestra ciudad, en la previa del cl\u00e1sico de inferiores.\" \/>\n<meta property=\"og:url\" content=\"https:\/\/www.noticiasradioreflejos.com.ar\/2021\/la-preoctava-del-automoto-club-deportivo-tuvo-su-clasico\/\" \/>\n<meta property=\"og:site_name\" content=\"Noticias Radio Reflejos\" \/>\n<meta property=\"article:published_time\" content=\"2019-08-23T10:39:09+00:00\" \/>\n<meta property=\"og:image\" content=\"https:\/\/www.noticiasradioreflejos.com.ar\/2021\/wp-content\/uploads\/2021\/07\/logosol300x200.png\" \/>\n\t<meta property=\"og:image:width\" content=\"300\" \/>\n\t<meta property=\"og:image:height\" content=\"200\" \/>\n\t<meta property=\"og:image:type\" content=\"image\/png\" \/>\n<meta name=\"author\" content=\"Arnaldo Botto\" \/>\n<meta name=\"twitter:card\" content=\"summary_large_image\" \/>\n<script type=\"application\/ld+json\" class=\"yoast-schema-graph\">{\"@context\":\"https:\/\/schema.org\",\"@graph\":[{\"@type\":\"WebPage\",\"@id\":\"https:\/\/www.noticiasradioreflejos.com.ar\/2021\/la-preoctava-del-automoto-club-deportivo-tuvo-su-clasico\/\",\"url\":\"https:\/\/www.noticiasradioreflejos.com.ar\/2021\/la-preoctava-del-automoto-club-deportivo-tuvo-su-clasico\/\",\"name\":\"La preoctava del Automoto Club Deportivo tuvo su cl\u00e1sico. - Noticias Radio Reflejos\",\"isPartOf\":{\"@id\":\"https:\/\/www.noticiasradioreflejos.com.ar\/2021\/#website\"},\"datePublished\":\"2019-08-23T10:39:09+00:00\",\"author\":{\"@id\":\"https:\/\/www.noticiasradioreflejos.com.ar\/2021\/#\/schema\/person\/ad82545263dcc5ec0996818884fd5fb1\"},\"breadcrumb\":{\"@id\":\"https:\/\/www.noticiasradioreflejos.com.ar\/2021\/la-preoctava-del-automoto-club-deportivo-tuvo-su-clasico\/#breadcrumb\"},\"inLanguage\":\"es\",\"potentialAction\":[{\"@type\":\"ReadAction\",\"target\":[\"https:\/\/www.noticiasradioreflejos.com.ar\/2021\/la-preoctava-del-automoto-club-deportivo-tuvo-su-clasico\/\"]}]},{\"@type\":\"BreadcrumbList\",\"@id\":\"https:\/\/www.noticiasradioreflejos.com.ar\/2021\/la-preoctava-del-automoto-club-deportivo-tuvo-su-clasico\/#breadcrumb\",\"itemListElement\":[{\"@type\":\"ListItem\",\"position\":1,\"name\":\"Portada\",\"item\":\"https:\/\/www.noticiasradioreflejos.com.ar\/2021\/\"},{\"@type\":\"ListItem\",\"position\":2,\"name\":\"La preoctava del Automoto Club Deportivo tuvo su cl\u00e1sico.\"}]},{\"@type\":\"WebSite\",\"@id\":\"https:\/\/www.noticiasradioreflejos.com.ar\/2021\/#website\",\"url\":\"https:\/\/www.noticiasradioreflejos.com.ar\/2021\/\",\"name\":\"Noticias Radio Reflejos\",\"description\":\"Las noticias de mi comarca\",\"potentialAction\":[{\"@type\":\"SearchAction\",\"target\":{\"@type\":\"EntryPoint\",\"urlTemplate\":\"https:\/\/www.noticiasradioreflejos.com.ar\/2021\/?s={search_term_string}\"},\"query-input\":{\"@type\":\"PropertyValueSpecification\",\"valueRequired\":true,\"valueName\":\"search_term_string\"}}],\"inLanguage\":\"es\"},{\"@type\":\"Person\",\"@id\":\"https:\/\/www.noticiasradioreflejos.com.ar\/2021\/#\/schema\/person\/ad82545263dcc5ec0996818884fd5fb1\",\"name\":\"Arnaldo Botto\",\"image\":{\"@type\":\"ImageObject\",\"inLanguage\":\"es\",\"@id\":\"https:\/\/www.noticiasradioreflejos.com.ar\/2021\/#\/schema\/person\/image\/\",\"url\":\"https:\/\/secure.gravatar.com\/avatar\/55cb5e37c1efa326397366e6974cb338056df65cb50e7d64d1cf314e87504837?s=96&d=mm&r=g\",\"contentUrl\":\"https:\/\/secure.gravatar.com\/avatar\/55cb5e37c1efa326397366e6974cb338056df65cb50e7d64d1cf314e87504837?s=96&d=mm&r=g\",\"caption\":\"Arnaldo Botto\"},\"url\":\"https:\/\/www.noticiasradioreflejos.com.ar\/2021\/author\/arnaldo\/\"}]}<\/script>\n<!-- \/ Yoast SEO plugin. -->","yoast_head_json":{"title":"La preoctava del Automoto Club Deportivo tuvo su cl\u00e1sico. - Noticias Radio Reflejos","robots":{"index":"index","follow":"follow","max-snippet":"max-snippet:-1","max-image-preview":"max-image-preview:large","max-video-preview":"max-video-preview:-1"},"canonical":"https:\/\/www.noticiasradioreflejos.com.ar\/2021\/la-preoctava-del-automoto-club-deportivo-tuvo-su-clasico\/","og_locale":"es_ES","og_type":"article","og_title":"La preoctava del Automoto Club Deportivo tuvo su cl\u00e1sico. - Noticias Radio Reflejos","og_description":"Continuando con la preparaci\u00f3n para la pr\u00f3xima temporada, la preoctava del Automoto Club Deportivo disput\u00f3 un partido amistoso ante Uni\u00f3n de nuestra ciudad, en la previa del cl\u00e1sico de inferiores.","og_url":"https:\/\/www.noticiasradioreflejos.com.ar\/2021\/la-preoctava-del-automoto-club-deportivo-tuvo-su-clasico\/","og_site_name":"Noticias Radio Reflejos","article_published_time":"2019-08-23T10:39:09+00:00","og_image":[{"width":300,"height":200,"url":"https:\/\/www.noticiasradioreflejos.com.ar\/2021\/wp-content\/uploads\/2021\/07\/logosol300x200.png","type":"image\/png"}],"author":"Arnaldo Botto","twitter_card":"summary_large_image","schema":{"@context":"https:\/\/schema.org","@graph":[{"@type":"WebPage","@id":"https:\/\/www.noticiasradioreflejos.com.ar\/2021\/la-preoctava-del-automoto-club-deportivo-tuvo-su-clasico\/","url":"https:\/\/www.noticiasradioreflejos.com.ar\/2021\/la-preoctava-del-automoto-club-deportivo-tuvo-su-clasico\/","name":"La preoctava del Automoto Club Deportivo tuvo su cl\u00e1sico. - Noticias Radio Reflejos","isPartOf":{"@id":"https:\/\/www.noticiasradioreflejos.com.ar\/2021\/#website"},"datePublished":"2019-08-23T10:39:09+00:00","author":{"@id":"https:\/\/www.noticiasradioreflejos.com.ar\/2021\/#\/schema\/person\/ad82545263dcc5ec0996818884fd5fb1"},"breadcrumb":{"@id":"https:\/\/www.noticiasradioreflejos.com.ar\/2021\/la-preoctava-del-automoto-club-deportivo-tuvo-su-clasico\/#breadcrumb"},"inLanguage":"es","potentialAction":[{"@type":"ReadAction","target":["https:\/\/www.noticiasradioreflejos.com.ar\/2021\/la-preoctava-del-automoto-club-deportivo-tuvo-su-clasico\/"]}]},{"@type":"BreadcrumbList","@id":"https:\/\/www.noticiasradioreflejos.com.ar\/2021\/la-preoctava-del-automoto-club-deportivo-tuvo-su-clasico\/#breadcrumb","itemListElement":[{"@type":"ListItem","position":1,"name":"Portada","item":"https:\/\/www.noticiasradioreflejos.com.ar\/2021\/"},{"@type":"ListItem","position":2,"name":"La preoctava del Automoto Club Deportivo tuvo su cl\u00e1sico."}]},{"@type":"WebSite","@id":"https:\/\/www.noticiasradioreflejos.com.ar\/2021\/#website","url":"https:\/\/www.noticiasradioreflejos.com.ar\/2021\/","name":"Noticias Radio Reflejos","description":"Las noticias de mi comarca","potentialAction":[{"@type":"SearchAction","target":{"@type":"EntryPoint","urlTemplate":"https:\/\/www.noticiasradioreflejos.com.ar\/2021\/?s={search_term_string}"},"query-input":{"@type":"PropertyValueSpecification","valueRequired":true,"valueName":"search_term_string"}}],"inLanguage":"es"},{"@type":"Person","@id":"https:\/\/www.noticiasradioreflejos.com.ar\/2021\/#\/schema\/person\/ad82545263dcc5ec0996818884fd5fb1","name":"Arnaldo Botto","image":{"@type":"ImageObject","inLanguage":"es","@id":"https:\/\/www.noticiasradioreflejos.com.ar\/2021\/#\/schema\/person\/image\/","url":"https:\/\/secure.gravatar.com\/avatar\/55cb5e37c1efa326397366e6974cb338056df65cb50e7d64d1cf314e87504837?s=96&d=mm&r=g","contentUrl":"https:\/\/secure.gravatar.com\/avatar\/55cb5e37c1efa326397366e6974cb338056df65cb50e7d64d1cf314e87504837?s=96&d=mm&r=g","caption":"Arnaldo Botto"},"url":"https:\/\/www.noticiasradioreflejos.com.ar\/2021\/author\/arnaldo\/"}]}},"_links":{"self":[{"href":"https:\/\/www.noticiasradioreflejos.com.ar\/2021\/wp-json\/wp\/v2\/posts\/34080","targetHints":{"allow":["GET"]}}],"collection":[{"href":"https:\/\/www.noticiasradioreflejos.com.ar\/2021\/wp-json\/wp\/v2\/posts"}],"about":[{"href":"https:\/\/www.noticiasradioreflejos.com.ar\/2021\/wp-json\/wp\/v2\/types\/post"}],"author":[{"embeddable":true,"href":"https:\/\/www.noticiasradioreflejos.com.ar\/2021\/wp-json\/wp\/v2\/users\/3"}],"replies":[{"embeddable":true,"href":"https:\/\/www.noticiasradioreflejos.com.ar\/2021\/wp-json\/wp\/v2\/comments?post=34080"}],"version-history":[{"count":0,"href":"https:\/\/www.noticiasradioreflejos.com.ar\/2021\/wp-json\/wp\/v2\/posts\/34080\/revisions"}],"wp:attachment":[{"href":"https:\/\/www.noticiasradioreflejos.com.ar\/2021\/wp-json\/wp\/v2\/media?parent=34080"}],"wp:term":[{"taxonomy":"category","embeddable":true,"href":"https:\/\/www.noticiasradioreflejos.com.ar\/2021\/wp-json\/wp\/v2\/categories?post=34080"},{"taxonomy":"post_tag","embeddable":true,"href":"https:\/\/www.noticiasradioreflejos.com.ar\/2021\/wp-json\/wp\/v2\/tags?post=34080"}],"curies":[{"name":"wp","href":"https:\/\/api.w.org\/{rel}","templated":true}]}}