{"id":34075,"date":"2019-08-22T16:44:13","date_gmt":"2019-08-22T19:44:13","guid":{"rendered":"http:\/\/www.noticiasradioreflejos.com.ar\/noticias\/?p=34075"},"modified":"2019-08-22T16:44:13","modified_gmt":"2019-08-22T19:44:13","slug":"jornada-de-transferencia-de-conocimientos-sobre-experimentacion-en-energia-solar","status":"publish","type":"post","link":"https:\/\/www.noticiasradioreflejos.com.ar\/2021\/jornada-de-transferencia-de-conocimientos-sobre-experimentacion-en-energia-solar\/","title":{"rendered":"Jornada de transferencia de conocimientos sobre Experimentaci\u00f3n en Energ\u00eda Solar"},"content":{"rendered":"<p>El d\u00eda 21 de agosto de 2019 nuestra escuela recibi\u00f3 a la Escuela de Educaci\u00f3n Secundaria Agraria N\u00b01 de Coronel Suarez en una \u201cJornada de transferencia de conocimientos sobre Experimentaci\u00f3n en Energ\u00eda Solar\u201d, dada la experiencia que nuestra instituci\u00f3n tiene gracias a sendos proyectos sobre Cargadores Solares para Celulares y Dispenser de Agua Caliente.<!--more--><br \/>\nEn dicho marco las profesoras de la Instituci\u00f3n de Coronel Suarez; Stefania Graff y Susana Bartz junto a 13 alumnos de 6\u00b0 A\u00f1o compartieron una Jornada de trabajo conjunto en donde primo el buen clima entre las dos instituciones y se vio claramente el inter\u00e9s demostrado por los alumnos de la EESA N\u00b01 de Coronel Suarez, tambi\u00e9n es de destacar la participaci\u00f3n de nuestros alumnos de 6\u00b0 y 7\u00b0 a\u00f1o que aportaron su conocimiento y experiencia adem\u00e1s el atender a nuestros visitantes preparando un almuerzo por dem\u00e1s excelente.<br \/>\n<a href=\"http:\/\/www.noticiasradioreflejos.com.ar\/noticias\/wp-content\/uploads\/2019\/08\/20190821_140750.jpg\"><img loading=\"lazy\" decoding=\"async\" class=\"alignleft size-medium wp-image-34077\" src=\"http:\/\/www.noticiasradioreflejos.com.ar\/noticias\/wp-content\/uploads\/2019\/08\/20190821_140750-300x225.jpg\" alt=\"20190821_140750\" width=\"300\" height=\"225\" \/><\/a>En primera instancia se proyect\u00f3 un video en donde se pod\u00eda ver a las dos estaciones de recarga solar como se fabricaban y como se realizaban su montaje final en Tornquist y en Sierra de la Ventana, surgi\u00f3 luego una serie de preguntas de parte de los alumnos de Agraria, respondidas por docentes y alumnos de nuestra instituci\u00f3n, por otra parte el alumno Sim\u00f3n Scheoff de 7\u00b0 a\u00f1o explico c\u00f3mo funciona la \u201cPlaca Peltier\u201d y sus aplicaciones en refrigeraci\u00f3n de peque\u00f1os recipientes.<br \/>\nLuego de ellos se distribuyeron en equipos alternados (alumnos de Tecnica y Agraria) y armaron distintos \u201cHornos Solares\u201d, nuestros alumnos iban explicando y arm\u00e1ndolos en conjunto con los alumnos de la Instituci\u00f3n de Coronel Suarez, tambi\u00e9n se explic\u00f3 la aplicaci\u00f3n de \u201cLentes Fresnel\u201d en la fabricaci\u00f3n de cocinas solares.<br \/>\nLuego de este trabajo desarrollado en los Laboratorios del INET que posee nuestra escuela, los alumnos compartieron un almuerzo, y seguido a esto el alumno de 7\u00b0 a\u00f1o Marcelo Nievas Chamorro dio una explicaci\u00f3n del funcionamiento de los diferentes tipos de \u201cTermotanques Solar\u201d, finalizando la Jornada en la construcci\u00f3n de prototipos de celdas solares realizada en el \u201cLaboratorio de Electr\u00f3nica y Rob\u00f3tica de la instituci\u00f3n.<br \/>\nAgradecemos sobre manera la visita de esta Instituci\u00f3n, que al escuchar por los medios de nuestro trabajo sobre Energ\u00edas Renovables no dudaron en contactarse con nosotros y as\u00ed pudimos llevar a cabo una jornada colmada de trabajo y camarader\u00eda, esperemos que esto se repita, dado que ayuda al crecimiento profesional de nuestros alumnos.<br \/>\nLink del Video proyectado: <a href=\"https:\/\/youtu.be\/1sIfUEBYaIM\">https:\/\/youtu.be\/1sIfUEBYaIM<\/a><br \/>\n<strong>Prof. Luis R. Quintana<br \/>\nDirector<br \/>\nE.E.S.T. N\u00b01 \u2013 Tornquist<\/strong><\/p>\n","protected":false},"excerpt":{"rendered":"<p>El d\u00eda 21 de agosto de 2019 nuestra escuela recibi\u00f3 a la Escuela de Educaci\u00f3n Secundaria Agraria N\u00b01 de Coronel Suarez en una \u201cJornada de transferencia de conocimientos sobre Experimentaci\u00f3n en Energ\u00eda Solar\u201d, dada la experiencia que nuestra instituci\u00f3n tiene gracias a sendos proyectos sobre Cargadores Solares para Celulares y Dispenser de Agua Caliente.<\/p>\n","protected":false},"author":3,"featured_media":0,"comment_status":"closed","ping_status":"open","sticky":false,"template":"","format":"standard","meta":{"footnotes":""},"categories":[34],"tags":[],"class_list":["post-34075","post","type-post","status-publish","format-standard","hentry","category-educacion"],"yoast_head":"<!-- This site is optimized with the Yoast SEO plugin v25.9 - https:\/\/yoast.com\/wordpress\/plugins\/seo\/ -->\n<title>Jornada de transferencia de conocimientos sobre Experimentaci\u00f3n en Energ\u00eda Solar - Noticias Radio Reflejos<\/title>\n<meta name=\"robots\" content=\"index, follow, max-snippet:-1, max-image-preview:large, max-video-preview:-1\" \/>\n<link rel=\"canonical\" href=\"https:\/\/www.noticiasradioreflejos.com.ar\/2021\/jornada-de-transferencia-de-conocimientos-sobre-experimentacion-en-energia-solar\/\" \/>\n<meta property=\"og:locale\" content=\"es_ES\" \/>\n<meta property=\"og:type\" content=\"article\" \/>\n<meta property=\"og:title\" content=\"Jornada de transferencia de conocimientos sobre Experimentaci\u00f3n en Energ\u00eda Solar - Noticias Radio Reflejos\" \/>\n<meta property=\"og:description\" content=\"El d\u00eda 21 de agosto de 2019 nuestra escuela recibi\u00f3 a la Escuela de Educaci\u00f3n Secundaria Agraria N\u00b01 de Coronel Suarez en una \u201cJornada de transferencia de conocimientos sobre Experimentaci\u00f3n en Energ\u00eda Solar\u201d, dada la experiencia que nuestra instituci\u00f3n tiene gracias a sendos proyectos sobre Cargadores Solares para Celulares y Dispenser de Agua Caliente.\" \/>\n<meta property=\"og:url\" content=\"https:\/\/www.noticiasradioreflejos.com.ar\/2021\/jornada-de-transferencia-de-conocimientos-sobre-experimentacion-en-energia-solar\/\" \/>\n<meta property=\"og:site_name\" content=\"Noticias Radio Reflejos\" \/>\n<meta property=\"article:published_time\" content=\"2019-08-22T19:44:13+00:00\" \/>\n<meta property=\"og:image\" content=\"https:\/\/www.noticiasradioreflejos.com.ar\/2021\/wp-content\/uploads\/2021\/07\/logosol300x200.png\" \/>\n\t<meta property=\"og:image:width\" content=\"300\" \/>\n\t<meta property=\"og:image:height\" content=\"200\" \/>\n\t<meta property=\"og:image:type\" content=\"image\/png\" \/>\n<meta name=\"author\" content=\"Arnaldo Botto\" \/>\n<meta name=\"twitter:card\" content=\"summary_large_image\" \/>\n<script type=\"application\/ld+json\" class=\"yoast-schema-graph\">{\"@context\":\"https:\/\/schema.org\",\"@graph\":[{\"@type\":\"WebPage\",\"@id\":\"https:\/\/www.noticiasradioreflejos.com.ar\/2021\/jornada-de-transferencia-de-conocimientos-sobre-experimentacion-en-energia-solar\/\",\"url\":\"https:\/\/www.noticiasradioreflejos.com.ar\/2021\/jornada-de-transferencia-de-conocimientos-sobre-experimentacion-en-energia-solar\/\",\"name\":\"Jornada de transferencia de conocimientos sobre Experimentaci\u00f3n en Energ\u00eda Solar - Noticias Radio Reflejos\",\"isPartOf\":{\"@id\":\"https:\/\/www.noticiasradioreflejos.com.ar\/2021\/#website\"},\"primaryImageOfPage\":{\"@id\":\"https:\/\/www.noticiasradioreflejos.com.ar\/2021\/jornada-de-transferencia-de-conocimientos-sobre-experimentacion-en-energia-solar\/#primaryimage\"},\"image\":{\"@id\":\"https:\/\/www.noticiasradioreflejos.com.ar\/2021\/jornada-de-transferencia-de-conocimientos-sobre-experimentacion-en-energia-solar\/#primaryimage\"},\"thumbnailUrl\":\"http:\/\/www.noticiasradioreflejos.com.ar\/noticias\/wp-content\/uploads\/2019\/08\/20190821_140750-300x225.jpg\",\"datePublished\":\"2019-08-22T19:44:13+00:00\",\"author\":{\"@id\":\"https:\/\/www.noticiasradioreflejos.com.ar\/2021\/#\/schema\/person\/ad82545263dcc5ec0996818884fd5fb1\"},\"breadcrumb\":{\"@id\":\"https:\/\/www.noticiasradioreflejos.com.ar\/2021\/jornada-de-transferencia-de-conocimientos-sobre-experimentacion-en-energia-solar\/#breadcrumb\"},\"inLanguage\":\"es\",\"potentialAction\":[{\"@type\":\"ReadAction\",\"target\":[\"https:\/\/www.noticiasradioreflejos.com.ar\/2021\/jornada-de-transferencia-de-conocimientos-sobre-experimentacion-en-energia-solar\/\"]}]},{\"@type\":\"ImageObject\",\"inLanguage\":\"es\",\"@id\":\"https:\/\/www.noticiasradioreflejos.com.ar\/2021\/jornada-de-transferencia-de-conocimientos-sobre-experimentacion-en-energia-solar\/#primaryimage\",\"url\":\"http:\/\/www.noticiasradioreflejos.com.ar\/noticias\/wp-content\/uploads\/2019\/08\/20190821_140750-300x225.jpg\",\"contentUrl\":\"http:\/\/www.noticiasradioreflejos.com.ar\/noticias\/wp-content\/uploads\/2019\/08\/20190821_140750-300x225.jpg\"},{\"@type\":\"BreadcrumbList\",\"@id\":\"https:\/\/www.noticiasradioreflejos.com.ar\/2021\/jornada-de-transferencia-de-conocimientos-sobre-experimentacion-en-energia-solar\/#breadcrumb\",\"itemListElement\":[{\"@type\":\"ListItem\",\"position\":1,\"name\":\"Portada\",\"item\":\"https:\/\/www.noticiasradioreflejos.com.ar\/2021\/\"},{\"@type\":\"ListItem\",\"position\":2,\"name\":\"Jornada de transferencia de conocimientos sobre Experimentaci\u00f3n en Energ\u00eda Solar\"}]},{\"@type\":\"WebSite\",\"@id\":\"https:\/\/www.noticiasradioreflejos.com.ar\/2021\/#website\",\"url\":\"https:\/\/www.noticiasradioreflejos.com.ar\/2021\/\",\"name\":\"Noticias Radio Reflejos\",\"description\":\"Las noticias de mi comarca\",\"potentialAction\":[{\"@type\":\"SearchAction\",\"target\":{\"@type\":\"EntryPoint\",\"urlTemplate\":\"https:\/\/www.noticiasradioreflejos.com.ar\/2021\/?s={search_term_string}\"},\"query-input\":{\"@type\":\"PropertyValueSpecification\",\"valueRequired\":true,\"valueName\":\"search_term_string\"}}],\"inLanguage\":\"es\"},{\"@type\":\"Person\",\"@id\":\"https:\/\/www.noticiasradioreflejos.com.ar\/2021\/#\/schema\/person\/ad82545263dcc5ec0996818884fd5fb1\",\"name\":\"Arnaldo Botto\",\"image\":{\"@type\":\"ImageObject\",\"inLanguage\":\"es\",\"@id\":\"https:\/\/www.noticiasradioreflejos.com.ar\/2021\/#\/schema\/person\/image\/\",\"url\":\"https:\/\/secure.gravatar.com\/avatar\/55cb5e37c1efa326397366e6974cb338056df65cb50e7d64d1cf314e87504837?s=96&d=mm&r=g\",\"contentUrl\":\"https:\/\/secure.gravatar.com\/avatar\/55cb5e37c1efa326397366e6974cb338056df65cb50e7d64d1cf314e87504837?s=96&d=mm&r=g\",\"caption\":\"Arnaldo Botto\"},\"url\":\"https:\/\/www.noticiasradioreflejos.com.ar\/2021\/author\/arnaldo\/\"}]}<\/script>\n<!-- \/ Yoast SEO plugin. -->","yoast_head_json":{"title":"Jornada de transferencia de conocimientos sobre Experimentaci\u00f3n en Energ\u00eda Solar - Noticias Radio Reflejos","robots":{"index":"index","follow":"follow","max-snippet":"max-snippet:-1","max-image-preview":"max-image-preview:large","max-video-preview":"max-video-preview:-1"},"canonical":"https:\/\/www.noticiasradioreflejos.com.ar\/2021\/jornada-de-transferencia-de-conocimientos-sobre-experimentacion-en-energia-solar\/","og_locale":"es_ES","og_type":"article","og_title":"Jornada de transferencia de conocimientos sobre Experimentaci\u00f3n en Energ\u00eda Solar - Noticias Radio Reflejos","og_description":"El d\u00eda 21 de agosto de 2019 nuestra escuela recibi\u00f3 a la Escuela de Educaci\u00f3n Secundaria Agraria N\u00b01 de Coronel Suarez en una \u201cJornada de transferencia de conocimientos sobre Experimentaci\u00f3n en Energ\u00eda Solar\u201d, dada la experiencia que nuestra instituci\u00f3n tiene gracias a sendos proyectos sobre Cargadores Solares para Celulares y Dispenser de Agua Caliente.","og_url":"https:\/\/www.noticiasradioreflejos.com.ar\/2021\/jornada-de-transferencia-de-conocimientos-sobre-experimentacion-en-energia-solar\/","og_site_name":"Noticias Radio Reflejos","article_published_time":"2019-08-22T19:44:13+00:00","og_image":[{"width":300,"height":200,"url":"https:\/\/www.noticiasradioreflejos.com.ar\/2021\/wp-content\/uploads\/2021\/07\/logosol300x200.png","type":"image\/png"}],"author":"Arnaldo Botto","twitter_card":"summary_large_image","schema":{"@context":"https:\/\/schema.org","@graph":[{"@type":"WebPage","@id":"https:\/\/www.noticiasradioreflejos.com.ar\/2021\/jornada-de-transferencia-de-conocimientos-sobre-experimentacion-en-energia-solar\/","url":"https:\/\/www.noticiasradioreflejos.com.ar\/2021\/jornada-de-transferencia-de-conocimientos-sobre-experimentacion-en-energia-solar\/","name":"Jornada de transferencia de conocimientos sobre Experimentaci\u00f3n en Energ\u00eda Solar - Noticias Radio Reflejos","isPartOf":{"@id":"https:\/\/www.noticiasradioreflejos.com.ar\/2021\/#website"},"primaryImageOfPage":{"@id":"https:\/\/www.noticiasradioreflejos.com.ar\/2021\/jornada-de-transferencia-de-conocimientos-sobre-experimentacion-en-energia-solar\/#primaryimage"},"image":{"@id":"https:\/\/www.noticiasradioreflejos.com.ar\/2021\/jornada-de-transferencia-de-conocimientos-sobre-experimentacion-en-energia-solar\/#primaryimage"},"thumbnailUrl":"http:\/\/www.noticiasradioreflejos.com.ar\/noticias\/wp-content\/uploads\/2019\/08\/20190821_140750-300x225.jpg","datePublished":"2019-08-22T19:44:13+00:00","author":{"@id":"https:\/\/www.noticiasradioreflejos.com.ar\/2021\/#\/schema\/person\/ad82545263dcc5ec0996818884fd5fb1"},"breadcrumb":{"@id":"https:\/\/www.noticiasradioreflejos.com.ar\/2021\/jornada-de-transferencia-de-conocimientos-sobre-experimentacion-en-energia-solar\/#breadcrumb"},"inLanguage":"es","potentialAction":[{"@type":"ReadAction","target":["https:\/\/www.noticiasradioreflejos.com.ar\/2021\/jornada-de-transferencia-de-conocimientos-sobre-experimentacion-en-energia-solar\/"]}]},{"@type":"ImageObject","inLanguage":"es","@id":"https:\/\/www.noticiasradioreflejos.com.ar\/2021\/jornada-de-transferencia-de-conocimientos-sobre-experimentacion-en-energia-solar\/#primaryimage","url":"http:\/\/www.noticiasradioreflejos.com.ar\/noticias\/wp-content\/uploads\/2019\/08\/20190821_140750-300x225.jpg","contentUrl":"http:\/\/www.noticiasradioreflejos.com.ar\/noticias\/wp-content\/uploads\/2019\/08\/20190821_140750-300x225.jpg"},{"@type":"BreadcrumbList","@id":"https:\/\/www.noticiasradioreflejos.com.ar\/2021\/jornada-de-transferencia-de-conocimientos-sobre-experimentacion-en-energia-solar\/#breadcrumb","itemListElement":[{"@type":"ListItem","position":1,"name":"Portada","item":"https:\/\/www.noticiasradioreflejos.com.ar\/2021\/"},{"@type":"ListItem","position":2,"name":"Jornada de transferencia de conocimientos sobre Experimentaci\u00f3n en Energ\u00eda Solar"}]},{"@type":"WebSite","@id":"https:\/\/www.noticiasradioreflejos.com.ar\/2021\/#website","url":"https:\/\/www.noticiasradioreflejos.com.ar\/2021\/","name":"Noticias Radio Reflejos","description":"Las noticias de mi comarca","potentialAction":[{"@type":"SearchAction","target":{"@type":"EntryPoint","urlTemplate":"https:\/\/www.noticiasradioreflejos.com.ar\/2021\/?s={search_term_string}"},"query-input":{"@type":"PropertyValueSpecification","valueRequired":true,"valueName":"search_term_string"}}],"inLanguage":"es"},{"@type":"Person","@id":"https:\/\/www.noticiasradioreflejos.com.ar\/2021\/#\/schema\/person\/ad82545263dcc5ec0996818884fd5fb1","name":"Arnaldo Botto","image":{"@type":"ImageObject","inLanguage":"es","@id":"https:\/\/www.noticiasradioreflejos.com.ar\/2021\/#\/schema\/person\/image\/","url":"https:\/\/secure.gravatar.com\/avatar\/55cb5e37c1efa326397366e6974cb338056df65cb50e7d64d1cf314e87504837?s=96&d=mm&r=g","contentUrl":"https:\/\/secure.gravatar.com\/avatar\/55cb5e37c1efa326397366e6974cb338056df65cb50e7d64d1cf314e87504837?s=96&d=mm&r=g","caption":"Arnaldo Botto"},"url":"https:\/\/www.noticiasradioreflejos.com.ar\/2021\/author\/arnaldo\/"}]}},"_links":{"self":[{"href":"https:\/\/www.noticiasradioreflejos.com.ar\/2021\/wp-json\/wp\/v2\/posts\/34075","targetHints":{"allow":["GET"]}}],"collection":[{"href":"https:\/\/www.noticiasradioreflejos.com.ar\/2021\/wp-json\/wp\/v2\/posts"}],"about":[{"href":"https:\/\/www.noticiasradioreflejos.com.ar\/2021\/wp-json\/wp\/v2\/types\/post"}],"author":[{"embeddable":true,"href":"https:\/\/www.noticiasradioreflejos.com.ar\/2021\/wp-json\/wp\/v2\/users\/3"}],"replies":[{"embeddable":true,"href":"https:\/\/www.noticiasradioreflejos.com.ar\/2021\/wp-json\/wp\/v2\/comments?post=34075"}],"version-history":[{"count":0,"href":"https:\/\/www.noticiasradioreflejos.com.ar\/2021\/wp-json\/wp\/v2\/posts\/34075\/revisions"}],"wp:attachment":[{"href":"https:\/\/www.noticiasradioreflejos.com.ar\/2021\/wp-json\/wp\/v2\/media?parent=34075"}],"wp:term":[{"taxonomy":"category","embeddable":true,"href":"https:\/\/www.noticiasradioreflejos.com.ar\/2021\/wp-json\/wp\/v2\/categories?post=34075"},{"taxonomy":"post_tag","embeddable":true,"href":"https:\/\/www.noticiasradioreflejos.com.ar\/2021\/wp-json\/wp\/v2\/tags?post=34075"}],"curies":[{"name":"wp","href":"https:\/\/api.w.org\/{rel}","templated":true}]}}