{"id":34055,"date":"2019-08-22T08:09:26","date_gmt":"2019-08-22T11:09:26","guid":{"rendered":"http:\/\/www.noticiasradioreflejos.com.ar\/noticias\/?p=34055"},"modified":"2019-08-22T08:09:26","modified_gmt":"2019-08-22T11:09:26","slug":"trankels-ya-trabaja-con-kicillof-sus-propuestas-para-el-distrito","status":"publish","type":"post","link":"https:\/\/www.noticiasradioreflejos.com.ar\/2021\/trankels-ya-trabaja-con-kicillof-sus-propuestas-para-el-distrito\/","title":{"rendered":"Trankels ya trabaja con Kicillof sus propuestas para el Distrito."},"content":{"rendered":"<p>Este mi\u00e9rcoles en Avellaneda, el candidato a gobernador del Frente de Todos recibi\u00f3 a intendentes y aspirantes a ese cargo por el espacio que representa. Axel anticip\u00f3 una nueva visita a Tornquist.Ver Video<!--more--><br \/>\n<div style=\"width: 400px;\" class=\"wp-video\"><video class=\"wp-video-shortcode\" id=\"video-34055-1\" width=\"400\" height=\"220\" preload=\"metadata\" controls=\"controls\"><source type=\"video\/mp4\" src=\"http:\/\/www.noticiasradioreflejos.com.ar\/noticias\/wp-content\/uploads\/2019\/08\/Axel-Trankels.mp4?_=1\" \/><a href=\"http:\/\/www.noticiasradioreflejos.com.ar\/noticias\/wp-content\/uploads\/2019\/08\/Axel-Trankels.mp4\">http:\/\/www.noticiasradioreflejos.com.ar\/noticias\/wp-content\/uploads\/2019\/08\/Axel-Trankels.mp4<\/a><\/video><\/div><br \/>\nEl candidato a gobernador por el Frente de Todos, Axel Kicillof, afirm\u00f3 este mi\u00e9rcoles que \u201ctriunf\u00f3 la unidad del campo popular\u201d, al encabezar un encuentro con los candidatos a intendentes de los 135 distritos de la provincia de Buenos Aires, con el objetivo de analizar el panorama pol\u00edtico y econ\u00f3mico.<br \/>\n\u201cEstoy orgulloso del trabajo que hicieron en cada distrito para poner en movimiento la provincia de Buenos Aires\u201d, se\u00f1al\u00f3 Axel, durante el encuentro realizado en el Polideportivo Delfo Cabrera, en Avellaneda, del que particip\u00f3 el candidato de Tornquist, Gustavo Trankels.<br \/>\nEn este sentido, el presidente del Partido Justicialista Bonaerense, Fernando Gray, sentenci\u00f3 que \u201cvamos a seguir recuperando municipios para alegr\u00eda de todos los bonaerenses\u201d porque \u201cel peronismo est\u00e1 totalmente unido y con ganas de posicionar nuestra provincia donde tiene que estar\u201d.<br \/>\nGray agradeci\u00f3 a los intendentes e intendentas \u201cpor el esfuerzo que realizaron para tener una buena elecci\u00f3n con un Gobierno nacional y provincial en contra\u201d, as\u00ed como tambi\u00e9n felicit\u00f3 a cada uno de los candidatos y destac\u00f3 el trabajo de Axel, quien \u201crealiz\u00f3 una campa\u00f1a \u00e9pica\u201d.<\/p>\n","protected":false},"excerpt":{"rendered":"<p>Este mi\u00e9rcoles en Avellaneda, el candidato a gobernador del Frente de Todos recibi\u00f3 a intendentes y aspirantes a ese cargo por el espacio que representa. Axel anticip\u00f3 una nueva visita a Tornquist.Ver Video<\/p>\n","protected":false},"author":3,"featured_media":0,"comment_status":"closed","ping_status":"open","sticky":false,"template":"","format":"standard","meta":{"footnotes":""},"categories":[24],"tags":[],"class_list":["post-34055","post","type-post","status-publish","format-standard","hentry","category-politica"],"yoast_head":"<!-- This site is optimized with the Yoast SEO plugin v25.9 - https:\/\/yoast.com\/wordpress\/plugins\/seo\/ -->\n<title>Trankels ya trabaja con Kicillof sus propuestas para el Distrito. - Noticias Radio Reflejos<\/title>\n<meta name=\"robots\" content=\"index, follow, max-snippet:-1, max-image-preview:large, max-video-preview:-1\" \/>\n<link rel=\"canonical\" href=\"https:\/\/www.noticiasradioreflejos.com.ar\/2021\/trankels-ya-trabaja-con-kicillof-sus-propuestas-para-el-distrito\/\" \/>\n<meta property=\"og:locale\" content=\"es_ES\" \/>\n<meta property=\"og:type\" content=\"article\" \/>\n<meta property=\"og:title\" content=\"Trankels ya trabaja con Kicillof sus propuestas para el Distrito. - Noticias Radio Reflejos\" \/>\n<meta property=\"og:description\" content=\"Este mi\u00e9rcoles en Avellaneda, el candidato a gobernador del Frente de Todos recibi\u00f3 a intendentes y aspirantes a ese cargo por el espacio que representa. Axel anticip\u00f3 una nueva visita a Tornquist.Ver Video\" \/>\n<meta property=\"og:url\" content=\"https:\/\/www.noticiasradioreflejos.com.ar\/2021\/trankels-ya-trabaja-con-kicillof-sus-propuestas-para-el-distrito\/\" \/>\n<meta property=\"og:site_name\" content=\"Noticias Radio Reflejos\" \/>\n<meta property=\"article:published_time\" content=\"2019-08-22T11:09:26+00:00\" \/>\n<meta property=\"og:image\" content=\"https:\/\/www.noticiasradioreflejos.com.ar\/2021\/wp-content\/uploads\/2021\/07\/logosol300x200.png\" \/>\n\t<meta property=\"og:image:width\" content=\"300\" \/>\n\t<meta property=\"og:image:height\" content=\"200\" \/>\n\t<meta property=\"og:image:type\" content=\"image\/png\" \/>\n<meta name=\"author\" content=\"Arnaldo Botto\" \/>\n<meta name=\"twitter:card\" content=\"summary_large_image\" \/>\n<script type=\"application\/ld+json\" class=\"yoast-schema-graph\">{\"@context\":\"https:\/\/schema.org\",\"@graph\":[{\"@type\":\"WebPage\",\"@id\":\"https:\/\/www.noticiasradioreflejos.com.ar\/2021\/trankels-ya-trabaja-con-kicillof-sus-propuestas-para-el-distrito\/\",\"url\":\"https:\/\/www.noticiasradioreflejos.com.ar\/2021\/trankels-ya-trabaja-con-kicillof-sus-propuestas-para-el-distrito\/\",\"name\":\"Trankels ya trabaja con Kicillof sus propuestas para el Distrito. - Noticias Radio Reflejos\",\"isPartOf\":{\"@id\":\"https:\/\/www.noticiasradioreflejos.com.ar\/2021\/#website\"},\"datePublished\":\"2019-08-22T11:09:26+00:00\",\"author\":{\"@id\":\"https:\/\/www.noticiasradioreflejos.com.ar\/2021\/#\/schema\/person\/ad82545263dcc5ec0996818884fd5fb1\"},\"breadcrumb\":{\"@id\":\"https:\/\/www.noticiasradioreflejos.com.ar\/2021\/trankels-ya-trabaja-con-kicillof-sus-propuestas-para-el-distrito\/#breadcrumb\"},\"inLanguage\":\"es\",\"potentialAction\":[{\"@type\":\"ReadAction\",\"target\":[\"https:\/\/www.noticiasradioreflejos.com.ar\/2021\/trankels-ya-trabaja-con-kicillof-sus-propuestas-para-el-distrito\/\"]}]},{\"@type\":\"BreadcrumbList\",\"@id\":\"https:\/\/www.noticiasradioreflejos.com.ar\/2021\/trankels-ya-trabaja-con-kicillof-sus-propuestas-para-el-distrito\/#breadcrumb\",\"itemListElement\":[{\"@type\":\"ListItem\",\"position\":1,\"name\":\"Portada\",\"item\":\"https:\/\/www.noticiasradioreflejos.com.ar\/2021\/\"},{\"@type\":\"ListItem\",\"position\":2,\"name\":\"Trankels ya trabaja con Kicillof sus propuestas para el Distrito.\"}]},{\"@type\":\"WebSite\",\"@id\":\"https:\/\/www.noticiasradioreflejos.com.ar\/2021\/#website\",\"url\":\"https:\/\/www.noticiasradioreflejos.com.ar\/2021\/\",\"name\":\"Noticias Radio Reflejos\",\"description\":\"Las noticias de mi comarca\",\"potentialAction\":[{\"@type\":\"SearchAction\",\"target\":{\"@type\":\"EntryPoint\",\"urlTemplate\":\"https:\/\/www.noticiasradioreflejos.com.ar\/2021\/?s={search_term_string}\"},\"query-input\":{\"@type\":\"PropertyValueSpecification\",\"valueRequired\":true,\"valueName\":\"search_term_string\"}}],\"inLanguage\":\"es\"},{\"@type\":\"Person\",\"@id\":\"https:\/\/www.noticiasradioreflejos.com.ar\/2021\/#\/schema\/person\/ad82545263dcc5ec0996818884fd5fb1\",\"name\":\"Arnaldo Botto\",\"image\":{\"@type\":\"ImageObject\",\"inLanguage\":\"es\",\"@id\":\"https:\/\/www.noticiasradioreflejos.com.ar\/2021\/#\/schema\/person\/image\/\",\"url\":\"https:\/\/secure.gravatar.com\/avatar\/55cb5e37c1efa326397366e6974cb338056df65cb50e7d64d1cf314e87504837?s=96&d=mm&r=g\",\"contentUrl\":\"https:\/\/secure.gravatar.com\/avatar\/55cb5e37c1efa326397366e6974cb338056df65cb50e7d64d1cf314e87504837?s=96&d=mm&r=g\",\"caption\":\"Arnaldo Botto\"},\"url\":\"https:\/\/www.noticiasradioreflejos.com.ar\/2021\/author\/arnaldo\/\"}]}<\/script>\n<!-- \/ Yoast SEO plugin. -->","yoast_head_json":{"title":"Trankels ya trabaja con Kicillof sus propuestas para el Distrito. - Noticias Radio Reflejos","robots":{"index":"index","follow":"follow","max-snippet":"max-snippet:-1","max-image-preview":"max-image-preview:large","max-video-preview":"max-video-preview:-1"},"canonical":"https:\/\/www.noticiasradioreflejos.com.ar\/2021\/trankels-ya-trabaja-con-kicillof-sus-propuestas-para-el-distrito\/","og_locale":"es_ES","og_type":"article","og_title":"Trankels ya trabaja con Kicillof sus propuestas para el Distrito. - Noticias Radio Reflejos","og_description":"Este mi\u00e9rcoles en Avellaneda, el candidato a gobernador del Frente de Todos recibi\u00f3 a intendentes y aspirantes a ese cargo por el espacio que representa. Axel anticip\u00f3 una nueva visita a Tornquist.Ver Video","og_url":"https:\/\/www.noticiasradioreflejos.com.ar\/2021\/trankels-ya-trabaja-con-kicillof-sus-propuestas-para-el-distrito\/","og_site_name":"Noticias Radio Reflejos","article_published_time":"2019-08-22T11:09:26+00:00","og_image":[{"width":300,"height":200,"url":"https:\/\/www.noticiasradioreflejos.com.ar\/2021\/wp-content\/uploads\/2021\/07\/logosol300x200.png","type":"image\/png"}],"author":"Arnaldo Botto","twitter_card":"summary_large_image","schema":{"@context":"https:\/\/schema.org","@graph":[{"@type":"WebPage","@id":"https:\/\/www.noticiasradioreflejos.com.ar\/2021\/trankels-ya-trabaja-con-kicillof-sus-propuestas-para-el-distrito\/","url":"https:\/\/www.noticiasradioreflejos.com.ar\/2021\/trankels-ya-trabaja-con-kicillof-sus-propuestas-para-el-distrito\/","name":"Trankels ya trabaja con Kicillof sus propuestas para el Distrito. - Noticias Radio Reflejos","isPartOf":{"@id":"https:\/\/www.noticiasradioreflejos.com.ar\/2021\/#website"},"datePublished":"2019-08-22T11:09:26+00:00","author":{"@id":"https:\/\/www.noticiasradioreflejos.com.ar\/2021\/#\/schema\/person\/ad82545263dcc5ec0996818884fd5fb1"},"breadcrumb":{"@id":"https:\/\/www.noticiasradioreflejos.com.ar\/2021\/trankels-ya-trabaja-con-kicillof-sus-propuestas-para-el-distrito\/#breadcrumb"},"inLanguage":"es","potentialAction":[{"@type":"ReadAction","target":["https:\/\/www.noticiasradioreflejos.com.ar\/2021\/trankels-ya-trabaja-con-kicillof-sus-propuestas-para-el-distrito\/"]}]},{"@type":"BreadcrumbList","@id":"https:\/\/www.noticiasradioreflejos.com.ar\/2021\/trankels-ya-trabaja-con-kicillof-sus-propuestas-para-el-distrito\/#breadcrumb","itemListElement":[{"@type":"ListItem","position":1,"name":"Portada","item":"https:\/\/www.noticiasradioreflejos.com.ar\/2021\/"},{"@type":"ListItem","position":2,"name":"Trankels ya trabaja con Kicillof sus propuestas para el Distrito."}]},{"@type":"WebSite","@id":"https:\/\/www.noticiasradioreflejos.com.ar\/2021\/#website","url":"https:\/\/www.noticiasradioreflejos.com.ar\/2021\/","name":"Noticias Radio Reflejos","description":"Las noticias de mi comarca","potentialAction":[{"@type":"SearchAction","target":{"@type":"EntryPoint","urlTemplate":"https:\/\/www.noticiasradioreflejos.com.ar\/2021\/?s={search_term_string}"},"query-input":{"@type":"PropertyValueSpecification","valueRequired":true,"valueName":"search_term_string"}}],"inLanguage":"es"},{"@type":"Person","@id":"https:\/\/www.noticiasradioreflejos.com.ar\/2021\/#\/schema\/person\/ad82545263dcc5ec0996818884fd5fb1","name":"Arnaldo Botto","image":{"@type":"ImageObject","inLanguage":"es","@id":"https:\/\/www.noticiasradioreflejos.com.ar\/2021\/#\/schema\/person\/image\/","url":"https:\/\/secure.gravatar.com\/avatar\/55cb5e37c1efa326397366e6974cb338056df65cb50e7d64d1cf314e87504837?s=96&d=mm&r=g","contentUrl":"https:\/\/secure.gravatar.com\/avatar\/55cb5e37c1efa326397366e6974cb338056df65cb50e7d64d1cf314e87504837?s=96&d=mm&r=g","caption":"Arnaldo Botto"},"url":"https:\/\/www.noticiasradioreflejos.com.ar\/2021\/author\/arnaldo\/"}]}},"_links":{"self":[{"href":"https:\/\/www.noticiasradioreflejos.com.ar\/2021\/wp-json\/wp\/v2\/posts\/34055","targetHints":{"allow":["GET"]}}],"collection":[{"href":"https:\/\/www.noticiasradioreflejos.com.ar\/2021\/wp-json\/wp\/v2\/posts"}],"about":[{"href":"https:\/\/www.noticiasradioreflejos.com.ar\/2021\/wp-json\/wp\/v2\/types\/post"}],"author":[{"embeddable":true,"href":"https:\/\/www.noticiasradioreflejos.com.ar\/2021\/wp-json\/wp\/v2\/users\/3"}],"replies":[{"embeddable":true,"href":"https:\/\/www.noticiasradioreflejos.com.ar\/2021\/wp-json\/wp\/v2\/comments?post=34055"}],"version-history":[{"count":0,"href":"https:\/\/www.noticiasradioreflejos.com.ar\/2021\/wp-json\/wp\/v2\/posts\/34055\/revisions"}],"wp:attachment":[{"href":"https:\/\/www.noticiasradioreflejos.com.ar\/2021\/wp-json\/wp\/v2\/media?parent=34055"}],"wp:term":[{"taxonomy":"category","embeddable":true,"href":"https:\/\/www.noticiasradioreflejos.com.ar\/2021\/wp-json\/wp\/v2\/categories?post=34055"},{"taxonomy":"post_tag","embeddable":true,"href":"https:\/\/www.noticiasradioreflejos.com.ar\/2021\/wp-json\/wp\/v2\/tags?post=34055"}],"curies":[{"name":"wp","href":"https:\/\/api.w.org\/{rel}","templated":true}]}}