{"id":34042,"date":"2019-08-21T17:38:29","date_gmt":"2019-08-21T20:38:29","guid":{"rendered":"http:\/\/www.noticiasradioreflejos.com.ar\/noticias\/?p=34042"},"modified":"2019-08-21T17:38:29","modified_gmt":"2019-08-21T20:38:29","slug":"automoto-debuto-en-torneo-esperanzas-de-la-provincia-de-bs-as","status":"publish","type":"post","link":"https:\/\/www.noticiasradioreflejos.com.ar\/2021\/automoto-debuto-en-torneo-esperanzas-de-la-provincia-de-bs-as\/","title":{"rendered":"Automoto debut\u00f3 en Torneo Esperanzas de la Provincia de Bs As"},"content":{"rendered":"<p><a href=\"http:\/\/www.noticiasradioreflejos.com.ar\/noticias\/wp-content\/uploads\/2019\/08\/DSC_8641.jpg\"><img loading=\"lazy\" decoding=\"async\" class=\"alignleft size-medium wp-image-34044\" src=\"http:\/\/www.noticiasradioreflejos.com.ar\/noticias\/wp-content\/uploads\/2019\/08\/DSC_8641-300x264.jpg\" alt=\"DSC_8641\" width=\"300\" height=\"264\" \/><\/a>Las categor\u00edas 2005 y 2007 del Automoto Club Deportivo debutaron con el pie derecho en la quinta edici\u00f3n del Torneo Esperanzas de la Provincia de Buenos Aires, cuya fase final se disputar\u00e1 a fines de a\u00f1o en Tandil.<br \/>\nEn cancha de San Mart\u00edn de Carhu\u00e9, donde se disput\u00f3 la primera programaci\u00f3n de la denominada zona sudoeste, los chicos de Rojo consiguieron una victoria y un empate ante el conjunto local.<!--more--><br \/>\nEn la divisi\u00f3n 2005, el conjunto azulgrana no tuvo demasiados inconvenientes para superar a los carhuenses por 3 a 1, con dos goles del artillero Valent\u00edn Alric \u2013uno de penal- y el restante de Ger\u00f3nimo Kugler. El local descont\u00f3 con un disparo desde los 12 pasos.<br \/>\nAutomoto form\u00f3 con Mateo Bolletta; Juan Mu\u00f1oz, Ignacio Gonz\u00e1lez Aburto, Tom\u00e1s Fuhr, Tom\u00e1s Aldecoa; Juan C\u00f3nsoli, Lautaro Ferreyra, Tom\u00e1s Oro\u00f1o, Ger\u00f3nimo Kugler; Tom\u00e1s Dorregaray y Valent\u00edn Alric. Luego ingresaron Joaqu\u00edn Cisternas, Tom\u00e1s Graff, Lucas Heckel, Genaro Gandini y Juan Wallace.<br \/>\nEn 2007, los chicos del Rojo consiguieron una importante remontada y terminaron igualando el encuentro por 3 a 3. Los tantos los marcaron Mateo Toy, Benjam\u00edn Mold\u00fa y Dante Mancinelli.<br \/>\nLa formaci\u00f3n del equipo fue: Luciano Sandoval; Santiago Hansel, Thiago Mu\u00f1oz, Luca Solano, Juli\u00e1n Trnakels; Cristopher Salazar, Juan Flores, Ian Borches, Mateo Toy; Benjam\u00edn Mold\u00fa y Exequiel Sandoval. Luego ingresaron Alessandro Marzialetti, Mateo Gambirassi y Dante Manccinelli.<br \/>\nTodav\u00eda no se dispuso cu\u00e1ndo se disputar\u00e1 la pr\u00f3xima fecha de este cuadrangular, del que tambi\u00e9n participan Racing de Carhu\u00e9 y Tiro Federal de Puan, aunque posiblemente sea en el feriado de octubre en esta \u00faltima ciudad. La fase final se llevar\u00e1 a cabo en Tandil, en el mes de diciembre.<br \/>\nDepartamento de Prensa \u2013 Automoto Club Deportivo<br \/>\nwww.clubautomotopasion.com.ar<br \/>\nFacebook: \/automototornquist<br \/>\nTwitter: @ClubAutomoto<br \/>\nYouTube: acdtvideos<\/p>\n","protected":false},"excerpt":{"rendered":"<p>Las categor\u00edas 2005 y 2007 del Automoto Club Deportivo debutaron con el pie derecho en la quinta edici\u00f3n del Torneo Esperanzas de la Provincia de Buenos Aires, cuya fase final se disputar\u00e1 a fines de a\u00f1o en Tandil. En cancha de San Mart\u00edn de Carhu\u00e9, donde se disput\u00f3 la primera programaci\u00f3n de la denominada zona [&hellip;]<\/p>\n","protected":false},"author":3,"featured_media":0,"comment_status":"closed","ping_status":"open","sticky":false,"template":"","format":"standard","meta":{"footnotes":""},"categories":[27],"tags":[],"class_list":["post-34042","post","type-post","status-publish","format-standard","hentry","category-deportes"],"yoast_head":"<!-- This site is optimized with the Yoast SEO plugin v25.9 - https:\/\/yoast.com\/wordpress\/plugins\/seo\/ -->\n<title>Automoto debut\u00f3 en Torneo Esperanzas de la Provincia de Bs As - Noticias Radio Reflejos<\/title>\n<meta name=\"robots\" content=\"index, follow, max-snippet:-1, max-image-preview:large, max-video-preview:-1\" \/>\n<link rel=\"canonical\" href=\"https:\/\/www.noticiasradioreflejos.com.ar\/2021\/automoto-debuto-en-torneo-esperanzas-de-la-provincia-de-bs-as\/\" \/>\n<meta property=\"og:locale\" content=\"es_ES\" \/>\n<meta property=\"og:type\" content=\"article\" \/>\n<meta property=\"og:title\" content=\"Automoto debut\u00f3 en Torneo Esperanzas de la Provincia de Bs As - Noticias Radio Reflejos\" \/>\n<meta property=\"og:description\" content=\"Las categor\u00edas 2005 y 2007 del Automoto Club Deportivo debutaron con el pie derecho en la quinta edici\u00f3n del Torneo Esperanzas de la Provincia de Buenos Aires, cuya fase final se disputar\u00e1 a fines de a\u00f1o en Tandil. En cancha de San Mart\u00edn de Carhu\u00e9, donde se disput\u00f3 la primera programaci\u00f3n de la denominada zona [&hellip;]\" \/>\n<meta property=\"og:url\" content=\"https:\/\/www.noticiasradioreflejos.com.ar\/2021\/automoto-debuto-en-torneo-esperanzas-de-la-provincia-de-bs-as\/\" \/>\n<meta property=\"og:site_name\" content=\"Noticias Radio Reflejos\" \/>\n<meta property=\"article:published_time\" content=\"2019-08-21T20:38:29+00:00\" \/>\n<meta property=\"og:image\" content=\"https:\/\/www.noticiasradioreflejos.com.ar\/2021\/wp-content\/uploads\/2021\/07\/logosol300x200.png\" \/>\n\t<meta property=\"og:image:width\" content=\"300\" \/>\n\t<meta property=\"og:image:height\" content=\"200\" \/>\n\t<meta property=\"og:image:type\" content=\"image\/png\" \/>\n<meta name=\"author\" content=\"Arnaldo Botto\" \/>\n<meta name=\"twitter:card\" content=\"summary_large_image\" \/>\n<script type=\"application\/ld+json\" class=\"yoast-schema-graph\">{\"@context\":\"https:\/\/schema.org\",\"@graph\":[{\"@type\":\"WebPage\",\"@id\":\"https:\/\/www.noticiasradioreflejos.com.ar\/2021\/automoto-debuto-en-torneo-esperanzas-de-la-provincia-de-bs-as\/\",\"url\":\"https:\/\/www.noticiasradioreflejos.com.ar\/2021\/automoto-debuto-en-torneo-esperanzas-de-la-provincia-de-bs-as\/\",\"name\":\"Automoto debut\u00f3 en Torneo Esperanzas de la Provincia de Bs As - Noticias Radio Reflejos\",\"isPartOf\":{\"@id\":\"https:\/\/www.noticiasradioreflejos.com.ar\/2021\/#website\"},\"primaryImageOfPage\":{\"@id\":\"https:\/\/www.noticiasradioreflejos.com.ar\/2021\/automoto-debuto-en-torneo-esperanzas-de-la-provincia-de-bs-as\/#primaryimage\"},\"image\":{\"@id\":\"https:\/\/www.noticiasradioreflejos.com.ar\/2021\/automoto-debuto-en-torneo-esperanzas-de-la-provincia-de-bs-as\/#primaryimage\"},\"thumbnailUrl\":\"http:\/\/www.noticiasradioreflejos.com.ar\/noticias\/wp-content\/uploads\/2019\/08\/DSC_8641-300x264.jpg\",\"datePublished\":\"2019-08-21T20:38:29+00:00\",\"author\":{\"@id\":\"https:\/\/www.noticiasradioreflejos.com.ar\/2021\/#\/schema\/person\/ad82545263dcc5ec0996818884fd5fb1\"},\"breadcrumb\":{\"@id\":\"https:\/\/www.noticiasradioreflejos.com.ar\/2021\/automoto-debuto-en-torneo-esperanzas-de-la-provincia-de-bs-as\/#breadcrumb\"},\"inLanguage\":\"es\",\"potentialAction\":[{\"@type\":\"ReadAction\",\"target\":[\"https:\/\/www.noticiasradioreflejos.com.ar\/2021\/automoto-debuto-en-torneo-esperanzas-de-la-provincia-de-bs-as\/\"]}]},{\"@type\":\"ImageObject\",\"inLanguage\":\"es\",\"@id\":\"https:\/\/www.noticiasradioreflejos.com.ar\/2021\/automoto-debuto-en-torneo-esperanzas-de-la-provincia-de-bs-as\/#primaryimage\",\"url\":\"http:\/\/www.noticiasradioreflejos.com.ar\/noticias\/wp-content\/uploads\/2019\/08\/DSC_8641-300x264.jpg\",\"contentUrl\":\"http:\/\/www.noticiasradioreflejos.com.ar\/noticias\/wp-content\/uploads\/2019\/08\/DSC_8641-300x264.jpg\"},{\"@type\":\"BreadcrumbList\",\"@id\":\"https:\/\/www.noticiasradioreflejos.com.ar\/2021\/automoto-debuto-en-torneo-esperanzas-de-la-provincia-de-bs-as\/#breadcrumb\",\"itemListElement\":[{\"@type\":\"ListItem\",\"position\":1,\"name\":\"Portada\",\"item\":\"https:\/\/www.noticiasradioreflejos.com.ar\/2021\/\"},{\"@type\":\"ListItem\",\"position\":2,\"name\":\"Automoto debut\u00f3 en Torneo Esperanzas de la Provincia de Bs As\"}]},{\"@type\":\"WebSite\",\"@id\":\"https:\/\/www.noticiasradioreflejos.com.ar\/2021\/#website\",\"url\":\"https:\/\/www.noticiasradioreflejos.com.ar\/2021\/\",\"name\":\"Noticias Radio Reflejos\",\"description\":\"Las noticias de mi comarca\",\"potentialAction\":[{\"@type\":\"SearchAction\",\"target\":{\"@type\":\"EntryPoint\",\"urlTemplate\":\"https:\/\/www.noticiasradioreflejos.com.ar\/2021\/?s={search_term_string}\"},\"query-input\":{\"@type\":\"PropertyValueSpecification\",\"valueRequired\":true,\"valueName\":\"search_term_string\"}}],\"inLanguage\":\"es\"},{\"@type\":\"Person\",\"@id\":\"https:\/\/www.noticiasradioreflejos.com.ar\/2021\/#\/schema\/person\/ad82545263dcc5ec0996818884fd5fb1\",\"name\":\"Arnaldo Botto\",\"image\":{\"@type\":\"ImageObject\",\"inLanguage\":\"es\",\"@id\":\"https:\/\/www.noticiasradioreflejos.com.ar\/2021\/#\/schema\/person\/image\/\",\"url\":\"https:\/\/secure.gravatar.com\/avatar\/55cb5e37c1efa326397366e6974cb338056df65cb50e7d64d1cf314e87504837?s=96&d=mm&r=g\",\"contentUrl\":\"https:\/\/secure.gravatar.com\/avatar\/55cb5e37c1efa326397366e6974cb338056df65cb50e7d64d1cf314e87504837?s=96&d=mm&r=g\",\"caption\":\"Arnaldo Botto\"},\"url\":\"https:\/\/www.noticiasradioreflejos.com.ar\/2021\/author\/arnaldo\/\"}]}<\/script>\n<!-- \/ Yoast SEO plugin. -->","yoast_head_json":{"title":"Automoto debut\u00f3 en Torneo Esperanzas de la Provincia de Bs As - Noticias Radio Reflejos","robots":{"index":"index","follow":"follow","max-snippet":"max-snippet:-1","max-image-preview":"max-image-preview:large","max-video-preview":"max-video-preview:-1"},"canonical":"https:\/\/www.noticiasradioreflejos.com.ar\/2021\/automoto-debuto-en-torneo-esperanzas-de-la-provincia-de-bs-as\/","og_locale":"es_ES","og_type":"article","og_title":"Automoto debut\u00f3 en Torneo Esperanzas de la Provincia de Bs As - Noticias Radio Reflejos","og_description":"Las categor\u00edas 2005 y 2007 del Automoto Club Deportivo debutaron con el pie derecho en la quinta edici\u00f3n del Torneo Esperanzas de la Provincia de Buenos Aires, cuya fase final se disputar\u00e1 a fines de a\u00f1o en Tandil. En cancha de San Mart\u00edn de Carhu\u00e9, donde se disput\u00f3 la primera programaci\u00f3n de la denominada zona [&hellip;]","og_url":"https:\/\/www.noticiasradioreflejos.com.ar\/2021\/automoto-debuto-en-torneo-esperanzas-de-la-provincia-de-bs-as\/","og_site_name":"Noticias Radio Reflejos","article_published_time":"2019-08-21T20:38:29+00:00","og_image":[{"width":300,"height":200,"url":"https:\/\/www.noticiasradioreflejos.com.ar\/2021\/wp-content\/uploads\/2021\/07\/logosol300x200.png","type":"image\/png"}],"author":"Arnaldo Botto","twitter_card":"summary_large_image","schema":{"@context":"https:\/\/schema.org","@graph":[{"@type":"WebPage","@id":"https:\/\/www.noticiasradioreflejos.com.ar\/2021\/automoto-debuto-en-torneo-esperanzas-de-la-provincia-de-bs-as\/","url":"https:\/\/www.noticiasradioreflejos.com.ar\/2021\/automoto-debuto-en-torneo-esperanzas-de-la-provincia-de-bs-as\/","name":"Automoto debut\u00f3 en Torneo Esperanzas de la Provincia de Bs As - Noticias Radio Reflejos","isPartOf":{"@id":"https:\/\/www.noticiasradioreflejos.com.ar\/2021\/#website"},"primaryImageOfPage":{"@id":"https:\/\/www.noticiasradioreflejos.com.ar\/2021\/automoto-debuto-en-torneo-esperanzas-de-la-provincia-de-bs-as\/#primaryimage"},"image":{"@id":"https:\/\/www.noticiasradioreflejos.com.ar\/2021\/automoto-debuto-en-torneo-esperanzas-de-la-provincia-de-bs-as\/#primaryimage"},"thumbnailUrl":"http:\/\/www.noticiasradioreflejos.com.ar\/noticias\/wp-content\/uploads\/2019\/08\/DSC_8641-300x264.jpg","datePublished":"2019-08-21T20:38:29+00:00","author":{"@id":"https:\/\/www.noticiasradioreflejos.com.ar\/2021\/#\/schema\/person\/ad82545263dcc5ec0996818884fd5fb1"},"breadcrumb":{"@id":"https:\/\/www.noticiasradioreflejos.com.ar\/2021\/automoto-debuto-en-torneo-esperanzas-de-la-provincia-de-bs-as\/#breadcrumb"},"inLanguage":"es","potentialAction":[{"@type":"ReadAction","target":["https:\/\/www.noticiasradioreflejos.com.ar\/2021\/automoto-debuto-en-torneo-esperanzas-de-la-provincia-de-bs-as\/"]}]},{"@type":"ImageObject","inLanguage":"es","@id":"https:\/\/www.noticiasradioreflejos.com.ar\/2021\/automoto-debuto-en-torneo-esperanzas-de-la-provincia-de-bs-as\/#primaryimage","url":"http:\/\/www.noticiasradioreflejos.com.ar\/noticias\/wp-content\/uploads\/2019\/08\/DSC_8641-300x264.jpg","contentUrl":"http:\/\/www.noticiasradioreflejos.com.ar\/noticias\/wp-content\/uploads\/2019\/08\/DSC_8641-300x264.jpg"},{"@type":"BreadcrumbList","@id":"https:\/\/www.noticiasradioreflejos.com.ar\/2021\/automoto-debuto-en-torneo-esperanzas-de-la-provincia-de-bs-as\/#breadcrumb","itemListElement":[{"@type":"ListItem","position":1,"name":"Portada","item":"https:\/\/www.noticiasradioreflejos.com.ar\/2021\/"},{"@type":"ListItem","position":2,"name":"Automoto debut\u00f3 en Torneo Esperanzas de la Provincia de Bs As"}]},{"@type":"WebSite","@id":"https:\/\/www.noticiasradioreflejos.com.ar\/2021\/#website","url":"https:\/\/www.noticiasradioreflejos.com.ar\/2021\/","name":"Noticias Radio Reflejos","description":"Las noticias de mi comarca","potentialAction":[{"@type":"SearchAction","target":{"@type":"EntryPoint","urlTemplate":"https:\/\/www.noticiasradioreflejos.com.ar\/2021\/?s={search_term_string}"},"query-input":{"@type":"PropertyValueSpecification","valueRequired":true,"valueName":"search_term_string"}}],"inLanguage":"es"},{"@type":"Person","@id":"https:\/\/www.noticiasradioreflejos.com.ar\/2021\/#\/schema\/person\/ad82545263dcc5ec0996818884fd5fb1","name":"Arnaldo Botto","image":{"@type":"ImageObject","inLanguage":"es","@id":"https:\/\/www.noticiasradioreflejos.com.ar\/2021\/#\/schema\/person\/image\/","url":"https:\/\/secure.gravatar.com\/avatar\/55cb5e37c1efa326397366e6974cb338056df65cb50e7d64d1cf314e87504837?s=96&d=mm&r=g","contentUrl":"https:\/\/secure.gravatar.com\/avatar\/55cb5e37c1efa326397366e6974cb338056df65cb50e7d64d1cf314e87504837?s=96&d=mm&r=g","caption":"Arnaldo Botto"},"url":"https:\/\/www.noticiasradioreflejos.com.ar\/2021\/author\/arnaldo\/"}]}},"_links":{"self":[{"href":"https:\/\/www.noticiasradioreflejos.com.ar\/2021\/wp-json\/wp\/v2\/posts\/34042","targetHints":{"allow":["GET"]}}],"collection":[{"href":"https:\/\/www.noticiasradioreflejos.com.ar\/2021\/wp-json\/wp\/v2\/posts"}],"about":[{"href":"https:\/\/www.noticiasradioreflejos.com.ar\/2021\/wp-json\/wp\/v2\/types\/post"}],"author":[{"embeddable":true,"href":"https:\/\/www.noticiasradioreflejos.com.ar\/2021\/wp-json\/wp\/v2\/users\/3"}],"replies":[{"embeddable":true,"href":"https:\/\/www.noticiasradioreflejos.com.ar\/2021\/wp-json\/wp\/v2\/comments?post=34042"}],"version-history":[{"count":0,"href":"https:\/\/www.noticiasradioreflejos.com.ar\/2021\/wp-json\/wp\/v2\/posts\/34042\/revisions"}],"wp:attachment":[{"href":"https:\/\/www.noticiasradioreflejos.com.ar\/2021\/wp-json\/wp\/v2\/media?parent=34042"}],"wp:term":[{"taxonomy":"category","embeddable":true,"href":"https:\/\/www.noticiasradioreflejos.com.ar\/2021\/wp-json\/wp\/v2\/categories?post=34042"},{"taxonomy":"post_tag","embeddable":true,"href":"https:\/\/www.noticiasradioreflejos.com.ar\/2021\/wp-json\/wp\/v2\/tags?post=34042"}],"curies":[{"name":"wp","href":"https:\/\/api.w.org\/{rel}","templated":true}]}}