{"id":34027,"date":"2019-08-21T12:30:50","date_gmt":"2019-08-21T15:30:50","guid":{"rendered":"http:\/\/www.noticiasradioreflejos.com.ar\/noticias\/?p=34027"},"modified":"2019-08-21T12:30:50","modified_gmt":"2019-08-21T15:30:50","slug":"informe-sesion-ordinaria-dia-20-de-agosto-de-2019","status":"publish","type":"post","link":"https:\/\/www.noticiasradioreflejos.com.ar\/2021\/informe-sesion-ordinaria-dia-20-de-agosto-de-2019\/","title":{"rendered":"Informe Sesi\u00f3n Ordinaria d\u00eda 20 de agosto de 2019"},"content":{"rendered":"<p>El Honorable concejo Deliberante de Tornquist, se reuni\u00f3 en sesi\u00f3n ordinaria para tratar el orden del d\u00eda con los siguientes temas:<br \/>\nComunicaciones Oficiales y Dict\u00e1menes de las Comisiones:<!--more--><br \/>\nExpte. N\u00ba 010\/08: \u201cN.P. \u2013 Muscillo\/Llanos \u2013 Solicitan regularizar situaci\u00f3n s\/adquisici\u00f3n lote municipal\u201d (Cuerpo 5)\u201d.<br \/>\nSe solicita tratamiento sobre Tablas.<br \/>\nSe aprueba por unanimidad la Ordenanza con el N\u00ba 3163\/19 por la que se autoriza al Departamento Ejecutivo a efectuar el cobro de los inmuebles otorgados a los beneficiarios, respetando las tasaciones, de acuerdo al Anexo que pasa a formar parte de \u00e9sta Ordenanza:<br \/>\nANEXO<\/p>\n<table width=\"650\">\n<tbody>\n<tr>\n<td width=\"146\"><strong>ADJUDICATARIOS<\/strong><\/td>\n<td width=\"43\"><strong>Circ.<\/strong><\/td>\n<td width=\"45\"><strong>Secc.<\/strong><\/td>\n<td width=\"38\"><strong>Mz.<\/strong><\/td>\n<td width=\"38\"><strong>Pla.<\/strong><\/td>\n<td width=\"76\"><strong>Tasaci\u00f3n<\/strong><\/td>\n<td colspan=\"2\" width=\"113\"><strong>Cant. de Cuotas<\/strong><\/td>\n<td width=\"95\"><strong>Valor Cuota<\/strong><\/td>\n<td width=\"57\"><strong>Fs.<\/strong><\/td>\n<\/tr>\n<tr>\n<td width=\"146\">PAEZ, DANIEL FLORENTINO Y ALCARAZ, PAULA<\/td>\n<td width=\"43\">I<\/td>\n<td width=\"45\">B<\/td>\n<td width=\"38\">177<\/td>\n<td width=\"38\">2C<\/td>\n<td width=\"76\">$ 105.000<\/td>\n<td width=\"104\">107<\/td>\n<td colspan=\"2\" width=\"104\">$ 982<\/td>\n<td width=\"57\">879\/86<\/td>\n<\/tr>\n<\/tbody>\n<\/table>\n<p>Autoriza al Ejecutivo Municipal a que otorgue los plazos en cuotas necesarios para cada adjudicado. Autoriza al Ejecutivo Municipal para que en el plazo, un adjudicado desee cancelar el total del valor del terreno de su deuda por el terreno adjudicado, se proceda al mismo.-<br \/>\nSe declara de Inter\u00e9s Social y se requiere la intervenci\u00f3n de la Escriban\u00eda General de Gobierno de la Provincia de Buenos Aires, a los fines del otorgamiento de las Escrituras Traslativas de Dominio de los inmuebles referidos, cuyo valor de venta haya sido cancelado, en un todo de acuerdo a lo normado por Ley N\u00ba 10.830.-<br \/>\nEl lote que se adjudica deber\u00e1 ser destinado exclusivamente para vivienda \u00fanica, asiento del grupo familiar conviviente. Los compradores no podr\u00e1n transferir por ning\u00fan t\u00edtulo el inmueble por el t\u00e9rmino de 10 (diez) a\u00f1os a contar del otorgamiento de la escritura traslativa de dominio.-<br \/>\nExpte. N\u00ba 149\/19: \u201cD.E. \u2013 Convalida la firma del Convenio Marco de Asistencia y Cooperaci\u00f3n celebrado e\/el Ministerio de Agroindustria de la Provincia de Buenos Aires y el Municipio de Tornquist\u201d.<br \/>\nSe solicita tratamiento sobre Tablas.<br \/>\nSe aprueba por unanimidad la Ordenanza con el N\u00ba 3164\/19 por la que se convalida la firma del Convenio Marco de Asistencia y Cooperaci\u00f3n celebrado entre el Ministerio de Agroindustria de la Provincia de Buenos Aires, representado por el Ing. Leonardo SARQUIS y Municipio de Tornquist, representado por el Intendente Municipal Sr. Sergio BORDONI. Por el mencionado Convenio Marco se establecen los lineamientos b\u00e1sicos de asistencia y cooperaci\u00f3n t\u00e9cnico administrativa a efectos de la realizaci\u00f3n de actividades conjuntas en el marco de la Ley N\u00ba 10699 y su Decreto Reglamentario N\u00ba 499\/91.-<br \/>\nExpte. N\u00ba 158\/19: \u201cD.E. \u2013 R\u00e9gimen de regularizaci\u00f3n y facilidades de pago (moratoria)\u201d.<br \/>\nSe solicita tratamiento sobre Tablas.<br \/>\nSe aprueba por unanimidad la Ordenanza con el N\u00ba 3165\/19 por la que se establece un r\u00e9gimen de regularizaci\u00f3n y facilidades de pago para los contribuyentes y responsables de cualquier tasa Municipal, contribuci\u00f3n por mejoras, FO.ME.PRO. e Impuesto a los Automotores por todos los modelos, por obligaciones vencidas a la fecha de presentaci\u00f3n, correspondientes a tributos determinados o no, recurridos o en estado de ejecuci\u00f3n, que se presenten a regularizar su situaci\u00f3n fiscal, en las condiciones previstas en esta Ordenanza, que regir\u00e1 desde el 01 de Setiembre de 2.019 hasta el d\u00eda 31 de Octubre de 2019.-<br \/>\nLos pagos abonados con anterioridad a la vigencia de esta Ordenanza por conceptos que por la presente resultan eximidos se considerar\u00e1n firmes careciendo los interesados del derecho de repetirlos.-<br \/>\nLa incorporaci\u00f3n a los beneficios de la presente Ordenanza ser\u00e1 a petici\u00f3n del contribuyente. La deuda por cada uno de los tributos por los que se solicite regularizaci\u00f3n en los t\u00e9rminos de la presente Ordenanza, deber\u00e1 cancelarse en algunas de las siguientes formas:<br \/>\n1) Pago al Contado, se realizar\u00e1 un descuento en el importe de los intereses devengados igual al cincuenta por ciento (50%) de los mismos.<br \/>\nEn el caso de que se cancele la totalidad de la deuda, el descuento en el importe de los intereses devengados ser\u00e1 igual al noventa por ciento (90%) de los mismos.<br \/>\n2) Hasta en tres (3) cuotas mensuales y consecutivas, se realizar\u00e1 un descuento en el importe de los intereses devengados igual al cincuenta por ciento (50%) de los mismos.<br \/>\nLas cuotas devengaran el inter\u00e9s vigente para planes de facilidades de pago.<br \/>\nPara que el Convenio de Pago tenga vigencia, deber\u00e1 cancelarse la primera cuota, a la fecha de su firma, dentro del plazo del presente plan de regularizaci\u00f3n que se indica en el ART\u00cdCULO 1\u00ba.<br \/>\nA pedido de parte interesada se podr\u00e1 optar por la regularizaci\u00f3n parcial, la cual no podr\u00e1 ser inferior al cincuenta por ciento (50%) del total de la deuda.<br \/>\n<a href=\"http:\/\/www.noticiasradioreflejos.com.ar\/noticias\/wp-content\/uploads\/2019\/08\/P1100154.jpg\"><img loading=\"lazy\" decoding=\"async\" class=\"alignleft size-medium wp-image-34029\" src=\"http:\/\/www.noticiasradioreflejos.com.ar\/noticias\/wp-content\/uploads\/2019\/08\/P1100154-300x225.jpg\" alt=\"P1100154\" width=\"300\" height=\"225\" \/><\/a>En los casos de regularizaci\u00f3n parcial de la deuda, deber\u00e1 incluirse la obligaci\u00f3n con vencimiento m\u00e1s antiguo. A la firma del Convenio por la deuda total o parcial, implica el reconocimiento de toda la deuda e interrumpe la prescripci\u00f3n del total de la misma.-<br \/>\nLos contribuyentes y dem\u00e1s responsables que tengan deudas fiscales en ejecuci\u00f3n, como as\u00ed tambi\u00e9n deudas que se encuentren en curso de discusi\u00f3n judicial, podr\u00e1n acogerse al beneficio de esta Ordenanza.<br \/>\nEn todos los casos, se deber\u00e1 abonar en un plazo no superior a sesenta (60) d\u00edas corridos la totalidad de los gastos caus\u00eddicos y honorarios devengados y allanarse y renunciar a partir de la firma del Convenio de pago toda acci\u00f3n o derecho relativo a la causa, en la que se deber\u00e1 dictar, por el Juzgado interviniente y ha pedido unilateral del Municipio, la correspondiente sentencia de trance y remate, si no existiere, reconoci\u00e9ndose el cr\u00e9dito ejecutado con m\u00e1s sus acreencias. Si el contribuyente acogido, diera causa para la caducidad del convenio conforme al art\u00edculo 7\u00ba de esta Ordenanza, el juicio de apremio deber\u00e1 continuar con la etapa de ejecuci\u00f3n de la respectiva sentencia.-<br \/>\nEn los casos de obligaciones fiscales cuya discusi\u00f3n judicial haya concluido con sentencia, los contribuyentes podr\u00e1n acogerse a los beneficios del presente r\u00e9gimen, acreditando previamente haber abonado los costos del juicio y los honorarios devengados.-<br \/>\nCADUCIDAD. Ser\u00e1 causal de la caducidad del Convenio de pago, la falta total o parcial de pago en un plazo m\u00e1ximo de 15 d\u00edas corridos, de producido el vencimiento de una (1) cuota impaga. La caducidad ser\u00e1 de pleno derecho, sin necesidad de interpelaci\u00f3n alguna, quedando los responsables obligados por el importe total del saldo adeudado, sin el beneficio previsto en los art\u00edculos 3\u00ba y 9\u00ba de esta Ordenanza. En tales casos, a la deuda resultante le ser\u00e1 de aplicaci\u00f3n el r\u00e9gimen de accesorio por mora en el pago de obligaciones fiscales en vigencia, a partir de la fecha de vencimiento y hasta la fecha del efectivo pago.-<br \/>\nREHABILITACION DE PLANES CADUCOS; Los contribuyentes cuyos planes de cancelaci\u00f3n de deudas en cuotas, otorgados al amparo de Reg\u00edmenes de Regularizaci\u00f3n, dispuestos por Ordenanzas anteriores, hubiesen caducado, podr\u00e1n solicitar ante el Departamento Ejecutivo, su reingreso al r\u00e9gimen.<br \/>\nA efectos de obtener la rehabilitaci\u00f3n, dichos contribuyentes deber\u00e1n observar el procedimiento que se dispone a continuaci\u00f3n:<br \/>\na) Presentar, en el per\u00edodo de vigencia del R\u00e9gimen de Regularizaci\u00f3n que se establece por la presente Ordenanza, la petici\u00f3n del reingreso al r\u00e9gimen de facilidades de pago que hubiese caducado.<br \/>\nb) Las cuotas no abonadas hasta la fecha de presentaci\u00f3n del pedido de reincorporaci\u00f3n podr\u00e1n ser regularizadas mediante el pago al contado o hasta en tres cuotas con los intereses previstos en el ART\u00cdCULO 3\u00ba de la presente norma.<br \/>\nLos convenios que ya hubieran sido refinanciados en (3) tres cuotas, no ser\u00e1n factibles de nueva refinanciaci\u00f3n.<br \/>\nCONVENIOS DE PAGO EN VIGENCIA O CADUCOS QUE SE OPTE POR SU CANCELACION AL CONTADO O EN HASTA TRES CUOTAS:<br \/>\nSi cancela al contado, el importe a ingresar se determinar\u00e1, a la fecha de presentaci\u00f3n, partiendo del monto total consolidado menos intereses de financiamiento restando el capital amortizado en forma proporcional a la cantidad de cuotas abonadas, sobre el total de las mismas prevista en el convenio originario, debiendo confeccionarse convenio de pago. En el caso de optar por tres cuotas mensuales, ser\u00e1n iguales y consecutivas, debiendo confeccionarse convenio de pago, e ingresar la primera cuota, a la fecha de su firma dentro del plazo previsto en el ART\u00cdCULO 1\u00ba de la presente Ordenanza.-<br \/>\nIMPUESTO A LOS AUTOMOTORES. El importe total a percibir, incluyendo capital e intereses, no superar\u00e1 el (25%) veinticinco por ciento del valor fiscal fijado para el automotor por la Provincia de Buenos Aires, en su defecto por el valor asegurable seg\u00fan tablas oficiales vigentes y a falta de estas referencias, por el valor que establezca la Secretar\u00eda de Obras y Servicios P\u00fablicos de la Municipalidad.-<br \/>\nSe autoriza al Departamento Ejecutivo a prorrogar la vigencia de la presente norma en el caso de que se considere necesario, siempre que la misma no exceda el presente ejercicio.-<br \/>\nExpte. N\u00ba 7116\/19: \u201cBloque Cambiemos Bs. As. \u2013 Proyecto de Ordenanza: Ref. adhesi\u00f3n Ley Provincial N\u00ba 15.000 (Sistema de Declaraciones Juradas Patrimoniales)\u201d.<br \/>\nPasa a las Comisiones de Asuntos Municipales e Interpretaci\u00f3n y Reglamento.<br \/>\nExpte. N\u00ba 7124\/19: \u201cN.P. &#8211; Barrio Parque Golf Sierra de la Ventana y Aero Club Saldungaray: Solicitan eximici\u00f3n pago Tasas Municipales\u201d.<br \/>\nSe aprueba por unanimidad el dictamen de las Comisiones de PRESUPUESTO Y HACIENDA E INTERPRETACI\u00d3N Y REGLAMENTO que aconseja enviar el mismo al Archivo, debido a que se ha aprobado la Ordenanza N\u00ba 3156\/19 en referencia al tema y que obra en el Expediente N\u00ba 138\/19.-<br \/>\nExpte. N\u00ba 7138\/19: \u201cN.P. \u2013 V\u00edctor Ant\u00f3n: Solicitud uso Banca Concejal N\u00ba 13\u201d.<br \/>\nSe aprueba por unanimidad el dictamen de las Comisiones de INTERPRETACI\u00d3N Y REGLAMENTO Y ASUNTOS MUNICIPALES que aconseja aprobar la solicitud Uso Banca Concejal N\u00ba 13 del vecino V\u00edctor Ant\u00f3n para el d\u00eda 17 de septiembre a las 20 hs.-<br \/>\nProyectos Presentados.<br \/>\nBloques Frente para la Victoria y Frente Justicialista Cumplir- Pedido de Informes: En relaci\u00f3n a la intervenci\u00f3n en diversas obras del Ingeniero Arquitecto Francisco Salamone de la Plaza Ernesto Tornquist; como: bancos con respaldos, bancos sin respaldo, farolas frente a la iglesia, se solicita al Sr. Intendente Municipal Sergio Bordoni informe el tratamiento de intervenci\u00f3n que tuvieron los objetos mencionados. Se requiere adjuntar estudios de documento, de laboratorio, profesional en patrimonio que intervino y la documentaci\u00f3n completa de la mencionada intervenci\u00f3n.<br \/>\nSe solicita formaci\u00f3n de Expediente y tratamiento sobre Tablas.<br \/>\nSe forma el Expediente N\u00ba 7144\/19 y se aprueba por unanimidad enviar el mismo al Departamento Ejecutivo para que se d\u00e9 respuesta a lo solicitado.<br \/>\nAsuntos Particulares.<br \/>\nN.P. Sociedad de Fomento y Turismo Villa Serrana La Gruta: Solicita que se d\u00e9 tratamiento al proyecto \u201cPuesta en valor de los Espacios P\u00fablicos\u201d elaborado en el marco del Presupuesto Participativo 2018. Requieren la aprobaci\u00f3n de los nombres \u201cLas perdices\u201d y \u201cPlazoleta Los Cedros\u201d para los mismos.<br \/>\nSe solicita formaci\u00f3n de Expediente y pase a Comisi\u00f3n.<br \/>\nN.P. Asociaci\u00f3n Prestadores Tur\u00edsticos y Comerciantes de Villa Ventana: Plantean preocupaci\u00f3n por la presencia de carros denominados Food Track utilizados para el expendio de comidas, bebidas y otros productos, dando un impacto negativo a las ventas de los comercios de la localidad.<br \/>\nSe solicita formaci\u00f3n de Expediente y pase a Comisi\u00f3n.<br \/>\nN.P. Asociaci\u00f3n Prestadores Tur\u00edsticos y Comerciantes de Villa Ventana: Reclamo por la instalaci\u00f3n indebida de carpas en un terreno destinado a vivienda unifamiliar.<br \/>\nSe solicita formaci\u00f3n de Expediente y pase a Comisi\u00f3n.<br \/>\nHONORABLE CONCEJO DELIBERANTE<\/p>\n","protected":false},"excerpt":{"rendered":"<p>El Honorable concejo Deliberante de Tornquist, se reuni\u00f3 en sesi\u00f3n ordinaria para tratar el orden del d\u00eda con los siguientes temas: Comunicaciones Oficiales y Dict\u00e1menes de las Comisiones:<\/p>\n","protected":false},"author":3,"featured_media":0,"comment_status":"closed","ping_status":"open","sticky":false,"template":"","format":"standard","meta":{"footnotes":""},"categories":[28],"tags":[],"class_list":["post-34027","post","type-post","status-publish","format-standard","hentry","category-municipales"],"yoast_head":"<!-- This site is optimized with the Yoast SEO plugin v25.9 - https:\/\/yoast.com\/wordpress\/plugins\/seo\/ -->\n<title>Informe Sesi\u00f3n Ordinaria d\u00eda 20 de agosto de 2019 - Noticias Radio Reflejos<\/title>\n<meta name=\"robots\" content=\"index, follow, max-snippet:-1, max-image-preview:large, max-video-preview:-1\" \/>\n<link rel=\"canonical\" href=\"https:\/\/www.noticiasradioreflejos.com.ar\/2021\/informe-sesion-ordinaria-dia-20-de-agosto-de-2019\/\" \/>\n<meta property=\"og:locale\" content=\"es_ES\" \/>\n<meta property=\"og:type\" content=\"article\" \/>\n<meta property=\"og:title\" content=\"Informe Sesi\u00f3n Ordinaria d\u00eda 20 de agosto de 2019 - Noticias Radio Reflejos\" \/>\n<meta property=\"og:description\" content=\"El Honorable concejo Deliberante de Tornquist, se reuni\u00f3 en sesi\u00f3n ordinaria para tratar el orden del d\u00eda con los siguientes temas: Comunicaciones Oficiales y Dict\u00e1menes de las Comisiones:\" \/>\n<meta property=\"og:url\" content=\"https:\/\/www.noticiasradioreflejos.com.ar\/2021\/informe-sesion-ordinaria-dia-20-de-agosto-de-2019\/\" \/>\n<meta property=\"og:site_name\" content=\"Noticias Radio Reflejos\" \/>\n<meta property=\"article:published_time\" content=\"2019-08-21T15:30:50+00:00\" \/>\n<meta property=\"og:image\" content=\"https:\/\/www.noticiasradioreflejos.com.ar\/2021\/wp-content\/uploads\/2021\/07\/logosol300x200.png\" \/>\n\t<meta property=\"og:image:width\" content=\"300\" \/>\n\t<meta property=\"og:image:height\" content=\"200\" \/>\n\t<meta property=\"og:image:type\" content=\"image\/png\" \/>\n<meta name=\"author\" content=\"Arnaldo Botto\" \/>\n<meta name=\"twitter:card\" content=\"summary_large_image\" \/>\n<script type=\"application\/ld+json\" class=\"yoast-schema-graph\">{\"@context\":\"https:\/\/schema.org\",\"@graph\":[{\"@type\":\"WebPage\",\"@id\":\"https:\/\/www.noticiasradioreflejos.com.ar\/2021\/informe-sesion-ordinaria-dia-20-de-agosto-de-2019\/\",\"url\":\"https:\/\/www.noticiasradioreflejos.com.ar\/2021\/informe-sesion-ordinaria-dia-20-de-agosto-de-2019\/\",\"name\":\"Informe Sesi\u00f3n Ordinaria d\u00eda 20 de agosto de 2019 - Noticias Radio Reflejos\",\"isPartOf\":{\"@id\":\"https:\/\/www.noticiasradioreflejos.com.ar\/2021\/#website\"},\"primaryImageOfPage\":{\"@id\":\"https:\/\/www.noticiasradioreflejos.com.ar\/2021\/informe-sesion-ordinaria-dia-20-de-agosto-de-2019\/#primaryimage\"},\"image\":{\"@id\":\"https:\/\/www.noticiasradioreflejos.com.ar\/2021\/informe-sesion-ordinaria-dia-20-de-agosto-de-2019\/#primaryimage\"},\"thumbnailUrl\":\"http:\/\/www.noticiasradioreflejos.com.ar\/noticias\/wp-content\/uploads\/2019\/08\/P1100154-300x225.jpg\",\"datePublished\":\"2019-08-21T15:30:50+00:00\",\"author\":{\"@id\":\"https:\/\/www.noticiasradioreflejos.com.ar\/2021\/#\/schema\/person\/ad82545263dcc5ec0996818884fd5fb1\"},\"breadcrumb\":{\"@id\":\"https:\/\/www.noticiasradioreflejos.com.ar\/2021\/informe-sesion-ordinaria-dia-20-de-agosto-de-2019\/#breadcrumb\"},\"inLanguage\":\"es\",\"potentialAction\":[{\"@type\":\"ReadAction\",\"target\":[\"https:\/\/www.noticiasradioreflejos.com.ar\/2021\/informe-sesion-ordinaria-dia-20-de-agosto-de-2019\/\"]}]},{\"@type\":\"ImageObject\",\"inLanguage\":\"es\",\"@id\":\"https:\/\/www.noticiasradioreflejos.com.ar\/2021\/informe-sesion-ordinaria-dia-20-de-agosto-de-2019\/#primaryimage\",\"url\":\"http:\/\/www.noticiasradioreflejos.com.ar\/noticias\/wp-content\/uploads\/2019\/08\/P1100154-300x225.jpg\",\"contentUrl\":\"http:\/\/www.noticiasradioreflejos.com.ar\/noticias\/wp-content\/uploads\/2019\/08\/P1100154-300x225.jpg\"},{\"@type\":\"BreadcrumbList\",\"@id\":\"https:\/\/www.noticiasradioreflejos.com.ar\/2021\/informe-sesion-ordinaria-dia-20-de-agosto-de-2019\/#breadcrumb\",\"itemListElement\":[{\"@type\":\"ListItem\",\"position\":1,\"name\":\"Portada\",\"item\":\"https:\/\/www.noticiasradioreflejos.com.ar\/2021\/\"},{\"@type\":\"ListItem\",\"position\":2,\"name\":\"Informe Sesi\u00f3n Ordinaria d\u00eda 20 de agosto de 2019\"}]},{\"@type\":\"WebSite\",\"@id\":\"https:\/\/www.noticiasradioreflejos.com.ar\/2021\/#website\",\"url\":\"https:\/\/www.noticiasradioreflejos.com.ar\/2021\/\",\"name\":\"Noticias Radio Reflejos\",\"description\":\"Las noticias de mi comarca\",\"potentialAction\":[{\"@type\":\"SearchAction\",\"target\":{\"@type\":\"EntryPoint\",\"urlTemplate\":\"https:\/\/www.noticiasradioreflejos.com.ar\/2021\/?s={search_term_string}\"},\"query-input\":{\"@type\":\"PropertyValueSpecification\",\"valueRequired\":true,\"valueName\":\"search_term_string\"}}],\"inLanguage\":\"es\"},{\"@type\":\"Person\",\"@id\":\"https:\/\/www.noticiasradioreflejos.com.ar\/2021\/#\/schema\/person\/ad82545263dcc5ec0996818884fd5fb1\",\"name\":\"Arnaldo Botto\",\"image\":{\"@type\":\"ImageObject\",\"inLanguage\":\"es\",\"@id\":\"https:\/\/www.noticiasradioreflejos.com.ar\/2021\/#\/schema\/person\/image\/\",\"url\":\"https:\/\/secure.gravatar.com\/avatar\/55cb5e37c1efa326397366e6974cb338056df65cb50e7d64d1cf314e87504837?s=96&d=mm&r=g\",\"contentUrl\":\"https:\/\/secure.gravatar.com\/avatar\/55cb5e37c1efa326397366e6974cb338056df65cb50e7d64d1cf314e87504837?s=96&d=mm&r=g\",\"caption\":\"Arnaldo Botto\"},\"url\":\"https:\/\/www.noticiasradioreflejos.com.ar\/2021\/author\/arnaldo\/\"}]}<\/script>\n<!-- \/ Yoast SEO plugin. -->","yoast_head_json":{"title":"Informe Sesi\u00f3n Ordinaria d\u00eda 20 de agosto de 2019 - Noticias Radio Reflejos","robots":{"index":"index","follow":"follow","max-snippet":"max-snippet:-1","max-image-preview":"max-image-preview:large","max-video-preview":"max-video-preview:-1"},"canonical":"https:\/\/www.noticiasradioreflejos.com.ar\/2021\/informe-sesion-ordinaria-dia-20-de-agosto-de-2019\/","og_locale":"es_ES","og_type":"article","og_title":"Informe Sesi\u00f3n Ordinaria d\u00eda 20 de agosto de 2019 - Noticias Radio Reflejos","og_description":"El Honorable concejo Deliberante de Tornquist, se reuni\u00f3 en sesi\u00f3n ordinaria para tratar el orden del d\u00eda con los siguientes temas: Comunicaciones Oficiales y Dict\u00e1menes de las Comisiones:","og_url":"https:\/\/www.noticiasradioreflejos.com.ar\/2021\/informe-sesion-ordinaria-dia-20-de-agosto-de-2019\/","og_site_name":"Noticias Radio Reflejos","article_published_time":"2019-08-21T15:30:50+00:00","og_image":[{"width":300,"height":200,"url":"https:\/\/www.noticiasradioreflejos.com.ar\/2021\/wp-content\/uploads\/2021\/07\/logosol300x200.png","type":"image\/png"}],"author":"Arnaldo Botto","twitter_card":"summary_large_image","schema":{"@context":"https:\/\/schema.org","@graph":[{"@type":"WebPage","@id":"https:\/\/www.noticiasradioreflejos.com.ar\/2021\/informe-sesion-ordinaria-dia-20-de-agosto-de-2019\/","url":"https:\/\/www.noticiasradioreflejos.com.ar\/2021\/informe-sesion-ordinaria-dia-20-de-agosto-de-2019\/","name":"Informe Sesi\u00f3n Ordinaria d\u00eda 20 de agosto de 2019 - Noticias Radio Reflejos","isPartOf":{"@id":"https:\/\/www.noticiasradioreflejos.com.ar\/2021\/#website"},"primaryImageOfPage":{"@id":"https:\/\/www.noticiasradioreflejos.com.ar\/2021\/informe-sesion-ordinaria-dia-20-de-agosto-de-2019\/#primaryimage"},"image":{"@id":"https:\/\/www.noticiasradioreflejos.com.ar\/2021\/informe-sesion-ordinaria-dia-20-de-agosto-de-2019\/#primaryimage"},"thumbnailUrl":"http:\/\/www.noticiasradioreflejos.com.ar\/noticias\/wp-content\/uploads\/2019\/08\/P1100154-300x225.jpg","datePublished":"2019-08-21T15:30:50+00:00","author":{"@id":"https:\/\/www.noticiasradioreflejos.com.ar\/2021\/#\/schema\/person\/ad82545263dcc5ec0996818884fd5fb1"},"breadcrumb":{"@id":"https:\/\/www.noticiasradioreflejos.com.ar\/2021\/informe-sesion-ordinaria-dia-20-de-agosto-de-2019\/#breadcrumb"},"inLanguage":"es","potentialAction":[{"@type":"ReadAction","target":["https:\/\/www.noticiasradioreflejos.com.ar\/2021\/informe-sesion-ordinaria-dia-20-de-agosto-de-2019\/"]}]},{"@type":"ImageObject","inLanguage":"es","@id":"https:\/\/www.noticiasradioreflejos.com.ar\/2021\/informe-sesion-ordinaria-dia-20-de-agosto-de-2019\/#primaryimage","url":"http:\/\/www.noticiasradioreflejos.com.ar\/noticias\/wp-content\/uploads\/2019\/08\/P1100154-300x225.jpg","contentUrl":"http:\/\/www.noticiasradioreflejos.com.ar\/noticias\/wp-content\/uploads\/2019\/08\/P1100154-300x225.jpg"},{"@type":"BreadcrumbList","@id":"https:\/\/www.noticiasradioreflejos.com.ar\/2021\/informe-sesion-ordinaria-dia-20-de-agosto-de-2019\/#breadcrumb","itemListElement":[{"@type":"ListItem","position":1,"name":"Portada","item":"https:\/\/www.noticiasradioreflejos.com.ar\/2021\/"},{"@type":"ListItem","position":2,"name":"Informe Sesi\u00f3n Ordinaria d\u00eda 20 de agosto de 2019"}]},{"@type":"WebSite","@id":"https:\/\/www.noticiasradioreflejos.com.ar\/2021\/#website","url":"https:\/\/www.noticiasradioreflejos.com.ar\/2021\/","name":"Noticias Radio Reflejos","description":"Las noticias de mi comarca","potentialAction":[{"@type":"SearchAction","target":{"@type":"EntryPoint","urlTemplate":"https:\/\/www.noticiasradioreflejos.com.ar\/2021\/?s={search_term_string}"},"query-input":{"@type":"PropertyValueSpecification","valueRequired":true,"valueName":"search_term_string"}}],"inLanguage":"es"},{"@type":"Person","@id":"https:\/\/www.noticiasradioreflejos.com.ar\/2021\/#\/schema\/person\/ad82545263dcc5ec0996818884fd5fb1","name":"Arnaldo Botto","image":{"@type":"ImageObject","inLanguage":"es","@id":"https:\/\/www.noticiasradioreflejos.com.ar\/2021\/#\/schema\/person\/image\/","url":"https:\/\/secure.gravatar.com\/avatar\/55cb5e37c1efa326397366e6974cb338056df65cb50e7d64d1cf314e87504837?s=96&d=mm&r=g","contentUrl":"https:\/\/secure.gravatar.com\/avatar\/55cb5e37c1efa326397366e6974cb338056df65cb50e7d64d1cf314e87504837?s=96&d=mm&r=g","caption":"Arnaldo Botto"},"url":"https:\/\/www.noticiasradioreflejos.com.ar\/2021\/author\/arnaldo\/"}]}},"_links":{"self":[{"href":"https:\/\/www.noticiasradioreflejos.com.ar\/2021\/wp-json\/wp\/v2\/posts\/34027","targetHints":{"allow":["GET"]}}],"collection":[{"href":"https:\/\/www.noticiasradioreflejos.com.ar\/2021\/wp-json\/wp\/v2\/posts"}],"about":[{"href":"https:\/\/www.noticiasradioreflejos.com.ar\/2021\/wp-json\/wp\/v2\/types\/post"}],"author":[{"embeddable":true,"href":"https:\/\/www.noticiasradioreflejos.com.ar\/2021\/wp-json\/wp\/v2\/users\/3"}],"replies":[{"embeddable":true,"href":"https:\/\/www.noticiasradioreflejos.com.ar\/2021\/wp-json\/wp\/v2\/comments?post=34027"}],"version-history":[{"count":0,"href":"https:\/\/www.noticiasradioreflejos.com.ar\/2021\/wp-json\/wp\/v2\/posts\/34027\/revisions"}],"wp:attachment":[{"href":"https:\/\/www.noticiasradioreflejos.com.ar\/2021\/wp-json\/wp\/v2\/media?parent=34027"}],"wp:term":[{"taxonomy":"category","embeddable":true,"href":"https:\/\/www.noticiasradioreflejos.com.ar\/2021\/wp-json\/wp\/v2\/categories?post=34027"},{"taxonomy":"post_tag","embeddable":true,"href":"https:\/\/www.noticiasradioreflejos.com.ar\/2021\/wp-json\/wp\/v2\/tags?post=34027"}],"curies":[{"name":"wp","href":"https:\/\/api.w.org\/{rel}","templated":true}]}}