{"id":34014,"date":"2019-08-21T08:36:48","date_gmt":"2019-08-21T11:36:48","guid":{"rendered":"http:\/\/www.noticiasradioreflejos.com.ar\/noticias\/?p=34014"},"modified":"2019-08-21T08:36:48","modified_gmt":"2019-08-21T11:36:48","slug":"el-dia-del-nino-se-vivio-en-el-centro-cultural","status":"publish","type":"post","link":"https:\/\/www.noticiasradioreflejos.com.ar\/2021\/el-dia-del-nino-se-vivio-en-el-centro-cultural\/","title":{"rendered":"El D\u00eda del Ni\u00f1o se vivi\u00f3 en el Centro Cultural"},"content":{"rendered":"<p>M\u00e1s de 300 ni\u00f1os, acompa\u00f1ados por sus familiares disfrutaron de las propuestas recreativas, l\u00fadicas y deportivas, organizadas por el municipio conjuntamente con distintas instituciones de Sierra de la Ventana.<!--more--><br \/>\nLa jornada, que se llev\u00f3 a cabo en el Centro Cultural,  dio inicio a las 15.00 hs.,  y cont\u00f3 con diferentes propuestas aportadas por la instituciones locales: la biblioteca Mariano Moreno:  espacio de lectura y cuenta cuentos; los inflables a cargo de la Sociedad Fomento de Villa la Arcadia; los bomberos voluntarios ofrecieron un paseo en autobomba; el chocolate y torta estuvo organizado por la Asociaci\u00f3n de La Trochita; el Club Ventana particip\u00f3 con la cancha de tenis y diferentes  juegos deportivos y el Grupo de Crianza aport\u00f3 un rinc\u00f3n de juegos blandos  y de arrastre para los m\u00e1s peque\u00f1os. El cierre, como no pod\u00eda ser de otra manera cont\u00f3 con el show de \u00abla payasa Coquita\u00bb.<br \/>\nGracias al trabajo en conjunto con instituciones, las familias pudieron disfrutar de un d\u00eda diferente y homenajear a los m\u00e1s peque\u00f1os del hogar.<br \/>\n<a href=\"http:\/\/www.noticiasradioreflejos.com.ar\/noticias\/wp-content\/uploads\/2019\/08\/WhatsApp-Image-2019-08-19-at-09.05.06-1.jpeg\"><img loading=\"lazy\" decoding=\"async\" src=\"http:\/\/www.noticiasradioreflejos.com.ar\/noticias\/wp-content\/uploads\/2019\/08\/WhatsApp-Image-2019-08-19-at-09.05.06-1-1024x576.jpeg\" alt=\"WhatsApp Image 2019-08-19 at 09.05.06 (1)\" width=\"1024\" height=\"576\" class=\"aligncenter size-large wp-image-34015\" \/><\/a><br \/>\n<a href=\"http:\/\/www.noticiasradioreflejos.com.ar\/noticias\/wp-content\/uploads\/2019\/08\/WhatsApp-Image-2019-08-19-at-09.05.07.jpeg\"><img loading=\"lazy\" decoding=\"async\" src=\"http:\/\/www.noticiasradioreflejos.com.ar\/noticias\/wp-content\/uploads\/2019\/08\/WhatsApp-Image-2019-08-19-at-09.05.07-1024x576.jpeg\" alt=\"WhatsApp Image 2019-08-19 at 09.05.07\" width=\"1024\" height=\"576\" class=\"aligncenter size-large wp-image-34016\" \/><\/a><\/p>\n","protected":false},"excerpt":{"rendered":"<p>M\u00e1s de 300 ni\u00f1os, acompa\u00f1ados por sus familiares disfrutaron de las propuestas recreativas, l\u00fadicas y deportivas, organizadas por el municipio conjuntamente con distintas instituciones de Sierra de la Ventana.<\/p>\n","protected":false},"author":3,"featured_media":0,"comment_status":"closed","ping_status":"open","sticky":false,"template":"","format":"standard","meta":{"footnotes":""},"categories":[26],"tags":[],"class_list":["post-34014","post","type-post","status-publish","format-standard","hentry","category-sociedad"],"yoast_head":"<!-- This site is optimized with the Yoast SEO plugin v25.9 - https:\/\/yoast.com\/wordpress\/plugins\/seo\/ -->\n<title>El D\u00eda del Ni\u00f1o se vivi\u00f3 en el Centro Cultural - Noticias Radio Reflejos<\/title>\n<meta name=\"robots\" content=\"index, follow, max-snippet:-1, max-image-preview:large, max-video-preview:-1\" \/>\n<link rel=\"canonical\" href=\"https:\/\/www.noticiasradioreflejos.com.ar\/2021\/el-dia-del-nino-se-vivio-en-el-centro-cultural\/\" \/>\n<meta property=\"og:locale\" content=\"es_ES\" \/>\n<meta property=\"og:type\" content=\"article\" \/>\n<meta property=\"og:title\" content=\"El D\u00eda del Ni\u00f1o se vivi\u00f3 en el Centro Cultural - Noticias Radio Reflejos\" \/>\n<meta property=\"og:description\" content=\"M\u00e1s de 300 ni\u00f1os, acompa\u00f1ados por sus familiares disfrutaron de las propuestas recreativas, l\u00fadicas y deportivas, organizadas por el municipio conjuntamente con distintas instituciones de Sierra de la Ventana.\" \/>\n<meta property=\"og:url\" content=\"https:\/\/www.noticiasradioreflejos.com.ar\/2021\/el-dia-del-nino-se-vivio-en-el-centro-cultural\/\" \/>\n<meta property=\"og:site_name\" content=\"Noticias Radio Reflejos\" \/>\n<meta property=\"article:published_time\" content=\"2019-08-21T11:36:48+00:00\" \/>\n<meta property=\"og:image\" content=\"https:\/\/www.noticiasradioreflejos.com.ar\/2021\/wp-content\/uploads\/2021\/07\/logosol300x200.png\" \/>\n\t<meta property=\"og:image:width\" content=\"300\" \/>\n\t<meta property=\"og:image:height\" content=\"200\" \/>\n\t<meta property=\"og:image:type\" content=\"image\/png\" \/>\n<meta name=\"author\" content=\"Arnaldo Botto\" \/>\n<meta name=\"twitter:card\" content=\"summary_large_image\" \/>\n<script type=\"application\/ld+json\" class=\"yoast-schema-graph\">{\"@context\":\"https:\/\/schema.org\",\"@graph\":[{\"@type\":\"WebPage\",\"@id\":\"https:\/\/www.noticiasradioreflejos.com.ar\/2021\/el-dia-del-nino-se-vivio-en-el-centro-cultural\/\",\"url\":\"https:\/\/www.noticiasradioreflejos.com.ar\/2021\/el-dia-del-nino-se-vivio-en-el-centro-cultural\/\",\"name\":\"El D\u00eda del Ni\u00f1o se vivi\u00f3 en el Centro Cultural - Noticias Radio Reflejos\",\"isPartOf\":{\"@id\":\"https:\/\/www.noticiasradioreflejos.com.ar\/2021\/#website\"},\"primaryImageOfPage\":{\"@id\":\"https:\/\/www.noticiasradioreflejos.com.ar\/2021\/el-dia-del-nino-se-vivio-en-el-centro-cultural\/#primaryimage\"},\"image\":{\"@id\":\"https:\/\/www.noticiasradioreflejos.com.ar\/2021\/el-dia-del-nino-se-vivio-en-el-centro-cultural\/#primaryimage\"},\"thumbnailUrl\":\"http:\/\/www.noticiasradioreflejos.com.ar\/noticias\/wp-content\/uploads\/2019\/08\/WhatsApp-Image-2019-08-19-at-09.05.06-1-1024x576.jpeg\",\"datePublished\":\"2019-08-21T11:36:48+00:00\",\"author\":{\"@id\":\"https:\/\/www.noticiasradioreflejos.com.ar\/2021\/#\/schema\/person\/ad82545263dcc5ec0996818884fd5fb1\"},\"breadcrumb\":{\"@id\":\"https:\/\/www.noticiasradioreflejos.com.ar\/2021\/el-dia-del-nino-se-vivio-en-el-centro-cultural\/#breadcrumb\"},\"inLanguage\":\"es\",\"potentialAction\":[{\"@type\":\"ReadAction\",\"target\":[\"https:\/\/www.noticiasradioreflejos.com.ar\/2021\/el-dia-del-nino-se-vivio-en-el-centro-cultural\/\"]}]},{\"@type\":\"ImageObject\",\"inLanguage\":\"es\",\"@id\":\"https:\/\/www.noticiasradioreflejos.com.ar\/2021\/el-dia-del-nino-se-vivio-en-el-centro-cultural\/#primaryimage\",\"url\":\"http:\/\/www.noticiasradioreflejos.com.ar\/noticias\/wp-content\/uploads\/2019\/08\/WhatsApp-Image-2019-08-19-at-09.05.06-1-1024x576.jpeg\",\"contentUrl\":\"http:\/\/www.noticiasradioreflejos.com.ar\/noticias\/wp-content\/uploads\/2019\/08\/WhatsApp-Image-2019-08-19-at-09.05.06-1-1024x576.jpeg\"},{\"@type\":\"BreadcrumbList\",\"@id\":\"https:\/\/www.noticiasradioreflejos.com.ar\/2021\/el-dia-del-nino-se-vivio-en-el-centro-cultural\/#breadcrumb\",\"itemListElement\":[{\"@type\":\"ListItem\",\"position\":1,\"name\":\"Portada\",\"item\":\"https:\/\/www.noticiasradioreflejos.com.ar\/2021\/\"},{\"@type\":\"ListItem\",\"position\":2,\"name\":\"El D\u00eda del Ni\u00f1o se vivi\u00f3 en el Centro Cultural\"}]},{\"@type\":\"WebSite\",\"@id\":\"https:\/\/www.noticiasradioreflejos.com.ar\/2021\/#website\",\"url\":\"https:\/\/www.noticiasradioreflejos.com.ar\/2021\/\",\"name\":\"Noticias Radio Reflejos\",\"description\":\"Las noticias de mi comarca\",\"potentialAction\":[{\"@type\":\"SearchAction\",\"target\":{\"@type\":\"EntryPoint\",\"urlTemplate\":\"https:\/\/www.noticiasradioreflejos.com.ar\/2021\/?s={search_term_string}\"},\"query-input\":{\"@type\":\"PropertyValueSpecification\",\"valueRequired\":true,\"valueName\":\"search_term_string\"}}],\"inLanguage\":\"es\"},{\"@type\":\"Person\",\"@id\":\"https:\/\/www.noticiasradioreflejos.com.ar\/2021\/#\/schema\/person\/ad82545263dcc5ec0996818884fd5fb1\",\"name\":\"Arnaldo Botto\",\"image\":{\"@type\":\"ImageObject\",\"inLanguage\":\"es\",\"@id\":\"https:\/\/www.noticiasradioreflejos.com.ar\/2021\/#\/schema\/person\/image\/\",\"url\":\"https:\/\/secure.gravatar.com\/avatar\/55cb5e37c1efa326397366e6974cb338056df65cb50e7d64d1cf314e87504837?s=96&d=mm&r=g\",\"contentUrl\":\"https:\/\/secure.gravatar.com\/avatar\/55cb5e37c1efa326397366e6974cb338056df65cb50e7d64d1cf314e87504837?s=96&d=mm&r=g\",\"caption\":\"Arnaldo Botto\"},\"url\":\"https:\/\/www.noticiasradioreflejos.com.ar\/2021\/author\/arnaldo\/\"}]}<\/script>\n<!-- \/ Yoast SEO plugin. -->","yoast_head_json":{"title":"El D\u00eda del Ni\u00f1o se vivi\u00f3 en el Centro Cultural - Noticias Radio Reflejos","robots":{"index":"index","follow":"follow","max-snippet":"max-snippet:-1","max-image-preview":"max-image-preview:large","max-video-preview":"max-video-preview:-1"},"canonical":"https:\/\/www.noticiasradioreflejos.com.ar\/2021\/el-dia-del-nino-se-vivio-en-el-centro-cultural\/","og_locale":"es_ES","og_type":"article","og_title":"El D\u00eda del Ni\u00f1o se vivi\u00f3 en el Centro Cultural - Noticias Radio Reflejos","og_description":"M\u00e1s de 300 ni\u00f1os, acompa\u00f1ados por sus familiares disfrutaron de las propuestas recreativas, l\u00fadicas y deportivas, organizadas por el municipio conjuntamente con distintas instituciones de Sierra de la Ventana.","og_url":"https:\/\/www.noticiasradioreflejos.com.ar\/2021\/el-dia-del-nino-se-vivio-en-el-centro-cultural\/","og_site_name":"Noticias Radio Reflejos","article_published_time":"2019-08-21T11:36:48+00:00","og_image":[{"width":300,"height":200,"url":"https:\/\/www.noticiasradioreflejos.com.ar\/2021\/wp-content\/uploads\/2021\/07\/logosol300x200.png","type":"image\/png"}],"author":"Arnaldo Botto","twitter_card":"summary_large_image","schema":{"@context":"https:\/\/schema.org","@graph":[{"@type":"WebPage","@id":"https:\/\/www.noticiasradioreflejos.com.ar\/2021\/el-dia-del-nino-se-vivio-en-el-centro-cultural\/","url":"https:\/\/www.noticiasradioreflejos.com.ar\/2021\/el-dia-del-nino-se-vivio-en-el-centro-cultural\/","name":"El D\u00eda del Ni\u00f1o se vivi\u00f3 en el Centro Cultural - Noticias Radio Reflejos","isPartOf":{"@id":"https:\/\/www.noticiasradioreflejos.com.ar\/2021\/#website"},"primaryImageOfPage":{"@id":"https:\/\/www.noticiasradioreflejos.com.ar\/2021\/el-dia-del-nino-se-vivio-en-el-centro-cultural\/#primaryimage"},"image":{"@id":"https:\/\/www.noticiasradioreflejos.com.ar\/2021\/el-dia-del-nino-se-vivio-en-el-centro-cultural\/#primaryimage"},"thumbnailUrl":"http:\/\/www.noticiasradioreflejos.com.ar\/noticias\/wp-content\/uploads\/2019\/08\/WhatsApp-Image-2019-08-19-at-09.05.06-1-1024x576.jpeg","datePublished":"2019-08-21T11:36:48+00:00","author":{"@id":"https:\/\/www.noticiasradioreflejos.com.ar\/2021\/#\/schema\/person\/ad82545263dcc5ec0996818884fd5fb1"},"breadcrumb":{"@id":"https:\/\/www.noticiasradioreflejos.com.ar\/2021\/el-dia-del-nino-se-vivio-en-el-centro-cultural\/#breadcrumb"},"inLanguage":"es","potentialAction":[{"@type":"ReadAction","target":["https:\/\/www.noticiasradioreflejos.com.ar\/2021\/el-dia-del-nino-se-vivio-en-el-centro-cultural\/"]}]},{"@type":"ImageObject","inLanguage":"es","@id":"https:\/\/www.noticiasradioreflejos.com.ar\/2021\/el-dia-del-nino-se-vivio-en-el-centro-cultural\/#primaryimage","url":"http:\/\/www.noticiasradioreflejos.com.ar\/noticias\/wp-content\/uploads\/2019\/08\/WhatsApp-Image-2019-08-19-at-09.05.06-1-1024x576.jpeg","contentUrl":"http:\/\/www.noticiasradioreflejos.com.ar\/noticias\/wp-content\/uploads\/2019\/08\/WhatsApp-Image-2019-08-19-at-09.05.06-1-1024x576.jpeg"},{"@type":"BreadcrumbList","@id":"https:\/\/www.noticiasradioreflejos.com.ar\/2021\/el-dia-del-nino-se-vivio-en-el-centro-cultural\/#breadcrumb","itemListElement":[{"@type":"ListItem","position":1,"name":"Portada","item":"https:\/\/www.noticiasradioreflejos.com.ar\/2021\/"},{"@type":"ListItem","position":2,"name":"El D\u00eda del Ni\u00f1o se vivi\u00f3 en el Centro Cultural"}]},{"@type":"WebSite","@id":"https:\/\/www.noticiasradioreflejos.com.ar\/2021\/#website","url":"https:\/\/www.noticiasradioreflejos.com.ar\/2021\/","name":"Noticias Radio Reflejos","description":"Las noticias de mi comarca","potentialAction":[{"@type":"SearchAction","target":{"@type":"EntryPoint","urlTemplate":"https:\/\/www.noticiasradioreflejos.com.ar\/2021\/?s={search_term_string}"},"query-input":{"@type":"PropertyValueSpecification","valueRequired":true,"valueName":"search_term_string"}}],"inLanguage":"es"},{"@type":"Person","@id":"https:\/\/www.noticiasradioreflejos.com.ar\/2021\/#\/schema\/person\/ad82545263dcc5ec0996818884fd5fb1","name":"Arnaldo Botto","image":{"@type":"ImageObject","inLanguage":"es","@id":"https:\/\/www.noticiasradioreflejos.com.ar\/2021\/#\/schema\/person\/image\/","url":"https:\/\/secure.gravatar.com\/avatar\/55cb5e37c1efa326397366e6974cb338056df65cb50e7d64d1cf314e87504837?s=96&d=mm&r=g","contentUrl":"https:\/\/secure.gravatar.com\/avatar\/55cb5e37c1efa326397366e6974cb338056df65cb50e7d64d1cf314e87504837?s=96&d=mm&r=g","caption":"Arnaldo Botto"},"url":"https:\/\/www.noticiasradioreflejos.com.ar\/2021\/author\/arnaldo\/"}]}},"_links":{"self":[{"href":"https:\/\/www.noticiasradioreflejos.com.ar\/2021\/wp-json\/wp\/v2\/posts\/34014","targetHints":{"allow":["GET"]}}],"collection":[{"href":"https:\/\/www.noticiasradioreflejos.com.ar\/2021\/wp-json\/wp\/v2\/posts"}],"about":[{"href":"https:\/\/www.noticiasradioreflejos.com.ar\/2021\/wp-json\/wp\/v2\/types\/post"}],"author":[{"embeddable":true,"href":"https:\/\/www.noticiasradioreflejos.com.ar\/2021\/wp-json\/wp\/v2\/users\/3"}],"replies":[{"embeddable":true,"href":"https:\/\/www.noticiasradioreflejos.com.ar\/2021\/wp-json\/wp\/v2\/comments?post=34014"}],"version-history":[{"count":0,"href":"https:\/\/www.noticiasradioreflejos.com.ar\/2021\/wp-json\/wp\/v2\/posts\/34014\/revisions"}],"wp:attachment":[{"href":"https:\/\/www.noticiasradioreflejos.com.ar\/2021\/wp-json\/wp\/v2\/media?parent=34014"}],"wp:term":[{"taxonomy":"category","embeddable":true,"href":"https:\/\/www.noticiasradioreflejos.com.ar\/2021\/wp-json\/wp\/v2\/categories?post=34014"},{"taxonomy":"post_tag","embeddable":true,"href":"https:\/\/www.noticiasradioreflejos.com.ar\/2021\/wp-json\/wp\/v2\/tags?post=34014"}],"curies":[{"name":"wp","href":"https:\/\/api.w.org\/{rel}","templated":true}]}}