{"id":34005,"date":"2019-08-21T08:25:56","date_gmt":"2019-08-21T11:25:56","guid":{"rendered":"http:\/\/www.noticiasradioreflejos.com.ar\/noticias\/?p=34005"},"modified":"2019-08-21T08:25:56","modified_gmt":"2019-08-21T11:25:56","slug":"brevisima-historia-universal-del-tango","status":"publish","type":"post","link":"https:\/\/www.noticiasradioreflejos.com.ar\/2021\/brevisima-historia-universal-del-tango\/","title":{"rendered":"Coopersive LTDA invita al evento: &quot;Brev\u00edsima historia universal del tango&quot;."},"content":{"rendered":"<p>Esta ma\u00f1ana,visitaron los estudios de FM Reflejos, Mario Sensini y Oscar Brito, presidente y vice de Coopersive Ltda, quienes nos contaron sobre la actividad que se desarrollar\u00e1 este pr\u00f3ximo viernes 23 de Agosto a las 21hs, en el Centro Cultural de Sierra de la Ventana, titulada \u00abBrev\u00edsima historia universal del tango\u00bb un recorrido desde 1870 hasta hoy, por el contexto social y pol\u00edtico en donde se desarrolla el mismo. Tambi\u00e9n nos pusieron al tanto de proyectos actuales y futuros de la cooperativa serrana.<!--more--><br \/>\n\u00abNosotros firmamos un convenio con el centro cultural de la cooperaci\u00f3n, ellos tienen un desarrollo muy importante en el \u00e1rea cultural, incluso a trav\u00e9s del mismo nosotros hemos donado libros a la Escuela 6 y a la Escuela 2, y el otro d\u00eda me dijeron (hay mas libros si quieren), ya hablamos con las escuelas para ver que podemos acercar. En funci\u00f3n de eso, el d\u00eda jueves en la sede del Banco Credicoop en Bah\u00eda Blanca, y el d\u00eda viernes ac\u00e1 se desarrolla un espect\u00e1culo que se llama (\u00abBrev\u00edsima historia universal del tango\u00bb), pero mas que nada se trata del mucho del tango y el cooperativismo, como del a\u00f1o 1870 hasta nuestra actualidad, el tango dentro del esquema socio pol\u00edtico de la historia de nuestro pa\u00eds fue tomando distintas formas. En este caso lo vamos a hacer a beneficio de la Biblioteca Mariano Moreno, con una contribuci\u00f3n voluntaria, y esto vamos a hacerlo con distintas instituciones del pueblo, hoy es la biblioteca, ma\u00f1ana ser\u00e1 el centro de jubilados, el club, a todas aquellas instituciones que participan de la comunidad\u00bb. Inici\u00f3 Oscar Brito<br \/>\n<strong>Respecto a proyectos de fibra \u00f3ptica, ampliaci\u00f3n de instalaciones , trabajo conjuento de las 4 cooperativas del distrito y otras inversiones:<\/strong><br \/>\n\u00abEstamos trabajando bien, ahora a fin de mes vamos a iniciar el soterramiento de abajo de las v\u00edas, hacen un t\u00fanel abajo, por licitaci\u00f3n, adem\u00e1s se va a hacer el canalizado por la vereda para ir sacando de a poco los tendidos a\u00e9reos que afectan la visi\u00f3n. El canalizado que se hace abajo de las v\u00edas va a independizar todos los cables que pasen para Villa Arcadia, Golf y Ceferino, va a haber cables individuales, no va a ser como ahora que hay que hacer un corte en Villa Arcadia y cortamos todo, ademas por una cuesti\u00f3n de seguridad, hoy se corta ese cable y tenemos problemas. Ya empezamos el tendido de fibra \u00f3ptica como lo est\u00e1n viendo por el centro, se va a aplicar 30 mil metros de fibra \u00f3ptica, con cables de 48 fibras, y distribuci\u00f3n de 12 y 16 fibras, seg\u00fan la densidad poblacional, eso va a ser sobre el barrio San Bernardo, La Cumbre, y Valle Hermoso, y el centro por supuesto\u00bb. Continuo Mario Sensini<br \/>\nNOTA COMPLETA:<br \/>\n<iframe loading=\"lazy\" src=\"https:\/\/w.soundcloud.com\/player\/?url=https%3A\/\/api.soundcloud.com\/tracks\/668544890&amp;color=%23ff5500&amp;auto_play=false&amp;hide_related=false&amp;show_comments=true&amp;show_user=true&amp;show_reposts=false&amp;show_teaser=true\" width=\"100%\" height=\"166\" frameborder=\"no\" scrolling=\"no\"><\/iframe><br \/>\n<a href=\"http:\/\/www.noticiasradioreflejos.com.ar\/noticias\/wp-content\/uploads\/2019\/08\/brevisima-historia-universal-del-tango.jpg\"><img loading=\"lazy\" decoding=\"async\" class=\"aligncenter size-large wp-image-34006\" src=\"http:\/\/www.noticiasradioreflejos.com.ar\/noticias\/wp-content\/uploads\/2019\/08\/brevisima-historia-universal-del-tango-1024x967.jpg\" alt=\"brevisima historia universal del tango\" width=\"1024\" height=\"967\" \/><\/a><\/p>\n","protected":false},"excerpt":{"rendered":"<p>Esta ma\u00f1ana,visitaron los estudios de FM Reflejos, Mario Sensini y Oscar Brito, presidente y vice de Coopersive Ltda, quienes nos contaron sobre la actividad que se desarrollar\u00e1 este pr\u00f3ximo viernes 23 de Agosto a las 21hs, en el Centro Cultural de Sierra de la Ventana, titulada \u00abBrev\u00edsima historia universal del tango\u00bb un recorrido desde 1870 [&hellip;]<\/p>\n","protected":false},"author":3,"featured_media":0,"comment_status":"closed","ping_status":"open","sticky":false,"template":"","format":"standard","meta":{"footnotes":""},"categories":[26],"tags":[],"class_list":["post-34005","post","type-post","status-publish","format-standard","hentry","category-sociedad"],"yoast_head":"<!-- This site is optimized with the Yoast SEO plugin v25.9 - https:\/\/yoast.com\/wordpress\/plugins\/seo\/ -->\n<title>Coopersive LTDA invita al evento: &quot;Brev\u00edsima historia universal del tango&quot;. - Noticias Radio Reflejos<\/title>\n<meta name=\"robots\" content=\"index, follow, max-snippet:-1, max-image-preview:large, max-video-preview:-1\" \/>\n<link rel=\"canonical\" href=\"https:\/\/www.noticiasradioreflejos.com.ar\/2021\/brevisima-historia-universal-del-tango\/\" \/>\n<meta property=\"og:locale\" content=\"es_ES\" \/>\n<meta property=\"og:type\" content=\"article\" \/>\n<meta property=\"og:title\" content=\"Coopersive LTDA invita al evento: &quot;Brev\u00edsima historia universal del tango&quot;. - Noticias Radio Reflejos\" \/>\n<meta property=\"og:description\" content=\"Esta ma\u00f1ana,visitaron los estudios de FM Reflejos, Mario Sensini y Oscar Brito, presidente y vice de Coopersive Ltda, quienes nos contaron sobre la actividad que se desarrollar\u00e1 este pr\u00f3ximo viernes 23 de Agosto a las 21hs, en el Centro Cultural de Sierra de la Ventana, titulada \u00abBrev\u00edsima historia universal del tango\u00bb un recorrido desde 1870 [&hellip;]\" \/>\n<meta property=\"og:url\" content=\"https:\/\/www.noticiasradioreflejos.com.ar\/2021\/brevisima-historia-universal-del-tango\/\" \/>\n<meta property=\"og:site_name\" content=\"Noticias Radio Reflejos\" \/>\n<meta property=\"article:published_time\" content=\"2019-08-21T11:25:56+00:00\" \/>\n<meta property=\"og:image\" content=\"https:\/\/www.noticiasradioreflejos.com.ar\/2021\/wp-content\/uploads\/2021\/07\/logosol300x200.png\" \/>\n\t<meta property=\"og:image:width\" content=\"300\" \/>\n\t<meta property=\"og:image:height\" content=\"200\" \/>\n\t<meta property=\"og:image:type\" content=\"image\/png\" \/>\n<meta name=\"author\" content=\"Arnaldo Botto\" \/>\n<meta name=\"twitter:card\" content=\"summary_large_image\" \/>\n<script type=\"application\/ld+json\" class=\"yoast-schema-graph\">{\"@context\":\"https:\/\/schema.org\",\"@graph\":[{\"@type\":\"WebPage\",\"@id\":\"https:\/\/www.noticiasradioreflejos.com.ar\/2021\/brevisima-historia-universal-del-tango\/\",\"url\":\"https:\/\/www.noticiasradioreflejos.com.ar\/2021\/brevisima-historia-universal-del-tango\/\",\"name\":\"Coopersive LTDA invita al evento: &quot;Brev\u00edsima historia universal del tango&quot;. - Noticias Radio Reflejos\",\"isPartOf\":{\"@id\":\"https:\/\/www.noticiasradioreflejos.com.ar\/2021\/#website\"},\"primaryImageOfPage\":{\"@id\":\"https:\/\/www.noticiasradioreflejos.com.ar\/2021\/brevisima-historia-universal-del-tango\/#primaryimage\"},\"image\":{\"@id\":\"https:\/\/www.noticiasradioreflejos.com.ar\/2021\/brevisima-historia-universal-del-tango\/#primaryimage\"},\"thumbnailUrl\":\"http:\/\/www.noticiasradioreflejos.com.ar\/noticias\/wp-content\/uploads\/2019\/08\/brevisima-historia-universal-del-tango-1024x967.jpg\",\"datePublished\":\"2019-08-21T11:25:56+00:00\",\"author\":{\"@id\":\"https:\/\/www.noticiasradioreflejos.com.ar\/2021\/#\/schema\/person\/ad82545263dcc5ec0996818884fd5fb1\"},\"breadcrumb\":{\"@id\":\"https:\/\/www.noticiasradioreflejos.com.ar\/2021\/brevisima-historia-universal-del-tango\/#breadcrumb\"},\"inLanguage\":\"es\",\"potentialAction\":[{\"@type\":\"ReadAction\",\"target\":[\"https:\/\/www.noticiasradioreflejos.com.ar\/2021\/brevisima-historia-universal-del-tango\/\"]}]},{\"@type\":\"ImageObject\",\"inLanguage\":\"es\",\"@id\":\"https:\/\/www.noticiasradioreflejos.com.ar\/2021\/brevisima-historia-universal-del-tango\/#primaryimage\",\"url\":\"http:\/\/www.noticiasradioreflejos.com.ar\/noticias\/wp-content\/uploads\/2019\/08\/brevisima-historia-universal-del-tango-1024x967.jpg\",\"contentUrl\":\"http:\/\/www.noticiasradioreflejos.com.ar\/noticias\/wp-content\/uploads\/2019\/08\/brevisima-historia-universal-del-tango-1024x967.jpg\"},{\"@type\":\"BreadcrumbList\",\"@id\":\"https:\/\/www.noticiasradioreflejos.com.ar\/2021\/brevisima-historia-universal-del-tango\/#breadcrumb\",\"itemListElement\":[{\"@type\":\"ListItem\",\"position\":1,\"name\":\"Portada\",\"item\":\"https:\/\/www.noticiasradioreflejos.com.ar\/2021\/\"},{\"@type\":\"ListItem\",\"position\":2,\"name\":\"Coopersive LTDA invita al evento: &quot;Brev\u00edsima historia universal del tango&quot;.\"}]},{\"@type\":\"WebSite\",\"@id\":\"https:\/\/www.noticiasradioreflejos.com.ar\/2021\/#website\",\"url\":\"https:\/\/www.noticiasradioreflejos.com.ar\/2021\/\",\"name\":\"Noticias Radio Reflejos\",\"description\":\"Las noticias de mi comarca\",\"potentialAction\":[{\"@type\":\"SearchAction\",\"target\":{\"@type\":\"EntryPoint\",\"urlTemplate\":\"https:\/\/www.noticiasradioreflejos.com.ar\/2021\/?s={search_term_string}\"},\"query-input\":{\"@type\":\"PropertyValueSpecification\",\"valueRequired\":true,\"valueName\":\"search_term_string\"}}],\"inLanguage\":\"es\"},{\"@type\":\"Person\",\"@id\":\"https:\/\/www.noticiasradioreflejos.com.ar\/2021\/#\/schema\/person\/ad82545263dcc5ec0996818884fd5fb1\",\"name\":\"Arnaldo Botto\",\"image\":{\"@type\":\"ImageObject\",\"inLanguage\":\"es\",\"@id\":\"https:\/\/www.noticiasradioreflejos.com.ar\/2021\/#\/schema\/person\/image\/\",\"url\":\"https:\/\/secure.gravatar.com\/avatar\/55cb5e37c1efa326397366e6974cb338056df65cb50e7d64d1cf314e87504837?s=96&d=mm&r=g\",\"contentUrl\":\"https:\/\/secure.gravatar.com\/avatar\/55cb5e37c1efa326397366e6974cb338056df65cb50e7d64d1cf314e87504837?s=96&d=mm&r=g\",\"caption\":\"Arnaldo Botto\"},\"url\":\"https:\/\/www.noticiasradioreflejos.com.ar\/2021\/author\/arnaldo\/\"}]}<\/script>\n<!-- \/ Yoast SEO plugin. -->","yoast_head_json":{"title":"Coopersive LTDA invita al evento: &quot;Brev\u00edsima historia universal del tango&quot;. - Noticias Radio Reflejos","robots":{"index":"index","follow":"follow","max-snippet":"max-snippet:-1","max-image-preview":"max-image-preview:large","max-video-preview":"max-video-preview:-1"},"canonical":"https:\/\/www.noticiasradioreflejos.com.ar\/2021\/brevisima-historia-universal-del-tango\/","og_locale":"es_ES","og_type":"article","og_title":"Coopersive LTDA invita al evento: &quot;Brev\u00edsima historia universal del tango&quot;. - Noticias Radio Reflejos","og_description":"Esta ma\u00f1ana,visitaron los estudios de FM Reflejos, Mario Sensini y Oscar Brito, presidente y vice de Coopersive Ltda, quienes nos contaron sobre la actividad que se desarrollar\u00e1 este pr\u00f3ximo viernes 23 de Agosto a las 21hs, en el Centro Cultural de Sierra de la Ventana, titulada \u00abBrev\u00edsima historia universal del tango\u00bb un recorrido desde 1870 [&hellip;]","og_url":"https:\/\/www.noticiasradioreflejos.com.ar\/2021\/brevisima-historia-universal-del-tango\/","og_site_name":"Noticias Radio Reflejos","article_published_time":"2019-08-21T11:25:56+00:00","og_image":[{"width":300,"height":200,"url":"https:\/\/www.noticiasradioreflejos.com.ar\/2021\/wp-content\/uploads\/2021\/07\/logosol300x200.png","type":"image\/png"}],"author":"Arnaldo Botto","twitter_card":"summary_large_image","schema":{"@context":"https:\/\/schema.org","@graph":[{"@type":"WebPage","@id":"https:\/\/www.noticiasradioreflejos.com.ar\/2021\/brevisima-historia-universal-del-tango\/","url":"https:\/\/www.noticiasradioreflejos.com.ar\/2021\/brevisima-historia-universal-del-tango\/","name":"Coopersive LTDA invita al evento: &quot;Brev\u00edsima historia universal del tango&quot;. - Noticias Radio Reflejos","isPartOf":{"@id":"https:\/\/www.noticiasradioreflejos.com.ar\/2021\/#website"},"primaryImageOfPage":{"@id":"https:\/\/www.noticiasradioreflejos.com.ar\/2021\/brevisima-historia-universal-del-tango\/#primaryimage"},"image":{"@id":"https:\/\/www.noticiasradioreflejos.com.ar\/2021\/brevisima-historia-universal-del-tango\/#primaryimage"},"thumbnailUrl":"http:\/\/www.noticiasradioreflejos.com.ar\/noticias\/wp-content\/uploads\/2019\/08\/brevisima-historia-universal-del-tango-1024x967.jpg","datePublished":"2019-08-21T11:25:56+00:00","author":{"@id":"https:\/\/www.noticiasradioreflejos.com.ar\/2021\/#\/schema\/person\/ad82545263dcc5ec0996818884fd5fb1"},"breadcrumb":{"@id":"https:\/\/www.noticiasradioreflejos.com.ar\/2021\/brevisima-historia-universal-del-tango\/#breadcrumb"},"inLanguage":"es","potentialAction":[{"@type":"ReadAction","target":["https:\/\/www.noticiasradioreflejos.com.ar\/2021\/brevisima-historia-universal-del-tango\/"]}]},{"@type":"ImageObject","inLanguage":"es","@id":"https:\/\/www.noticiasradioreflejos.com.ar\/2021\/brevisima-historia-universal-del-tango\/#primaryimage","url":"http:\/\/www.noticiasradioreflejos.com.ar\/noticias\/wp-content\/uploads\/2019\/08\/brevisima-historia-universal-del-tango-1024x967.jpg","contentUrl":"http:\/\/www.noticiasradioreflejos.com.ar\/noticias\/wp-content\/uploads\/2019\/08\/brevisima-historia-universal-del-tango-1024x967.jpg"},{"@type":"BreadcrumbList","@id":"https:\/\/www.noticiasradioreflejos.com.ar\/2021\/brevisima-historia-universal-del-tango\/#breadcrumb","itemListElement":[{"@type":"ListItem","position":1,"name":"Portada","item":"https:\/\/www.noticiasradioreflejos.com.ar\/2021\/"},{"@type":"ListItem","position":2,"name":"Coopersive LTDA invita al evento: &quot;Brev\u00edsima historia universal del tango&quot;."}]},{"@type":"WebSite","@id":"https:\/\/www.noticiasradioreflejos.com.ar\/2021\/#website","url":"https:\/\/www.noticiasradioreflejos.com.ar\/2021\/","name":"Noticias Radio Reflejos","description":"Las noticias de mi comarca","potentialAction":[{"@type":"SearchAction","target":{"@type":"EntryPoint","urlTemplate":"https:\/\/www.noticiasradioreflejos.com.ar\/2021\/?s={search_term_string}"},"query-input":{"@type":"PropertyValueSpecification","valueRequired":true,"valueName":"search_term_string"}}],"inLanguage":"es"},{"@type":"Person","@id":"https:\/\/www.noticiasradioreflejos.com.ar\/2021\/#\/schema\/person\/ad82545263dcc5ec0996818884fd5fb1","name":"Arnaldo Botto","image":{"@type":"ImageObject","inLanguage":"es","@id":"https:\/\/www.noticiasradioreflejos.com.ar\/2021\/#\/schema\/person\/image\/","url":"https:\/\/secure.gravatar.com\/avatar\/55cb5e37c1efa326397366e6974cb338056df65cb50e7d64d1cf314e87504837?s=96&d=mm&r=g","contentUrl":"https:\/\/secure.gravatar.com\/avatar\/55cb5e37c1efa326397366e6974cb338056df65cb50e7d64d1cf314e87504837?s=96&d=mm&r=g","caption":"Arnaldo Botto"},"url":"https:\/\/www.noticiasradioreflejos.com.ar\/2021\/author\/arnaldo\/"}]}},"_links":{"self":[{"href":"https:\/\/www.noticiasradioreflejos.com.ar\/2021\/wp-json\/wp\/v2\/posts\/34005","targetHints":{"allow":["GET"]}}],"collection":[{"href":"https:\/\/www.noticiasradioreflejos.com.ar\/2021\/wp-json\/wp\/v2\/posts"}],"about":[{"href":"https:\/\/www.noticiasradioreflejos.com.ar\/2021\/wp-json\/wp\/v2\/types\/post"}],"author":[{"embeddable":true,"href":"https:\/\/www.noticiasradioreflejos.com.ar\/2021\/wp-json\/wp\/v2\/users\/3"}],"replies":[{"embeddable":true,"href":"https:\/\/www.noticiasradioreflejos.com.ar\/2021\/wp-json\/wp\/v2\/comments?post=34005"}],"version-history":[{"count":0,"href":"https:\/\/www.noticiasradioreflejos.com.ar\/2021\/wp-json\/wp\/v2\/posts\/34005\/revisions"}],"wp:attachment":[{"href":"https:\/\/www.noticiasradioreflejos.com.ar\/2021\/wp-json\/wp\/v2\/media?parent=34005"}],"wp:term":[{"taxonomy":"category","embeddable":true,"href":"https:\/\/www.noticiasradioreflejos.com.ar\/2021\/wp-json\/wp\/v2\/categories?post=34005"},{"taxonomy":"post_tag","embeddable":true,"href":"https:\/\/www.noticiasradioreflejos.com.ar\/2021\/wp-json\/wp\/v2\/tags?post=34005"}],"curies":[{"name":"wp","href":"https:\/\/api.w.org\/{rel}","templated":true}]}}