{"id":34002,"date":"2019-08-20T20:16:54","date_gmt":"2019-08-20T23:16:54","guid":{"rendered":"http:\/\/www.noticiasradioreflejos.com.ar\/noticias\/?p=34002"},"modified":"2019-08-20T20:16:54","modified_gmt":"2019-08-20T23:16:54","slug":"docentes-reclamaron-por-la-correcta-implementacion-de-la-jubilacion-digital","status":"publish","type":"post","link":"https:\/\/www.noticiasradioreflejos.com.ar\/2021\/docentes-reclamaron-por-la-correcta-implementacion-de-la-jubilacion-digital\/","title":{"rendered":"Docentes reclamaron por la correcta implementaci\u00f3n de la Jubilaci\u00f3n Digital"},"content":{"rendered":"<p>\u201cLogramos que se contemple en la Jubilaci\u00f3n Digital el pago de la Retribuci\u00f3n Especial a aquellos docentes que, siendo titulares, no posean la resoluci\u00f3n ministerial firmada\u201d, se\u00f1alaron desde Suteba<!--more--><br \/>\nVale recordar que la semana pasada un grupo de gremialistas del FUDB hab\u00eda realizado una presentaci\u00f3n por escrito ante el Instituto de Previsi\u00f3n Social (IPS) y la Direcci\u00f3n de Certificaciones de la Direcci\u00f3n General de Escuelas de la Provincia en el que plantearon diversos problemas como \u201cla falta de articulaci\u00f3n y del correcto funcionamiento del Sistema de Administraci\u00f3n Previsional (SAP), tanto para escuelas de gesti\u00f3n privada como municipios y la preocupaci\u00f3n por el actual l\u00edmite para la presentaci\u00f3n de las Jubilaci\u00f3n Autom\u00e1tica Docente (JAD) que tengan servicios mixtos\u201d.<br \/>\nNota completa en: https:\/\/www.lacapitalmdp.com\/docentes-reclamaron-por-la-correcta-implementacion-de-la-jubilacion-digital\/<br \/>\nSecretar\u00eda de Jubilaciones<br \/>\nSUTEBA PROVINCIA<\/p>\n","protected":false},"excerpt":{"rendered":"<p>\u201cLogramos que se contemple en la Jubilaci\u00f3n Digital el pago de la Retribuci\u00f3n Especial a aquellos docentes que, siendo titulares, no posean la resoluci\u00f3n ministerial firmada\u201d, se\u00f1alaron desde Suteba<\/p>\n","protected":false},"author":3,"featured_media":0,"comment_status":"closed","ping_status":"open","sticky":false,"template":"","format":"standard","meta":{"footnotes":""},"categories":[34],"tags":[],"class_list":["post-34002","post","type-post","status-publish","format-standard","hentry","category-educacion"],"yoast_head":"<!-- This site is optimized with the Yoast SEO plugin v25.9 - https:\/\/yoast.com\/wordpress\/plugins\/seo\/ -->\n<title>Docentes reclamaron por la correcta implementaci\u00f3n de la Jubilaci\u00f3n Digital - Noticias Radio Reflejos<\/title>\n<meta name=\"robots\" content=\"index, follow, max-snippet:-1, max-image-preview:large, max-video-preview:-1\" \/>\n<link rel=\"canonical\" href=\"https:\/\/www.noticiasradioreflejos.com.ar\/2021\/docentes-reclamaron-por-la-correcta-implementacion-de-la-jubilacion-digital\/\" \/>\n<meta property=\"og:locale\" content=\"es_ES\" \/>\n<meta property=\"og:type\" content=\"article\" \/>\n<meta property=\"og:title\" content=\"Docentes reclamaron por la correcta implementaci\u00f3n de la Jubilaci\u00f3n Digital - Noticias Radio Reflejos\" \/>\n<meta property=\"og:description\" content=\"\u201cLogramos que se contemple en la Jubilaci\u00f3n Digital el pago de la Retribuci\u00f3n Especial a aquellos docentes que, siendo titulares, no posean la resoluci\u00f3n ministerial firmada\u201d, se\u00f1alaron desde Suteba\" \/>\n<meta property=\"og:url\" content=\"https:\/\/www.noticiasradioreflejos.com.ar\/2021\/docentes-reclamaron-por-la-correcta-implementacion-de-la-jubilacion-digital\/\" \/>\n<meta property=\"og:site_name\" content=\"Noticias Radio Reflejos\" \/>\n<meta property=\"article:published_time\" content=\"2019-08-20T23:16:54+00:00\" \/>\n<meta property=\"og:image\" content=\"https:\/\/www.noticiasradioreflejos.com.ar\/2021\/wp-content\/uploads\/2021\/07\/logosol300x200.png\" \/>\n\t<meta property=\"og:image:width\" content=\"300\" \/>\n\t<meta property=\"og:image:height\" content=\"200\" \/>\n\t<meta property=\"og:image:type\" content=\"image\/png\" \/>\n<meta name=\"author\" content=\"Arnaldo Botto\" \/>\n<meta name=\"twitter:card\" content=\"summary_large_image\" \/>\n<script type=\"application\/ld+json\" class=\"yoast-schema-graph\">{\"@context\":\"https:\/\/schema.org\",\"@graph\":[{\"@type\":\"WebPage\",\"@id\":\"https:\/\/www.noticiasradioreflejos.com.ar\/2021\/docentes-reclamaron-por-la-correcta-implementacion-de-la-jubilacion-digital\/\",\"url\":\"https:\/\/www.noticiasradioreflejos.com.ar\/2021\/docentes-reclamaron-por-la-correcta-implementacion-de-la-jubilacion-digital\/\",\"name\":\"Docentes reclamaron por la correcta implementaci\u00f3n de la Jubilaci\u00f3n Digital - Noticias Radio Reflejos\",\"isPartOf\":{\"@id\":\"https:\/\/www.noticiasradioreflejos.com.ar\/2021\/#website\"},\"datePublished\":\"2019-08-20T23:16:54+00:00\",\"author\":{\"@id\":\"https:\/\/www.noticiasradioreflejos.com.ar\/2021\/#\/schema\/person\/ad82545263dcc5ec0996818884fd5fb1\"},\"breadcrumb\":{\"@id\":\"https:\/\/www.noticiasradioreflejos.com.ar\/2021\/docentes-reclamaron-por-la-correcta-implementacion-de-la-jubilacion-digital\/#breadcrumb\"},\"inLanguage\":\"es\",\"potentialAction\":[{\"@type\":\"ReadAction\",\"target\":[\"https:\/\/www.noticiasradioreflejos.com.ar\/2021\/docentes-reclamaron-por-la-correcta-implementacion-de-la-jubilacion-digital\/\"]}]},{\"@type\":\"BreadcrumbList\",\"@id\":\"https:\/\/www.noticiasradioreflejos.com.ar\/2021\/docentes-reclamaron-por-la-correcta-implementacion-de-la-jubilacion-digital\/#breadcrumb\",\"itemListElement\":[{\"@type\":\"ListItem\",\"position\":1,\"name\":\"Portada\",\"item\":\"https:\/\/www.noticiasradioreflejos.com.ar\/2021\/\"},{\"@type\":\"ListItem\",\"position\":2,\"name\":\"Docentes reclamaron por la correcta implementaci\u00f3n de la Jubilaci\u00f3n Digital\"}]},{\"@type\":\"WebSite\",\"@id\":\"https:\/\/www.noticiasradioreflejos.com.ar\/2021\/#website\",\"url\":\"https:\/\/www.noticiasradioreflejos.com.ar\/2021\/\",\"name\":\"Noticias Radio Reflejos\",\"description\":\"Las noticias de mi comarca\",\"potentialAction\":[{\"@type\":\"SearchAction\",\"target\":{\"@type\":\"EntryPoint\",\"urlTemplate\":\"https:\/\/www.noticiasradioreflejos.com.ar\/2021\/?s={search_term_string}\"},\"query-input\":{\"@type\":\"PropertyValueSpecification\",\"valueRequired\":true,\"valueName\":\"search_term_string\"}}],\"inLanguage\":\"es\"},{\"@type\":\"Person\",\"@id\":\"https:\/\/www.noticiasradioreflejos.com.ar\/2021\/#\/schema\/person\/ad82545263dcc5ec0996818884fd5fb1\",\"name\":\"Arnaldo Botto\",\"image\":{\"@type\":\"ImageObject\",\"inLanguage\":\"es\",\"@id\":\"https:\/\/www.noticiasradioreflejos.com.ar\/2021\/#\/schema\/person\/image\/\",\"url\":\"https:\/\/secure.gravatar.com\/avatar\/55cb5e37c1efa326397366e6974cb338056df65cb50e7d64d1cf314e87504837?s=96&d=mm&r=g\",\"contentUrl\":\"https:\/\/secure.gravatar.com\/avatar\/55cb5e37c1efa326397366e6974cb338056df65cb50e7d64d1cf314e87504837?s=96&d=mm&r=g\",\"caption\":\"Arnaldo Botto\"},\"url\":\"https:\/\/www.noticiasradioreflejos.com.ar\/2021\/author\/arnaldo\/\"}]}<\/script>\n<!-- \/ Yoast SEO plugin. -->","yoast_head_json":{"title":"Docentes reclamaron por la correcta implementaci\u00f3n de la Jubilaci\u00f3n Digital - Noticias Radio Reflejos","robots":{"index":"index","follow":"follow","max-snippet":"max-snippet:-1","max-image-preview":"max-image-preview:large","max-video-preview":"max-video-preview:-1"},"canonical":"https:\/\/www.noticiasradioreflejos.com.ar\/2021\/docentes-reclamaron-por-la-correcta-implementacion-de-la-jubilacion-digital\/","og_locale":"es_ES","og_type":"article","og_title":"Docentes reclamaron por la correcta implementaci\u00f3n de la Jubilaci\u00f3n Digital - Noticias Radio Reflejos","og_description":"\u201cLogramos que se contemple en la Jubilaci\u00f3n Digital el pago de la Retribuci\u00f3n Especial a aquellos docentes que, siendo titulares, no posean la resoluci\u00f3n ministerial firmada\u201d, se\u00f1alaron desde Suteba","og_url":"https:\/\/www.noticiasradioreflejos.com.ar\/2021\/docentes-reclamaron-por-la-correcta-implementacion-de-la-jubilacion-digital\/","og_site_name":"Noticias Radio Reflejos","article_published_time":"2019-08-20T23:16:54+00:00","og_image":[{"width":300,"height":200,"url":"https:\/\/www.noticiasradioreflejos.com.ar\/2021\/wp-content\/uploads\/2021\/07\/logosol300x200.png","type":"image\/png"}],"author":"Arnaldo Botto","twitter_card":"summary_large_image","schema":{"@context":"https:\/\/schema.org","@graph":[{"@type":"WebPage","@id":"https:\/\/www.noticiasradioreflejos.com.ar\/2021\/docentes-reclamaron-por-la-correcta-implementacion-de-la-jubilacion-digital\/","url":"https:\/\/www.noticiasradioreflejos.com.ar\/2021\/docentes-reclamaron-por-la-correcta-implementacion-de-la-jubilacion-digital\/","name":"Docentes reclamaron por la correcta implementaci\u00f3n de la Jubilaci\u00f3n Digital - Noticias Radio Reflejos","isPartOf":{"@id":"https:\/\/www.noticiasradioreflejos.com.ar\/2021\/#website"},"datePublished":"2019-08-20T23:16:54+00:00","author":{"@id":"https:\/\/www.noticiasradioreflejos.com.ar\/2021\/#\/schema\/person\/ad82545263dcc5ec0996818884fd5fb1"},"breadcrumb":{"@id":"https:\/\/www.noticiasradioreflejos.com.ar\/2021\/docentes-reclamaron-por-la-correcta-implementacion-de-la-jubilacion-digital\/#breadcrumb"},"inLanguage":"es","potentialAction":[{"@type":"ReadAction","target":["https:\/\/www.noticiasradioreflejos.com.ar\/2021\/docentes-reclamaron-por-la-correcta-implementacion-de-la-jubilacion-digital\/"]}]},{"@type":"BreadcrumbList","@id":"https:\/\/www.noticiasradioreflejos.com.ar\/2021\/docentes-reclamaron-por-la-correcta-implementacion-de-la-jubilacion-digital\/#breadcrumb","itemListElement":[{"@type":"ListItem","position":1,"name":"Portada","item":"https:\/\/www.noticiasradioreflejos.com.ar\/2021\/"},{"@type":"ListItem","position":2,"name":"Docentes reclamaron por la correcta implementaci\u00f3n de la Jubilaci\u00f3n Digital"}]},{"@type":"WebSite","@id":"https:\/\/www.noticiasradioreflejos.com.ar\/2021\/#website","url":"https:\/\/www.noticiasradioreflejos.com.ar\/2021\/","name":"Noticias Radio Reflejos","description":"Las noticias de mi comarca","potentialAction":[{"@type":"SearchAction","target":{"@type":"EntryPoint","urlTemplate":"https:\/\/www.noticiasradioreflejos.com.ar\/2021\/?s={search_term_string}"},"query-input":{"@type":"PropertyValueSpecification","valueRequired":true,"valueName":"search_term_string"}}],"inLanguage":"es"},{"@type":"Person","@id":"https:\/\/www.noticiasradioreflejos.com.ar\/2021\/#\/schema\/person\/ad82545263dcc5ec0996818884fd5fb1","name":"Arnaldo Botto","image":{"@type":"ImageObject","inLanguage":"es","@id":"https:\/\/www.noticiasradioreflejos.com.ar\/2021\/#\/schema\/person\/image\/","url":"https:\/\/secure.gravatar.com\/avatar\/55cb5e37c1efa326397366e6974cb338056df65cb50e7d64d1cf314e87504837?s=96&d=mm&r=g","contentUrl":"https:\/\/secure.gravatar.com\/avatar\/55cb5e37c1efa326397366e6974cb338056df65cb50e7d64d1cf314e87504837?s=96&d=mm&r=g","caption":"Arnaldo Botto"},"url":"https:\/\/www.noticiasradioreflejos.com.ar\/2021\/author\/arnaldo\/"}]}},"_links":{"self":[{"href":"https:\/\/www.noticiasradioreflejos.com.ar\/2021\/wp-json\/wp\/v2\/posts\/34002","targetHints":{"allow":["GET"]}}],"collection":[{"href":"https:\/\/www.noticiasradioreflejos.com.ar\/2021\/wp-json\/wp\/v2\/posts"}],"about":[{"href":"https:\/\/www.noticiasradioreflejos.com.ar\/2021\/wp-json\/wp\/v2\/types\/post"}],"author":[{"embeddable":true,"href":"https:\/\/www.noticiasradioreflejos.com.ar\/2021\/wp-json\/wp\/v2\/users\/3"}],"replies":[{"embeddable":true,"href":"https:\/\/www.noticiasradioreflejos.com.ar\/2021\/wp-json\/wp\/v2\/comments?post=34002"}],"version-history":[{"count":0,"href":"https:\/\/www.noticiasradioreflejos.com.ar\/2021\/wp-json\/wp\/v2\/posts\/34002\/revisions"}],"wp:attachment":[{"href":"https:\/\/www.noticiasradioreflejos.com.ar\/2021\/wp-json\/wp\/v2\/media?parent=34002"}],"wp:term":[{"taxonomy":"category","embeddable":true,"href":"https:\/\/www.noticiasradioreflejos.com.ar\/2021\/wp-json\/wp\/v2\/categories?post=34002"},{"taxonomy":"post_tag","embeddable":true,"href":"https:\/\/www.noticiasradioreflejos.com.ar\/2021\/wp-json\/wp\/v2\/tags?post=34002"}],"curies":[{"name":"wp","href":"https:\/\/api.w.org\/{rel}","templated":true}]}}