{"id":33999,"date":"2019-08-20T15:39:32","date_gmt":"2019-08-20T18:39:32","guid":{"rendered":"http:\/\/www.noticiasradioreflejos.com.ar\/noticias\/?p=33999"},"modified":"2019-08-20T15:39:32","modified_gmt":"2019-08-20T18:39:32","slug":"gran-debut-de-automoto-voley-en-el-clausura","status":"publish","type":"post","link":"https:\/\/www.noticiasradioreflejos.com.ar\/2021\/gran-debut-de-automoto-voley-en-el-clausura\/","title":{"rendered":"Gran debut de Automoto Voley en el Clausura"},"content":{"rendered":"<p>Automoto Voley comenz\u00f3 con todo su nuevo desaf\u00edo. En el marco del inicio del torneo Clausura que organiza la Asociaci\u00f3n Bahiense, y ahora con cinco equipos en competencia, el Rojo sum\u00f3 cuatro triunfos y dos derrotas en su visita a Bah\u00eda Blanca.<!--more--><br \/>\nEl equipo Sub 18 femenino arranc\u00f3 su camino con el pie derecho, al conseguir dos victorias frente a Espora de Punta Alta y Estudiantes, en ambos casos por el mimo marcador: 2-0. Los parciales fueron de 25-19 y 25-17 en el primer juego y 25-14 y 25-13 en el segundo.<br \/>\n   En la misma sinton\u00eda se mostr\u00f3 el Sub 16 femenino, que despu\u00e9s de la gran actuaci\u00f3n cumplida en el Apertura (subcampe\u00f3n), debut\u00f3 en el certamen con una victoria frente a Villa Mitre en sets corridos, con parciales de 25-19 y 25-23.<br \/>\n   Tambi\u00e9n fue muy importante el triunfo alcanzado por el Sub 12 B femenino, que con el estreno absoluto de varias de sus jugadoras, se qued\u00f3 con un trabajado y ajustado triunfo por 2 a 1 ante Liniers. El marcador fue de 25-21, 20-25 y 15-6.<br \/>\n   El Sub 12 A femenino no pudo en ninguno de los dos partidos disputados: cay\u00f3 frente a Tiro Federal A por 2 a 0 (12-25 y 19-25) y ante Tiro Federal B por 2-1 (25-23, 10-25 y 15-9).<br \/>\n   Finalmente, no se pudo concretar el debut del Sub 19 masculino, debido a que la jornada programada fue postergada por la entidad organizadora.<br \/>\nDepartamento de Prensa \u2013 Automoto Club Deportivo<br \/>\nwww.clubautomotopasion.com.ar<br \/>\nFacebook: \/automototornquist<br \/>\nTwitter: @ClubAutomoto<br \/>\nYouTube: acdtvideos<\/p>\n","protected":false},"excerpt":{"rendered":"<p>Automoto Voley comenz\u00f3 con todo su nuevo desaf\u00edo. En el marco del inicio del torneo Clausura que organiza la Asociaci\u00f3n Bahiense, y ahora con cinco equipos en competencia, el Rojo sum\u00f3 cuatro triunfos y dos derrotas en su visita a Bah\u00eda Blanca.<\/p>\n","protected":false},"author":3,"featured_media":0,"comment_status":"closed","ping_status":"open","sticky":false,"template":"","format":"standard","meta":{"footnotes":""},"categories":[27],"tags":[],"class_list":["post-33999","post","type-post","status-publish","format-standard","hentry","category-deportes"],"yoast_head":"<!-- This site is optimized with the Yoast SEO plugin v25.9 - https:\/\/yoast.com\/wordpress\/plugins\/seo\/ -->\n<title>Gran debut de Automoto Voley en el Clausura - Noticias Radio Reflejos<\/title>\n<meta name=\"robots\" content=\"index, follow, max-snippet:-1, max-image-preview:large, max-video-preview:-1\" \/>\n<link rel=\"canonical\" href=\"https:\/\/www.noticiasradioreflejos.com.ar\/2021\/gran-debut-de-automoto-voley-en-el-clausura\/\" \/>\n<meta property=\"og:locale\" content=\"es_ES\" \/>\n<meta property=\"og:type\" content=\"article\" \/>\n<meta property=\"og:title\" content=\"Gran debut de Automoto Voley en el Clausura - Noticias Radio Reflejos\" \/>\n<meta property=\"og:description\" content=\"Automoto Voley comenz\u00f3 con todo su nuevo desaf\u00edo. En el marco del inicio del torneo Clausura que organiza la Asociaci\u00f3n Bahiense, y ahora con cinco equipos en competencia, el Rojo sum\u00f3 cuatro triunfos y dos derrotas en su visita a Bah\u00eda Blanca.\" \/>\n<meta property=\"og:url\" content=\"https:\/\/www.noticiasradioreflejos.com.ar\/2021\/gran-debut-de-automoto-voley-en-el-clausura\/\" \/>\n<meta property=\"og:site_name\" content=\"Noticias Radio Reflejos\" \/>\n<meta property=\"article:published_time\" content=\"2019-08-20T18:39:32+00:00\" \/>\n<meta property=\"og:image\" content=\"https:\/\/www.noticiasradioreflejos.com.ar\/2021\/wp-content\/uploads\/2021\/07\/logosol300x200.png\" \/>\n\t<meta property=\"og:image:width\" content=\"300\" \/>\n\t<meta property=\"og:image:height\" content=\"200\" \/>\n\t<meta property=\"og:image:type\" content=\"image\/png\" \/>\n<meta name=\"author\" content=\"Arnaldo Botto\" \/>\n<meta name=\"twitter:card\" content=\"summary_large_image\" \/>\n<script type=\"application\/ld+json\" class=\"yoast-schema-graph\">{\"@context\":\"https:\/\/schema.org\",\"@graph\":[{\"@type\":\"WebPage\",\"@id\":\"https:\/\/www.noticiasradioreflejos.com.ar\/2021\/gran-debut-de-automoto-voley-en-el-clausura\/\",\"url\":\"https:\/\/www.noticiasradioreflejos.com.ar\/2021\/gran-debut-de-automoto-voley-en-el-clausura\/\",\"name\":\"Gran debut de Automoto Voley en el Clausura - Noticias Radio Reflejos\",\"isPartOf\":{\"@id\":\"https:\/\/www.noticiasradioreflejos.com.ar\/2021\/#website\"},\"datePublished\":\"2019-08-20T18:39:32+00:00\",\"author\":{\"@id\":\"https:\/\/www.noticiasradioreflejos.com.ar\/2021\/#\/schema\/person\/ad82545263dcc5ec0996818884fd5fb1\"},\"breadcrumb\":{\"@id\":\"https:\/\/www.noticiasradioreflejos.com.ar\/2021\/gran-debut-de-automoto-voley-en-el-clausura\/#breadcrumb\"},\"inLanguage\":\"es\",\"potentialAction\":[{\"@type\":\"ReadAction\",\"target\":[\"https:\/\/www.noticiasradioreflejos.com.ar\/2021\/gran-debut-de-automoto-voley-en-el-clausura\/\"]}]},{\"@type\":\"BreadcrumbList\",\"@id\":\"https:\/\/www.noticiasradioreflejos.com.ar\/2021\/gran-debut-de-automoto-voley-en-el-clausura\/#breadcrumb\",\"itemListElement\":[{\"@type\":\"ListItem\",\"position\":1,\"name\":\"Portada\",\"item\":\"https:\/\/www.noticiasradioreflejos.com.ar\/2021\/\"},{\"@type\":\"ListItem\",\"position\":2,\"name\":\"Gran debut de Automoto Voley en el Clausura\"}]},{\"@type\":\"WebSite\",\"@id\":\"https:\/\/www.noticiasradioreflejos.com.ar\/2021\/#website\",\"url\":\"https:\/\/www.noticiasradioreflejos.com.ar\/2021\/\",\"name\":\"Noticias Radio Reflejos\",\"description\":\"Las noticias de mi comarca\",\"potentialAction\":[{\"@type\":\"SearchAction\",\"target\":{\"@type\":\"EntryPoint\",\"urlTemplate\":\"https:\/\/www.noticiasradioreflejos.com.ar\/2021\/?s={search_term_string}\"},\"query-input\":{\"@type\":\"PropertyValueSpecification\",\"valueRequired\":true,\"valueName\":\"search_term_string\"}}],\"inLanguage\":\"es\"},{\"@type\":\"Person\",\"@id\":\"https:\/\/www.noticiasradioreflejos.com.ar\/2021\/#\/schema\/person\/ad82545263dcc5ec0996818884fd5fb1\",\"name\":\"Arnaldo Botto\",\"image\":{\"@type\":\"ImageObject\",\"inLanguage\":\"es\",\"@id\":\"https:\/\/www.noticiasradioreflejos.com.ar\/2021\/#\/schema\/person\/image\/\",\"url\":\"https:\/\/secure.gravatar.com\/avatar\/55cb5e37c1efa326397366e6974cb338056df65cb50e7d64d1cf314e87504837?s=96&d=mm&r=g\",\"contentUrl\":\"https:\/\/secure.gravatar.com\/avatar\/55cb5e37c1efa326397366e6974cb338056df65cb50e7d64d1cf314e87504837?s=96&d=mm&r=g\",\"caption\":\"Arnaldo Botto\"},\"url\":\"https:\/\/www.noticiasradioreflejos.com.ar\/2021\/author\/arnaldo\/\"}]}<\/script>\n<!-- \/ Yoast SEO plugin. -->","yoast_head_json":{"title":"Gran debut de Automoto Voley en el Clausura - Noticias Radio Reflejos","robots":{"index":"index","follow":"follow","max-snippet":"max-snippet:-1","max-image-preview":"max-image-preview:large","max-video-preview":"max-video-preview:-1"},"canonical":"https:\/\/www.noticiasradioreflejos.com.ar\/2021\/gran-debut-de-automoto-voley-en-el-clausura\/","og_locale":"es_ES","og_type":"article","og_title":"Gran debut de Automoto Voley en el Clausura - Noticias Radio Reflejos","og_description":"Automoto Voley comenz\u00f3 con todo su nuevo desaf\u00edo. En el marco del inicio del torneo Clausura que organiza la Asociaci\u00f3n Bahiense, y ahora con cinco equipos en competencia, el Rojo sum\u00f3 cuatro triunfos y dos derrotas en su visita a Bah\u00eda Blanca.","og_url":"https:\/\/www.noticiasradioreflejos.com.ar\/2021\/gran-debut-de-automoto-voley-en-el-clausura\/","og_site_name":"Noticias Radio Reflejos","article_published_time":"2019-08-20T18:39:32+00:00","og_image":[{"width":300,"height":200,"url":"https:\/\/www.noticiasradioreflejos.com.ar\/2021\/wp-content\/uploads\/2021\/07\/logosol300x200.png","type":"image\/png"}],"author":"Arnaldo Botto","twitter_card":"summary_large_image","schema":{"@context":"https:\/\/schema.org","@graph":[{"@type":"WebPage","@id":"https:\/\/www.noticiasradioreflejos.com.ar\/2021\/gran-debut-de-automoto-voley-en-el-clausura\/","url":"https:\/\/www.noticiasradioreflejos.com.ar\/2021\/gran-debut-de-automoto-voley-en-el-clausura\/","name":"Gran debut de Automoto Voley en el Clausura - Noticias Radio Reflejos","isPartOf":{"@id":"https:\/\/www.noticiasradioreflejos.com.ar\/2021\/#website"},"datePublished":"2019-08-20T18:39:32+00:00","author":{"@id":"https:\/\/www.noticiasradioreflejos.com.ar\/2021\/#\/schema\/person\/ad82545263dcc5ec0996818884fd5fb1"},"breadcrumb":{"@id":"https:\/\/www.noticiasradioreflejos.com.ar\/2021\/gran-debut-de-automoto-voley-en-el-clausura\/#breadcrumb"},"inLanguage":"es","potentialAction":[{"@type":"ReadAction","target":["https:\/\/www.noticiasradioreflejos.com.ar\/2021\/gran-debut-de-automoto-voley-en-el-clausura\/"]}]},{"@type":"BreadcrumbList","@id":"https:\/\/www.noticiasradioreflejos.com.ar\/2021\/gran-debut-de-automoto-voley-en-el-clausura\/#breadcrumb","itemListElement":[{"@type":"ListItem","position":1,"name":"Portada","item":"https:\/\/www.noticiasradioreflejos.com.ar\/2021\/"},{"@type":"ListItem","position":2,"name":"Gran debut de Automoto Voley en el Clausura"}]},{"@type":"WebSite","@id":"https:\/\/www.noticiasradioreflejos.com.ar\/2021\/#website","url":"https:\/\/www.noticiasradioreflejos.com.ar\/2021\/","name":"Noticias Radio Reflejos","description":"Las noticias de mi comarca","potentialAction":[{"@type":"SearchAction","target":{"@type":"EntryPoint","urlTemplate":"https:\/\/www.noticiasradioreflejos.com.ar\/2021\/?s={search_term_string}"},"query-input":{"@type":"PropertyValueSpecification","valueRequired":true,"valueName":"search_term_string"}}],"inLanguage":"es"},{"@type":"Person","@id":"https:\/\/www.noticiasradioreflejos.com.ar\/2021\/#\/schema\/person\/ad82545263dcc5ec0996818884fd5fb1","name":"Arnaldo Botto","image":{"@type":"ImageObject","inLanguage":"es","@id":"https:\/\/www.noticiasradioreflejos.com.ar\/2021\/#\/schema\/person\/image\/","url":"https:\/\/secure.gravatar.com\/avatar\/55cb5e37c1efa326397366e6974cb338056df65cb50e7d64d1cf314e87504837?s=96&d=mm&r=g","contentUrl":"https:\/\/secure.gravatar.com\/avatar\/55cb5e37c1efa326397366e6974cb338056df65cb50e7d64d1cf314e87504837?s=96&d=mm&r=g","caption":"Arnaldo Botto"},"url":"https:\/\/www.noticiasradioreflejos.com.ar\/2021\/author\/arnaldo\/"}]}},"_links":{"self":[{"href":"https:\/\/www.noticiasradioreflejos.com.ar\/2021\/wp-json\/wp\/v2\/posts\/33999","targetHints":{"allow":["GET"]}}],"collection":[{"href":"https:\/\/www.noticiasradioreflejos.com.ar\/2021\/wp-json\/wp\/v2\/posts"}],"about":[{"href":"https:\/\/www.noticiasradioreflejos.com.ar\/2021\/wp-json\/wp\/v2\/types\/post"}],"author":[{"embeddable":true,"href":"https:\/\/www.noticiasradioreflejos.com.ar\/2021\/wp-json\/wp\/v2\/users\/3"}],"replies":[{"embeddable":true,"href":"https:\/\/www.noticiasradioreflejos.com.ar\/2021\/wp-json\/wp\/v2\/comments?post=33999"}],"version-history":[{"count":0,"href":"https:\/\/www.noticiasradioreflejos.com.ar\/2021\/wp-json\/wp\/v2\/posts\/33999\/revisions"}],"wp:attachment":[{"href":"https:\/\/www.noticiasradioreflejos.com.ar\/2021\/wp-json\/wp\/v2\/media?parent=33999"}],"wp:term":[{"taxonomy":"category","embeddable":true,"href":"https:\/\/www.noticiasradioreflejos.com.ar\/2021\/wp-json\/wp\/v2\/categories?post=33999"},{"taxonomy":"post_tag","embeddable":true,"href":"https:\/\/www.noticiasradioreflejos.com.ar\/2021\/wp-json\/wp\/v2\/tags?post=33999"}],"curies":[{"name":"wp","href":"https:\/\/api.w.org\/{rel}","templated":true}]}}