{"id":33985,"date":"2019-08-20T15:29:34","date_gmt":"2019-08-20T18:29:34","guid":{"rendered":"http:\/\/www.noticiasradioreflejos.com.ar\/noticias\/?p=33985"},"modified":"2019-08-20T15:29:34","modified_gmt":"2019-08-20T18:29:34","slug":"varios-aprehendidos-en-la-comarca-durante-operativos-policiales-realizados-este-fin-de-semana","status":"publish","type":"post","link":"https:\/\/www.noticiasradioreflejos.com.ar\/2021\/varios-aprehendidos-en-la-comarca-durante-operativos-policiales-realizados-este-fin-de-semana\/","title":{"rendered":"Varios aprehendidos en la comarca durante operativos policiales, realizados este fin de semana."},"content":{"rendered":"<p>La Secretar\u00eda de Seguridad de la Municipalidad de Tornquist lleva a conocimiento de la poblaci\u00f3n de los diferentes procedimientos policiales ocurridos durante el fin de semana largo comprendido entre los d\u00edas Viernes 16 al Martes 20 del mes en curso:<!--more--><br \/>\nUN APREHENDIDO POR DESOBEDIENCIA<br \/>\nEsta Secretaria informa que con fecha 16 del corriente mes y a\u00f1o, en el marco de una denuncia realizada en la Comisaria de la Mujer y la Familia de Tornquist por un hecho de Protecci\u00f3n contra la Violencia Familiar, personal de la Estaci\u00f3n de Polic\u00eda Comunal local, anoticiada de dicha denuncia, se constituy\u00f3 en el domicilio de Calle Ex Combatientes de Malvinas Numero 670 de este medio, donde se constat\u00f3 la presencia de la ex pareja en el interior de dicha vivienda, incumpliendo una medida cautelar de Prohibici\u00f3n de Acercamiento dictada por el Juzgado de Paz de Tornquist, procedi\u00e9ndose en consecuencia a la APREHENSI\u00d3N de esta persona, trat\u00e1ndose de NESTOR DOROTEO NAVARRO, de 33 a\u00f1os, por el delito de DESOBEDIENCIA, interviniendo la Fiscal\u00eda Especializada de Delitos en Flagrancia Numero 15 de Bah\u00eda Blanca.-<br \/>\nINFRACCI\u00d3N POR TENENCIA DE ESTUPEFACIENTES<br \/>\nEsta cartera tambi\u00e9n informa, que con fecha 17 del corriente, personal policial de la Sub Estaci\u00f3n de Polic\u00eda Comunal de Sierra de la Ventana, en momentos en que se hallaban realizando Operativo de Interceptaci\u00f3n Vehicular e Identificaci\u00f3n de Personas, proceden a interceptar a un autom\u00f3vil de la marca Renault Cl\u00edo, patente DWE-690, al mando de una persona femenina. Que tras efectuar una requisa del rodado, se constat\u00f3 la presencia de dos frascos de vidrio conteniendo uno de ellos en su interior picadura de una sustancia verdosa y en el restante dos cigarrillos caseros com\u00fanmente denominado \u201cporro\u201d y resto de picadura de sustancia verdosa. Realizado el respectivo Test de Orientaci\u00f3n arroj\u00f3 resultados POSITIVO para MARIHUANA, arrojando un peso total de 2 gramos, iniciando Actuaciones Prevencionales bajo la caratula de INFRACCION A LA LEY 23.737, con intervenci\u00f3n de la Fiscal\u00eda Especializada en Estupefacientes Numero 19 de Bah\u00eda Blanca. Dado a que la sustancia en s\u00ed es la que se halla en infracci\u00f3n, es que se omite dar datos filiatorios de la infractora en autos.-<br \/>\n<a href=\"http:\/\/www.noticiasradioreflejos.com.ar\/noticias\/wp-content\/uploads\/2019\/08\/sustancia.png\"><img loading=\"lazy\" decoding=\"async\" class=\"aligncenter size-full wp-image-33988\" src=\"http:\/\/www.noticiasradioreflejos.com.ar\/noticias\/wp-content\/uploads\/2019\/08\/sustancia.png\" alt=\"sustancia\" width=\"519\" height=\"414\" \/><\/a><br \/>\nTRES APREHENDIDOS POR HURTO AGRAVADO<br \/>\nAsimismo se informa que con fecha 19 del mes y a\u00f1o en curso, en circunstancias en que personal policial de la Sub Estaci\u00f3n de Polic\u00eda Comunal de Sierra de la Ventana, se encontraba recorriendo la zona c\u00e9ntrica es puesto en conocimiento por un menor de edad, que tres sujetos le hab\u00edan sustra\u00eddo una campera de nylon inflable y que en la misma se encontraba su billetera con toda su documentaci\u00f3n. A ra\u00edz de ello, y gracias a los registros f\u00edlmicos de las c\u00e1maras de seguridad y al r\u00e1pido accionar del personal policial, se logra interceptar a los tres sujetos que fueran vistos en los registros f\u00edlmicos sustrayendo la campera, por lo que se procede a la APREHENSION de las tres personas identificadas como HERNAN HORACIO SANCHEZ, de 20 a\u00f1os, TAIEL ALEXIS PALLADINO, de 19 a\u00f1os, y GASTON RETAMAR, de 22 a\u00f1os, todos oriundos de Saldungaray, por el delito de HURTO AGRAVADO EN POBLADO Y EN BANDA, interviniendo la Fiscal\u00eda Especializada de Delitos en Flagrancia N\u00famero 15 de Bah\u00eda Blanca.<br \/>\n<a href=\"http:\/\/www.noticiasradioreflejos.com.ar\/noticias\/wp-content\/uploads\/2019\/08\/detenido.png\"><img loading=\"lazy\" decoding=\"async\" class=\"aligncenter size-full wp-image-33986\" src=\"http:\/\/www.noticiasradioreflejos.com.ar\/noticias\/wp-content\/uploads\/2019\/08\/detenido.png\" alt=\"detenido\" width=\"283\" height=\"378\" \/><\/a><br \/>\nSECUESTROS E INFRACCIONES A LA LEY NACIONAL DE TRANSITO 24.449<br \/>\nTambi\u00e9n se informa que en diferentes Operativos de Interceptaci\u00f3n Vehicular e Identificaci\u00f3n de Personas llevados a cabo en el Partido de Tornquist por personal policial en conjunto con personal de Inspecci\u00f3n Municipal, procedieron a labrar un total de veintitr\u00e9s infracciones por infringir a la Ley 24.449, siendo las infracciones m\u00e1s comunes la Falta de Seguro Obligatorio, la Licencia de Conducir y no llevar el casco colocado, interviniendo en todos los caso el Juzgado de Faltas Municipal de Tornquist.-<br \/>\nSECRETAR\u00cdA DE SEGURIDAD \u2013 MUNICIPALIDAD DE TORNQUIST<br \/>\nAGOSTO 20 DE 2019.-<\/p>\n","protected":false},"excerpt":{"rendered":"<p>La Secretar\u00eda de Seguridad de la Municipalidad de Tornquist lleva a conocimiento de la poblaci\u00f3n de los diferentes procedimientos policiales ocurridos durante el fin de semana largo comprendido entre los d\u00edas Viernes 16 al Martes 20 del mes en curso:<\/p>\n","protected":false},"author":3,"featured_media":0,"comment_status":"closed","ping_status":"open","sticky":false,"template":"","format":"standard","meta":{"footnotes":""},"categories":[29],"tags":[],"class_list":["post-33985","post","type-post","status-publish","format-standard","hentry","category-policiales"],"yoast_head":"<!-- This site is optimized with the Yoast SEO plugin v25.9 - https:\/\/yoast.com\/wordpress\/plugins\/seo\/ -->\n<title>Varios aprehendidos en la comarca durante operativos policiales, realizados este fin de semana. - Noticias Radio Reflejos<\/title>\n<meta name=\"robots\" content=\"index, follow, max-snippet:-1, max-image-preview:large, max-video-preview:-1\" \/>\n<link rel=\"canonical\" href=\"https:\/\/www.noticiasradioreflejos.com.ar\/2021\/varios-aprehendidos-en-la-comarca-durante-operativos-policiales-realizados-este-fin-de-semana\/\" \/>\n<meta property=\"og:locale\" content=\"es_ES\" \/>\n<meta property=\"og:type\" content=\"article\" \/>\n<meta property=\"og:title\" content=\"Varios aprehendidos en la comarca durante operativos policiales, realizados este fin de semana. - Noticias Radio Reflejos\" \/>\n<meta property=\"og:description\" content=\"La Secretar\u00eda de Seguridad de la Municipalidad de Tornquist lleva a conocimiento de la poblaci\u00f3n de los diferentes procedimientos policiales ocurridos durante el fin de semana largo comprendido entre los d\u00edas Viernes 16 al Martes 20 del mes en curso:\" \/>\n<meta property=\"og:url\" content=\"https:\/\/www.noticiasradioreflejos.com.ar\/2021\/varios-aprehendidos-en-la-comarca-durante-operativos-policiales-realizados-este-fin-de-semana\/\" \/>\n<meta property=\"og:site_name\" content=\"Noticias Radio Reflejos\" \/>\n<meta property=\"article:published_time\" content=\"2019-08-20T18:29:34+00:00\" \/>\n<meta property=\"og:image\" content=\"https:\/\/www.noticiasradioreflejos.com.ar\/2021\/wp-content\/uploads\/2021\/07\/logosol300x200.png\" \/>\n\t<meta property=\"og:image:width\" content=\"300\" \/>\n\t<meta property=\"og:image:height\" content=\"200\" \/>\n\t<meta property=\"og:image:type\" content=\"image\/png\" \/>\n<meta name=\"author\" content=\"Arnaldo Botto\" \/>\n<meta name=\"twitter:card\" content=\"summary_large_image\" \/>\n<script type=\"application\/ld+json\" class=\"yoast-schema-graph\">{\"@context\":\"https:\/\/schema.org\",\"@graph\":[{\"@type\":\"WebPage\",\"@id\":\"https:\/\/www.noticiasradioreflejos.com.ar\/2021\/varios-aprehendidos-en-la-comarca-durante-operativos-policiales-realizados-este-fin-de-semana\/\",\"url\":\"https:\/\/www.noticiasradioreflejos.com.ar\/2021\/varios-aprehendidos-en-la-comarca-durante-operativos-policiales-realizados-este-fin-de-semana\/\",\"name\":\"Varios aprehendidos en la comarca durante operativos policiales, realizados este fin de semana. - Noticias Radio Reflejos\",\"isPartOf\":{\"@id\":\"https:\/\/www.noticiasradioreflejos.com.ar\/2021\/#website\"},\"primaryImageOfPage\":{\"@id\":\"https:\/\/www.noticiasradioreflejos.com.ar\/2021\/varios-aprehendidos-en-la-comarca-durante-operativos-policiales-realizados-este-fin-de-semana\/#primaryimage\"},\"image\":{\"@id\":\"https:\/\/www.noticiasradioreflejos.com.ar\/2021\/varios-aprehendidos-en-la-comarca-durante-operativos-policiales-realizados-este-fin-de-semana\/#primaryimage\"},\"thumbnailUrl\":\"http:\/\/www.noticiasradioreflejos.com.ar\/noticias\/wp-content\/uploads\/2019\/08\/sustancia.png\",\"datePublished\":\"2019-08-20T18:29:34+00:00\",\"author\":{\"@id\":\"https:\/\/www.noticiasradioreflejos.com.ar\/2021\/#\/schema\/person\/ad82545263dcc5ec0996818884fd5fb1\"},\"breadcrumb\":{\"@id\":\"https:\/\/www.noticiasradioreflejos.com.ar\/2021\/varios-aprehendidos-en-la-comarca-durante-operativos-policiales-realizados-este-fin-de-semana\/#breadcrumb\"},\"inLanguage\":\"es\",\"potentialAction\":[{\"@type\":\"ReadAction\",\"target\":[\"https:\/\/www.noticiasradioreflejos.com.ar\/2021\/varios-aprehendidos-en-la-comarca-durante-operativos-policiales-realizados-este-fin-de-semana\/\"]}]},{\"@type\":\"ImageObject\",\"inLanguage\":\"es\",\"@id\":\"https:\/\/www.noticiasradioreflejos.com.ar\/2021\/varios-aprehendidos-en-la-comarca-durante-operativos-policiales-realizados-este-fin-de-semana\/#primaryimage\",\"url\":\"http:\/\/www.noticiasradioreflejos.com.ar\/noticias\/wp-content\/uploads\/2019\/08\/sustancia.png\",\"contentUrl\":\"http:\/\/www.noticiasradioreflejos.com.ar\/noticias\/wp-content\/uploads\/2019\/08\/sustancia.png\"},{\"@type\":\"BreadcrumbList\",\"@id\":\"https:\/\/www.noticiasradioreflejos.com.ar\/2021\/varios-aprehendidos-en-la-comarca-durante-operativos-policiales-realizados-este-fin-de-semana\/#breadcrumb\",\"itemListElement\":[{\"@type\":\"ListItem\",\"position\":1,\"name\":\"Portada\",\"item\":\"https:\/\/www.noticiasradioreflejos.com.ar\/2021\/\"},{\"@type\":\"ListItem\",\"position\":2,\"name\":\"Varios aprehendidos en la comarca durante operativos policiales, realizados este fin de semana.\"}]},{\"@type\":\"WebSite\",\"@id\":\"https:\/\/www.noticiasradioreflejos.com.ar\/2021\/#website\",\"url\":\"https:\/\/www.noticiasradioreflejos.com.ar\/2021\/\",\"name\":\"Noticias Radio Reflejos\",\"description\":\"Las noticias de mi comarca\",\"potentialAction\":[{\"@type\":\"SearchAction\",\"target\":{\"@type\":\"EntryPoint\",\"urlTemplate\":\"https:\/\/www.noticiasradioreflejos.com.ar\/2021\/?s={search_term_string}\"},\"query-input\":{\"@type\":\"PropertyValueSpecification\",\"valueRequired\":true,\"valueName\":\"search_term_string\"}}],\"inLanguage\":\"es\"},{\"@type\":\"Person\",\"@id\":\"https:\/\/www.noticiasradioreflejos.com.ar\/2021\/#\/schema\/person\/ad82545263dcc5ec0996818884fd5fb1\",\"name\":\"Arnaldo Botto\",\"image\":{\"@type\":\"ImageObject\",\"inLanguage\":\"es\",\"@id\":\"https:\/\/www.noticiasradioreflejos.com.ar\/2021\/#\/schema\/person\/image\/\",\"url\":\"https:\/\/secure.gravatar.com\/avatar\/55cb5e37c1efa326397366e6974cb338056df65cb50e7d64d1cf314e87504837?s=96&d=mm&r=g\",\"contentUrl\":\"https:\/\/secure.gravatar.com\/avatar\/55cb5e37c1efa326397366e6974cb338056df65cb50e7d64d1cf314e87504837?s=96&d=mm&r=g\",\"caption\":\"Arnaldo Botto\"},\"url\":\"https:\/\/www.noticiasradioreflejos.com.ar\/2021\/author\/arnaldo\/\"}]}<\/script>\n<!-- \/ Yoast SEO plugin. -->","yoast_head_json":{"title":"Varios aprehendidos en la comarca durante operativos policiales, realizados este fin de semana. - Noticias Radio Reflejos","robots":{"index":"index","follow":"follow","max-snippet":"max-snippet:-1","max-image-preview":"max-image-preview:large","max-video-preview":"max-video-preview:-1"},"canonical":"https:\/\/www.noticiasradioreflejos.com.ar\/2021\/varios-aprehendidos-en-la-comarca-durante-operativos-policiales-realizados-este-fin-de-semana\/","og_locale":"es_ES","og_type":"article","og_title":"Varios aprehendidos en la comarca durante operativos policiales, realizados este fin de semana. - Noticias Radio Reflejos","og_description":"La Secretar\u00eda de Seguridad de la Municipalidad de Tornquist lleva a conocimiento de la poblaci\u00f3n de los diferentes procedimientos policiales ocurridos durante el fin de semana largo comprendido entre los d\u00edas Viernes 16 al Martes 20 del mes en curso:","og_url":"https:\/\/www.noticiasradioreflejos.com.ar\/2021\/varios-aprehendidos-en-la-comarca-durante-operativos-policiales-realizados-este-fin-de-semana\/","og_site_name":"Noticias Radio Reflejos","article_published_time":"2019-08-20T18:29:34+00:00","og_image":[{"width":300,"height":200,"url":"https:\/\/www.noticiasradioreflejos.com.ar\/2021\/wp-content\/uploads\/2021\/07\/logosol300x200.png","type":"image\/png"}],"author":"Arnaldo Botto","twitter_card":"summary_large_image","schema":{"@context":"https:\/\/schema.org","@graph":[{"@type":"WebPage","@id":"https:\/\/www.noticiasradioreflejos.com.ar\/2021\/varios-aprehendidos-en-la-comarca-durante-operativos-policiales-realizados-este-fin-de-semana\/","url":"https:\/\/www.noticiasradioreflejos.com.ar\/2021\/varios-aprehendidos-en-la-comarca-durante-operativos-policiales-realizados-este-fin-de-semana\/","name":"Varios aprehendidos en la comarca durante operativos policiales, realizados este fin de semana. - Noticias Radio Reflejos","isPartOf":{"@id":"https:\/\/www.noticiasradioreflejos.com.ar\/2021\/#website"},"primaryImageOfPage":{"@id":"https:\/\/www.noticiasradioreflejos.com.ar\/2021\/varios-aprehendidos-en-la-comarca-durante-operativos-policiales-realizados-este-fin-de-semana\/#primaryimage"},"image":{"@id":"https:\/\/www.noticiasradioreflejos.com.ar\/2021\/varios-aprehendidos-en-la-comarca-durante-operativos-policiales-realizados-este-fin-de-semana\/#primaryimage"},"thumbnailUrl":"http:\/\/www.noticiasradioreflejos.com.ar\/noticias\/wp-content\/uploads\/2019\/08\/sustancia.png","datePublished":"2019-08-20T18:29:34+00:00","author":{"@id":"https:\/\/www.noticiasradioreflejos.com.ar\/2021\/#\/schema\/person\/ad82545263dcc5ec0996818884fd5fb1"},"breadcrumb":{"@id":"https:\/\/www.noticiasradioreflejos.com.ar\/2021\/varios-aprehendidos-en-la-comarca-durante-operativos-policiales-realizados-este-fin-de-semana\/#breadcrumb"},"inLanguage":"es","potentialAction":[{"@type":"ReadAction","target":["https:\/\/www.noticiasradioreflejos.com.ar\/2021\/varios-aprehendidos-en-la-comarca-durante-operativos-policiales-realizados-este-fin-de-semana\/"]}]},{"@type":"ImageObject","inLanguage":"es","@id":"https:\/\/www.noticiasradioreflejos.com.ar\/2021\/varios-aprehendidos-en-la-comarca-durante-operativos-policiales-realizados-este-fin-de-semana\/#primaryimage","url":"http:\/\/www.noticiasradioreflejos.com.ar\/noticias\/wp-content\/uploads\/2019\/08\/sustancia.png","contentUrl":"http:\/\/www.noticiasradioreflejos.com.ar\/noticias\/wp-content\/uploads\/2019\/08\/sustancia.png"},{"@type":"BreadcrumbList","@id":"https:\/\/www.noticiasradioreflejos.com.ar\/2021\/varios-aprehendidos-en-la-comarca-durante-operativos-policiales-realizados-este-fin-de-semana\/#breadcrumb","itemListElement":[{"@type":"ListItem","position":1,"name":"Portada","item":"https:\/\/www.noticiasradioreflejos.com.ar\/2021\/"},{"@type":"ListItem","position":2,"name":"Varios aprehendidos en la comarca durante operativos policiales, realizados este fin de semana."}]},{"@type":"WebSite","@id":"https:\/\/www.noticiasradioreflejos.com.ar\/2021\/#website","url":"https:\/\/www.noticiasradioreflejos.com.ar\/2021\/","name":"Noticias Radio Reflejos","description":"Las noticias de mi comarca","potentialAction":[{"@type":"SearchAction","target":{"@type":"EntryPoint","urlTemplate":"https:\/\/www.noticiasradioreflejos.com.ar\/2021\/?s={search_term_string}"},"query-input":{"@type":"PropertyValueSpecification","valueRequired":true,"valueName":"search_term_string"}}],"inLanguage":"es"},{"@type":"Person","@id":"https:\/\/www.noticiasradioreflejos.com.ar\/2021\/#\/schema\/person\/ad82545263dcc5ec0996818884fd5fb1","name":"Arnaldo Botto","image":{"@type":"ImageObject","inLanguage":"es","@id":"https:\/\/www.noticiasradioreflejos.com.ar\/2021\/#\/schema\/person\/image\/","url":"https:\/\/secure.gravatar.com\/avatar\/55cb5e37c1efa326397366e6974cb338056df65cb50e7d64d1cf314e87504837?s=96&d=mm&r=g","contentUrl":"https:\/\/secure.gravatar.com\/avatar\/55cb5e37c1efa326397366e6974cb338056df65cb50e7d64d1cf314e87504837?s=96&d=mm&r=g","caption":"Arnaldo Botto"},"url":"https:\/\/www.noticiasradioreflejos.com.ar\/2021\/author\/arnaldo\/"}]}},"_links":{"self":[{"href":"https:\/\/www.noticiasradioreflejos.com.ar\/2021\/wp-json\/wp\/v2\/posts\/33985","targetHints":{"allow":["GET"]}}],"collection":[{"href":"https:\/\/www.noticiasradioreflejos.com.ar\/2021\/wp-json\/wp\/v2\/posts"}],"about":[{"href":"https:\/\/www.noticiasradioreflejos.com.ar\/2021\/wp-json\/wp\/v2\/types\/post"}],"author":[{"embeddable":true,"href":"https:\/\/www.noticiasradioreflejos.com.ar\/2021\/wp-json\/wp\/v2\/users\/3"}],"replies":[{"embeddable":true,"href":"https:\/\/www.noticiasradioreflejos.com.ar\/2021\/wp-json\/wp\/v2\/comments?post=33985"}],"version-history":[{"count":0,"href":"https:\/\/www.noticiasradioreflejos.com.ar\/2021\/wp-json\/wp\/v2\/posts\/33985\/revisions"}],"wp:attachment":[{"href":"https:\/\/www.noticiasradioreflejos.com.ar\/2021\/wp-json\/wp\/v2\/media?parent=33985"}],"wp:term":[{"taxonomy":"category","embeddable":true,"href":"https:\/\/www.noticiasradioreflejos.com.ar\/2021\/wp-json\/wp\/v2\/categories?post=33985"},{"taxonomy":"post_tag","embeddable":true,"href":"https:\/\/www.noticiasradioreflejos.com.ar\/2021\/wp-json\/wp\/v2\/tags?post=33985"}],"curies":[{"name":"wp","href":"https:\/\/api.w.org\/{rel}","templated":true}]}}