{"id":33972,"date":"2019-08-20T11:05:12","date_gmt":"2019-08-20T14:05:12","guid":{"rendered":"http:\/\/www.noticiasradioreflejos.com.ar\/noticias\/?p=33972"},"modified":"2019-08-20T11:05:12","modified_gmt":"2019-08-20T14:05:12","slug":"concurso-los-jardines-de-villa-ventana-2","status":"publish","type":"post","link":"https:\/\/www.noticiasradioreflejos.com.ar\/2021\/concurso-los-jardines-de-villa-ventana-2\/","title":{"rendered":"Concurso &quot; LOS JARDINES DE VILLA VENTANA&quot;"},"content":{"rendered":"<p>A partir del convenio realizado con la Municipalidad de Tornquist, la C\u00e1mara de Comercio y Turismo de Villa Ventana se complace en presentar el proyecto: \u00abLos Jardines de Villa Ventana\u00bb<!--more--><br \/>\nEste proyecto es una iniciativa abierta y gratuita que propone, promueve y alienta el embellecimiento de Villa Ventana a trav\u00e9s de todos sus Vecinos, Comerciantes e Instituciones, invit\u00e1ndolos a ser protagonistas de la puesta en valor de nuestro preciado atractivo natural-cultural. Con este proyecto intentamos potenciar la importancia que tiene para nuestra localidad mejorar su imagen visual y el cuidado del medio ambiente, como tambi\u00e9n, y quiz\u00e1s aqu\u00ed la mejor inversi\u00f3n, es involucrar mediante las instituciones escolares a chicos y j\u00f3venes, interviniendo en sus propios establecimientos y en Espacios P\u00fablicos, como el Acceso a Villa Ventana, Plaza Salerno, Plaza Malvinas, Rotondas, etc. Inscribiendo sus jardines, estar\u00e1n participando y concursando por diversos premios a modo de incentivo.<br \/>\nCada jard\u00edn ser\u00e1 evaluado por un jurado calificado que considerar\u00e1 diferentes aspectos: est\u00e9tica, originalidad, uso de especies aut\u00f3ctonas, pr\u00e1cticas de implantaci\u00f3n y manejo ecol\u00f3gico (sistemas de riego eficiente, utilizaci\u00f3n de compost), entre otras. Ser\u00e1n evaluadas las posibilidades particulares de cada participante, y los que reciban mejores valoraciones se har\u00e1n acreedores de importantes premios.<br \/>\nEl d\u00eda 12 y 13 de octubre se realizar\u00e1 la FIESTA DE LOS JARDINES DE VILLA VENTANA, durante la cual tendr\u00e1 lugar la entrega de los premios a los ganadores y se llevar\u00e1n a cabo sorteos de productos relacionados a la tem\u00e1tica del concurso y al cuidado del medio ambiente.<br \/>\nLos premios para los ganadores ser\u00e1n:<br \/>\n* Categor\u00eda Jardines Particulares<br \/>\n1\u00ba PUESTO: UN A\u00d1O DE BONIFICACI\u00d3N EN LA TASA MUNICIPAL \u00abABL\u00bb<br \/>\n2\u00ba PUESTO: 6 MESES DE BONIFICACI\u00d3N EN LA TASA MUNICIPAL \u00abABL\u00bb<br \/>\n* Categor\u00eda Jardines Comerciales<br \/>\n1\u00ba PUESTO: UN A\u00d1O DE BONIFICACI\u00d3N EN LA TASA MUNICIPAL \u00abABL\u00bb<br \/>\n2\u00ba PUESTO: 6 MESES DE BONIFICACI\u00d3N EN TASA MUNICIPAL\u00bbABL\u00bb<br \/>\n* Categor\u00eda Jardines Instituciones<br \/>\nPRIMER PUESTO: PREMIO EN EFECTIVO DE $ 15.000<br \/>\n* Sorteo de Productos Relacionados a la Tem\u00e1tica<br \/>\n* Menciones Especiales y Distinciones<br \/>\nEL MUNICIPIO DE TORNQUIST HAR\u00c1 ENTREGA DE LOS PREMIOS AL PRIMER Y SEGUNDO<br \/>\nPUESTO Y LA C\u00c1MARA DE COMERCIO Y TURISMO DE VILLA VENTANA DE LOS PREMIOS<br \/>\nCORRESPONDIENTES A LOS SORTEOS CITADOS, DISTINCIONES Y MENCIONES ESPECIALES.<br \/>\nPor consultas e inscripciones escribir por mail a\u00a0<a href=\"mailto:camaradecomercioyturismovilla@yahoo.com.ar\">camaradecomercioyturismovilla@yahoo.com.ar<\/a><br \/>\n<a href=\"http:\/\/www.noticiasradioreflejos.com.ar\/noticias\/wp-content\/uploads\/2019\/08\/FOLLETO-CONCURSO-DE-JARDINES-VILLA-VENTANA.jpg\"><img loading=\"lazy\" decoding=\"async\" class=\"aligncenter size-large wp-image-33973\" src=\"http:\/\/www.noticiasradioreflejos.com.ar\/noticias\/wp-content\/uploads\/2019\/08\/FOLLETO-CONCURSO-DE-JARDINES-VILLA-VENTANA-564x1024.jpg\" alt=\"FOLLETO CONCURSO DE JARDINES VILLA VENTANA\" width=\"564\" height=\"1024\" \/><\/a><br \/>\n<strong>Comisi\u00f3n Directiva C\u00e1mara de Comercio y Turismo de Villa Ventana<\/strong><\/p>\n","protected":false},"excerpt":{"rendered":"<p>A partir del convenio realizado con la Municipalidad de Tornquist, la C\u00e1mara de Comercio y Turismo de Villa Ventana se complace en presentar el proyecto: \u00abLos Jardines de Villa Ventana\u00bb<\/p>\n","protected":false},"author":3,"featured_media":0,"comment_status":"closed","ping_status":"open","sticky":false,"template":"","format":"standard","meta":{"footnotes":""},"categories":[26],"tags":[],"class_list":["post-33972","post","type-post","status-publish","format-standard","hentry","category-sociedad"],"yoast_head":"<!-- This site is optimized with the Yoast SEO plugin v25.9 - https:\/\/yoast.com\/wordpress\/plugins\/seo\/ -->\n<title>Concurso &quot; LOS JARDINES DE VILLA VENTANA&quot; - Noticias Radio Reflejos<\/title>\n<meta name=\"robots\" content=\"index, follow, max-snippet:-1, max-image-preview:large, max-video-preview:-1\" \/>\n<link rel=\"canonical\" href=\"https:\/\/www.noticiasradioreflejos.com.ar\/2021\/concurso-los-jardines-de-villa-ventana-2\/\" \/>\n<meta property=\"og:locale\" content=\"es_ES\" \/>\n<meta property=\"og:type\" content=\"article\" \/>\n<meta property=\"og:title\" content=\"Concurso &quot; LOS JARDINES DE VILLA VENTANA&quot; - Noticias Radio Reflejos\" \/>\n<meta property=\"og:description\" content=\"A partir del convenio realizado con la Municipalidad de Tornquist, la C\u00e1mara de Comercio y Turismo de Villa Ventana se complace en presentar el proyecto: \u00abLos Jardines de Villa Ventana\u00bb\" \/>\n<meta property=\"og:url\" content=\"https:\/\/www.noticiasradioreflejos.com.ar\/2021\/concurso-los-jardines-de-villa-ventana-2\/\" \/>\n<meta property=\"og:site_name\" content=\"Noticias Radio Reflejos\" \/>\n<meta property=\"article:published_time\" content=\"2019-08-20T14:05:12+00:00\" \/>\n<meta property=\"og:image\" content=\"https:\/\/www.noticiasradioreflejos.com.ar\/2021\/wp-content\/uploads\/2021\/07\/logosol300x200.png\" \/>\n\t<meta property=\"og:image:width\" content=\"300\" \/>\n\t<meta property=\"og:image:height\" content=\"200\" \/>\n\t<meta property=\"og:image:type\" content=\"image\/png\" \/>\n<meta name=\"author\" content=\"Arnaldo Botto\" \/>\n<meta name=\"twitter:card\" content=\"summary_large_image\" \/>\n<script type=\"application\/ld+json\" class=\"yoast-schema-graph\">{\"@context\":\"https:\/\/schema.org\",\"@graph\":[{\"@type\":\"WebPage\",\"@id\":\"https:\/\/www.noticiasradioreflejos.com.ar\/2021\/concurso-los-jardines-de-villa-ventana-2\/\",\"url\":\"https:\/\/www.noticiasradioreflejos.com.ar\/2021\/concurso-los-jardines-de-villa-ventana-2\/\",\"name\":\"Concurso &quot; LOS JARDINES DE VILLA VENTANA&quot; - Noticias Radio Reflejos\",\"isPartOf\":{\"@id\":\"https:\/\/www.noticiasradioreflejos.com.ar\/2021\/#website\"},\"primaryImageOfPage\":{\"@id\":\"https:\/\/www.noticiasradioreflejos.com.ar\/2021\/concurso-los-jardines-de-villa-ventana-2\/#primaryimage\"},\"image\":{\"@id\":\"https:\/\/www.noticiasradioreflejos.com.ar\/2021\/concurso-los-jardines-de-villa-ventana-2\/#primaryimage\"},\"thumbnailUrl\":\"http:\/\/www.noticiasradioreflejos.com.ar\/noticias\/wp-content\/uploads\/2019\/08\/FOLLETO-CONCURSO-DE-JARDINES-VILLA-VENTANA-564x1024.jpg\",\"datePublished\":\"2019-08-20T14:05:12+00:00\",\"author\":{\"@id\":\"https:\/\/www.noticiasradioreflejos.com.ar\/2021\/#\/schema\/person\/ad82545263dcc5ec0996818884fd5fb1\"},\"breadcrumb\":{\"@id\":\"https:\/\/www.noticiasradioreflejos.com.ar\/2021\/concurso-los-jardines-de-villa-ventana-2\/#breadcrumb\"},\"inLanguage\":\"es\",\"potentialAction\":[{\"@type\":\"ReadAction\",\"target\":[\"https:\/\/www.noticiasradioreflejos.com.ar\/2021\/concurso-los-jardines-de-villa-ventana-2\/\"]}]},{\"@type\":\"ImageObject\",\"inLanguage\":\"es\",\"@id\":\"https:\/\/www.noticiasradioreflejos.com.ar\/2021\/concurso-los-jardines-de-villa-ventana-2\/#primaryimage\",\"url\":\"http:\/\/www.noticiasradioreflejos.com.ar\/noticias\/wp-content\/uploads\/2019\/08\/FOLLETO-CONCURSO-DE-JARDINES-VILLA-VENTANA-564x1024.jpg\",\"contentUrl\":\"http:\/\/www.noticiasradioreflejos.com.ar\/noticias\/wp-content\/uploads\/2019\/08\/FOLLETO-CONCURSO-DE-JARDINES-VILLA-VENTANA-564x1024.jpg\"},{\"@type\":\"BreadcrumbList\",\"@id\":\"https:\/\/www.noticiasradioreflejos.com.ar\/2021\/concurso-los-jardines-de-villa-ventana-2\/#breadcrumb\",\"itemListElement\":[{\"@type\":\"ListItem\",\"position\":1,\"name\":\"Portada\",\"item\":\"https:\/\/www.noticiasradioreflejos.com.ar\/2021\/\"},{\"@type\":\"ListItem\",\"position\":2,\"name\":\"Concurso &quot; LOS JARDINES DE VILLA VENTANA&quot;\"}]},{\"@type\":\"WebSite\",\"@id\":\"https:\/\/www.noticiasradioreflejos.com.ar\/2021\/#website\",\"url\":\"https:\/\/www.noticiasradioreflejos.com.ar\/2021\/\",\"name\":\"Noticias Radio Reflejos\",\"description\":\"Las noticias de mi comarca\",\"potentialAction\":[{\"@type\":\"SearchAction\",\"target\":{\"@type\":\"EntryPoint\",\"urlTemplate\":\"https:\/\/www.noticiasradioreflejos.com.ar\/2021\/?s={search_term_string}\"},\"query-input\":{\"@type\":\"PropertyValueSpecification\",\"valueRequired\":true,\"valueName\":\"search_term_string\"}}],\"inLanguage\":\"es\"},{\"@type\":\"Person\",\"@id\":\"https:\/\/www.noticiasradioreflejos.com.ar\/2021\/#\/schema\/person\/ad82545263dcc5ec0996818884fd5fb1\",\"name\":\"Arnaldo Botto\",\"image\":{\"@type\":\"ImageObject\",\"inLanguage\":\"es\",\"@id\":\"https:\/\/www.noticiasradioreflejos.com.ar\/2021\/#\/schema\/person\/image\/\",\"url\":\"https:\/\/secure.gravatar.com\/avatar\/55cb5e37c1efa326397366e6974cb338056df65cb50e7d64d1cf314e87504837?s=96&d=mm&r=g\",\"contentUrl\":\"https:\/\/secure.gravatar.com\/avatar\/55cb5e37c1efa326397366e6974cb338056df65cb50e7d64d1cf314e87504837?s=96&d=mm&r=g\",\"caption\":\"Arnaldo Botto\"},\"url\":\"https:\/\/www.noticiasradioreflejos.com.ar\/2021\/author\/arnaldo\/\"}]}<\/script>\n<!-- \/ Yoast SEO plugin. -->","yoast_head_json":{"title":"Concurso &quot; LOS JARDINES DE VILLA VENTANA&quot; - Noticias Radio Reflejos","robots":{"index":"index","follow":"follow","max-snippet":"max-snippet:-1","max-image-preview":"max-image-preview:large","max-video-preview":"max-video-preview:-1"},"canonical":"https:\/\/www.noticiasradioreflejos.com.ar\/2021\/concurso-los-jardines-de-villa-ventana-2\/","og_locale":"es_ES","og_type":"article","og_title":"Concurso &quot; LOS JARDINES DE VILLA VENTANA&quot; - Noticias Radio Reflejos","og_description":"A partir del convenio realizado con la Municipalidad de Tornquist, la C\u00e1mara de Comercio y Turismo de Villa Ventana se complace en presentar el proyecto: \u00abLos Jardines de Villa Ventana\u00bb","og_url":"https:\/\/www.noticiasradioreflejos.com.ar\/2021\/concurso-los-jardines-de-villa-ventana-2\/","og_site_name":"Noticias Radio Reflejos","article_published_time":"2019-08-20T14:05:12+00:00","og_image":[{"width":300,"height":200,"url":"https:\/\/www.noticiasradioreflejos.com.ar\/2021\/wp-content\/uploads\/2021\/07\/logosol300x200.png","type":"image\/png"}],"author":"Arnaldo Botto","twitter_card":"summary_large_image","schema":{"@context":"https:\/\/schema.org","@graph":[{"@type":"WebPage","@id":"https:\/\/www.noticiasradioreflejos.com.ar\/2021\/concurso-los-jardines-de-villa-ventana-2\/","url":"https:\/\/www.noticiasradioreflejos.com.ar\/2021\/concurso-los-jardines-de-villa-ventana-2\/","name":"Concurso &quot; LOS JARDINES DE VILLA VENTANA&quot; - Noticias Radio Reflejos","isPartOf":{"@id":"https:\/\/www.noticiasradioreflejos.com.ar\/2021\/#website"},"primaryImageOfPage":{"@id":"https:\/\/www.noticiasradioreflejos.com.ar\/2021\/concurso-los-jardines-de-villa-ventana-2\/#primaryimage"},"image":{"@id":"https:\/\/www.noticiasradioreflejos.com.ar\/2021\/concurso-los-jardines-de-villa-ventana-2\/#primaryimage"},"thumbnailUrl":"http:\/\/www.noticiasradioreflejos.com.ar\/noticias\/wp-content\/uploads\/2019\/08\/FOLLETO-CONCURSO-DE-JARDINES-VILLA-VENTANA-564x1024.jpg","datePublished":"2019-08-20T14:05:12+00:00","author":{"@id":"https:\/\/www.noticiasradioreflejos.com.ar\/2021\/#\/schema\/person\/ad82545263dcc5ec0996818884fd5fb1"},"breadcrumb":{"@id":"https:\/\/www.noticiasradioreflejos.com.ar\/2021\/concurso-los-jardines-de-villa-ventana-2\/#breadcrumb"},"inLanguage":"es","potentialAction":[{"@type":"ReadAction","target":["https:\/\/www.noticiasradioreflejos.com.ar\/2021\/concurso-los-jardines-de-villa-ventana-2\/"]}]},{"@type":"ImageObject","inLanguage":"es","@id":"https:\/\/www.noticiasradioreflejos.com.ar\/2021\/concurso-los-jardines-de-villa-ventana-2\/#primaryimage","url":"http:\/\/www.noticiasradioreflejos.com.ar\/noticias\/wp-content\/uploads\/2019\/08\/FOLLETO-CONCURSO-DE-JARDINES-VILLA-VENTANA-564x1024.jpg","contentUrl":"http:\/\/www.noticiasradioreflejos.com.ar\/noticias\/wp-content\/uploads\/2019\/08\/FOLLETO-CONCURSO-DE-JARDINES-VILLA-VENTANA-564x1024.jpg"},{"@type":"BreadcrumbList","@id":"https:\/\/www.noticiasradioreflejos.com.ar\/2021\/concurso-los-jardines-de-villa-ventana-2\/#breadcrumb","itemListElement":[{"@type":"ListItem","position":1,"name":"Portada","item":"https:\/\/www.noticiasradioreflejos.com.ar\/2021\/"},{"@type":"ListItem","position":2,"name":"Concurso &quot; LOS JARDINES DE VILLA VENTANA&quot;"}]},{"@type":"WebSite","@id":"https:\/\/www.noticiasradioreflejos.com.ar\/2021\/#website","url":"https:\/\/www.noticiasradioreflejos.com.ar\/2021\/","name":"Noticias Radio Reflejos","description":"Las noticias de mi comarca","potentialAction":[{"@type":"SearchAction","target":{"@type":"EntryPoint","urlTemplate":"https:\/\/www.noticiasradioreflejos.com.ar\/2021\/?s={search_term_string}"},"query-input":{"@type":"PropertyValueSpecification","valueRequired":true,"valueName":"search_term_string"}}],"inLanguage":"es"},{"@type":"Person","@id":"https:\/\/www.noticiasradioreflejos.com.ar\/2021\/#\/schema\/person\/ad82545263dcc5ec0996818884fd5fb1","name":"Arnaldo Botto","image":{"@type":"ImageObject","inLanguage":"es","@id":"https:\/\/www.noticiasradioreflejos.com.ar\/2021\/#\/schema\/person\/image\/","url":"https:\/\/secure.gravatar.com\/avatar\/55cb5e37c1efa326397366e6974cb338056df65cb50e7d64d1cf314e87504837?s=96&d=mm&r=g","contentUrl":"https:\/\/secure.gravatar.com\/avatar\/55cb5e37c1efa326397366e6974cb338056df65cb50e7d64d1cf314e87504837?s=96&d=mm&r=g","caption":"Arnaldo Botto"},"url":"https:\/\/www.noticiasradioreflejos.com.ar\/2021\/author\/arnaldo\/"}]}},"_links":{"self":[{"href":"https:\/\/www.noticiasradioreflejos.com.ar\/2021\/wp-json\/wp\/v2\/posts\/33972","targetHints":{"allow":["GET"]}}],"collection":[{"href":"https:\/\/www.noticiasradioreflejos.com.ar\/2021\/wp-json\/wp\/v2\/posts"}],"about":[{"href":"https:\/\/www.noticiasradioreflejos.com.ar\/2021\/wp-json\/wp\/v2\/types\/post"}],"author":[{"embeddable":true,"href":"https:\/\/www.noticiasradioreflejos.com.ar\/2021\/wp-json\/wp\/v2\/users\/3"}],"replies":[{"embeddable":true,"href":"https:\/\/www.noticiasradioreflejos.com.ar\/2021\/wp-json\/wp\/v2\/comments?post=33972"}],"version-history":[{"count":0,"href":"https:\/\/www.noticiasradioreflejos.com.ar\/2021\/wp-json\/wp\/v2\/posts\/33972\/revisions"}],"wp:attachment":[{"href":"https:\/\/www.noticiasradioreflejos.com.ar\/2021\/wp-json\/wp\/v2\/media?parent=33972"}],"wp:term":[{"taxonomy":"category","embeddable":true,"href":"https:\/\/www.noticiasradioreflejos.com.ar\/2021\/wp-json\/wp\/v2\/categories?post=33972"},{"taxonomy":"post_tag","embeddable":true,"href":"https:\/\/www.noticiasradioreflejos.com.ar\/2021\/wp-json\/wp\/v2\/tags?post=33972"}],"curies":[{"name":"wp","href":"https:\/\/api.w.org\/{rel}","templated":true}]}}