{"id":33948,"date":"2019-08-19T10:12:47","date_gmt":"2019-08-19T13:12:47","guid":{"rendered":"http:\/\/www.noticiasradioreflejos.com.ar\/noticias\/?p=33948"},"modified":"2019-08-19T10:12:47","modified_gmt":"2019-08-19T13:12:47","slug":"almaceneros-gano-y-es-lider","status":"publish","type":"post","link":"https:\/\/www.noticiasradioreflejos.com.ar\/2021\/almaceneros-gano-y-es-lider\/","title":{"rendered":"Almaceneros gan\u00f3 y es l\u00edder"},"content":{"rendered":"<p><a href=\"http:\/\/www.noticiasradioreflejos.com.ar\/noticias\/wp-content\/uploads\/2019\/08\/Sin-t\u00edtulo.png\"><img loading=\"lazy\" decoding=\"async\" class=\"alignleft size-full wp-image-33950\" src=\"http:\/\/www.noticiasradioreflejos.com.ar\/noticias\/wp-content\/uploads\/2019\/08\/Sin-t\u00edtulo.png\" alt=\"Sin t\u00edtulo\" width=\"563\" height=\"444\" \/><\/a>Por la segunda fecha del torneo Clausura de F\u00fatbol, Almaceneros venci\u00f3 a Ventana y qued\u00f3 como \u00fanico l\u00edder del torneo.<br \/>\nAlumni e Independiente fueron los otros ganadores de la fecha.<!--more--><br \/>\nDE ARRIBA SE VE MEJOR<br \/>\nEn el duelo de punteros, Almaceneros venci\u00f3 a Atl\u00e9tico Ventana por 3 a 0 y se qued\u00f3 con el liderazgo absoluto.<br \/>\nGuillermo \u00abTita\u00bb Franco abri\u00f3 el camino del triunfo y Jos\u00e9 \u00abBeto\u00bb Mosqueira estamp\u00f3 el 2 a 0 antes del cierre del primer tiempo.<br \/>\nEn el complemento, el due\u00f1o de casa mantuvo su superioridad y ampli\u00f3 el marcador por el propio Mosqueira, hombre gol de Almaceneros, quien mantiene su peligrosidad en el \u00e1rea. El local no pas\u00f3 sobresaltos y gan\u00f3 bien 3 a 0.<br \/>\nEn el resto de la fecha, Independiente super\u00f3 a Alem por 2 a 1 por los goles de Mariano Barrios de penal y Juli\u00e1n Ciccocioppo, para la visita descont\u00f3 Laureano Bertolotto a poco del final. El partido tuvo otros dos penales, uno para Independiente que ataj\u00f3 M\u00e9ndez y otro para Alem, que ataj\u00f3 Castillo.<br \/>\nEl \u00faltimo campe\u00f3n, debut\u00f3 a puro ritmo, venci\u00f3 a Club de Pelota por 4 a 0 por los goles de Mat\u00edas Ortelli en dos ocasiones, Guillermo Pascual y Ginaluca Bottini. El \u00abRojo\u00bb se fue al descanso ganando 3 a 0 y complet\u00f3 la goleada con un tanto m\u00e1s en los segundos 45 minutos como para empezar con el pie derecho en el Clausura.<br \/>\nPosiciones<br \/>\n1\u00ba) Almaceneros, 6; 2\u00ba), Alumni, Atl\u00e9tico Ventana, Independiente, 3; 5\u00ba) Divisorio, Alem, 1;<br \/>\n7\u00ba) Club de Pelota, 0.<br \/>\nReserva<br \/>\nPor el campeonato de Reserva Los resultados que se registraron fueron:<br \/>\n<strong>Almaceneros 3 Vs. Atl\u00e9tico Ventana 2<\/strong><br \/>\nGoles: Joaqu\u00edn Tobio -2, Diego Bidegaray (A); Valent\u00edn Garay, Agust\u00edn Ram\u00edrez (AV).<br \/>\n<strong>Independiente 7 Vs. LN Alem 1<\/strong><br \/>\nGoles: Mat\u00edas Leguizam\u00f3n -3, Alexis Cepeda, Rodrigo Flores, Pablo Lucero, Facundo Pedernera (I); Juan Ferrerya (LNA).<br \/>\n<strong>Alumni 0 Vs. Club de Pelota 1<\/strong><br \/>\nGol: Axel Orellano (P).<br \/>\nPosiciones<br \/>\n1\u00ba) Almaceneros, 6; 2\u00ba) Independiente, Atl\u00e9tico Ventana, Divisorio, Club<br \/>\nde Pelota, 3; 6\u00ba) Alumni, Alem, 0.<br \/>\nLo que viene<br \/>\nPor la tercera fecha del torneo Clausura.<br \/>\nDivisorio recibe a Independiente, Alem a Almaceneros y Atl\u00e9tico Ventana a Alumni. Libre quedar\u00e1 Club de Pelota<\/p>\n","protected":false},"excerpt":{"rendered":"<p>Por la segunda fecha del torneo Clausura de F\u00fatbol, Almaceneros venci\u00f3 a Ventana y qued\u00f3 como \u00fanico l\u00edder del torneo. Alumni e Independiente fueron los otros ganadores de la fecha.<\/p>\n","protected":false},"author":3,"featured_media":0,"comment_status":"closed","ping_status":"open","sticky":false,"template":"","format":"standard","meta":{"footnotes":""},"categories":[27],"tags":[],"class_list":["post-33948","post","type-post","status-publish","format-standard","hentry","category-deportes"],"yoast_head":"<!-- This site is optimized with the Yoast SEO plugin v25.9 - https:\/\/yoast.com\/wordpress\/plugins\/seo\/ -->\n<title>Almaceneros gan\u00f3 y es l\u00edder - Noticias Radio Reflejos<\/title>\n<meta name=\"robots\" content=\"index, follow, max-snippet:-1, max-image-preview:large, max-video-preview:-1\" \/>\n<link rel=\"canonical\" href=\"https:\/\/www.noticiasradioreflejos.com.ar\/2021\/almaceneros-gano-y-es-lider\/\" \/>\n<meta property=\"og:locale\" content=\"es_ES\" \/>\n<meta property=\"og:type\" content=\"article\" \/>\n<meta property=\"og:title\" content=\"Almaceneros gan\u00f3 y es l\u00edder - Noticias Radio Reflejos\" \/>\n<meta property=\"og:description\" content=\"Por la segunda fecha del torneo Clausura de F\u00fatbol, Almaceneros venci\u00f3 a Ventana y qued\u00f3 como \u00fanico l\u00edder del torneo. Alumni e Independiente fueron los otros ganadores de la fecha.\" \/>\n<meta property=\"og:url\" content=\"https:\/\/www.noticiasradioreflejos.com.ar\/2021\/almaceneros-gano-y-es-lider\/\" \/>\n<meta property=\"og:site_name\" content=\"Noticias Radio Reflejos\" \/>\n<meta property=\"article:published_time\" content=\"2019-08-19T13:12:47+00:00\" \/>\n<meta property=\"og:image\" content=\"https:\/\/www.noticiasradioreflejos.com.ar\/2021\/wp-content\/uploads\/2021\/07\/logosol300x200.png\" \/>\n\t<meta property=\"og:image:width\" content=\"300\" \/>\n\t<meta property=\"og:image:height\" content=\"200\" \/>\n\t<meta property=\"og:image:type\" content=\"image\/png\" \/>\n<meta name=\"author\" content=\"Arnaldo Botto\" \/>\n<meta name=\"twitter:card\" content=\"summary_large_image\" \/>\n<script type=\"application\/ld+json\" class=\"yoast-schema-graph\">{\"@context\":\"https:\/\/schema.org\",\"@graph\":[{\"@type\":\"WebPage\",\"@id\":\"https:\/\/www.noticiasradioreflejos.com.ar\/2021\/almaceneros-gano-y-es-lider\/\",\"url\":\"https:\/\/www.noticiasradioreflejos.com.ar\/2021\/almaceneros-gano-y-es-lider\/\",\"name\":\"Almaceneros gan\u00f3 y es l\u00edder - Noticias Radio Reflejos\",\"isPartOf\":{\"@id\":\"https:\/\/www.noticiasradioreflejos.com.ar\/2021\/#website\"},\"datePublished\":\"2019-08-19T13:12:47+00:00\",\"author\":{\"@id\":\"https:\/\/www.noticiasradioreflejos.com.ar\/2021\/#\/schema\/person\/ad82545263dcc5ec0996818884fd5fb1\"},\"breadcrumb\":{\"@id\":\"https:\/\/www.noticiasradioreflejos.com.ar\/2021\/almaceneros-gano-y-es-lider\/#breadcrumb\"},\"inLanguage\":\"es\",\"potentialAction\":[{\"@type\":\"ReadAction\",\"target\":[\"https:\/\/www.noticiasradioreflejos.com.ar\/2021\/almaceneros-gano-y-es-lider\/\"]}]},{\"@type\":\"BreadcrumbList\",\"@id\":\"https:\/\/www.noticiasradioreflejos.com.ar\/2021\/almaceneros-gano-y-es-lider\/#breadcrumb\",\"itemListElement\":[{\"@type\":\"ListItem\",\"position\":1,\"name\":\"Portada\",\"item\":\"https:\/\/www.noticiasradioreflejos.com.ar\/2021\/\"},{\"@type\":\"ListItem\",\"position\":2,\"name\":\"Almaceneros gan\u00f3 y es l\u00edder\"}]},{\"@type\":\"WebSite\",\"@id\":\"https:\/\/www.noticiasradioreflejos.com.ar\/2021\/#website\",\"url\":\"https:\/\/www.noticiasradioreflejos.com.ar\/2021\/\",\"name\":\"Noticias Radio Reflejos\",\"description\":\"Las noticias de mi comarca\",\"potentialAction\":[{\"@type\":\"SearchAction\",\"target\":{\"@type\":\"EntryPoint\",\"urlTemplate\":\"https:\/\/www.noticiasradioreflejos.com.ar\/2021\/?s={search_term_string}\"},\"query-input\":{\"@type\":\"PropertyValueSpecification\",\"valueRequired\":true,\"valueName\":\"search_term_string\"}}],\"inLanguage\":\"es\"},{\"@type\":\"Person\",\"@id\":\"https:\/\/www.noticiasradioreflejos.com.ar\/2021\/#\/schema\/person\/ad82545263dcc5ec0996818884fd5fb1\",\"name\":\"Arnaldo Botto\",\"image\":{\"@type\":\"ImageObject\",\"inLanguage\":\"es\",\"@id\":\"https:\/\/www.noticiasradioreflejos.com.ar\/2021\/#\/schema\/person\/image\/\",\"url\":\"https:\/\/secure.gravatar.com\/avatar\/55cb5e37c1efa326397366e6974cb338056df65cb50e7d64d1cf314e87504837?s=96&d=mm&r=g\",\"contentUrl\":\"https:\/\/secure.gravatar.com\/avatar\/55cb5e37c1efa326397366e6974cb338056df65cb50e7d64d1cf314e87504837?s=96&d=mm&r=g\",\"caption\":\"Arnaldo Botto\"},\"url\":\"https:\/\/www.noticiasradioreflejos.com.ar\/2021\/author\/arnaldo\/\"}]}<\/script>\n<!-- \/ Yoast SEO plugin. -->","yoast_head_json":{"title":"Almaceneros gan\u00f3 y es l\u00edder - Noticias Radio Reflejos","robots":{"index":"index","follow":"follow","max-snippet":"max-snippet:-1","max-image-preview":"max-image-preview:large","max-video-preview":"max-video-preview:-1"},"canonical":"https:\/\/www.noticiasradioreflejos.com.ar\/2021\/almaceneros-gano-y-es-lider\/","og_locale":"es_ES","og_type":"article","og_title":"Almaceneros gan\u00f3 y es l\u00edder - Noticias Radio Reflejos","og_description":"Por la segunda fecha del torneo Clausura de F\u00fatbol, Almaceneros venci\u00f3 a Ventana y qued\u00f3 como \u00fanico l\u00edder del torneo. Alumni e Independiente fueron los otros ganadores de la fecha.","og_url":"https:\/\/www.noticiasradioreflejos.com.ar\/2021\/almaceneros-gano-y-es-lider\/","og_site_name":"Noticias Radio Reflejos","article_published_time":"2019-08-19T13:12:47+00:00","og_image":[{"width":300,"height":200,"url":"https:\/\/www.noticiasradioreflejos.com.ar\/2021\/wp-content\/uploads\/2021\/07\/logosol300x200.png","type":"image\/png"}],"author":"Arnaldo Botto","twitter_card":"summary_large_image","schema":{"@context":"https:\/\/schema.org","@graph":[{"@type":"WebPage","@id":"https:\/\/www.noticiasradioreflejos.com.ar\/2021\/almaceneros-gano-y-es-lider\/","url":"https:\/\/www.noticiasradioreflejos.com.ar\/2021\/almaceneros-gano-y-es-lider\/","name":"Almaceneros gan\u00f3 y es l\u00edder - Noticias Radio Reflejos","isPartOf":{"@id":"https:\/\/www.noticiasradioreflejos.com.ar\/2021\/#website"},"datePublished":"2019-08-19T13:12:47+00:00","author":{"@id":"https:\/\/www.noticiasradioreflejos.com.ar\/2021\/#\/schema\/person\/ad82545263dcc5ec0996818884fd5fb1"},"breadcrumb":{"@id":"https:\/\/www.noticiasradioreflejos.com.ar\/2021\/almaceneros-gano-y-es-lider\/#breadcrumb"},"inLanguage":"es","potentialAction":[{"@type":"ReadAction","target":["https:\/\/www.noticiasradioreflejos.com.ar\/2021\/almaceneros-gano-y-es-lider\/"]}]},{"@type":"BreadcrumbList","@id":"https:\/\/www.noticiasradioreflejos.com.ar\/2021\/almaceneros-gano-y-es-lider\/#breadcrumb","itemListElement":[{"@type":"ListItem","position":1,"name":"Portada","item":"https:\/\/www.noticiasradioreflejos.com.ar\/2021\/"},{"@type":"ListItem","position":2,"name":"Almaceneros gan\u00f3 y es l\u00edder"}]},{"@type":"WebSite","@id":"https:\/\/www.noticiasradioreflejos.com.ar\/2021\/#website","url":"https:\/\/www.noticiasradioreflejos.com.ar\/2021\/","name":"Noticias Radio Reflejos","description":"Las noticias de mi comarca","potentialAction":[{"@type":"SearchAction","target":{"@type":"EntryPoint","urlTemplate":"https:\/\/www.noticiasradioreflejos.com.ar\/2021\/?s={search_term_string}"},"query-input":{"@type":"PropertyValueSpecification","valueRequired":true,"valueName":"search_term_string"}}],"inLanguage":"es"},{"@type":"Person","@id":"https:\/\/www.noticiasradioreflejos.com.ar\/2021\/#\/schema\/person\/ad82545263dcc5ec0996818884fd5fb1","name":"Arnaldo Botto","image":{"@type":"ImageObject","inLanguage":"es","@id":"https:\/\/www.noticiasradioreflejos.com.ar\/2021\/#\/schema\/person\/image\/","url":"https:\/\/secure.gravatar.com\/avatar\/55cb5e37c1efa326397366e6974cb338056df65cb50e7d64d1cf314e87504837?s=96&d=mm&r=g","contentUrl":"https:\/\/secure.gravatar.com\/avatar\/55cb5e37c1efa326397366e6974cb338056df65cb50e7d64d1cf314e87504837?s=96&d=mm&r=g","caption":"Arnaldo Botto"},"url":"https:\/\/www.noticiasradioreflejos.com.ar\/2021\/author\/arnaldo\/"}]}},"_links":{"self":[{"href":"https:\/\/www.noticiasradioreflejos.com.ar\/2021\/wp-json\/wp\/v2\/posts\/33948","targetHints":{"allow":["GET"]}}],"collection":[{"href":"https:\/\/www.noticiasradioreflejos.com.ar\/2021\/wp-json\/wp\/v2\/posts"}],"about":[{"href":"https:\/\/www.noticiasradioreflejos.com.ar\/2021\/wp-json\/wp\/v2\/types\/post"}],"author":[{"embeddable":true,"href":"https:\/\/www.noticiasradioreflejos.com.ar\/2021\/wp-json\/wp\/v2\/users\/3"}],"replies":[{"embeddable":true,"href":"https:\/\/www.noticiasradioreflejos.com.ar\/2021\/wp-json\/wp\/v2\/comments?post=33948"}],"version-history":[{"count":0,"href":"https:\/\/www.noticiasradioreflejos.com.ar\/2021\/wp-json\/wp\/v2\/posts\/33948\/revisions"}],"wp:attachment":[{"href":"https:\/\/www.noticiasradioreflejos.com.ar\/2021\/wp-json\/wp\/v2\/media?parent=33948"}],"wp:term":[{"taxonomy":"category","embeddable":true,"href":"https:\/\/www.noticiasradioreflejos.com.ar\/2021\/wp-json\/wp\/v2\/categories?post=33948"},{"taxonomy":"post_tag","embeddable":true,"href":"https:\/\/www.noticiasradioreflejos.com.ar\/2021\/wp-json\/wp\/v2\/tags?post=33948"}],"curies":[{"name":"wp","href":"https:\/\/api.w.org\/{rel}","templated":true}]}}