{"id":33942,"date":"2019-08-19T10:01:35","date_gmt":"2019-08-19T13:01:35","guid":{"rendered":"http:\/\/www.noticiasradioreflejos.com.ar\/noticias\/?p=33942"},"modified":"2019-08-19T10:01:35","modified_gmt":"2019-08-19T13:01:35","slug":"se-conmemoro-un-ano-del-fallecimiento-de-hector-mario-di-nunzio-negro-y-se-descubrio-una-placa-en-el-cementerio-local","status":"publish","type":"post","link":"https:\/\/www.noticiasradioreflejos.com.ar\/2021\/se-conmemoro-un-ano-del-fallecimiento-de-hector-mario-di-nunzio-negro-y-se-descubrio-una-placa-en-el-cementerio-local\/","title":{"rendered":"Se conmemor\u00f3 un a\u00f1o del fallecimiento de H\u00c9CTOR MARIO DI NUNZIO (&quot;NEGRO&quot;) y se descubri\u00f3 una placa en el cementerio local."},"content":{"rendered":"<p>Al cumplirse el primer aniversario del fallecimiento de H\u00c9CTOR MARIO DI NUNZIO (\u00abNEGRO\u00bb), se descubri\u00f3 una placa en el cementerio local, recordando su paso por el cuartel de bomberos (cuerpo activo en sus comienzos y luego presidente).<!--more--><br \/>\nEn este emotivo acto se hicieron presentes en el lugar: su hermano Horacio Di Nunzio, personal del cuerpo activo, escuadra de reserva, miembros de la actual y anteriores comisiones directivas y amigos.<br \/>\nLa placa lleva grabada a fuego la siguiente inscripci\u00f3n: \u00abAl NEGRO, un bombero y dirigente ejemplar, con gran vocaci\u00f3n e incansable dedicaci\u00f3n!\u00bb<br \/>\n<a href=\"http:\/\/www.noticiasradioreflejos.com.ar\/noticias\/wp-content\/uploads\/2019\/08\/IMG-20190813-WA0059.jpg\"><img loading=\"lazy\" decoding=\"async\" class=\"aligncenter size-large wp-image-33944\" src=\"http:\/\/www.noticiasradioreflejos.com.ar\/noticias\/wp-content\/uploads\/2019\/08\/IMG-20190813-WA0059-1024x577.jpg\" alt=\"IMG-20190813-WA0059\" width=\"1024\" height=\"577\" \/><\/a><br \/>\n<a href=\"http:\/\/www.noticiasradioreflejos.com.ar\/noticias\/wp-content\/uploads\/2019\/08\/IMG-20190813-WA0060-1.jpg\"><img loading=\"lazy\" decoding=\"async\" class=\"aligncenter size-large wp-image-33945\" src=\"http:\/\/www.noticiasradioreflejos.com.ar\/noticias\/wp-content\/uploads\/2019\/08\/IMG-20190813-WA0060-1-577x1024.jpg\" alt=\"IMG-20190813-WA0060 (1)\" width=\"577\" height=\"1024\" \/><\/a><br \/>\n<a href=\"http:\/\/www.noticiasradioreflejos.com.ar\/noticias\/wp-content\/uploads\/2019\/08\/IMG-20190813-WA0063.jpg\"><img loading=\"lazy\" decoding=\"async\" class=\"aligncenter size-large wp-image-33946\" src=\"http:\/\/www.noticiasradioreflejos.com.ar\/noticias\/wp-content\/uploads\/2019\/08\/IMG-20190813-WA0063-1024x577.jpg\" alt=\"IMG-20190813-WA0063\" width=\"1024\" height=\"577\" \/><\/a><br \/>\nPrensa: ASOCIACI\u00d3N CUERPO BOMBEROS VOLUNTARIOS DE TORNQUIST<\/p>\n","protected":false},"excerpt":{"rendered":"<p>Al cumplirse el primer aniversario del fallecimiento de H\u00c9CTOR MARIO DI NUNZIO (\u00abNEGRO\u00bb), se descubri\u00f3 una placa en el cementerio local, recordando su paso por el cuartel de bomberos (cuerpo activo en sus comienzos y luego presidente).<\/p>\n","protected":false},"author":3,"featured_media":0,"comment_status":"closed","ping_status":"open","sticky":false,"template":"","format":"standard","meta":{"footnotes":""},"categories":[26],"tags":[],"class_list":["post-33942","post","type-post","status-publish","format-standard","hentry","category-sociedad"],"yoast_head":"<!-- This site is optimized with the Yoast SEO plugin v25.9 - https:\/\/yoast.com\/wordpress\/plugins\/seo\/ -->\n<title>Se conmemor\u00f3 un a\u00f1o del fallecimiento de H\u00c9CTOR MARIO DI NUNZIO (&quot;NEGRO&quot;) y se descubri\u00f3 una placa en el cementerio local. - Noticias Radio Reflejos<\/title>\n<meta name=\"robots\" content=\"index, follow, max-snippet:-1, max-image-preview:large, max-video-preview:-1\" \/>\n<link rel=\"canonical\" href=\"https:\/\/www.noticiasradioreflejos.com.ar\/2021\/se-conmemoro-un-ano-del-fallecimiento-de-hector-mario-di-nunzio-negro-y-se-descubrio-una-placa-en-el-cementerio-local\/\" \/>\n<meta property=\"og:locale\" content=\"es_ES\" \/>\n<meta property=\"og:type\" content=\"article\" \/>\n<meta property=\"og:title\" content=\"Se conmemor\u00f3 un a\u00f1o del fallecimiento de H\u00c9CTOR MARIO DI NUNZIO (&quot;NEGRO&quot;) y se descubri\u00f3 una placa en el cementerio local. - Noticias Radio Reflejos\" \/>\n<meta property=\"og:description\" content=\"Al cumplirse el primer aniversario del fallecimiento de H\u00c9CTOR MARIO DI NUNZIO (\u00abNEGRO\u00bb), se descubri\u00f3 una placa en el cementerio local, recordando su paso por el cuartel de bomberos (cuerpo activo en sus comienzos y luego presidente).\" \/>\n<meta property=\"og:url\" content=\"https:\/\/www.noticiasradioreflejos.com.ar\/2021\/se-conmemoro-un-ano-del-fallecimiento-de-hector-mario-di-nunzio-negro-y-se-descubrio-una-placa-en-el-cementerio-local\/\" \/>\n<meta property=\"og:site_name\" content=\"Noticias Radio Reflejos\" \/>\n<meta property=\"article:published_time\" content=\"2019-08-19T13:01:35+00:00\" \/>\n<meta property=\"og:image\" content=\"https:\/\/www.noticiasradioreflejos.com.ar\/2021\/wp-content\/uploads\/2021\/07\/logosol300x200.png\" \/>\n\t<meta property=\"og:image:width\" content=\"300\" \/>\n\t<meta property=\"og:image:height\" content=\"200\" \/>\n\t<meta property=\"og:image:type\" content=\"image\/png\" \/>\n<meta name=\"author\" content=\"Arnaldo Botto\" \/>\n<meta name=\"twitter:card\" content=\"summary_large_image\" \/>\n<script type=\"application\/ld+json\" class=\"yoast-schema-graph\">{\"@context\":\"https:\/\/schema.org\",\"@graph\":[{\"@type\":\"WebPage\",\"@id\":\"https:\/\/www.noticiasradioreflejos.com.ar\/2021\/se-conmemoro-un-ano-del-fallecimiento-de-hector-mario-di-nunzio-negro-y-se-descubrio-una-placa-en-el-cementerio-local\/\",\"url\":\"https:\/\/www.noticiasradioreflejos.com.ar\/2021\/se-conmemoro-un-ano-del-fallecimiento-de-hector-mario-di-nunzio-negro-y-se-descubrio-una-placa-en-el-cementerio-local\/\",\"name\":\"Se conmemor\u00f3 un a\u00f1o del fallecimiento de H\u00c9CTOR MARIO DI NUNZIO (&quot;NEGRO&quot;) y se descubri\u00f3 una placa en el cementerio local. - Noticias Radio Reflejos\",\"isPartOf\":{\"@id\":\"https:\/\/www.noticiasradioreflejos.com.ar\/2021\/#website\"},\"primaryImageOfPage\":{\"@id\":\"https:\/\/www.noticiasradioreflejos.com.ar\/2021\/se-conmemoro-un-ano-del-fallecimiento-de-hector-mario-di-nunzio-negro-y-se-descubrio-una-placa-en-el-cementerio-local\/#primaryimage\"},\"image\":{\"@id\":\"https:\/\/www.noticiasradioreflejos.com.ar\/2021\/se-conmemoro-un-ano-del-fallecimiento-de-hector-mario-di-nunzio-negro-y-se-descubrio-una-placa-en-el-cementerio-local\/#primaryimage\"},\"thumbnailUrl\":\"http:\/\/www.noticiasradioreflejos.com.ar\/noticias\/wp-content\/uploads\/2019\/08\/IMG-20190813-WA0059-1024x577.jpg\",\"datePublished\":\"2019-08-19T13:01:35+00:00\",\"author\":{\"@id\":\"https:\/\/www.noticiasradioreflejos.com.ar\/2021\/#\/schema\/person\/ad82545263dcc5ec0996818884fd5fb1\"},\"breadcrumb\":{\"@id\":\"https:\/\/www.noticiasradioreflejos.com.ar\/2021\/se-conmemoro-un-ano-del-fallecimiento-de-hector-mario-di-nunzio-negro-y-se-descubrio-una-placa-en-el-cementerio-local\/#breadcrumb\"},\"inLanguage\":\"es\",\"potentialAction\":[{\"@type\":\"ReadAction\",\"target\":[\"https:\/\/www.noticiasradioreflejos.com.ar\/2021\/se-conmemoro-un-ano-del-fallecimiento-de-hector-mario-di-nunzio-negro-y-se-descubrio-una-placa-en-el-cementerio-local\/\"]}]},{\"@type\":\"ImageObject\",\"inLanguage\":\"es\",\"@id\":\"https:\/\/www.noticiasradioreflejos.com.ar\/2021\/se-conmemoro-un-ano-del-fallecimiento-de-hector-mario-di-nunzio-negro-y-se-descubrio-una-placa-en-el-cementerio-local\/#primaryimage\",\"url\":\"http:\/\/www.noticiasradioreflejos.com.ar\/noticias\/wp-content\/uploads\/2019\/08\/IMG-20190813-WA0059-1024x577.jpg\",\"contentUrl\":\"http:\/\/www.noticiasradioreflejos.com.ar\/noticias\/wp-content\/uploads\/2019\/08\/IMG-20190813-WA0059-1024x577.jpg\"},{\"@type\":\"BreadcrumbList\",\"@id\":\"https:\/\/www.noticiasradioreflejos.com.ar\/2021\/se-conmemoro-un-ano-del-fallecimiento-de-hector-mario-di-nunzio-negro-y-se-descubrio-una-placa-en-el-cementerio-local\/#breadcrumb\",\"itemListElement\":[{\"@type\":\"ListItem\",\"position\":1,\"name\":\"Portada\",\"item\":\"https:\/\/www.noticiasradioreflejos.com.ar\/2021\/\"},{\"@type\":\"ListItem\",\"position\":2,\"name\":\"Se conmemor\u00f3 un a\u00f1o del fallecimiento de H\u00c9CTOR MARIO DI NUNZIO (&quot;NEGRO&quot;) y se descubri\u00f3 una placa en el cementerio local.\"}]},{\"@type\":\"WebSite\",\"@id\":\"https:\/\/www.noticiasradioreflejos.com.ar\/2021\/#website\",\"url\":\"https:\/\/www.noticiasradioreflejos.com.ar\/2021\/\",\"name\":\"Noticias Radio Reflejos\",\"description\":\"Las noticias de mi comarca\",\"potentialAction\":[{\"@type\":\"SearchAction\",\"target\":{\"@type\":\"EntryPoint\",\"urlTemplate\":\"https:\/\/www.noticiasradioreflejos.com.ar\/2021\/?s={search_term_string}\"},\"query-input\":{\"@type\":\"PropertyValueSpecification\",\"valueRequired\":true,\"valueName\":\"search_term_string\"}}],\"inLanguage\":\"es\"},{\"@type\":\"Person\",\"@id\":\"https:\/\/www.noticiasradioreflejos.com.ar\/2021\/#\/schema\/person\/ad82545263dcc5ec0996818884fd5fb1\",\"name\":\"Arnaldo Botto\",\"image\":{\"@type\":\"ImageObject\",\"inLanguage\":\"es\",\"@id\":\"https:\/\/www.noticiasradioreflejos.com.ar\/2021\/#\/schema\/person\/image\/\",\"url\":\"https:\/\/secure.gravatar.com\/avatar\/55cb5e37c1efa326397366e6974cb338056df65cb50e7d64d1cf314e87504837?s=96&d=mm&r=g\",\"contentUrl\":\"https:\/\/secure.gravatar.com\/avatar\/55cb5e37c1efa326397366e6974cb338056df65cb50e7d64d1cf314e87504837?s=96&d=mm&r=g\",\"caption\":\"Arnaldo Botto\"},\"url\":\"https:\/\/www.noticiasradioreflejos.com.ar\/2021\/author\/arnaldo\/\"}]}<\/script>\n<!-- \/ Yoast SEO plugin. -->","yoast_head_json":{"title":"Se conmemor\u00f3 un a\u00f1o del fallecimiento de H\u00c9CTOR MARIO DI NUNZIO (&quot;NEGRO&quot;) y se descubri\u00f3 una placa en el cementerio local. - Noticias Radio Reflejos","robots":{"index":"index","follow":"follow","max-snippet":"max-snippet:-1","max-image-preview":"max-image-preview:large","max-video-preview":"max-video-preview:-1"},"canonical":"https:\/\/www.noticiasradioreflejos.com.ar\/2021\/se-conmemoro-un-ano-del-fallecimiento-de-hector-mario-di-nunzio-negro-y-se-descubrio-una-placa-en-el-cementerio-local\/","og_locale":"es_ES","og_type":"article","og_title":"Se conmemor\u00f3 un a\u00f1o del fallecimiento de H\u00c9CTOR MARIO DI NUNZIO (&quot;NEGRO&quot;) y se descubri\u00f3 una placa en el cementerio local. - Noticias Radio Reflejos","og_description":"Al cumplirse el primer aniversario del fallecimiento de H\u00c9CTOR MARIO DI NUNZIO (\u00abNEGRO\u00bb), se descubri\u00f3 una placa en el cementerio local, recordando su paso por el cuartel de bomberos (cuerpo activo en sus comienzos y luego presidente).","og_url":"https:\/\/www.noticiasradioreflejos.com.ar\/2021\/se-conmemoro-un-ano-del-fallecimiento-de-hector-mario-di-nunzio-negro-y-se-descubrio-una-placa-en-el-cementerio-local\/","og_site_name":"Noticias Radio Reflejos","article_published_time":"2019-08-19T13:01:35+00:00","og_image":[{"width":300,"height":200,"url":"https:\/\/www.noticiasradioreflejos.com.ar\/2021\/wp-content\/uploads\/2021\/07\/logosol300x200.png","type":"image\/png"}],"author":"Arnaldo Botto","twitter_card":"summary_large_image","schema":{"@context":"https:\/\/schema.org","@graph":[{"@type":"WebPage","@id":"https:\/\/www.noticiasradioreflejos.com.ar\/2021\/se-conmemoro-un-ano-del-fallecimiento-de-hector-mario-di-nunzio-negro-y-se-descubrio-una-placa-en-el-cementerio-local\/","url":"https:\/\/www.noticiasradioreflejos.com.ar\/2021\/se-conmemoro-un-ano-del-fallecimiento-de-hector-mario-di-nunzio-negro-y-se-descubrio-una-placa-en-el-cementerio-local\/","name":"Se conmemor\u00f3 un a\u00f1o del fallecimiento de H\u00c9CTOR MARIO DI NUNZIO (&quot;NEGRO&quot;) y se descubri\u00f3 una placa en el cementerio local. - Noticias Radio Reflejos","isPartOf":{"@id":"https:\/\/www.noticiasradioreflejos.com.ar\/2021\/#website"},"primaryImageOfPage":{"@id":"https:\/\/www.noticiasradioreflejos.com.ar\/2021\/se-conmemoro-un-ano-del-fallecimiento-de-hector-mario-di-nunzio-negro-y-se-descubrio-una-placa-en-el-cementerio-local\/#primaryimage"},"image":{"@id":"https:\/\/www.noticiasradioreflejos.com.ar\/2021\/se-conmemoro-un-ano-del-fallecimiento-de-hector-mario-di-nunzio-negro-y-se-descubrio-una-placa-en-el-cementerio-local\/#primaryimage"},"thumbnailUrl":"http:\/\/www.noticiasradioreflejos.com.ar\/noticias\/wp-content\/uploads\/2019\/08\/IMG-20190813-WA0059-1024x577.jpg","datePublished":"2019-08-19T13:01:35+00:00","author":{"@id":"https:\/\/www.noticiasradioreflejos.com.ar\/2021\/#\/schema\/person\/ad82545263dcc5ec0996818884fd5fb1"},"breadcrumb":{"@id":"https:\/\/www.noticiasradioreflejos.com.ar\/2021\/se-conmemoro-un-ano-del-fallecimiento-de-hector-mario-di-nunzio-negro-y-se-descubrio-una-placa-en-el-cementerio-local\/#breadcrumb"},"inLanguage":"es","potentialAction":[{"@type":"ReadAction","target":["https:\/\/www.noticiasradioreflejos.com.ar\/2021\/se-conmemoro-un-ano-del-fallecimiento-de-hector-mario-di-nunzio-negro-y-se-descubrio-una-placa-en-el-cementerio-local\/"]}]},{"@type":"ImageObject","inLanguage":"es","@id":"https:\/\/www.noticiasradioreflejos.com.ar\/2021\/se-conmemoro-un-ano-del-fallecimiento-de-hector-mario-di-nunzio-negro-y-se-descubrio-una-placa-en-el-cementerio-local\/#primaryimage","url":"http:\/\/www.noticiasradioreflejos.com.ar\/noticias\/wp-content\/uploads\/2019\/08\/IMG-20190813-WA0059-1024x577.jpg","contentUrl":"http:\/\/www.noticiasradioreflejos.com.ar\/noticias\/wp-content\/uploads\/2019\/08\/IMG-20190813-WA0059-1024x577.jpg"},{"@type":"BreadcrumbList","@id":"https:\/\/www.noticiasradioreflejos.com.ar\/2021\/se-conmemoro-un-ano-del-fallecimiento-de-hector-mario-di-nunzio-negro-y-se-descubrio-una-placa-en-el-cementerio-local\/#breadcrumb","itemListElement":[{"@type":"ListItem","position":1,"name":"Portada","item":"https:\/\/www.noticiasradioreflejos.com.ar\/2021\/"},{"@type":"ListItem","position":2,"name":"Se conmemor\u00f3 un a\u00f1o del fallecimiento de H\u00c9CTOR MARIO DI NUNZIO (&quot;NEGRO&quot;) y se descubri\u00f3 una placa en el cementerio local."}]},{"@type":"WebSite","@id":"https:\/\/www.noticiasradioreflejos.com.ar\/2021\/#website","url":"https:\/\/www.noticiasradioreflejos.com.ar\/2021\/","name":"Noticias Radio Reflejos","description":"Las noticias de mi comarca","potentialAction":[{"@type":"SearchAction","target":{"@type":"EntryPoint","urlTemplate":"https:\/\/www.noticiasradioreflejos.com.ar\/2021\/?s={search_term_string}"},"query-input":{"@type":"PropertyValueSpecification","valueRequired":true,"valueName":"search_term_string"}}],"inLanguage":"es"},{"@type":"Person","@id":"https:\/\/www.noticiasradioreflejos.com.ar\/2021\/#\/schema\/person\/ad82545263dcc5ec0996818884fd5fb1","name":"Arnaldo Botto","image":{"@type":"ImageObject","inLanguage":"es","@id":"https:\/\/www.noticiasradioreflejos.com.ar\/2021\/#\/schema\/person\/image\/","url":"https:\/\/secure.gravatar.com\/avatar\/55cb5e37c1efa326397366e6974cb338056df65cb50e7d64d1cf314e87504837?s=96&d=mm&r=g","contentUrl":"https:\/\/secure.gravatar.com\/avatar\/55cb5e37c1efa326397366e6974cb338056df65cb50e7d64d1cf314e87504837?s=96&d=mm&r=g","caption":"Arnaldo Botto"},"url":"https:\/\/www.noticiasradioreflejos.com.ar\/2021\/author\/arnaldo\/"}]}},"_links":{"self":[{"href":"https:\/\/www.noticiasradioreflejos.com.ar\/2021\/wp-json\/wp\/v2\/posts\/33942","targetHints":{"allow":["GET"]}}],"collection":[{"href":"https:\/\/www.noticiasradioreflejos.com.ar\/2021\/wp-json\/wp\/v2\/posts"}],"about":[{"href":"https:\/\/www.noticiasradioreflejos.com.ar\/2021\/wp-json\/wp\/v2\/types\/post"}],"author":[{"embeddable":true,"href":"https:\/\/www.noticiasradioreflejos.com.ar\/2021\/wp-json\/wp\/v2\/users\/3"}],"replies":[{"embeddable":true,"href":"https:\/\/www.noticiasradioreflejos.com.ar\/2021\/wp-json\/wp\/v2\/comments?post=33942"}],"version-history":[{"count":0,"href":"https:\/\/www.noticiasradioreflejos.com.ar\/2021\/wp-json\/wp\/v2\/posts\/33942\/revisions"}],"wp:attachment":[{"href":"https:\/\/www.noticiasradioreflejos.com.ar\/2021\/wp-json\/wp\/v2\/media?parent=33942"}],"wp:term":[{"taxonomy":"category","embeddable":true,"href":"https:\/\/www.noticiasradioreflejos.com.ar\/2021\/wp-json\/wp\/v2\/categories?post=33942"},{"taxonomy":"post_tag","embeddable":true,"href":"https:\/\/www.noticiasradioreflejos.com.ar\/2021\/wp-json\/wp\/v2\/tags?post=33942"}],"curies":[{"name":"wp","href":"https:\/\/api.w.org\/{rel}","templated":true}]}}