{"id":33920,"date":"2019-08-17T09:55:12","date_gmt":"2019-08-17T12:55:12","guid":{"rendered":"http:\/\/www.noticiasradioreflejos.com.ar\/noticias\/?p=33920"},"modified":"2019-08-17T09:55:12","modified_gmt":"2019-08-17T12:55:12","slug":"sorteo-del-bono-contribucion-del-jardin-906","status":"publish","type":"post","link":"https:\/\/www.noticiasradioreflejos.com.ar\/2021\/sorteo-del-bono-contribucion-del-jardin-906\/","title":{"rendered":"Sorteo del bono contribuci\u00f3n del Jard\u00edn 906."},"content":{"rendered":"<p>Se realiz\u00f3 este viernes 16 el sorteo del bono contribuci\u00f3n de la Cooperadora del Jard\u00edn N\u00b0 906, \u00abSapito de las Sierras\u00bb de Villa Ventana.<!--more--><br \/>\n<strong>Comunicado de la Cooperadora:<\/strong><br \/>\nESTE VIERNES 16 DE AGOSTO, LA ASOCIACI\u00d3N COOPERADORA DEL JARD\u00cdN N\u00b0 906 \u201cSAPITO DE LAS SIERRAS \u201cDE VILLA VENTANA, REALIZ\u00d3 EL SORTEO DEL BONO CONTRIBUCI\u00d3N, CON LA PRESENCIA DE FAMILIAS DE LOS ALUMNOS Y MIEMBROS DE LA COMISI\u00d3N DIRECTIVA.<br \/>\nSE INFORMAN LOS N\u00daMEROS QUE NO PARTICIPARON,  POR NO SER ENTREGADOS DE VUELTA A ESTA ASOCIACI\u00d3N, AL D\u00cdA DEL SORTEO. ELLOS SON:<br \/>\n&#8211;\tTALONARIO NARANJA: 37 AL 48; 109 AL 120<br \/>\n&#8211;\tTALONARIO CELESTE: 85 AL 96.<br \/>\n&#8211;\tTALONARIO AMARILLO: 943 AL 954.<br \/>\nLOS GANADORES SON:<br \/>\n1\u00b0 PREMIO: UNA BICICLETA.<br \/>\nN\u00daMERO 881, AMARILLO. CINTHIA PATAHUER DE MU\u00d1OZ<br \/>\n2\u00b0 PREMIO: UNA MERIENDA PARA 2 PERSONAS EN CASA DE T\u00c9 \u201cEL CANDIL\u201d.<br \/>\nN\u00daMERO 145, NARANJA. SILVIA CROCE.<br \/>\n3\u00b0 PREMIO: UNA BANDEJA DE MERIENDA<br \/>\nN\u00daMERO 108, NARANJA. ANABEL  MENDOZA<br \/>\n4\u00b0AL 9\u00b0 PREMIO: UN  JUEGOS DE MESA.<br \/>\n N\u00daMEROS: 143, 2, 77, 81, NARANJA<br \/>\n                      58, CELESTE;<br \/>\n                     796, AMARILLO<br \/>\n10\u00b0 AL 32\u00b0: BANDEJA O BOLSA CON PRODUCTOS PARA UNA MERIENDA.<br \/>\nN\u00daMEROS: 97, 65, 178, 30, 63, 56, 135, 20, NARANJA;<br \/>\n                     894, 818, 812, 991,  865, 175, 999, 873, 769, 940, 789, AMARILLO;<br \/>\n                     21, 50, 75, 59, CELESTE<br \/>\nGRACIAS A TODOS LOS QUE COLABORARON VENDIENDO, COMPRANDO UN N\u00daMERO Y A LOS QUE APORTARON PARA EL ARMADO DE LOS PREMIOS.<br \/>\n                    GUADALUPE SAN MARTIN, PRESIDENTA DE LA ASOCIACI\u00d3N COOPERADORA J.I. 906<\/p>\n","protected":false},"excerpt":{"rendered":"<p>Se realiz\u00f3 este viernes 16 el sorteo del bono contribuci\u00f3n de la Cooperadora del Jard\u00edn N\u00b0 906, \u00abSapito de las Sierras\u00bb de Villa Ventana.<\/p>\n","protected":false},"author":3,"featured_media":10037,"comment_status":"closed","ping_status":"open","sticky":false,"template":"","format":"standard","meta":{"footnotes":""},"categories":[26],"tags":[],"class_list":["post-33920","post","type-post","status-publish","format-standard","has-post-thumbnail","hentry","category-sociedad"],"yoast_head":"<!-- This site is optimized with the Yoast SEO plugin v25.9 - https:\/\/yoast.com\/wordpress\/plugins\/seo\/ -->\n<title>Sorteo del bono contribuci\u00f3n del Jard\u00edn 906. - Noticias Radio Reflejos<\/title>\n<meta name=\"robots\" content=\"index, follow, max-snippet:-1, max-image-preview:large, max-video-preview:-1\" \/>\n<link rel=\"canonical\" href=\"https:\/\/www.noticiasradioreflejos.com.ar\/2021\/sorteo-del-bono-contribucion-del-jardin-906\/\" \/>\n<meta property=\"og:locale\" content=\"es_ES\" \/>\n<meta property=\"og:type\" content=\"article\" \/>\n<meta property=\"og:title\" content=\"Sorteo del bono contribuci\u00f3n del Jard\u00edn 906. - Noticias Radio Reflejos\" \/>\n<meta property=\"og:description\" content=\"Se realiz\u00f3 este viernes 16 el sorteo del bono contribuci\u00f3n de la Cooperadora del Jard\u00edn N\u00b0 906, \u00abSapito de las Sierras\u00bb de Villa Ventana.\" \/>\n<meta property=\"og:url\" content=\"https:\/\/www.noticiasradioreflejos.com.ar\/2021\/sorteo-del-bono-contribucion-del-jardin-906\/\" \/>\n<meta property=\"og:site_name\" content=\"Noticias Radio Reflejos\" \/>\n<meta property=\"article:published_time\" content=\"2019-08-17T12:55:12+00:00\" \/>\n<meta property=\"og:image\" content=\"https:\/\/www.noticiasradioreflejos.com.ar\/2021\/wp-content\/uploads\/2017\/05\/18426029_10212842148387295_1626437090_n.jpg\" \/>\n\t<meta property=\"og:image:width\" content=\"640\" \/>\n\t<meta property=\"og:image:height\" content=\"384\" \/>\n\t<meta property=\"og:image:type\" content=\"image\/jpeg\" \/>\n<meta name=\"author\" content=\"Arnaldo Botto\" \/>\n<meta name=\"twitter:card\" content=\"summary_large_image\" \/>\n<script type=\"application\/ld+json\" class=\"yoast-schema-graph\">{\"@context\":\"https:\/\/schema.org\",\"@graph\":[{\"@type\":\"WebPage\",\"@id\":\"https:\/\/www.noticiasradioreflejos.com.ar\/2021\/sorteo-del-bono-contribucion-del-jardin-906\/\",\"url\":\"https:\/\/www.noticiasradioreflejos.com.ar\/2021\/sorteo-del-bono-contribucion-del-jardin-906\/\",\"name\":\"Sorteo del bono contribuci\u00f3n del Jard\u00edn 906. - Noticias Radio Reflejos\",\"isPartOf\":{\"@id\":\"https:\/\/www.noticiasradioreflejos.com.ar\/2021\/#website\"},\"primaryImageOfPage\":{\"@id\":\"https:\/\/www.noticiasradioreflejos.com.ar\/2021\/sorteo-del-bono-contribucion-del-jardin-906\/#primaryimage\"},\"image\":{\"@id\":\"https:\/\/www.noticiasradioreflejos.com.ar\/2021\/sorteo-del-bono-contribucion-del-jardin-906\/#primaryimage\"},\"thumbnailUrl\":\"https:\/\/www.noticiasradioreflejos.com.ar\/2021\/wp-content\/uploads\/2017\/05\/18426029_10212842148387295_1626437090_n.jpg\",\"datePublished\":\"2019-08-17T12:55:12+00:00\",\"author\":{\"@id\":\"https:\/\/www.noticiasradioreflejos.com.ar\/2021\/#\/schema\/person\/ad82545263dcc5ec0996818884fd5fb1\"},\"breadcrumb\":{\"@id\":\"https:\/\/www.noticiasradioreflejos.com.ar\/2021\/sorteo-del-bono-contribucion-del-jardin-906\/#breadcrumb\"},\"inLanguage\":\"es\",\"potentialAction\":[{\"@type\":\"ReadAction\",\"target\":[\"https:\/\/www.noticiasradioreflejos.com.ar\/2021\/sorteo-del-bono-contribucion-del-jardin-906\/\"]}]},{\"@type\":\"ImageObject\",\"inLanguage\":\"es\",\"@id\":\"https:\/\/www.noticiasradioreflejos.com.ar\/2021\/sorteo-del-bono-contribucion-del-jardin-906\/#primaryimage\",\"url\":\"https:\/\/www.noticiasradioreflejos.com.ar\/2021\/wp-content\/uploads\/2017\/05\/18426029_10212842148387295_1626437090_n.jpg\",\"contentUrl\":\"https:\/\/www.noticiasradioreflejos.com.ar\/2021\/wp-content\/uploads\/2017\/05\/18426029_10212842148387295_1626437090_n.jpg\",\"width\":640,\"height\":384},{\"@type\":\"BreadcrumbList\",\"@id\":\"https:\/\/www.noticiasradioreflejos.com.ar\/2021\/sorteo-del-bono-contribucion-del-jardin-906\/#breadcrumb\",\"itemListElement\":[{\"@type\":\"ListItem\",\"position\":1,\"name\":\"Portada\",\"item\":\"https:\/\/www.noticiasradioreflejos.com.ar\/2021\/\"},{\"@type\":\"ListItem\",\"position\":2,\"name\":\"Sorteo del bono contribuci\u00f3n del Jard\u00edn 906.\"}]},{\"@type\":\"WebSite\",\"@id\":\"https:\/\/www.noticiasradioreflejos.com.ar\/2021\/#website\",\"url\":\"https:\/\/www.noticiasradioreflejos.com.ar\/2021\/\",\"name\":\"Noticias Radio Reflejos\",\"description\":\"Las noticias de mi comarca\",\"potentialAction\":[{\"@type\":\"SearchAction\",\"target\":{\"@type\":\"EntryPoint\",\"urlTemplate\":\"https:\/\/www.noticiasradioreflejos.com.ar\/2021\/?s={search_term_string}\"},\"query-input\":{\"@type\":\"PropertyValueSpecification\",\"valueRequired\":true,\"valueName\":\"search_term_string\"}}],\"inLanguage\":\"es\"},{\"@type\":\"Person\",\"@id\":\"https:\/\/www.noticiasradioreflejos.com.ar\/2021\/#\/schema\/person\/ad82545263dcc5ec0996818884fd5fb1\",\"name\":\"Arnaldo Botto\",\"image\":{\"@type\":\"ImageObject\",\"inLanguage\":\"es\",\"@id\":\"https:\/\/www.noticiasradioreflejos.com.ar\/2021\/#\/schema\/person\/image\/\",\"url\":\"https:\/\/secure.gravatar.com\/avatar\/55cb5e37c1efa326397366e6974cb338056df65cb50e7d64d1cf314e87504837?s=96&d=mm&r=g\",\"contentUrl\":\"https:\/\/secure.gravatar.com\/avatar\/55cb5e37c1efa326397366e6974cb338056df65cb50e7d64d1cf314e87504837?s=96&d=mm&r=g\",\"caption\":\"Arnaldo Botto\"},\"url\":\"https:\/\/www.noticiasradioreflejos.com.ar\/2021\/author\/arnaldo\/\"}]}<\/script>\n<!-- \/ Yoast SEO plugin. -->","yoast_head_json":{"title":"Sorteo del bono contribuci\u00f3n del Jard\u00edn 906. - Noticias Radio Reflejos","robots":{"index":"index","follow":"follow","max-snippet":"max-snippet:-1","max-image-preview":"max-image-preview:large","max-video-preview":"max-video-preview:-1"},"canonical":"https:\/\/www.noticiasradioreflejos.com.ar\/2021\/sorteo-del-bono-contribucion-del-jardin-906\/","og_locale":"es_ES","og_type":"article","og_title":"Sorteo del bono contribuci\u00f3n del Jard\u00edn 906. - Noticias Radio Reflejos","og_description":"Se realiz\u00f3 este viernes 16 el sorteo del bono contribuci\u00f3n de la Cooperadora del Jard\u00edn N\u00b0 906, \u00abSapito de las Sierras\u00bb de Villa Ventana.","og_url":"https:\/\/www.noticiasradioreflejos.com.ar\/2021\/sorteo-del-bono-contribucion-del-jardin-906\/","og_site_name":"Noticias Radio Reflejos","article_published_time":"2019-08-17T12:55:12+00:00","og_image":[{"width":640,"height":384,"url":"https:\/\/www.noticiasradioreflejos.com.ar\/2021\/wp-content\/uploads\/2017\/05\/18426029_10212842148387295_1626437090_n.jpg","type":"image\/jpeg"}],"author":"Arnaldo Botto","twitter_card":"summary_large_image","schema":{"@context":"https:\/\/schema.org","@graph":[{"@type":"WebPage","@id":"https:\/\/www.noticiasradioreflejos.com.ar\/2021\/sorteo-del-bono-contribucion-del-jardin-906\/","url":"https:\/\/www.noticiasradioreflejos.com.ar\/2021\/sorteo-del-bono-contribucion-del-jardin-906\/","name":"Sorteo del bono contribuci\u00f3n del Jard\u00edn 906. - Noticias Radio Reflejos","isPartOf":{"@id":"https:\/\/www.noticiasradioreflejos.com.ar\/2021\/#website"},"primaryImageOfPage":{"@id":"https:\/\/www.noticiasradioreflejos.com.ar\/2021\/sorteo-del-bono-contribucion-del-jardin-906\/#primaryimage"},"image":{"@id":"https:\/\/www.noticiasradioreflejos.com.ar\/2021\/sorteo-del-bono-contribucion-del-jardin-906\/#primaryimage"},"thumbnailUrl":"https:\/\/www.noticiasradioreflejos.com.ar\/2021\/wp-content\/uploads\/2017\/05\/18426029_10212842148387295_1626437090_n.jpg","datePublished":"2019-08-17T12:55:12+00:00","author":{"@id":"https:\/\/www.noticiasradioreflejos.com.ar\/2021\/#\/schema\/person\/ad82545263dcc5ec0996818884fd5fb1"},"breadcrumb":{"@id":"https:\/\/www.noticiasradioreflejos.com.ar\/2021\/sorteo-del-bono-contribucion-del-jardin-906\/#breadcrumb"},"inLanguage":"es","potentialAction":[{"@type":"ReadAction","target":["https:\/\/www.noticiasradioreflejos.com.ar\/2021\/sorteo-del-bono-contribucion-del-jardin-906\/"]}]},{"@type":"ImageObject","inLanguage":"es","@id":"https:\/\/www.noticiasradioreflejos.com.ar\/2021\/sorteo-del-bono-contribucion-del-jardin-906\/#primaryimage","url":"https:\/\/www.noticiasradioreflejos.com.ar\/2021\/wp-content\/uploads\/2017\/05\/18426029_10212842148387295_1626437090_n.jpg","contentUrl":"https:\/\/www.noticiasradioreflejos.com.ar\/2021\/wp-content\/uploads\/2017\/05\/18426029_10212842148387295_1626437090_n.jpg","width":640,"height":384},{"@type":"BreadcrumbList","@id":"https:\/\/www.noticiasradioreflejos.com.ar\/2021\/sorteo-del-bono-contribucion-del-jardin-906\/#breadcrumb","itemListElement":[{"@type":"ListItem","position":1,"name":"Portada","item":"https:\/\/www.noticiasradioreflejos.com.ar\/2021\/"},{"@type":"ListItem","position":2,"name":"Sorteo del bono contribuci\u00f3n del Jard\u00edn 906."}]},{"@type":"WebSite","@id":"https:\/\/www.noticiasradioreflejos.com.ar\/2021\/#website","url":"https:\/\/www.noticiasradioreflejos.com.ar\/2021\/","name":"Noticias Radio Reflejos","description":"Las noticias de mi comarca","potentialAction":[{"@type":"SearchAction","target":{"@type":"EntryPoint","urlTemplate":"https:\/\/www.noticiasradioreflejos.com.ar\/2021\/?s={search_term_string}"},"query-input":{"@type":"PropertyValueSpecification","valueRequired":true,"valueName":"search_term_string"}}],"inLanguage":"es"},{"@type":"Person","@id":"https:\/\/www.noticiasradioreflejos.com.ar\/2021\/#\/schema\/person\/ad82545263dcc5ec0996818884fd5fb1","name":"Arnaldo Botto","image":{"@type":"ImageObject","inLanguage":"es","@id":"https:\/\/www.noticiasradioreflejos.com.ar\/2021\/#\/schema\/person\/image\/","url":"https:\/\/secure.gravatar.com\/avatar\/55cb5e37c1efa326397366e6974cb338056df65cb50e7d64d1cf314e87504837?s=96&d=mm&r=g","contentUrl":"https:\/\/secure.gravatar.com\/avatar\/55cb5e37c1efa326397366e6974cb338056df65cb50e7d64d1cf314e87504837?s=96&d=mm&r=g","caption":"Arnaldo Botto"},"url":"https:\/\/www.noticiasradioreflejos.com.ar\/2021\/author\/arnaldo\/"}]}},"_links":{"self":[{"href":"https:\/\/www.noticiasradioreflejos.com.ar\/2021\/wp-json\/wp\/v2\/posts\/33920","targetHints":{"allow":["GET"]}}],"collection":[{"href":"https:\/\/www.noticiasradioreflejos.com.ar\/2021\/wp-json\/wp\/v2\/posts"}],"about":[{"href":"https:\/\/www.noticiasradioreflejos.com.ar\/2021\/wp-json\/wp\/v2\/types\/post"}],"author":[{"embeddable":true,"href":"https:\/\/www.noticiasradioreflejos.com.ar\/2021\/wp-json\/wp\/v2\/users\/3"}],"replies":[{"embeddable":true,"href":"https:\/\/www.noticiasradioreflejos.com.ar\/2021\/wp-json\/wp\/v2\/comments?post=33920"}],"version-history":[{"count":0,"href":"https:\/\/www.noticiasradioreflejos.com.ar\/2021\/wp-json\/wp\/v2\/posts\/33920\/revisions"}],"wp:featuredmedia":[{"embeddable":true,"href":"https:\/\/www.noticiasradioreflejos.com.ar\/2021\/wp-json\/wp\/v2\/media\/10037"}],"wp:attachment":[{"href":"https:\/\/www.noticiasradioreflejos.com.ar\/2021\/wp-json\/wp\/v2\/media?parent=33920"}],"wp:term":[{"taxonomy":"category","embeddable":true,"href":"https:\/\/www.noticiasradioreflejos.com.ar\/2021\/wp-json\/wp\/v2\/categories?post=33920"},{"taxonomy":"post_tag","embeddable":true,"href":"https:\/\/www.noticiasradioreflejos.com.ar\/2021\/wp-json\/wp\/v2\/tags?post=33920"}],"curies":[{"name":"wp","href":"https:\/\/api.w.org\/{rel}","templated":true}]}}