{"id":33915,"date":"2019-08-17T09:46:30","date_gmt":"2019-08-17T12:46:30","guid":{"rendered":"http:\/\/www.noticiasradioreflejos.com.ar\/noticias\/?p=33915"},"modified":"2019-08-17T09:46:30","modified_gmt":"2019-08-17T12:46:30","slug":"banalizar-la-violencia-hacia-las-mujeres-es-imperdonable","status":"publish","type":"post","link":"https:\/\/www.noticiasradioreflejos.com.ar\/2021\/banalizar-la-violencia-hacia-las-mujeres-es-imperdonable\/","title":{"rendered":"Banalizar la violencia hacia las mujeres es imperdonable"},"content":{"rendered":"<p><a href=\"#VidalEsResponsable\" target=\"_blank\" rel=\"noopener\">#VidalEsResponsable<\/a><br \/>\nMar\u00eda Eugenia Vidal, la Gobernadora de la Provincia de Buenos Aires es la responsable de garantizar las pol\u00edticas p\u00fablicas para la prevenci\u00f3n y erradicaci\u00f3n de la violencia hacia las mujeres y de proteger sus vidas y las de sus hijes en situaciones extremas.<!--more--><br \/>\n&#8211; Es responsable tambi\u00e9n del ajuste en el presupuesto provincial, el desmantelamiento y desfinanciamiento de programas espec\u00edficos para mujeres en situaci\u00f3n de violencia. Es la responsable de la precarizaci\u00f3n y despidos a trabajadoras de la l\u00ednea provincial 144 que implican tambi\u00e9n la sobrecarga de trabajo.<br \/>\n&#8211; Es responsable de la escasa posibilidad de capacitaci\u00f3n para les trabajadores de la educaci\u00f3n que genera dificultades para la implementaci\u00f3n de la ESI en todas las escuelas. Una herramienta que permite romper con estereotipos de g\u00e9neros, promover la autonom\u00eda: elementos fundamentales para el cambio cultural.<br \/>\n&#8211; Y es la responsable tambi\u00e9n de la peor de las intervenciones en situaciones de violencia: revictimiza, deja expuesta, apelando a una valent\u00eda muy cercana a la patota que se basa en un paternalismo que ninguna mujer necesita. Usar la violencia sufrida por una mujer para construir una imagen propia subestimando al violento, que queda an\u00f3nimo y exponer a la v\u00edctima es poner en riesgo la vida de la mujer.<br \/>\n&#8211; Distribuir un v\u00eddeo con esa puesta en escena que desvaloriza el acompa\u00f1amiento a una mujer en situaci\u00f3n de violencia y las obligaciones de la Justicia cuando una mujer denuncia, y acciones b\u00e1sicas en las intervenciones, es una provocaci\u00f3n en el pa\u00eds del #NiUnaMenos y de un femicidio diario. Es pensar que vamos a creer que es la gobernadora en persona la que va a garantizar el acompa\u00f1amiento y protecci\u00f3n de la mujer.<br \/>\nDarle lugar a pol\u00edticas p\u00fablicas espec\u00edficas, con perspectiva de g\u00e9nero y garantizar la aplicaci\u00f3n plena de leyes que son producto de luchas y debates durante mucho tiempo (de ESI, de Salud Sexual y Reproductiva, de Identidad de G\u00e9nero, de cupo laboral travesti trans, de licencia laboral por violencia de g\u00e9nero, Micaela, Brisa) es lo que le corresponde hacer desde el lugar de gobernadora si tiene la decisi\u00f3n pol\u00edtica de garantizar el derecho a vivir una vida libre de violencias. No lo hizo en todo el mandato y ya sobre el final parece burlarse de los padecimientos que atraviesan las vidas de las mujeres.<br \/>\nSe\u00f1ora gobernadora Nos falta el respeto a todas.<br \/>\n<a href=\"#VidalEsResponsable\" target=\"_blank\" rel=\"noopener\">#VidalEsResponsable<\/a><br \/>\n<strong><br \/>\ntornquist@suteba.org.ar<\/strong><\/p>\n","protected":false},"excerpt":{"rendered":"<p>#VidalEsResponsable Mar\u00eda Eugenia Vidal, la Gobernadora de la Provincia de Buenos Aires es la responsable de garantizar las pol\u00edticas p\u00fablicas para la prevenci\u00f3n y erradicaci\u00f3n de la violencia hacia las mujeres y de proteger sus vidas y las de sus hijes en situaciones extremas.<\/p>\n","protected":false},"author":3,"featured_media":0,"comment_status":"closed","ping_status":"open","sticky":false,"template":"","format":"standard","meta":{"footnotes":""},"categories":[24],"tags":[],"class_list":["post-33915","post","type-post","status-publish","format-standard","hentry","category-politica"],"yoast_head":"<!-- This site is optimized with the Yoast SEO plugin v25.9 - https:\/\/yoast.com\/wordpress\/plugins\/seo\/ -->\n<title>Banalizar la violencia hacia las mujeres es imperdonable - Noticias Radio Reflejos<\/title>\n<meta name=\"robots\" content=\"index, follow, max-snippet:-1, max-image-preview:large, max-video-preview:-1\" \/>\n<link rel=\"canonical\" href=\"https:\/\/www.noticiasradioreflejos.com.ar\/2021\/banalizar-la-violencia-hacia-las-mujeres-es-imperdonable\/\" \/>\n<meta property=\"og:locale\" content=\"es_ES\" \/>\n<meta property=\"og:type\" content=\"article\" \/>\n<meta property=\"og:title\" content=\"Banalizar la violencia hacia las mujeres es imperdonable - Noticias Radio Reflejos\" \/>\n<meta property=\"og:description\" content=\"#VidalEsResponsable Mar\u00eda Eugenia Vidal, la Gobernadora de la Provincia de Buenos Aires es la responsable de garantizar las pol\u00edticas p\u00fablicas para la prevenci\u00f3n y erradicaci\u00f3n de la violencia hacia las mujeres y de proteger sus vidas y las de sus hijes en situaciones extremas.\" \/>\n<meta property=\"og:url\" content=\"https:\/\/www.noticiasradioreflejos.com.ar\/2021\/banalizar-la-violencia-hacia-las-mujeres-es-imperdonable\/\" \/>\n<meta property=\"og:site_name\" content=\"Noticias Radio Reflejos\" \/>\n<meta property=\"article:published_time\" content=\"2019-08-17T12:46:30+00:00\" \/>\n<meta property=\"og:image\" content=\"https:\/\/www.noticiasradioreflejos.com.ar\/2021\/wp-content\/uploads\/2021\/07\/logosol300x200.png\" \/>\n\t<meta property=\"og:image:width\" content=\"300\" \/>\n\t<meta property=\"og:image:height\" content=\"200\" \/>\n\t<meta property=\"og:image:type\" content=\"image\/png\" \/>\n<meta name=\"author\" content=\"Arnaldo Botto\" \/>\n<meta name=\"twitter:card\" content=\"summary_large_image\" \/>\n<script type=\"application\/ld+json\" class=\"yoast-schema-graph\">{\"@context\":\"https:\/\/schema.org\",\"@graph\":[{\"@type\":\"WebPage\",\"@id\":\"https:\/\/www.noticiasradioreflejos.com.ar\/2021\/banalizar-la-violencia-hacia-las-mujeres-es-imperdonable\/\",\"url\":\"https:\/\/www.noticiasradioreflejos.com.ar\/2021\/banalizar-la-violencia-hacia-las-mujeres-es-imperdonable\/\",\"name\":\"Banalizar la violencia hacia las mujeres es imperdonable - Noticias Radio Reflejos\",\"isPartOf\":{\"@id\":\"https:\/\/www.noticiasradioreflejos.com.ar\/2021\/#website\"},\"datePublished\":\"2019-08-17T12:46:30+00:00\",\"author\":{\"@id\":\"https:\/\/www.noticiasradioreflejos.com.ar\/2021\/#\/schema\/person\/ad82545263dcc5ec0996818884fd5fb1\"},\"breadcrumb\":{\"@id\":\"https:\/\/www.noticiasradioreflejos.com.ar\/2021\/banalizar-la-violencia-hacia-las-mujeres-es-imperdonable\/#breadcrumb\"},\"inLanguage\":\"es\",\"potentialAction\":[{\"@type\":\"ReadAction\",\"target\":[\"https:\/\/www.noticiasradioreflejos.com.ar\/2021\/banalizar-la-violencia-hacia-las-mujeres-es-imperdonable\/\"]}]},{\"@type\":\"BreadcrumbList\",\"@id\":\"https:\/\/www.noticiasradioreflejos.com.ar\/2021\/banalizar-la-violencia-hacia-las-mujeres-es-imperdonable\/#breadcrumb\",\"itemListElement\":[{\"@type\":\"ListItem\",\"position\":1,\"name\":\"Portada\",\"item\":\"https:\/\/www.noticiasradioreflejos.com.ar\/2021\/\"},{\"@type\":\"ListItem\",\"position\":2,\"name\":\"Banalizar la violencia hacia las mujeres es imperdonable\"}]},{\"@type\":\"WebSite\",\"@id\":\"https:\/\/www.noticiasradioreflejos.com.ar\/2021\/#website\",\"url\":\"https:\/\/www.noticiasradioreflejos.com.ar\/2021\/\",\"name\":\"Noticias Radio Reflejos\",\"description\":\"Las noticias de mi comarca\",\"potentialAction\":[{\"@type\":\"SearchAction\",\"target\":{\"@type\":\"EntryPoint\",\"urlTemplate\":\"https:\/\/www.noticiasradioreflejos.com.ar\/2021\/?s={search_term_string}\"},\"query-input\":{\"@type\":\"PropertyValueSpecification\",\"valueRequired\":true,\"valueName\":\"search_term_string\"}}],\"inLanguage\":\"es\"},{\"@type\":\"Person\",\"@id\":\"https:\/\/www.noticiasradioreflejos.com.ar\/2021\/#\/schema\/person\/ad82545263dcc5ec0996818884fd5fb1\",\"name\":\"Arnaldo Botto\",\"image\":{\"@type\":\"ImageObject\",\"inLanguage\":\"es\",\"@id\":\"https:\/\/www.noticiasradioreflejos.com.ar\/2021\/#\/schema\/person\/image\/\",\"url\":\"https:\/\/secure.gravatar.com\/avatar\/55cb5e37c1efa326397366e6974cb338056df65cb50e7d64d1cf314e87504837?s=96&d=mm&r=g\",\"contentUrl\":\"https:\/\/secure.gravatar.com\/avatar\/55cb5e37c1efa326397366e6974cb338056df65cb50e7d64d1cf314e87504837?s=96&d=mm&r=g\",\"caption\":\"Arnaldo Botto\"},\"url\":\"https:\/\/www.noticiasradioreflejos.com.ar\/2021\/author\/arnaldo\/\"}]}<\/script>\n<!-- \/ Yoast SEO plugin. -->","yoast_head_json":{"title":"Banalizar la violencia hacia las mujeres es imperdonable - Noticias Radio Reflejos","robots":{"index":"index","follow":"follow","max-snippet":"max-snippet:-1","max-image-preview":"max-image-preview:large","max-video-preview":"max-video-preview:-1"},"canonical":"https:\/\/www.noticiasradioreflejos.com.ar\/2021\/banalizar-la-violencia-hacia-las-mujeres-es-imperdonable\/","og_locale":"es_ES","og_type":"article","og_title":"Banalizar la violencia hacia las mujeres es imperdonable - Noticias Radio Reflejos","og_description":"#VidalEsResponsable Mar\u00eda Eugenia Vidal, la Gobernadora de la Provincia de Buenos Aires es la responsable de garantizar las pol\u00edticas p\u00fablicas para la prevenci\u00f3n y erradicaci\u00f3n de la violencia hacia las mujeres y de proteger sus vidas y las de sus hijes en situaciones extremas.","og_url":"https:\/\/www.noticiasradioreflejos.com.ar\/2021\/banalizar-la-violencia-hacia-las-mujeres-es-imperdonable\/","og_site_name":"Noticias Radio Reflejos","article_published_time":"2019-08-17T12:46:30+00:00","og_image":[{"width":300,"height":200,"url":"https:\/\/www.noticiasradioreflejos.com.ar\/2021\/wp-content\/uploads\/2021\/07\/logosol300x200.png","type":"image\/png"}],"author":"Arnaldo Botto","twitter_card":"summary_large_image","schema":{"@context":"https:\/\/schema.org","@graph":[{"@type":"WebPage","@id":"https:\/\/www.noticiasradioreflejos.com.ar\/2021\/banalizar-la-violencia-hacia-las-mujeres-es-imperdonable\/","url":"https:\/\/www.noticiasradioreflejos.com.ar\/2021\/banalizar-la-violencia-hacia-las-mujeres-es-imperdonable\/","name":"Banalizar la violencia hacia las mujeres es imperdonable - Noticias Radio Reflejos","isPartOf":{"@id":"https:\/\/www.noticiasradioreflejos.com.ar\/2021\/#website"},"datePublished":"2019-08-17T12:46:30+00:00","author":{"@id":"https:\/\/www.noticiasradioreflejos.com.ar\/2021\/#\/schema\/person\/ad82545263dcc5ec0996818884fd5fb1"},"breadcrumb":{"@id":"https:\/\/www.noticiasradioreflejos.com.ar\/2021\/banalizar-la-violencia-hacia-las-mujeres-es-imperdonable\/#breadcrumb"},"inLanguage":"es","potentialAction":[{"@type":"ReadAction","target":["https:\/\/www.noticiasradioreflejos.com.ar\/2021\/banalizar-la-violencia-hacia-las-mujeres-es-imperdonable\/"]}]},{"@type":"BreadcrumbList","@id":"https:\/\/www.noticiasradioreflejos.com.ar\/2021\/banalizar-la-violencia-hacia-las-mujeres-es-imperdonable\/#breadcrumb","itemListElement":[{"@type":"ListItem","position":1,"name":"Portada","item":"https:\/\/www.noticiasradioreflejos.com.ar\/2021\/"},{"@type":"ListItem","position":2,"name":"Banalizar la violencia hacia las mujeres es imperdonable"}]},{"@type":"WebSite","@id":"https:\/\/www.noticiasradioreflejos.com.ar\/2021\/#website","url":"https:\/\/www.noticiasradioreflejos.com.ar\/2021\/","name":"Noticias Radio Reflejos","description":"Las noticias de mi comarca","potentialAction":[{"@type":"SearchAction","target":{"@type":"EntryPoint","urlTemplate":"https:\/\/www.noticiasradioreflejos.com.ar\/2021\/?s={search_term_string}"},"query-input":{"@type":"PropertyValueSpecification","valueRequired":true,"valueName":"search_term_string"}}],"inLanguage":"es"},{"@type":"Person","@id":"https:\/\/www.noticiasradioreflejos.com.ar\/2021\/#\/schema\/person\/ad82545263dcc5ec0996818884fd5fb1","name":"Arnaldo Botto","image":{"@type":"ImageObject","inLanguage":"es","@id":"https:\/\/www.noticiasradioreflejos.com.ar\/2021\/#\/schema\/person\/image\/","url":"https:\/\/secure.gravatar.com\/avatar\/55cb5e37c1efa326397366e6974cb338056df65cb50e7d64d1cf314e87504837?s=96&d=mm&r=g","contentUrl":"https:\/\/secure.gravatar.com\/avatar\/55cb5e37c1efa326397366e6974cb338056df65cb50e7d64d1cf314e87504837?s=96&d=mm&r=g","caption":"Arnaldo Botto"},"url":"https:\/\/www.noticiasradioreflejos.com.ar\/2021\/author\/arnaldo\/"}]}},"_links":{"self":[{"href":"https:\/\/www.noticiasradioreflejos.com.ar\/2021\/wp-json\/wp\/v2\/posts\/33915","targetHints":{"allow":["GET"]}}],"collection":[{"href":"https:\/\/www.noticiasradioreflejos.com.ar\/2021\/wp-json\/wp\/v2\/posts"}],"about":[{"href":"https:\/\/www.noticiasradioreflejos.com.ar\/2021\/wp-json\/wp\/v2\/types\/post"}],"author":[{"embeddable":true,"href":"https:\/\/www.noticiasradioreflejos.com.ar\/2021\/wp-json\/wp\/v2\/users\/3"}],"replies":[{"embeddable":true,"href":"https:\/\/www.noticiasradioreflejos.com.ar\/2021\/wp-json\/wp\/v2\/comments?post=33915"}],"version-history":[{"count":0,"href":"https:\/\/www.noticiasradioreflejos.com.ar\/2021\/wp-json\/wp\/v2\/posts\/33915\/revisions"}],"wp:attachment":[{"href":"https:\/\/www.noticiasradioreflejos.com.ar\/2021\/wp-json\/wp\/v2\/media?parent=33915"}],"wp:term":[{"taxonomy":"category","embeddable":true,"href":"https:\/\/www.noticiasradioreflejos.com.ar\/2021\/wp-json\/wp\/v2\/categories?post=33915"},{"taxonomy":"post_tag","embeddable":true,"href":"https:\/\/www.noticiasradioreflejos.com.ar\/2021\/wp-json\/wp\/v2\/tags?post=33915"}],"curies":[{"name":"wp","href":"https:\/\/api.w.org\/{rel}","templated":true}]}}