{"id":33906,"date":"2019-08-17T09:34:24","date_gmt":"2019-08-17T12:34:24","guid":{"rendered":"http:\/\/www.noticiasradioreflejos.com.ar\/noticias\/?p=33906"},"modified":"2019-08-17T09:34:24","modified_gmt":"2019-08-17T12:34:24","slug":"actividades-del-fin-de-semana-en-la-biblioteca-de-villa-ventana","status":"publish","type":"post","link":"https:\/\/www.noticiasradioreflejos.com.ar\/2021\/actividades-del-fin-de-semana-en-la-biblioteca-de-villa-ventana\/","title":{"rendered":"Actividades del f\u00edn de semana en la Biblioteca de Villa Ventana"},"content":{"rendered":"<p>Muestra fotogr\u00e1fica y D\u00fao de guitarras se presentan este s\u00e1bado y domingo en la Biblioteca Popular Macedonio Fernandez.<!--more--><br \/>\n &#8211; S\u00c1BADO 17 DE AGOSTO &#8211; 16 HS. \u00abEn libertad\u00bb. Muestra fotogr\u00e1fica de Pedro Daniel Cabrera. COA Gaucho Serrano. Aves Argentinas<br \/>\n &#8211; DOMINGO 18 DE AGOSTO &#8211; 21 HS. Cande Maio y Jorge Arias: D\u00fao Ac\u00fastico<br \/>\nA mediados del 2018 comienzan a gestar el d\u00fao ac\u00fastico de guitarras y voces, componiendo y arreglando de forma conjunta canciones propias y otras, logrando con gran naturalidad y din\u00e1mica bellas armon\u00edas de voces con finos arreglos de guitarras. El repertorio del d\u00fao Necochense navega entre canciones de ritmos de m\u00fasica popular, folk, indie, folklore latinoamericano, tocando desde sus composiciones personales como: \u00abdespegarnos\u00bb de Cande Maio, o \u00abP\u00e1jaros\u00bb de Jorge Arias, y las conjuntas \u00abTe deseo\u00bb o \u00abMe muevo\u00bb hasta versiones de obras como: \u00abTonada de Luna llena\u00bb de Sim\u00f3n D\u00edaz, \u00abEl Cosechero\u00bb de Ram\u00f3n Ayala, \u00abAmapola\u00bb de Juan Luis Guerra, o \u00abLa \u00faltima Prosa\u00bb de Lisandro Aristimu\u00f1o.<br \/>\n<a href=\"http:\/\/www.noticiasradioreflejos.com.ar\/noticias\/wp-content\/uploads\/2019\/08\/Adobe_Post_20190814_141857.png\"><img loading=\"lazy\" decoding=\"async\" src=\"http:\/\/www.noticiasradioreflejos.com.ar\/noticias\/wp-content\/uploads\/2019\/08\/Adobe_Post_20190814_141857-819x1024.png\" alt=\"Adobe_Post_20190814_141857\" width=\"819\" height=\"1024\" class=\"aligncenter size-large wp-image-33907\" \/><\/a><\/p>\n","protected":false},"excerpt":{"rendered":"<p>Muestra fotogr\u00e1fica y D\u00fao de guitarras se presentan este s\u00e1bado y domingo en la Biblioteca Popular Macedonio Fernandez.<\/p>\n","protected":false},"author":3,"featured_media":0,"comment_status":"closed","ping_status":"open","sticky":false,"template":"","format":"standard","meta":{"footnotes":""},"categories":[35],"tags":[],"class_list":["post-33906","post","type-post","status-publish","format-standard","hentry","category-cultura"],"yoast_head":"<!-- This site is optimized with the Yoast SEO plugin v25.9 - https:\/\/yoast.com\/wordpress\/plugins\/seo\/ -->\n<title>Actividades del f\u00edn de semana en la Biblioteca de Villa Ventana - Noticias Radio Reflejos<\/title>\n<meta name=\"robots\" content=\"index, follow, max-snippet:-1, max-image-preview:large, max-video-preview:-1\" \/>\n<link rel=\"canonical\" href=\"https:\/\/www.noticiasradioreflejos.com.ar\/2021\/actividades-del-fin-de-semana-en-la-biblioteca-de-villa-ventana\/\" \/>\n<meta property=\"og:locale\" content=\"es_ES\" \/>\n<meta property=\"og:type\" content=\"article\" \/>\n<meta property=\"og:title\" content=\"Actividades del f\u00edn de semana en la Biblioteca de Villa Ventana - Noticias Radio Reflejos\" \/>\n<meta property=\"og:description\" content=\"Muestra fotogr\u00e1fica y D\u00fao de guitarras se presentan este s\u00e1bado y domingo en la Biblioteca Popular Macedonio Fernandez.\" \/>\n<meta property=\"og:url\" content=\"https:\/\/www.noticiasradioreflejos.com.ar\/2021\/actividades-del-fin-de-semana-en-la-biblioteca-de-villa-ventana\/\" \/>\n<meta property=\"og:site_name\" content=\"Noticias Radio Reflejos\" \/>\n<meta property=\"article:published_time\" content=\"2019-08-17T12:34:24+00:00\" \/>\n<meta property=\"og:image\" content=\"https:\/\/www.noticiasradioreflejos.com.ar\/2021\/wp-content\/uploads\/2021\/07\/logosol300x200.png\" \/>\n\t<meta property=\"og:image:width\" content=\"300\" \/>\n\t<meta property=\"og:image:height\" content=\"200\" \/>\n\t<meta property=\"og:image:type\" content=\"image\/png\" \/>\n<meta name=\"author\" content=\"Arnaldo Botto\" \/>\n<meta name=\"twitter:card\" content=\"summary_large_image\" \/>\n<script type=\"application\/ld+json\" class=\"yoast-schema-graph\">{\"@context\":\"https:\/\/schema.org\",\"@graph\":[{\"@type\":\"WebPage\",\"@id\":\"https:\/\/www.noticiasradioreflejos.com.ar\/2021\/actividades-del-fin-de-semana-en-la-biblioteca-de-villa-ventana\/\",\"url\":\"https:\/\/www.noticiasradioreflejos.com.ar\/2021\/actividades-del-fin-de-semana-en-la-biblioteca-de-villa-ventana\/\",\"name\":\"Actividades del f\u00edn de semana en la Biblioteca de Villa Ventana - Noticias Radio Reflejos\",\"isPartOf\":{\"@id\":\"https:\/\/www.noticiasradioreflejos.com.ar\/2021\/#website\"},\"primaryImageOfPage\":{\"@id\":\"https:\/\/www.noticiasradioreflejos.com.ar\/2021\/actividades-del-fin-de-semana-en-la-biblioteca-de-villa-ventana\/#primaryimage\"},\"image\":{\"@id\":\"https:\/\/www.noticiasradioreflejos.com.ar\/2021\/actividades-del-fin-de-semana-en-la-biblioteca-de-villa-ventana\/#primaryimage\"},\"thumbnailUrl\":\"http:\/\/www.noticiasradioreflejos.com.ar\/noticias\/wp-content\/uploads\/2019\/08\/Adobe_Post_20190814_141857-819x1024.png\",\"datePublished\":\"2019-08-17T12:34:24+00:00\",\"author\":{\"@id\":\"https:\/\/www.noticiasradioreflejos.com.ar\/2021\/#\/schema\/person\/ad82545263dcc5ec0996818884fd5fb1\"},\"breadcrumb\":{\"@id\":\"https:\/\/www.noticiasradioreflejos.com.ar\/2021\/actividades-del-fin-de-semana-en-la-biblioteca-de-villa-ventana\/#breadcrumb\"},\"inLanguage\":\"es\",\"potentialAction\":[{\"@type\":\"ReadAction\",\"target\":[\"https:\/\/www.noticiasradioreflejos.com.ar\/2021\/actividades-del-fin-de-semana-en-la-biblioteca-de-villa-ventana\/\"]}]},{\"@type\":\"ImageObject\",\"inLanguage\":\"es\",\"@id\":\"https:\/\/www.noticiasradioreflejos.com.ar\/2021\/actividades-del-fin-de-semana-en-la-biblioteca-de-villa-ventana\/#primaryimage\",\"url\":\"http:\/\/www.noticiasradioreflejos.com.ar\/noticias\/wp-content\/uploads\/2019\/08\/Adobe_Post_20190814_141857-819x1024.png\",\"contentUrl\":\"http:\/\/www.noticiasradioreflejos.com.ar\/noticias\/wp-content\/uploads\/2019\/08\/Adobe_Post_20190814_141857-819x1024.png\"},{\"@type\":\"BreadcrumbList\",\"@id\":\"https:\/\/www.noticiasradioreflejos.com.ar\/2021\/actividades-del-fin-de-semana-en-la-biblioteca-de-villa-ventana\/#breadcrumb\",\"itemListElement\":[{\"@type\":\"ListItem\",\"position\":1,\"name\":\"Portada\",\"item\":\"https:\/\/www.noticiasradioreflejos.com.ar\/2021\/\"},{\"@type\":\"ListItem\",\"position\":2,\"name\":\"Actividades del f\u00edn de semana en la Biblioteca de Villa Ventana\"}]},{\"@type\":\"WebSite\",\"@id\":\"https:\/\/www.noticiasradioreflejos.com.ar\/2021\/#website\",\"url\":\"https:\/\/www.noticiasradioreflejos.com.ar\/2021\/\",\"name\":\"Noticias Radio Reflejos\",\"description\":\"Las noticias de mi comarca\",\"potentialAction\":[{\"@type\":\"SearchAction\",\"target\":{\"@type\":\"EntryPoint\",\"urlTemplate\":\"https:\/\/www.noticiasradioreflejos.com.ar\/2021\/?s={search_term_string}\"},\"query-input\":{\"@type\":\"PropertyValueSpecification\",\"valueRequired\":true,\"valueName\":\"search_term_string\"}}],\"inLanguage\":\"es\"},{\"@type\":\"Person\",\"@id\":\"https:\/\/www.noticiasradioreflejos.com.ar\/2021\/#\/schema\/person\/ad82545263dcc5ec0996818884fd5fb1\",\"name\":\"Arnaldo Botto\",\"image\":{\"@type\":\"ImageObject\",\"inLanguage\":\"es\",\"@id\":\"https:\/\/www.noticiasradioreflejos.com.ar\/2021\/#\/schema\/person\/image\/\",\"url\":\"https:\/\/secure.gravatar.com\/avatar\/55cb5e37c1efa326397366e6974cb338056df65cb50e7d64d1cf314e87504837?s=96&d=mm&r=g\",\"contentUrl\":\"https:\/\/secure.gravatar.com\/avatar\/55cb5e37c1efa326397366e6974cb338056df65cb50e7d64d1cf314e87504837?s=96&d=mm&r=g\",\"caption\":\"Arnaldo Botto\"},\"url\":\"https:\/\/www.noticiasradioreflejos.com.ar\/2021\/author\/arnaldo\/\"}]}<\/script>\n<!-- \/ Yoast SEO plugin. -->","yoast_head_json":{"title":"Actividades del f\u00edn de semana en la Biblioteca de Villa Ventana - Noticias Radio Reflejos","robots":{"index":"index","follow":"follow","max-snippet":"max-snippet:-1","max-image-preview":"max-image-preview:large","max-video-preview":"max-video-preview:-1"},"canonical":"https:\/\/www.noticiasradioreflejos.com.ar\/2021\/actividades-del-fin-de-semana-en-la-biblioteca-de-villa-ventana\/","og_locale":"es_ES","og_type":"article","og_title":"Actividades del f\u00edn de semana en la Biblioteca de Villa Ventana - Noticias Radio Reflejos","og_description":"Muestra fotogr\u00e1fica y D\u00fao de guitarras se presentan este s\u00e1bado y domingo en la Biblioteca Popular Macedonio Fernandez.","og_url":"https:\/\/www.noticiasradioreflejos.com.ar\/2021\/actividades-del-fin-de-semana-en-la-biblioteca-de-villa-ventana\/","og_site_name":"Noticias Radio Reflejos","article_published_time":"2019-08-17T12:34:24+00:00","og_image":[{"width":300,"height":200,"url":"https:\/\/www.noticiasradioreflejos.com.ar\/2021\/wp-content\/uploads\/2021\/07\/logosol300x200.png","type":"image\/png"}],"author":"Arnaldo Botto","twitter_card":"summary_large_image","schema":{"@context":"https:\/\/schema.org","@graph":[{"@type":"WebPage","@id":"https:\/\/www.noticiasradioreflejos.com.ar\/2021\/actividades-del-fin-de-semana-en-la-biblioteca-de-villa-ventana\/","url":"https:\/\/www.noticiasradioreflejos.com.ar\/2021\/actividades-del-fin-de-semana-en-la-biblioteca-de-villa-ventana\/","name":"Actividades del f\u00edn de semana en la Biblioteca de Villa Ventana - Noticias Radio Reflejos","isPartOf":{"@id":"https:\/\/www.noticiasradioreflejos.com.ar\/2021\/#website"},"primaryImageOfPage":{"@id":"https:\/\/www.noticiasradioreflejos.com.ar\/2021\/actividades-del-fin-de-semana-en-la-biblioteca-de-villa-ventana\/#primaryimage"},"image":{"@id":"https:\/\/www.noticiasradioreflejos.com.ar\/2021\/actividades-del-fin-de-semana-en-la-biblioteca-de-villa-ventana\/#primaryimage"},"thumbnailUrl":"http:\/\/www.noticiasradioreflejos.com.ar\/noticias\/wp-content\/uploads\/2019\/08\/Adobe_Post_20190814_141857-819x1024.png","datePublished":"2019-08-17T12:34:24+00:00","author":{"@id":"https:\/\/www.noticiasradioreflejos.com.ar\/2021\/#\/schema\/person\/ad82545263dcc5ec0996818884fd5fb1"},"breadcrumb":{"@id":"https:\/\/www.noticiasradioreflejos.com.ar\/2021\/actividades-del-fin-de-semana-en-la-biblioteca-de-villa-ventana\/#breadcrumb"},"inLanguage":"es","potentialAction":[{"@type":"ReadAction","target":["https:\/\/www.noticiasradioreflejos.com.ar\/2021\/actividades-del-fin-de-semana-en-la-biblioteca-de-villa-ventana\/"]}]},{"@type":"ImageObject","inLanguage":"es","@id":"https:\/\/www.noticiasradioreflejos.com.ar\/2021\/actividades-del-fin-de-semana-en-la-biblioteca-de-villa-ventana\/#primaryimage","url":"http:\/\/www.noticiasradioreflejos.com.ar\/noticias\/wp-content\/uploads\/2019\/08\/Adobe_Post_20190814_141857-819x1024.png","contentUrl":"http:\/\/www.noticiasradioreflejos.com.ar\/noticias\/wp-content\/uploads\/2019\/08\/Adobe_Post_20190814_141857-819x1024.png"},{"@type":"BreadcrumbList","@id":"https:\/\/www.noticiasradioreflejos.com.ar\/2021\/actividades-del-fin-de-semana-en-la-biblioteca-de-villa-ventana\/#breadcrumb","itemListElement":[{"@type":"ListItem","position":1,"name":"Portada","item":"https:\/\/www.noticiasradioreflejos.com.ar\/2021\/"},{"@type":"ListItem","position":2,"name":"Actividades del f\u00edn de semana en la Biblioteca de Villa Ventana"}]},{"@type":"WebSite","@id":"https:\/\/www.noticiasradioreflejos.com.ar\/2021\/#website","url":"https:\/\/www.noticiasradioreflejos.com.ar\/2021\/","name":"Noticias Radio Reflejos","description":"Las noticias de mi comarca","potentialAction":[{"@type":"SearchAction","target":{"@type":"EntryPoint","urlTemplate":"https:\/\/www.noticiasradioreflejos.com.ar\/2021\/?s={search_term_string}"},"query-input":{"@type":"PropertyValueSpecification","valueRequired":true,"valueName":"search_term_string"}}],"inLanguage":"es"},{"@type":"Person","@id":"https:\/\/www.noticiasradioreflejos.com.ar\/2021\/#\/schema\/person\/ad82545263dcc5ec0996818884fd5fb1","name":"Arnaldo Botto","image":{"@type":"ImageObject","inLanguage":"es","@id":"https:\/\/www.noticiasradioreflejos.com.ar\/2021\/#\/schema\/person\/image\/","url":"https:\/\/secure.gravatar.com\/avatar\/55cb5e37c1efa326397366e6974cb338056df65cb50e7d64d1cf314e87504837?s=96&d=mm&r=g","contentUrl":"https:\/\/secure.gravatar.com\/avatar\/55cb5e37c1efa326397366e6974cb338056df65cb50e7d64d1cf314e87504837?s=96&d=mm&r=g","caption":"Arnaldo Botto"},"url":"https:\/\/www.noticiasradioreflejos.com.ar\/2021\/author\/arnaldo\/"}]}},"_links":{"self":[{"href":"https:\/\/www.noticiasradioreflejos.com.ar\/2021\/wp-json\/wp\/v2\/posts\/33906","targetHints":{"allow":["GET"]}}],"collection":[{"href":"https:\/\/www.noticiasradioreflejos.com.ar\/2021\/wp-json\/wp\/v2\/posts"}],"about":[{"href":"https:\/\/www.noticiasradioreflejos.com.ar\/2021\/wp-json\/wp\/v2\/types\/post"}],"author":[{"embeddable":true,"href":"https:\/\/www.noticiasradioreflejos.com.ar\/2021\/wp-json\/wp\/v2\/users\/3"}],"replies":[{"embeddable":true,"href":"https:\/\/www.noticiasradioreflejos.com.ar\/2021\/wp-json\/wp\/v2\/comments?post=33906"}],"version-history":[{"count":0,"href":"https:\/\/www.noticiasradioreflejos.com.ar\/2021\/wp-json\/wp\/v2\/posts\/33906\/revisions"}],"wp:attachment":[{"href":"https:\/\/www.noticiasradioreflejos.com.ar\/2021\/wp-json\/wp\/v2\/media?parent=33906"}],"wp:term":[{"taxonomy":"category","embeddable":true,"href":"https:\/\/www.noticiasradioreflejos.com.ar\/2021\/wp-json\/wp\/v2\/categories?post=33906"},{"taxonomy":"post_tag","embeddable":true,"href":"https:\/\/www.noticiasradioreflejos.com.ar\/2021\/wp-json\/wp\/v2\/tags?post=33906"}],"curies":[{"name":"wp","href":"https:\/\/api.w.org\/{rel}","templated":true}]}}