{"id":33903,"date":"2019-08-16T21:55:47","date_gmt":"2019-08-17T00:55:47","guid":{"rendered":"http:\/\/www.noticiasradioreflejos.com.ar\/noticias\/?p=33903"},"modified":"2019-08-16T21:55:47","modified_gmt":"2019-08-17T00:55:47","slug":"doy-todo-por-mi-distrito-y-lo-voy-a-seguir-haciendo-porque-quiero-volver-a-ser-intendente","status":"publish","type":"post","link":"https:\/\/www.noticiasradioreflejos.com.ar\/2021\/doy-todo-por-mi-distrito-y-lo-voy-a-seguir-haciendo-porque-quiero-volver-a-ser-intendente\/","title":{"rendered":"&quot;Doy todo por mi distrito, y lo voy a seguir haciendo, porque quiero volver a ser intendente&quot;"},"content":{"rendered":"<p>El intendente de Tornquist y candidato a la reelecci\u00f3n de Juntos por el Cambio, analiz\u00f3 el resultado de las elecciones primarias PASO, destacando que \u00abLa gente vot\u00f3 con el bolsillo\u00bb.<!--more--><br \/>\n\u00abNadie esperaba esto\u00bb enfatiz\u00f3 Bordoni, en relaci\u00f3n a los porcentajes de diferencia que obtuvieron Alberto Fernandez y Axel Kicillof, lamentando: \u00abLa gobernadora hizo una gesti\u00f3n impecable y no fue reconocida\u00bb.<br \/>\n\u00abNadie se esperaba esto, ni el propio Kicillof, el lunes le hicieron una nota y reconoci\u00f3 que si bien daba unos puntos arriba de Maria Eugenia Vidal, no esperaba los 19 puntos de diferencia que saco. Como siempre las encuestas fallan, sorpresivo si, totalmente sorpresivo, yo de ninguna manera pensaba que Maria Eugenia Vidal, que creo fue una de las gobernadoras que mejor hizo las cosas en 30 a\u00f1os, lamentablemente la gente no lo decidi\u00f3 as\u00ed, y voto con el bolsillo, es entendible. Digo lamentablemente porque yo creo que la gobernadora hizo una gesti\u00f3n impecable en la provincia de Buenos Aires, y no fue reconocida, la gente voto con el bolsillo en forma masiva. Si bien sabemos que ac\u00e1 la pol\u00edtica nacional es la que mas fracaso, porque la provincia de Buenos Aires depende de una pol\u00edtica nacional, no hay salida, la pol\u00edtica de la gobernadora puede sugerir, pero depende de los fondos coparticipables que naci\u00f3n le envi\u00e9 a la provincia, eso lo sabe cualquier pol\u00edtico que maneje la provincia. Mas all\u00e1 de eso, por eso me da lastima porque para m\u00ed la gobernadora fue la que mas hizo, fue la que mas plata le entrego a todos los municipios sin distinci\u00f3n de bandera pol\u00edtica, no obtuvo el caudal de votos de apoyo que tendr\u00eda que haber tenido\u00bb. Inici\u00f3<br \/>\n\u00abSi me dec\u00eds que tipo de pa\u00eds quiero, yo no quiero el gobierno pasado, y no porque yo sea intendente, porque nosotros ganamos en la municipalidad nuevamente, y estoy seguro que la gente nos va a volver a acompa\u00f1ar, vos fijate que a nosotros nos reconoci\u00f3 mas all\u00e1 de las obras que se hicieron, para que tengas una idea empezamos a hacer n\u00fameros el otro d\u00eda, en Sierra de la Ventana se invirtieron, y se van a terminar de invertir mas de 100 millones de pesos, no es poca cosa, y la gente lo reconoci\u00f3 porque en Ventana se volvi\u00f3 a ganar, mas all\u00e1 de lo que se haya invertido o no, tambi\u00e9n en lo social, tanto que se nos critic\u00f3 que no ayud\u00e1bamos a nadie, nosotros ganamos la elecci\u00f3n de 2015 con 4441 votos, la elecci\u00f3n de este domingo pasado fueron 4532, no solo mantuvimos los votos, sino que tuvimos aun mas\u00bb. Continu\u00f3<br \/>\n\u00abHay un 71% del padr\u00f3n que voto en total, de un 80 que pens\u00e1bamos nosotros que iba a votar. Tal vez en la de octubre ese 80 que pens\u00e1bamos esta, veremos para donde van los votos, pero sinceramente al votar tan poca gente obviamente que se cay\u00f3 el caudal de votos, hay un gran porcentaje si bien uno no sabe realmente quien vota en el cuarto oscuro, eso lo sabe solamente el votante, pero si gente que simpatiza con nuestro espacio pol\u00edtico que realmente uno conoce, que dijo en agosto no votamos porque es una encuesta que a nosotros no nos interesa, vamos a estar en octubre. Aquel que vot\u00f3 en blanco es porque no le interesa ni Bordoni, ni Trankels, as\u00ed de simple\u00bb.<br \/>\n\u00abYo conf\u00edo y estoy totalmente convencido esto no va a cambiar mucho mas, se va a mantener esta tendencia, a nivel local te hablo yo, porque hay dos maneras de hacer pol\u00edtica, totalmente distintas en el distrito de Tornquist, una es la nuestra de gesti\u00f3n de gobierno, que quedo demostrado en estos 3 a\u00f1os y 8 meses que llevamos, sin hacer alarde de lo que hicimos, pero eso que esta escrito en el informe, lo pueden cotejar, no es invento, no hay chamullo, esta, y te estoy diciendo 100 millones de pesos como poco, se ha invertido en Sierra de la Ventana\u00bb. Expres\u00f3<br \/>\n\u00abMe ven en la calle muchas veces y dicen (Bordoni es muy soberbio), y despu\u00e9s cuando me tratan, se dan cuenta que no soy soberbio, soy un tipo serio, que no me ando riendo con todo el mundo, no es porque sea amargo, sino porque no es mi manera de ser, aquel que se r\u00ede mucho y te recibe siempre con sonrisas de eso desconfia, porque detr\u00e1s de su personalidad no es lo que plantea, mi personalidad es esta, una persona seria pero con un coraz\u00f3n enorme, el que me conoce de cerca lo sabe, y que doy todo por mi distrito, he dejado parte de mi salud para hacer el distrito cada vez mas grande, y lo voy a seguir haciendo, por 4 a\u00f1os mas, porque quiero volver a ser intendente nuevamente, para que mi distrito siga creciendo\u00bb. Finaliz\u00f3 el actual intendente Sergio Bordoni.<br \/>\nNOTA COMPLETA:<br \/>\n<iframe loading=\"lazy\" width=\"100%\" height=\"166\" scrolling=\"no\" frameborder=\"no\" allow=\"autoplay\" src=\"https:\/\/w.soundcloud.com\/player\/?url=https%3A\/\/api.soundcloud.com\/tracks\/666729350&#038;color=%23ff5500&#038;auto_play=false&#038;hide_related=false&#038;show_comments=true&#038;show_user=true&#038;show_reposts=false&#038;show_teaser=true\"><\/iframe>    <\/p>\n","protected":false},"excerpt":{"rendered":"<p>El intendente de Tornquist y candidato a la reelecci\u00f3n de Juntos por el Cambio, analiz\u00f3 el resultado de las elecciones primarias PASO, destacando que \u00abLa gente vot\u00f3 con el bolsillo\u00bb.<\/p>\n","protected":false},"author":3,"featured_media":0,"comment_status":"closed","ping_status":"open","sticky":false,"template":"","format":"standard","meta":{"footnotes":""},"categories":[24],"tags":[],"class_list":["post-33903","post","type-post","status-publish","format-standard","hentry","category-politica"],"yoast_head":"<!-- This site is optimized with the Yoast SEO plugin v25.9 - https:\/\/yoast.com\/wordpress\/plugins\/seo\/ -->\n<title>&quot;Doy todo por mi distrito, y lo voy a seguir haciendo, porque quiero volver a ser intendente&quot; - Noticias Radio Reflejos<\/title>\n<meta name=\"robots\" content=\"index, follow, max-snippet:-1, max-image-preview:large, max-video-preview:-1\" \/>\n<link rel=\"canonical\" href=\"https:\/\/www.noticiasradioreflejos.com.ar\/2021\/doy-todo-por-mi-distrito-y-lo-voy-a-seguir-haciendo-porque-quiero-volver-a-ser-intendente\/\" \/>\n<meta property=\"og:locale\" content=\"es_ES\" \/>\n<meta property=\"og:type\" content=\"article\" \/>\n<meta property=\"og:title\" content=\"&quot;Doy todo por mi distrito, y lo voy a seguir haciendo, porque quiero volver a ser intendente&quot; - Noticias Radio Reflejos\" \/>\n<meta property=\"og:description\" content=\"El intendente de Tornquist y candidato a la reelecci\u00f3n de Juntos por el Cambio, analiz\u00f3 el resultado de las elecciones primarias PASO, destacando que \u00abLa gente vot\u00f3 con el bolsillo\u00bb.\" \/>\n<meta property=\"og:url\" content=\"https:\/\/www.noticiasradioreflejos.com.ar\/2021\/doy-todo-por-mi-distrito-y-lo-voy-a-seguir-haciendo-porque-quiero-volver-a-ser-intendente\/\" \/>\n<meta property=\"og:site_name\" content=\"Noticias Radio Reflejos\" \/>\n<meta property=\"article:published_time\" content=\"2019-08-17T00:55:47+00:00\" \/>\n<meta property=\"og:image\" content=\"https:\/\/www.noticiasradioreflejos.com.ar\/2021\/wp-content\/uploads\/2021\/07\/logosol300x200.png\" \/>\n\t<meta property=\"og:image:width\" content=\"300\" \/>\n\t<meta property=\"og:image:height\" content=\"200\" \/>\n\t<meta property=\"og:image:type\" content=\"image\/png\" \/>\n<meta name=\"author\" content=\"Arnaldo Botto\" \/>\n<meta name=\"twitter:card\" content=\"summary_large_image\" \/>\n<script type=\"application\/ld+json\" class=\"yoast-schema-graph\">{\"@context\":\"https:\/\/schema.org\",\"@graph\":[{\"@type\":\"WebPage\",\"@id\":\"https:\/\/www.noticiasradioreflejos.com.ar\/2021\/doy-todo-por-mi-distrito-y-lo-voy-a-seguir-haciendo-porque-quiero-volver-a-ser-intendente\/\",\"url\":\"https:\/\/www.noticiasradioreflejos.com.ar\/2021\/doy-todo-por-mi-distrito-y-lo-voy-a-seguir-haciendo-porque-quiero-volver-a-ser-intendente\/\",\"name\":\"&quot;Doy todo por mi distrito, y lo voy a seguir haciendo, porque quiero volver a ser intendente&quot; - Noticias Radio Reflejos\",\"isPartOf\":{\"@id\":\"https:\/\/www.noticiasradioreflejos.com.ar\/2021\/#website\"},\"datePublished\":\"2019-08-17T00:55:47+00:00\",\"author\":{\"@id\":\"https:\/\/www.noticiasradioreflejos.com.ar\/2021\/#\/schema\/person\/ad82545263dcc5ec0996818884fd5fb1\"},\"breadcrumb\":{\"@id\":\"https:\/\/www.noticiasradioreflejos.com.ar\/2021\/doy-todo-por-mi-distrito-y-lo-voy-a-seguir-haciendo-porque-quiero-volver-a-ser-intendente\/#breadcrumb\"},\"inLanguage\":\"es\",\"potentialAction\":[{\"@type\":\"ReadAction\",\"target\":[\"https:\/\/www.noticiasradioreflejos.com.ar\/2021\/doy-todo-por-mi-distrito-y-lo-voy-a-seguir-haciendo-porque-quiero-volver-a-ser-intendente\/\"]}]},{\"@type\":\"BreadcrumbList\",\"@id\":\"https:\/\/www.noticiasradioreflejos.com.ar\/2021\/doy-todo-por-mi-distrito-y-lo-voy-a-seguir-haciendo-porque-quiero-volver-a-ser-intendente\/#breadcrumb\",\"itemListElement\":[{\"@type\":\"ListItem\",\"position\":1,\"name\":\"Portada\",\"item\":\"https:\/\/www.noticiasradioreflejos.com.ar\/2021\/\"},{\"@type\":\"ListItem\",\"position\":2,\"name\":\"&quot;Doy todo por mi distrito, y lo voy a seguir haciendo, porque quiero volver a ser intendente&quot;\"}]},{\"@type\":\"WebSite\",\"@id\":\"https:\/\/www.noticiasradioreflejos.com.ar\/2021\/#website\",\"url\":\"https:\/\/www.noticiasradioreflejos.com.ar\/2021\/\",\"name\":\"Noticias Radio Reflejos\",\"description\":\"Las noticias de mi comarca\",\"potentialAction\":[{\"@type\":\"SearchAction\",\"target\":{\"@type\":\"EntryPoint\",\"urlTemplate\":\"https:\/\/www.noticiasradioreflejos.com.ar\/2021\/?s={search_term_string}\"},\"query-input\":{\"@type\":\"PropertyValueSpecification\",\"valueRequired\":true,\"valueName\":\"search_term_string\"}}],\"inLanguage\":\"es\"},{\"@type\":\"Person\",\"@id\":\"https:\/\/www.noticiasradioreflejos.com.ar\/2021\/#\/schema\/person\/ad82545263dcc5ec0996818884fd5fb1\",\"name\":\"Arnaldo Botto\",\"image\":{\"@type\":\"ImageObject\",\"inLanguage\":\"es\",\"@id\":\"https:\/\/www.noticiasradioreflejos.com.ar\/2021\/#\/schema\/person\/image\/\",\"url\":\"https:\/\/secure.gravatar.com\/avatar\/55cb5e37c1efa326397366e6974cb338056df65cb50e7d64d1cf314e87504837?s=96&d=mm&r=g\",\"contentUrl\":\"https:\/\/secure.gravatar.com\/avatar\/55cb5e37c1efa326397366e6974cb338056df65cb50e7d64d1cf314e87504837?s=96&d=mm&r=g\",\"caption\":\"Arnaldo Botto\"},\"url\":\"https:\/\/www.noticiasradioreflejos.com.ar\/2021\/author\/arnaldo\/\"}]}<\/script>\n<!-- \/ Yoast SEO plugin. -->","yoast_head_json":{"title":"&quot;Doy todo por mi distrito, y lo voy a seguir haciendo, porque quiero volver a ser intendente&quot; - Noticias Radio Reflejos","robots":{"index":"index","follow":"follow","max-snippet":"max-snippet:-1","max-image-preview":"max-image-preview:large","max-video-preview":"max-video-preview:-1"},"canonical":"https:\/\/www.noticiasradioreflejos.com.ar\/2021\/doy-todo-por-mi-distrito-y-lo-voy-a-seguir-haciendo-porque-quiero-volver-a-ser-intendente\/","og_locale":"es_ES","og_type":"article","og_title":"&quot;Doy todo por mi distrito, y lo voy a seguir haciendo, porque quiero volver a ser intendente&quot; - Noticias Radio Reflejos","og_description":"El intendente de Tornquist y candidato a la reelecci\u00f3n de Juntos por el Cambio, analiz\u00f3 el resultado de las elecciones primarias PASO, destacando que \u00abLa gente vot\u00f3 con el bolsillo\u00bb.","og_url":"https:\/\/www.noticiasradioreflejos.com.ar\/2021\/doy-todo-por-mi-distrito-y-lo-voy-a-seguir-haciendo-porque-quiero-volver-a-ser-intendente\/","og_site_name":"Noticias Radio Reflejos","article_published_time":"2019-08-17T00:55:47+00:00","og_image":[{"width":300,"height":200,"url":"https:\/\/www.noticiasradioreflejos.com.ar\/2021\/wp-content\/uploads\/2021\/07\/logosol300x200.png","type":"image\/png"}],"author":"Arnaldo Botto","twitter_card":"summary_large_image","schema":{"@context":"https:\/\/schema.org","@graph":[{"@type":"WebPage","@id":"https:\/\/www.noticiasradioreflejos.com.ar\/2021\/doy-todo-por-mi-distrito-y-lo-voy-a-seguir-haciendo-porque-quiero-volver-a-ser-intendente\/","url":"https:\/\/www.noticiasradioreflejos.com.ar\/2021\/doy-todo-por-mi-distrito-y-lo-voy-a-seguir-haciendo-porque-quiero-volver-a-ser-intendente\/","name":"&quot;Doy todo por mi distrito, y lo voy a seguir haciendo, porque quiero volver a ser intendente&quot; - Noticias Radio Reflejos","isPartOf":{"@id":"https:\/\/www.noticiasradioreflejos.com.ar\/2021\/#website"},"datePublished":"2019-08-17T00:55:47+00:00","author":{"@id":"https:\/\/www.noticiasradioreflejos.com.ar\/2021\/#\/schema\/person\/ad82545263dcc5ec0996818884fd5fb1"},"breadcrumb":{"@id":"https:\/\/www.noticiasradioreflejos.com.ar\/2021\/doy-todo-por-mi-distrito-y-lo-voy-a-seguir-haciendo-porque-quiero-volver-a-ser-intendente\/#breadcrumb"},"inLanguage":"es","potentialAction":[{"@type":"ReadAction","target":["https:\/\/www.noticiasradioreflejos.com.ar\/2021\/doy-todo-por-mi-distrito-y-lo-voy-a-seguir-haciendo-porque-quiero-volver-a-ser-intendente\/"]}]},{"@type":"BreadcrumbList","@id":"https:\/\/www.noticiasradioreflejos.com.ar\/2021\/doy-todo-por-mi-distrito-y-lo-voy-a-seguir-haciendo-porque-quiero-volver-a-ser-intendente\/#breadcrumb","itemListElement":[{"@type":"ListItem","position":1,"name":"Portada","item":"https:\/\/www.noticiasradioreflejos.com.ar\/2021\/"},{"@type":"ListItem","position":2,"name":"&quot;Doy todo por mi distrito, y lo voy a seguir haciendo, porque quiero volver a ser intendente&quot;"}]},{"@type":"WebSite","@id":"https:\/\/www.noticiasradioreflejos.com.ar\/2021\/#website","url":"https:\/\/www.noticiasradioreflejos.com.ar\/2021\/","name":"Noticias Radio Reflejos","description":"Las noticias de mi comarca","potentialAction":[{"@type":"SearchAction","target":{"@type":"EntryPoint","urlTemplate":"https:\/\/www.noticiasradioreflejos.com.ar\/2021\/?s={search_term_string}"},"query-input":{"@type":"PropertyValueSpecification","valueRequired":true,"valueName":"search_term_string"}}],"inLanguage":"es"},{"@type":"Person","@id":"https:\/\/www.noticiasradioreflejos.com.ar\/2021\/#\/schema\/person\/ad82545263dcc5ec0996818884fd5fb1","name":"Arnaldo Botto","image":{"@type":"ImageObject","inLanguage":"es","@id":"https:\/\/www.noticiasradioreflejos.com.ar\/2021\/#\/schema\/person\/image\/","url":"https:\/\/secure.gravatar.com\/avatar\/55cb5e37c1efa326397366e6974cb338056df65cb50e7d64d1cf314e87504837?s=96&d=mm&r=g","contentUrl":"https:\/\/secure.gravatar.com\/avatar\/55cb5e37c1efa326397366e6974cb338056df65cb50e7d64d1cf314e87504837?s=96&d=mm&r=g","caption":"Arnaldo Botto"},"url":"https:\/\/www.noticiasradioreflejos.com.ar\/2021\/author\/arnaldo\/"}]}},"_links":{"self":[{"href":"https:\/\/www.noticiasradioreflejos.com.ar\/2021\/wp-json\/wp\/v2\/posts\/33903","targetHints":{"allow":["GET"]}}],"collection":[{"href":"https:\/\/www.noticiasradioreflejos.com.ar\/2021\/wp-json\/wp\/v2\/posts"}],"about":[{"href":"https:\/\/www.noticiasradioreflejos.com.ar\/2021\/wp-json\/wp\/v2\/types\/post"}],"author":[{"embeddable":true,"href":"https:\/\/www.noticiasradioreflejos.com.ar\/2021\/wp-json\/wp\/v2\/users\/3"}],"replies":[{"embeddable":true,"href":"https:\/\/www.noticiasradioreflejos.com.ar\/2021\/wp-json\/wp\/v2\/comments?post=33903"}],"version-history":[{"count":0,"href":"https:\/\/www.noticiasradioreflejos.com.ar\/2021\/wp-json\/wp\/v2\/posts\/33903\/revisions"}],"wp:attachment":[{"href":"https:\/\/www.noticiasradioreflejos.com.ar\/2021\/wp-json\/wp\/v2\/media?parent=33903"}],"wp:term":[{"taxonomy":"category","embeddable":true,"href":"https:\/\/www.noticiasradioreflejos.com.ar\/2021\/wp-json\/wp\/v2\/categories?post=33903"},{"taxonomy":"post_tag","embeddable":true,"href":"https:\/\/www.noticiasradioreflejos.com.ar\/2021\/wp-json\/wp\/v2\/tags?post=33903"}],"curies":[{"name":"wp","href":"https:\/\/api.w.org\/{rel}","templated":true}]}}