{"id":33891,"date":"2019-08-16T14:15:38","date_gmt":"2019-08-16T17:15:38","guid":{"rendered":"http:\/\/www.noticiasradioreflejos.com.ar\/noticias\/?p=33891"},"modified":"2019-08-16T14:15:38","modified_gmt":"2019-08-16T17:15:38","slug":"17-de-agosto-dia-del-peaton-muchos-muertos-y-no-les-damos-la-prioridad","status":"publish","type":"post","link":"https:\/\/www.noticiasradioreflejos.com.ar\/2021\/17-de-agosto-dia-del-peaton-muchos-muertos-y-no-les-damos-la-prioridad\/","title":{"rendered":"17 de agosto D\u00eda del Peat\u00f3n: muchos muertos y no les damos la prioridad."},"content":{"rendered":"<p>Las estad\u00edsticas mundiales indican que los peatones son los usuarios m\u00e1s vulnerables en el sistema del tr\u00e1nsito, sumando cada a\u00f1o m\u00e1s de 270.000 muertes. En nuestro pa\u00eds, el a\u00f1o pasado se estima que m\u00e1s de 1600 peatones murieron en el tr\u00e1nsito. M\u00e1s del 20% de todas las v\u00edctimas fatales. En 2018, 65 peatones murieron en la ciudad de Buenos Aires, constituyendo el 44% del total de los muertos en el tr\u00e1nsito.<!--more--><br \/>\nDar la prioridad peatonal: \u00bffavor u obligaci\u00f3n?<br \/>\nCuando tenemos la suerte que un veh\u00edculo nos d\u00e9 la prioridad peatonal en las esquinas, en general lo agradecemos con un gesto o una palabra, pero<br \/>\n\u00bfES RAZONABLE AGRADECER QUE NOS DEN LA PRIORIDAD PEATONAL?<br \/>\nDar las gracias es algo positivo, pero en estos casos, m\u00e1s bien, pone de manifiesto que sentimos que nos est\u00e1n haciendo un favor y no el cumplimiento de una obligaci\u00f3n por parte de los conductores y el ejercicio de un derecho como peatones.<br \/>\nEs que, en nuestro pa\u00eds, es habitual que los conductores ignoren al peat\u00f3n. En las esquinas o sendas peatonales, a\u00fan con sem\u00e1foro a su favor, la mayor\u00eda de las veces, los peatones tienen que parar para dejar pasar a autos, colectivos, camiones, motos y bicis. Lo curioso es que esos conductores, cuando bajan de sus veh\u00edculos, pasan a ser peatones tambi\u00e9n. Todos somos peatones.<br \/>\nLa legislaci\u00f3n de tr\u00e1nsito establece que los veh\u00edculos deben darle la prioridad a los peatones que cruzan la calzada por las esquinas o sendas peatonales, y con el sem\u00e1foro a su favor, donde lo hay. Sin embargo, seg\u00fan un estudio de Luchemos por la Vida, solo el 10% de los conductores les da la prioridad en la ciudad de Buenos Aires. Esto estimula a los peatones a cruzar por cualquier parte. S\u00f3lo un 10% de estos cruzan correctamente.<br \/>\n\u00bfQu\u00e9 hacer para proteger la vida de todos?<br \/>\nConcientizar y educar: Luchemos por la Vida lanz\u00f3 la nueva campa\u00f1a publicitaria de concientizaci\u00f3n en radio, televisi\u00f3n y medios audiovisuales \u201cDale al peat\u00f3n su prioridad\u201d, para generar conciencia en los conductores sobre la vital importancia de respetar y otorgarle al peat\u00f3n su prioridad.<br \/>\nImplementar cambios urban\u00edsticos para favorecer que los peatones y los conductores se encuentren lo menos posible, incrementando las \u00e1reas peatones, con pasos peatonales bajo y sobre nivel, reductores de velocidad, chicanas, etc.<br \/>\nControlar y sancionar a los conductores transgresores de la prioridad peatonal (\u00a1casi no se labran actas por esta grave infracci\u00f3n!) y de las velocidades m\u00e1ximas permitidas, para evitar que contin\u00faen estas muertes evitables.<\/p>\n","protected":false},"excerpt":{"rendered":"<p>Las estad\u00edsticas mundiales indican que los peatones son los usuarios m\u00e1s vulnerables en el sistema del tr\u00e1nsito, sumando cada a\u00f1o m\u00e1s de 270.000 muertes. En nuestro pa\u00eds, el a\u00f1o pasado se estima que m\u00e1s de 1600 peatones murieron en el tr\u00e1nsito. M\u00e1s del 20% de todas las v\u00edctimas fatales. En 2018, 65 peatones murieron en [&hellip;]<\/p>\n","protected":false},"author":3,"featured_media":0,"comment_status":"closed","ping_status":"open","sticky":false,"template":"","format":"standard","meta":{"footnotes":""},"categories":[26],"tags":[],"class_list":["post-33891","post","type-post","status-publish","format-standard","hentry","category-sociedad"],"yoast_head":"<!-- This site is optimized with the Yoast SEO plugin v25.9 - https:\/\/yoast.com\/wordpress\/plugins\/seo\/ -->\n<title>17 de agosto D\u00eda del Peat\u00f3n: muchos muertos y no les damos la prioridad. - Noticias Radio Reflejos<\/title>\n<meta name=\"robots\" content=\"index, follow, max-snippet:-1, max-image-preview:large, max-video-preview:-1\" \/>\n<link rel=\"canonical\" href=\"https:\/\/www.noticiasradioreflejos.com.ar\/2021\/17-de-agosto-dia-del-peaton-muchos-muertos-y-no-les-damos-la-prioridad\/\" \/>\n<meta property=\"og:locale\" content=\"es_ES\" \/>\n<meta property=\"og:type\" content=\"article\" \/>\n<meta property=\"og:title\" content=\"17 de agosto D\u00eda del Peat\u00f3n: muchos muertos y no les damos la prioridad. - Noticias Radio Reflejos\" \/>\n<meta property=\"og:description\" content=\"Las estad\u00edsticas mundiales indican que los peatones son los usuarios m\u00e1s vulnerables en el sistema del tr\u00e1nsito, sumando cada a\u00f1o m\u00e1s de 270.000 muertes. En nuestro pa\u00eds, el a\u00f1o pasado se estima que m\u00e1s de 1600 peatones murieron en el tr\u00e1nsito. M\u00e1s del 20% de todas las v\u00edctimas fatales. En 2018, 65 peatones murieron en [&hellip;]\" \/>\n<meta property=\"og:url\" content=\"https:\/\/www.noticiasradioreflejos.com.ar\/2021\/17-de-agosto-dia-del-peaton-muchos-muertos-y-no-les-damos-la-prioridad\/\" \/>\n<meta property=\"og:site_name\" content=\"Noticias Radio Reflejos\" \/>\n<meta property=\"article:published_time\" content=\"2019-08-16T17:15:38+00:00\" \/>\n<meta property=\"og:image\" content=\"https:\/\/www.noticiasradioreflejos.com.ar\/2021\/wp-content\/uploads\/2021\/07\/logosol300x200.png\" \/>\n\t<meta property=\"og:image:width\" content=\"300\" \/>\n\t<meta property=\"og:image:height\" content=\"200\" \/>\n\t<meta property=\"og:image:type\" content=\"image\/png\" \/>\n<meta name=\"author\" content=\"Arnaldo Botto\" \/>\n<meta name=\"twitter:card\" content=\"summary_large_image\" \/>\n<script type=\"application\/ld+json\" class=\"yoast-schema-graph\">{\"@context\":\"https:\/\/schema.org\",\"@graph\":[{\"@type\":\"WebPage\",\"@id\":\"https:\/\/www.noticiasradioreflejos.com.ar\/2021\/17-de-agosto-dia-del-peaton-muchos-muertos-y-no-les-damos-la-prioridad\/\",\"url\":\"https:\/\/www.noticiasradioreflejos.com.ar\/2021\/17-de-agosto-dia-del-peaton-muchos-muertos-y-no-les-damos-la-prioridad\/\",\"name\":\"17 de agosto D\u00eda del Peat\u00f3n: muchos muertos y no les damos la prioridad. - Noticias Radio Reflejos\",\"isPartOf\":{\"@id\":\"https:\/\/www.noticiasradioreflejos.com.ar\/2021\/#website\"},\"datePublished\":\"2019-08-16T17:15:38+00:00\",\"author\":{\"@id\":\"https:\/\/www.noticiasradioreflejos.com.ar\/2021\/#\/schema\/person\/ad82545263dcc5ec0996818884fd5fb1\"},\"breadcrumb\":{\"@id\":\"https:\/\/www.noticiasradioreflejos.com.ar\/2021\/17-de-agosto-dia-del-peaton-muchos-muertos-y-no-les-damos-la-prioridad\/#breadcrumb\"},\"inLanguage\":\"es\",\"potentialAction\":[{\"@type\":\"ReadAction\",\"target\":[\"https:\/\/www.noticiasradioreflejos.com.ar\/2021\/17-de-agosto-dia-del-peaton-muchos-muertos-y-no-les-damos-la-prioridad\/\"]}]},{\"@type\":\"BreadcrumbList\",\"@id\":\"https:\/\/www.noticiasradioreflejos.com.ar\/2021\/17-de-agosto-dia-del-peaton-muchos-muertos-y-no-les-damos-la-prioridad\/#breadcrumb\",\"itemListElement\":[{\"@type\":\"ListItem\",\"position\":1,\"name\":\"Portada\",\"item\":\"https:\/\/www.noticiasradioreflejos.com.ar\/2021\/\"},{\"@type\":\"ListItem\",\"position\":2,\"name\":\"17 de agosto D\u00eda del Peat\u00f3n: muchos muertos y no les damos la prioridad.\"}]},{\"@type\":\"WebSite\",\"@id\":\"https:\/\/www.noticiasradioreflejos.com.ar\/2021\/#website\",\"url\":\"https:\/\/www.noticiasradioreflejos.com.ar\/2021\/\",\"name\":\"Noticias Radio Reflejos\",\"description\":\"Las noticias de mi comarca\",\"potentialAction\":[{\"@type\":\"SearchAction\",\"target\":{\"@type\":\"EntryPoint\",\"urlTemplate\":\"https:\/\/www.noticiasradioreflejos.com.ar\/2021\/?s={search_term_string}\"},\"query-input\":{\"@type\":\"PropertyValueSpecification\",\"valueRequired\":true,\"valueName\":\"search_term_string\"}}],\"inLanguage\":\"es\"},{\"@type\":\"Person\",\"@id\":\"https:\/\/www.noticiasradioreflejos.com.ar\/2021\/#\/schema\/person\/ad82545263dcc5ec0996818884fd5fb1\",\"name\":\"Arnaldo Botto\",\"image\":{\"@type\":\"ImageObject\",\"inLanguage\":\"es\",\"@id\":\"https:\/\/www.noticiasradioreflejos.com.ar\/2021\/#\/schema\/person\/image\/\",\"url\":\"https:\/\/secure.gravatar.com\/avatar\/55cb5e37c1efa326397366e6974cb338056df65cb50e7d64d1cf314e87504837?s=96&d=mm&r=g\",\"contentUrl\":\"https:\/\/secure.gravatar.com\/avatar\/55cb5e37c1efa326397366e6974cb338056df65cb50e7d64d1cf314e87504837?s=96&d=mm&r=g\",\"caption\":\"Arnaldo Botto\"},\"url\":\"https:\/\/www.noticiasradioreflejos.com.ar\/2021\/author\/arnaldo\/\"}]}<\/script>\n<!-- \/ Yoast SEO plugin. -->","yoast_head_json":{"title":"17 de agosto D\u00eda del Peat\u00f3n: muchos muertos y no les damos la prioridad. - Noticias Radio Reflejos","robots":{"index":"index","follow":"follow","max-snippet":"max-snippet:-1","max-image-preview":"max-image-preview:large","max-video-preview":"max-video-preview:-1"},"canonical":"https:\/\/www.noticiasradioreflejos.com.ar\/2021\/17-de-agosto-dia-del-peaton-muchos-muertos-y-no-les-damos-la-prioridad\/","og_locale":"es_ES","og_type":"article","og_title":"17 de agosto D\u00eda del Peat\u00f3n: muchos muertos y no les damos la prioridad. - Noticias Radio Reflejos","og_description":"Las estad\u00edsticas mundiales indican que los peatones son los usuarios m\u00e1s vulnerables en el sistema del tr\u00e1nsito, sumando cada a\u00f1o m\u00e1s de 270.000 muertes. En nuestro pa\u00eds, el a\u00f1o pasado se estima que m\u00e1s de 1600 peatones murieron en el tr\u00e1nsito. M\u00e1s del 20% de todas las v\u00edctimas fatales. En 2018, 65 peatones murieron en [&hellip;]","og_url":"https:\/\/www.noticiasradioreflejos.com.ar\/2021\/17-de-agosto-dia-del-peaton-muchos-muertos-y-no-les-damos-la-prioridad\/","og_site_name":"Noticias Radio Reflejos","article_published_time":"2019-08-16T17:15:38+00:00","og_image":[{"width":300,"height":200,"url":"https:\/\/www.noticiasradioreflejos.com.ar\/2021\/wp-content\/uploads\/2021\/07\/logosol300x200.png","type":"image\/png"}],"author":"Arnaldo Botto","twitter_card":"summary_large_image","schema":{"@context":"https:\/\/schema.org","@graph":[{"@type":"WebPage","@id":"https:\/\/www.noticiasradioreflejos.com.ar\/2021\/17-de-agosto-dia-del-peaton-muchos-muertos-y-no-les-damos-la-prioridad\/","url":"https:\/\/www.noticiasradioreflejos.com.ar\/2021\/17-de-agosto-dia-del-peaton-muchos-muertos-y-no-les-damos-la-prioridad\/","name":"17 de agosto D\u00eda del Peat\u00f3n: muchos muertos y no les damos la prioridad. - Noticias Radio Reflejos","isPartOf":{"@id":"https:\/\/www.noticiasradioreflejos.com.ar\/2021\/#website"},"datePublished":"2019-08-16T17:15:38+00:00","author":{"@id":"https:\/\/www.noticiasradioreflejos.com.ar\/2021\/#\/schema\/person\/ad82545263dcc5ec0996818884fd5fb1"},"breadcrumb":{"@id":"https:\/\/www.noticiasradioreflejos.com.ar\/2021\/17-de-agosto-dia-del-peaton-muchos-muertos-y-no-les-damos-la-prioridad\/#breadcrumb"},"inLanguage":"es","potentialAction":[{"@type":"ReadAction","target":["https:\/\/www.noticiasradioreflejos.com.ar\/2021\/17-de-agosto-dia-del-peaton-muchos-muertos-y-no-les-damos-la-prioridad\/"]}]},{"@type":"BreadcrumbList","@id":"https:\/\/www.noticiasradioreflejos.com.ar\/2021\/17-de-agosto-dia-del-peaton-muchos-muertos-y-no-les-damos-la-prioridad\/#breadcrumb","itemListElement":[{"@type":"ListItem","position":1,"name":"Portada","item":"https:\/\/www.noticiasradioreflejos.com.ar\/2021\/"},{"@type":"ListItem","position":2,"name":"17 de agosto D\u00eda del Peat\u00f3n: muchos muertos y no les damos la prioridad."}]},{"@type":"WebSite","@id":"https:\/\/www.noticiasradioreflejos.com.ar\/2021\/#website","url":"https:\/\/www.noticiasradioreflejos.com.ar\/2021\/","name":"Noticias Radio Reflejos","description":"Las noticias de mi comarca","potentialAction":[{"@type":"SearchAction","target":{"@type":"EntryPoint","urlTemplate":"https:\/\/www.noticiasradioreflejos.com.ar\/2021\/?s={search_term_string}"},"query-input":{"@type":"PropertyValueSpecification","valueRequired":true,"valueName":"search_term_string"}}],"inLanguage":"es"},{"@type":"Person","@id":"https:\/\/www.noticiasradioreflejos.com.ar\/2021\/#\/schema\/person\/ad82545263dcc5ec0996818884fd5fb1","name":"Arnaldo Botto","image":{"@type":"ImageObject","inLanguage":"es","@id":"https:\/\/www.noticiasradioreflejos.com.ar\/2021\/#\/schema\/person\/image\/","url":"https:\/\/secure.gravatar.com\/avatar\/55cb5e37c1efa326397366e6974cb338056df65cb50e7d64d1cf314e87504837?s=96&d=mm&r=g","contentUrl":"https:\/\/secure.gravatar.com\/avatar\/55cb5e37c1efa326397366e6974cb338056df65cb50e7d64d1cf314e87504837?s=96&d=mm&r=g","caption":"Arnaldo Botto"},"url":"https:\/\/www.noticiasradioreflejos.com.ar\/2021\/author\/arnaldo\/"}]}},"_links":{"self":[{"href":"https:\/\/www.noticiasradioreflejos.com.ar\/2021\/wp-json\/wp\/v2\/posts\/33891","targetHints":{"allow":["GET"]}}],"collection":[{"href":"https:\/\/www.noticiasradioreflejos.com.ar\/2021\/wp-json\/wp\/v2\/posts"}],"about":[{"href":"https:\/\/www.noticiasradioreflejos.com.ar\/2021\/wp-json\/wp\/v2\/types\/post"}],"author":[{"embeddable":true,"href":"https:\/\/www.noticiasradioreflejos.com.ar\/2021\/wp-json\/wp\/v2\/users\/3"}],"replies":[{"embeddable":true,"href":"https:\/\/www.noticiasradioreflejos.com.ar\/2021\/wp-json\/wp\/v2\/comments?post=33891"}],"version-history":[{"count":0,"href":"https:\/\/www.noticiasradioreflejos.com.ar\/2021\/wp-json\/wp\/v2\/posts\/33891\/revisions"}],"wp:attachment":[{"href":"https:\/\/www.noticiasradioreflejos.com.ar\/2021\/wp-json\/wp\/v2\/media?parent=33891"}],"wp:term":[{"taxonomy":"category","embeddable":true,"href":"https:\/\/www.noticiasradioreflejos.com.ar\/2021\/wp-json\/wp\/v2\/categories?post=33891"},{"taxonomy":"post_tag","embeddable":true,"href":"https:\/\/www.noticiasradioreflejos.com.ar\/2021\/wp-json\/wp\/v2\/tags?post=33891"}],"curies":[{"name":"wp","href":"https:\/\/api.w.org\/{rel}","templated":true}]}}