{"id":33866,"date":"2019-08-16T10:10:08","date_gmt":"2019-08-16T13:10:08","guid":{"rendered":"http:\/\/www.noticiasradioreflejos.com.ar\/noticias\/?p=33866"},"modified":"2019-08-16T10:10:08","modified_gmt":"2019-08-16T13:10:08","slug":"ante-la-emergencia-pyme-came-envio-propuestas-a-sica-con-medidas-urgentes","status":"publish","type":"post","link":"https:\/\/www.noticiasradioreflejos.com.ar\/2021\/ante-la-emergencia-pyme-came-envio-propuestas-a-sica-con-medidas-urgentes\/","title":{"rendered":"Ante la Emergencia PYME: CAME envi\u00f3 propuestas a SICA con medidas urgentes"},"content":{"rendered":"<p>Frente a la situaci\u00f3n de incertidumbre y desequilibrio actual del mercado, desde la Confederaci\u00f3n Argentina de la Mediana Empresa (CAME) envi\u00f3 una misiva al ministro de Producci\u00f3n y Trabajo de la Naci\u00f3n, Dante Sica, a fin de poner a su disposici\u00f3n un documento con propuestas de medidas urgentes que generen un alivio en el bolsillo tanto de los consumidores como de los empresarios pymes, que movilizan el 70 % del empleo del pa\u00eds.<br \/>\n<!--more--><br \/>\nLa supervivencia de las peque\u00f1as y medianas empresas depende de las medidas que se tomen en el plano tributario, financiero, energ\u00e9tico y de consumo interno, y deben rondar en torno a los siguientes ejes:<br \/>\nMinimizar o compensar el impacto de la volatilidad cambiaria y la tasa de pol\u00edtica monetaria sobre sus costos.<br \/>\nSostener el poder de compra de los consumidores, que constituyen su principal fuente de demanda.<br \/>\nComo siempre lo hacemos, desde CAME llamamos a la responsabilidad de todos los sectores, y a su vez nos comprometemos a ser un actor constructivo en la b\u00fasqueda de soluciones para este dif\u00edcil contexto macroecon\u00f3mico, que no admite especulaciones pol\u00edticas ni financieras.<br \/>\nPara conocer el documento completo con las medidas propuestas, haga <a href=\"http:\/\/www.redcame.org.ar\/archivos\/Prop%20Sica%20VF.pdf\"><strong>clic aqu\u00ed.<\/strong><\/a><br \/>\nPara acceder a la carta enviada, haga clic aqu\u00ed.<br \/>\nCiudad Aut\u00f3noma de Buenos Aires, 14 de agosto de 2019<\/p>\n","protected":false},"excerpt":{"rendered":"<p>Frente a la situaci\u00f3n de incertidumbre y desequilibrio actual del mercado, desde la Confederaci\u00f3n Argentina de la Mediana Empresa (CAME) envi\u00f3 una misiva al ministro de Producci\u00f3n y Trabajo de la Naci\u00f3n, Dante Sica, a fin de poner a su disposici\u00f3n un documento con propuestas de medidas urgentes que generen un alivio en el bolsillo [&hellip;]<\/p>\n","protected":false},"author":3,"featured_media":33609,"comment_status":"closed","ping_status":"open","sticky":false,"template":"","format":"standard","meta":{"footnotes":""},"categories":[36],"tags":[],"class_list":["post-33866","post","type-post","status-publish","format-standard","has-post-thumbnail","hentry","category-economia"],"yoast_head":"<!-- This site is optimized with the Yoast SEO plugin v25.9 - https:\/\/yoast.com\/wordpress\/plugins\/seo\/ -->\n<title>Ante la Emergencia PYME: CAME envi\u00f3 propuestas a SICA con medidas urgentes - Noticias Radio Reflejos<\/title>\n<meta name=\"robots\" content=\"index, follow, max-snippet:-1, max-image-preview:large, max-video-preview:-1\" \/>\n<link rel=\"canonical\" href=\"https:\/\/www.noticiasradioreflejos.com.ar\/2021\/ante-la-emergencia-pyme-came-envio-propuestas-a-sica-con-medidas-urgentes\/\" \/>\n<meta property=\"og:locale\" content=\"es_ES\" \/>\n<meta property=\"og:type\" content=\"article\" \/>\n<meta property=\"og:title\" content=\"Ante la Emergencia PYME: CAME envi\u00f3 propuestas a SICA con medidas urgentes - Noticias Radio Reflejos\" \/>\n<meta property=\"og:description\" content=\"Frente a la situaci\u00f3n de incertidumbre y desequilibrio actual del mercado, desde la Confederaci\u00f3n Argentina de la Mediana Empresa (CAME) envi\u00f3 una misiva al ministro de Producci\u00f3n y Trabajo de la Naci\u00f3n, Dante Sica, a fin de poner a su disposici\u00f3n un documento con propuestas de medidas urgentes que generen un alivio en el bolsillo [&hellip;]\" \/>\n<meta property=\"og:url\" content=\"https:\/\/www.noticiasradioreflejos.com.ar\/2021\/ante-la-emergencia-pyme-came-envio-propuestas-a-sica-con-medidas-urgentes\/\" \/>\n<meta property=\"og:site_name\" content=\"Noticias Radio Reflejos\" \/>\n<meta property=\"article:published_time\" content=\"2019-08-16T13:10:08+00:00\" \/>\n<meta property=\"og:image\" content=\"https:\/\/www.noticiasradioreflejos.com.ar\/2021\/wp-content\/uploads\/2019\/08\/Comunicado-de-Prensa.jpg\" \/>\n\t<meta property=\"og:image:width\" content=\"1696\" \/>\n\t<meta property=\"og:image:height\" content=\"1061\" \/>\n\t<meta property=\"og:image:type\" content=\"image\/jpeg\" \/>\n<meta name=\"author\" content=\"Arnaldo Botto\" \/>\n<meta name=\"twitter:card\" content=\"summary_large_image\" \/>\n<script type=\"application\/ld+json\" class=\"yoast-schema-graph\">{\"@context\":\"https:\/\/schema.org\",\"@graph\":[{\"@type\":\"WebPage\",\"@id\":\"https:\/\/www.noticiasradioreflejos.com.ar\/2021\/ante-la-emergencia-pyme-came-envio-propuestas-a-sica-con-medidas-urgentes\/\",\"url\":\"https:\/\/www.noticiasradioreflejos.com.ar\/2021\/ante-la-emergencia-pyme-came-envio-propuestas-a-sica-con-medidas-urgentes\/\",\"name\":\"Ante la Emergencia PYME: CAME envi\u00f3 propuestas a SICA con medidas urgentes - Noticias Radio Reflejos\",\"isPartOf\":{\"@id\":\"https:\/\/www.noticiasradioreflejos.com.ar\/2021\/#website\"},\"primaryImageOfPage\":{\"@id\":\"https:\/\/www.noticiasradioreflejos.com.ar\/2021\/ante-la-emergencia-pyme-came-envio-propuestas-a-sica-con-medidas-urgentes\/#primaryimage\"},\"image\":{\"@id\":\"https:\/\/www.noticiasradioreflejos.com.ar\/2021\/ante-la-emergencia-pyme-came-envio-propuestas-a-sica-con-medidas-urgentes\/#primaryimage\"},\"thumbnailUrl\":\"https:\/\/www.noticiasradioreflejos.com.ar\/2021\/wp-content\/uploads\/2019\/08\/Comunicado-de-Prensa.jpg\",\"datePublished\":\"2019-08-16T13:10:08+00:00\",\"author\":{\"@id\":\"https:\/\/www.noticiasradioreflejos.com.ar\/2021\/#\/schema\/person\/ad82545263dcc5ec0996818884fd5fb1\"},\"breadcrumb\":{\"@id\":\"https:\/\/www.noticiasradioreflejos.com.ar\/2021\/ante-la-emergencia-pyme-came-envio-propuestas-a-sica-con-medidas-urgentes\/#breadcrumb\"},\"inLanguage\":\"es\",\"potentialAction\":[{\"@type\":\"ReadAction\",\"target\":[\"https:\/\/www.noticiasradioreflejos.com.ar\/2021\/ante-la-emergencia-pyme-came-envio-propuestas-a-sica-con-medidas-urgentes\/\"]}]},{\"@type\":\"ImageObject\",\"inLanguage\":\"es\",\"@id\":\"https:\/\/www.noticiasradioreflejos.com.ar\/2021\/ante-la-emergencia-pyme-came-envio-propuestas-a-sica-con-medidas-urgentes\/#primaryimage\",\"url\":\"https:\/\/www.noticiasradioreflejos.com.ar\/2021\/wp-content\/uploads\/2019\/08\/Comunicado-de-Prensa.jpg\",\"contentUrl\":\"https:\/\/www.noticiasradioreflejos.com.ar\/2021\/wp-content\/uploads\/2019\/08\/Comunicado-de-Prensa.jpg\",\"width\":1696,\"height\":1061},{\"@type\":\"BreadcrumbList\",\"@id\":\"https:\/\/www.noticiasradioreflejos.com.ar\/2021\/ante-la-emergencia-pyme-came-envio-propuestas-a-sica-con-medidas-urgentes\/#breadcrumb\",\"itemListElement\":[{\"@type\":\"ListItem\",\"position\":1,\"name\":\"Portada\",\"item\":\"https:\/\/www.noticiasradioreflejos.com.ar\/2021\/\"},{\"@type\":\"ListItem\",\"position\":2,\"name\":\"Ante la Emergencia PYME: CAME envi\u00f3 propuestas a SICA con medidas urgentes\"}]},{\"@type\":\"WebSite\",\"@id\":\"https:\/\/www.noticiasradioreflejos.com.ar\/2021\/#website\",\"url\":\"https:\/\/www.noticiasradioreflejos.com.ar\/2021\/\",\"name\":\"Noticias Radio Reflejos\",\"description\":\"Las noticias de mi comarca\",\"potentialAction\":[{\"@type\":\"SearchAction\",\"target\":{\"@type\":\"EntryPoint\",\"urlTemplate\":\"https:\/\/www.noticiasradioreflejos.com.ar\/2021\/?s={search_term_string}\"},\"query-input\":{\"@type\":\"PropertyValueSpecification\",\"valueRequired\":true,\"valueName\":\"search_term_string\"}}],\"inLanguage\":\"es\"},{\"@type\":\"Person\",\"@id\":\"https:\/\/www.noticiasradioreflejos.com.ar\/2021\/#\/schema\/person\/ad82545263dcc5ec0996818884fd5fb1\",\"name\":\"Arnaldo Botto\",\"image\":{\"@type\":\"ImageObject\",\"inLanguage\":\"es\",\"@id\":\"https:\/\/www.noticiasradioreflejos.com.ar\/2021\/#\/schema\/person\/image\/\",\"url\":\"https:\/\/secure.gravatar.com\/avatar\/55cb5e37c1efa326397366e6974cb338056df65cb50e7d64d1cf314e87504837?s=96&d=mm&r=g\",\"contentUrl\":\"https:\/\/secure.gravatar.com\/avatar\/55cb5e37c1efa326397366e6974cb338056df65cb50e7d64d1cf314e87504837?s=96&d=mm&r=g\",\"caption\":\"Arnaldo Botto\"},\"url\":\"https:\/\/www.noticiasradioreflejos.com.ar\/2021\/author\/arnaldo\/\"}]}<\/script>\n<!-- \/ Yoast SEO plugin. -->","yoast_head_json":{"title":"Ante la Emergencia PYME: CAME envi\u00f3 propuestas a SICA con medidas urgentes - Noticias Radio Reflejos","robots":{"index":"index","follow":"follow","max-snippet":"max-snippet:-1","max-image-preview":"max-image-preview:large","max-video-preview":"max-video-preview:-1"},"canonical":"https:\/\/www.noticiasradioreflejos.com.ar\/2021\/ante-la-emergencia-pyme-came-envio-propuestas-a-sica-con-medidas-urgentes\/","og_locale":"es_ES","og_type":"article","og_title":"Ante la Emergencia PYME: CAME envi\u00f3 propuestas a SICA con medidas urgentes - Noticias Radio Reflejos","og_description":"Frente a la situaci\u00f3n de incertidumbre y desequilibrio actual del mercado, desde la Confederaci\u00f3n Argentina de la Mediana Empresa (CAME) envi\u00f3 una misiva al ministro de Producci\u00f3n y Trabajo de la Naci\u00f3n, Dante Sica, a fin de poner a su disposici\u00f3n un documento con propuestas de medidas urgentes que generen un alivio en el bolsillo [&hellip;]","og_url":"https:\/\/www.noticiasradioreflejos.com.ar\/2021\/ante-la-emergencia-pyme-came-envio-propuestas-a-sica-con-medidas-urgentes\/","og_site_name":"Noticias Radio Reflejos","article_published_time":"2019-08-16T13:10:08+00:00","og_image":[{"width":1696,"height":1061,"url":"https:\/\/www.noticiasradioreflejos.com.ar\/2021\/wp-content\/uploads\/2019\/08\/Comunicado-de-Prensa.jpg","type":"image\/jpeg"}],"author":"Arnaldo Botto","twitter_card":"summary_large_image","schema":{"@context":"https:\/\/schema.org","@graph":[{"@type":"WebPage","@id":"https:\/\/www.noticiasradioreflejos.com.ar\/2021\/ante-la-emergencia-pyme-came-envio-propuestas-a-sica-con-medidas-urgentes\/","url":"https:\/\/www.noticiasradioreflejos.com.ar\/2021\/ante-la-emergencia-pyme-came-envio-propuestas-a-sica-con-medidas-urgentes\/","name":"Ante la Emergencia PYME: CAME envi\u00f3 propuestas a SICA con medidas urgentes - Noticias Radio Reflejos","isPartOf":{"@id":"https:\/\/www.noticiasradioreflejos.com.ar\/2021\/#website"},"primaryImageOfPage":{"@id":"https:\/\/www.noticiasradioreflejos.com.ar\/2021\/ante-la-emergencia-pyme-came-envio-propuestas-a-sica-con-medidas-urgentes\/#primaryimage"},"image":{"@id":"https:\/\/www.noticiasradioreflejos.com.ar\/2021\/ante-la-emergencia-pyme-came-envio-propuestas-a-sica-con-medidas-urgentes\/#primaryimage"},"thumbnailUrl":"https:\/\/www.noticiasradioreflejos.com.ar\/2021\/wp-content\/uploads\/2019\/08\/Comunicado-de-Prensa.jpg","datePublished":"2019-08-16T13:10:08+00:00","author":{"@id":"https:\/\/www.noticiasradioreflejos.com.ar\/2021\/#\/schema\/person\/ad82545263dcc5ec0996818884fd5fb1"},"breadcrumb":{"@id":"https:\/\/www.noticiasradioreflejos.com.ar\/2021\/ante-la-emergencia-pyme-came-envio-propuestas-a-sica-con-medidas-urgentes\/#breadcrumb"},"inLanguage":"es","potentialAction":[{"@type":"ReadAction","target":["https:\/\/www.noticiasradioreflejos.com.ar\/2021\/ante-la-emergencia-pyme-came-envio-propuestas-a-sica-con-medidas-urgentes\/"]}]},{"@type":"ImageObject","inLanguage":"es","@id":"https:\/\/www.noticiasradioreflejos.com.ar\/2021\/ante-la-emergencia-pyme-came-envio-propuestas-a-sica-con-medidas-urgentes\/#primaryimage","url":"https:\/\/www.noticiasradioreflejos.com.ar\/2021\/wp-content\/uploads\/2019\/08\/Comunicado-de-Prensa.jpg","contentUrl":"https:\/\/www.noticiasradioreflejos.com.ar\/2021\/wp-content\/uploads\/2019\/08\/Comunicado-de-Prensa.jpg","width":1696,"height":1061},{"@type":"BreadcrumbList","@id":"https:\/\/www.noticiasradioreflejos.com.ar\/2021\/ante-la-emergencia-pyme-came-envio-propuestas-a-sica-con-medidas-urgentes\/#breadcrumb","itemListElement":[{"@type":"ListItem","position":1,"name":"Portada","item":"https:\/\/www.noticiasradioreflejos.com.ar\/2021\/"},{"@type":"ListItem","position":2,"name":"Ante la Emergencia PYME: CAME envi\u00f3 propuestas a SICA con medidas urgentes"}]},{"@type":"WebSite","@id":"https:\/\/www.noticiasradioreflejos.com.ar\/2021\/#website","url":"https:\/\/www.noticiasradioreflejos.com.ar\/2021\/","name":"Noticias Radio Reflejos","description":"Las noticias de mi comarca","potentialAction":[{"@type":"SearchAction","target":{"@type":"EntryPoint","urlTemplate":"https:\/\/www.noticiasradioreflejos.com.ar\/2021\/?s={search_term_string}"},"query-input":{"@type":"PropertyValueSpecification","valueRequired":true,"valueName":"search_term_string"}}],"inLanguage":"es"},{"@type":"Person","@id":"https:\/\/www.noticiasradioreflejos.com.ar\/2021\/#\/schema\/person\/ad82545263dcc5ec0996818884fd5fb1","name":"Arnaldo Botto","image":{"@type":"ImageObject","inLanguage":"es","@id":"https:\/\/www.noticiasradioreflejos.com.ar\/2021\/#\/schema\/person\/image\/","url":"https:\/\/secure.gravatar.com\/avatar\/55cb5e37c1efa326397366e6974cb338056df65cb50e7d64d1cf314e87504837?s=96&d=mm&r=g","contentUrl":"https:\/\/secure.gravatar.com\/avatar\/55cb5e37c1efa326397366e6974cb338056df65cb50e7d64d1cf314e87504837?s=96&d=mm&r=g","caption":"Arnaldo Botto"},"url":"https:\/\/www.noticiasradioreflejos.com.ar\/2021\/author\/arnaldo\/"}]}},"_links":{"self":[{"href":"https:\/\/www.noticiasradioreflejos.com.ar\/2021\/wp-json\/wp\/v2\/posts\/33866","targetHints":{"allow":["GET"]}}],"collection":[{"href":"https:\/\/www.noticiasradioreflejos.com.ar\/2021\/wp-json\/wp\/v2\/posts"}],"about":[{"href":"https:\/\/www.noticiasradioreflejos.com.ar\/2021\/wp-json\/wp\/v2\/types\/post"}],"author":[{"embeddable":true,"href":"https:\/\/www.noticiasradioreflejos.com.ar\/2021\/wp-json\/wp\/v2\/users\/3"}],"replies":[{"embeddable":true,"href":"https:\/\/www.noticiasradioreflejos.com.ar\/2021\/wp-json\/wp\/v2\/comments?post=33866"}],"version-history":[{"count":0,"href":"https:\/\/www.noticiasradioreflejos.com.ar\/2021\/wp-json\/wp\/v2\/posts\/33866\/revisions"}],"wp:featuredmedia":[{"embeddable":true,"href":"https:\/\/www.noticiasradioreflejos.com.ar\/2021\/wp-json\/wp\/v2\/media\/33609"}],"wp:attachment":[{"href":"https:\/\/www.noticiasradioreflejos.com.ar\/2021\/wp-json\/wp\/v2\/media?parent=33866"}],"wp:term":[{"taxonomy":"category","embeddable":true,"href":"https:\/\/www.noticiasradioreflejos.com.ar\/2021\/wp-json\/wp\/v2\/categories?post=33866"},{"taxonomy":"post_tag","embeddable":true,"href":"https:\/\/www.noticiasradioreflejos.com.ar\/2021\/wp-json\/wp\/v2\/tags?post=33866"}],"curies":[{"name":"wp","href":"https:\/\/api.w.org\/{rel}","templated":true}]}}