{"id":33862,"date":"2019-08-16T08:28:28","date_gmt":"2019-08-16T11:28:28","guid":{"rendered":"http:\/\/www.noticiasradioreflejos.com.ar\/noticias\/?p=33862"},"modified":"2019-08-16T08:28:28","modified_gmt":"2019-08-16T11:28:28","slug":"un-sismo-de-29-fue-detectado-en-buenos-aires-por-el-sismografo-de-sierra-de-la-ventana","status":"publish","type":"post","link":"https:\/\/www.noticiasradioreflejos.com.ar\/2021\/un-sismo-de-29-fue-detectado-en-buenos-aires-por-el-sismografo-de-sierra-de-la-ventana\/","title":{"rendered":"Un sismo de 2,9 fue detectado en Buenos Aires por el sism\u00f3grafo de Sierra de la Ventana"},"content":{"rendered":"<p>Un evento magnitud 2.9 fue registrado por la estaci\u00f3n ubicada en el Parque Provincial Ernesto Tornquist, \u00a0a las 17:40 hora local de este 15 de agosto. Se desconocen los motivos y el epicentro.<!--more--><br \/>\n<strong>Evento detectado<\/strong><br \/>\nDesde <a href=\"https:\/\/geografia-aficionados.blogspot.com\" target=\"_blank\" rel=\"noopener\">https:\/\/geografia-aficionados.blogspot.com<\/a>, un portal de aficionados a la geolog\u00eda informaron lo siguiente:<br \/>\nComo Aficionados, nos dedicamos al estudio de distintas ramas de las ciencias. En este caso, estamos continuamente siguiendo la sismicidad en zonas at\u00edpicas del este argentino, con la estaci\u00f3n sismol\u00f3gica de Tornquist, a la cual llamaremos en todo este informe como estaci\u00f3n TRQA.<br \/>\nHace d\u00edas (por no decir meses) dicha estaci\u00f3n recibe se\u00f1ales de sismicidad regional, efectuada por una posible fuente a unos 200 kil\u00f3metros de distancia de TRQA, con magnitudes de duraci\u00f3n m\u00e1xima 3.1. El d\u00eda de hoy (jueves 15 de agosto de 2019), TRQA detect\u00f3 otro evento de los tantos que se vienen dando en la zona, y se produjo a las 17:40 hora Argentina.<br \/>\nDejamos captura del sismograma:<br \/>\nLo que vemos arriba, para simplificar, es un espectrograma y un sismograma. El primero muestra lo que detecta, con sus frecuencias asignadas en el orden de los Hertz (Hz). La caracter\u00edstica principal de los sismos de origen natural es que son registrados por un espectrograma de forma cont\u00ednua, sin detenciones, y predominan principalmente las frecuencias BAJAS. Para sismos regionales, es muy com\u00fan ver eventos que son detectados entre las frecuencias 0 y 25 Hz, y la finalizaci\u00f3n de los sismos naturales es de manera paulatina, como en forma \u00abdegradada\u00bb.<br \/>\nLo de abajo es un sismograma, y es ni m\u00e1s ni menos el que permite identificar las ondas P y S. Si bien el espectrograma tambi\u00e9n puede ser utilizado para detectar este tipo de ondas s\u00edsmicas, en el sismograma se extraen todas las dudas de lo que registra el espectrograma (\u00bfSe entendi\u00f3?).<br \/>\n<a href=\"http:\/\/www.noticiasradioreflejos.com.ar\/noticias\/wp-content\/uploads\/2019\/08\/TRQA-1.png\"><img loading=\"lazy\" decoding=\"async\" class=\"aligncenter size-large wp-image-33863\" src=\"http:\/\/www.noticiasradioreflejos.com.ar\/noticias\/wp-content\/uploads\/2019\/08\/TRQA-1-1024x365.png\" alt=\"TRQA (1)\" width=\"1024\" height=\"365\" \/><\/a><br \/>\nEn particular, vemos este evento registrado a las 17:40 hora local de este 15 de agosto.<br \/>\nComo aficionados, podemos estimar que tiene una magnitud de 2.9 Md, lo que podr\u00eda haber sido percibido en la zona cercana al epicentro. Y el epicentro&#8230; No podemos obtener mayores certezas sobre el epicentro, ya que hay un importante faltante de estaciones sismol\u00f3gicas en toda la regi\u00f3n, pero se est\u00e1n dando de manera muy seguida en el tiempo.<br \/>\nComo forma preliminar, pudimos estimar un posible epicentro para la cadena de sismos que vienen produci\u00e9ndose, y es que nos resulta acorde el resultado de un posible epicentro cercano a la ciudad de Olavarr\u00eda, sin haber recibido reportes de percepci\u00f3n.<br \/>\nA pesar de ser una informaci\u00f3n NO OFICIAL basada en experiencias anteriores, creemos que es URGENTE la incorporaci\u00f3n de sism\u00f3grafos en toda la regi\u00f3n. Se observa una falta de instrumentos, la misma que no nos permite inferir con mayor precisi\u00f3n sobre el origen de estos eventos.<br \/>\nLes pedimos a todos ustedes que nos ayuden. Es muy importante sus reportes. Todo lo que perciban. Ruidos, explosiones, movimientos bruscos, vibraciones, golpes, todo lo que no pueda asociarse con ruido ambiental como camiones, autos etc.<\/p>\n","protected":false},"excerpt":{"rendered":"<p>Un evento magnitud 2.9 fue registrado por la estaci\u00f3n ubicada en el Parque Provincial Ernesto Tornquist, \u00a0a las 17:40 hora local de este 15 de agosto. Se desconocen los motivos y el epicentro.<\/p>\n","protected":false},"author":3,"featured_media":0,"comment_status":"closed","ping_status":"open","sticky":false,"template":"","format":"standard","meta":{"footnotes":""},"categories":[25],"tags":[],"class_list":["post-33862","post","type-post","status-publish","format-standard","hentry","category-uncategorized"],"yoast_head":"<!-- This site is optimized with the Yoast SEO plugin v25.9 - https:\/\/yoast.com\/wordpress\/plugins\/seo\/ -->\n<title>Un sismo de 2,9 fue detectado en Buenos Aires por el sism\u00f3grafo de Sierra de la Ventana - Noticias Radio Reflejos<\/title>\n<meta name=\"robots\" content=\"index, follow, max-snippet:-1, max-image-preview:large, max-video-preview:-1\" \/>\n<link rel=\"canonical\" href=\"https:\/\/www.noticiasradioreflejos.com.ar\/2021\/un-sismo-de-29-fue-detectado-en-buenos-aires-por-el-sismografo-de-sierra-de-la-ventana\/\" \/>\n<meta property=\"og:locale\" content=\"es_ES\" \/>\n<meta property=\"og:type\" content=\"article\" \/>\n<meta property=\"og:title\" content=\"Un sismo de 2,9 fue detectado en Buenos Aires por el sism\u00f3grafo de Sierra de la Ventana - Noticias Radio Reflejos\" \/>\n<meta property=\"og:description\" content=\"Un evento magnitud 2.9 fue registrado por la estaci\u00f3n ubicada en el Parque Provincial Ernesto Tornquist, \u00a0a las 17:40 hora local de este 15 de agosto. Se desconocen los motivos y el epicentro.\" \/>\n<meta property=\"og:url\" content=\"https:\/\/www.noticiasradioreflejos.com.ar\/2021\/un-sismo-de-29-fue-detectado-en-buenos-aires-por-el-sismografo-de-sierra-de-la-ventana\/\" \/>\n<meta property=\"og:site_name\" content=\"Noticias Radio Reflejos\" \/>\n<meta property=\"article:published_time\" content=\"2019-08-16T11:28:28+00:00\" \/>\n<meta property=\"og:image\" content=\"https:\/\/www.noticiasradioreflejos.com.ar\/2021\/wp-content\/uploads\/2021\/07\/logosol300x200.png\" \/>\n\t<meta property=\"og:image:width\" content=\"300\" \/>\n\t<meta property=\"og:image:height\" content=\"200\" \/>\n\t<meta property=\"og:image:type\" content=\"image\/png\" \/>\n<meta name=\"author\" content=\"Arnaldo Botto\" \/>\n<meta name=\"twitter:card\" content=\"summary_large_image\" \/>\n<script type=\"application\/ld+json\" class=\"yoast-schema-graph\">{\"@context\":\"https:\/\/schema.org\",\"@graph\":[{\"@type\":\"WebPage\",\"@id\":\"https:\/\/www.noticiasradioreflejos.com.ar\/2021\/un-sismo-de-29-fue-detectado-en-buenos-aires-por-el-sismografo-de-sierra-de-la-ventana\/\",\"url\":\"https:\/\/www.noticiasradioreflejos.com.ar\/2021\/un-sismo-de-29-fue-detectado-en-buenos-aires-por-el-sismografo-de-sierra-de-la-ventana\/\",\"name\":\"Un sismo de 2,9 fue detectado en Buenos Aires por el sism\u00f3grafo de Sierra de la Ventana - Noticias Radio Reflejos\",\"isPartOf\":{\"@id\":\"https:\/\/www.noticiasradioreflejos.com.ar\/2021\/#website\"},\"primaryImageOfPage\":{\"@id\":\"https:\/\/www.noticiasradioreflejos.com.ar\/2021\/un-sismo-de-29-fue-detectado-en-buenos-aires-por-el-sismografo-de-sierra-de-la-ventana\/#primaryimage\"},\"image\":{\"@id\":\"https:\/\/www.noticiasradioreflejos.com.ar\/2021\/un-sismo-de-29-fue-detectado-en-buenos-aires-por-el-sismografo-de-sierra-de-la-ventana\/#primaryimage\"},\"thumbnailUrl\":\"http:\/\/www.noticiasradioreflejos.com.ar\/noticias\/wp-content\/uploads\/2019\/08\/TRQA-1-1024x365.png\",\"datePublished\":\"2019-08-16T11:28:28+00:00\",\"author\":{\"@id\":\"https:\/\/www.noticiasradioreflejos.com.ar\/2021\/#\/schema\/person\/ad82545263dcc5ec0996818884fd5fb1\"},\"breadcrumb\":{\"@id\":\"https:\/\/www.noticiasradioreflejos.com.ar\/2021\/un-sismo-de-29-fue-detectado-en-buenos-aires-por-el-sismografo-de-sierra-de-la-ventana\/#breadcrumb\"},\"inLanguage\":\"es\",\"potentialAction\":[{\"@type\":\"ReadAction\",\"target\":[\"https:\/\/www.noticiasradioreflejos.com.ar\/2021\/un-sismo-de-29-fue-detectado-en-buenos-aires-por-el-sismografo-de-sierra-de-la-ventana\/\"]}]},{\"@type\":\"ImageObject\",\"inLanguage\":\"es\",\"@id\":\"https:\/\/www.noticiasradioreflejos.com.ar\/2021\/un-sismo-de-29-fue-detectado-en-buenos-aires-por-el-sismografo-de-sierra-de-la-ventana\/#primaryimage\",\"url\":\"http:\/\/www.noticiasradioreflejos.com.ar\/noticias\/wp-content\/uploads\/2019\/08\/TRQA-1-1024x365.png\",\"contentUrl\":\"http:\/\/www.noticiasradioreflejos.com.ar\/noticias\/wp-content\/uploads\/2019\/08\/TRQA-1-1024x365.png\"},{\"@type\":\"BreadcrumbList\",\"@id\":\"https:\/\/www.noticiasradioreflejos.com.ar\/2021\/un-sismo-de-29-fue-detectado-en-buenos-aires-por-el-sismografo-de-sierra-de-la-ventana\/#breadcrumb\",\"itemListElement\":[{\"@type\":\"ListItem\",\"position\":1,\"name\":\"Portada\",\"item\":\"https:\/\/www.noticiasradioreflejos.com.ar\/2021\/\"},{\"@type\":\"ListItem\",\"position\":2,\"name\":\"Un sismo de 2,9 fue detectado en Buenos Aires por el sism\u00f3grafo de Sierra de la Ventana\"}]},{\"@type\":\"WebSite\",\"@id\":\"https:\/\/www.noticiasradioreflejos.com.ar\/2021\/#website\",\"url\":\"https:\/\/www.noticiasradioreflejos.com.ar\/2021\/\",\"name\":\"Noticias Radio Reflejos\",\"description\":\"Las noticias de mi comarca\",\"potentialAction\":[{\"@type\":\"SearchAction\",\"target\":{\"@type\":\"EntryPoint\",\"urlTemplate\":\"https:\/\/www.noticiasradioreflejos.com.ar\/2021\/?s={search_term_string}\"},\"query-input\":{\"@type\":\"PropertyValueSpecification\",\"valueRequired\":true,\"valueName\":\"search_term_string\"}}],\"inLanguage\":\"es\"},{\"@type\":\"Person\",\"@id\":\"https:\/\/www.noticiasradioreflejos.com.ar\/2021\/#\/schema\/person\/ad82545263dcc5ec0996818884fd5fb1\",\"name\":\"Arnaldo Botto\",\"image\":{\"@type\":\"ImageObject\",\"inLanguage\":\"es\",\"@id\":\"https:\/\/www.noticiasradioreflejos.com.ar\/2021\/#\/schema\/person\/image\/\",\"url\":\"https:\/\/secure.gravatar.com\/avatar\/55cb5e37c1efa326397366e6974cb338056df65cb50e7d64d1cf314e87504837?s=96&d=mm&r=g\",\"contentUrl\":\"https:\/\/secure.gravatar.com\/avatar\/55cb5e37c1efa326397366e6974cb338056df65cb50e7d64d1cf314e87504837?s=96&d=mm&r=g\",\"caption\":\"Arnaldo Botto\"},\"url\":\"https:\/\/www.noticiasradioreflejos.com.ar\/2021\/author\/arnaldo\/\"}]}<\/script>\n<!-- \/ Yoast SEO plugin. -->","yoast_head_json":{"title":"Un sismo de 2,9 fue detectado en Buenos Aires por el sism\u00f3grafo de Sierra de la Ventana - Noticias Radio Reflejos","robots":{"index":"index","follow":"follow","max-snippet":"max-snippet:-1","max-image-preview":"max-image-preview:large","max-video-preview":"max-video-preview:-1"},"canonical":"https:\/\/www.noticiasradioreflejos.com.ar\/2021\/un-sismo-de-29-fue-detectado-en-buenos-aires-por-el-sismografo-de-sierra-de-la-ventana\/","og_locale":"es_ES","og_type":"article","og_title":"Un sismo de 2,9 fue detectado en Buenos Aires por el sism\u00f3grafo de Sierra de la Ventana - Noticias Radio Reflejos","og_description":"Un evento magnitud 2.9 fue registrado por la estaci\u00f3n ubicada en el Parque Provincial Ernesto Tornquist, \u00a0a las 17:40 hora local de este 15 de agosto. Se desconocen los motivos y el epicentro.","og_url":"https:\/\/www.noticiasradioreflejos.com.ar\/2021\/un-sismo-de-29-fue-detectado-en-buenos-aires-por-el-sismografo-de-sierra-de-la-ventana\/","og_site_name":"Noticias Radio Reflejos","article_published_time":"2019-08-16T11:28:28+00:00","og_image":[{"width":300,"height":200,"url":"https:\/\/www.noticiasradioreflejos.com.ar\/2021\/wp-content\/uploads\/2021\/07\/logosol300x200.png","type":"image\/png"}],"author":"Arnaldo Botto","twitter_card":"summary_large_image","schema":{"@context":"https:\/\/schema.org","@graph":[{"@type":"WebPage","@id":"https:\/\/www.noticiasradioreflejos.com.ar\/2021\/un-sismo-de-29-fue-detectado-en-buenos-aires-por-el-sismografo-de-sierra-de-la-ventana\/","url":"https:\/\/www.noticiasradioreflejos.com.ar\/2021\/un-sismo-de-29-fue-detectado-en-buenos-aires-por-el-sismografo-de-sierra-de-la-ventana\/","name":"Un sismo de 2,9 fue detectado en Buenos Aires por el sism\u00f3grafo de Sierra de la Ventana - Noticias Radio Reflejos","isPartOf":{"@id":"https:\/\/www.noticiasradioreflejos.com.ar\/2021\/#website"},"primaryImageOfPage":{"@id":"https:\/\/www.noticiasradioreflejos.com.ar\/2021\/un-sismo-de-29-fue-detectado-en-buenos-aires-por-el-sismografo-de-sierra-de-la-ventana\/#primaryimage"},"image":{"@id":"https:\/\/www.noticiasradioreflejos.com.ar\/2021\/un-sismo-de-29-fue-detectado-en-buenos-aires-por-el-sismografo-de-sierra-de-la-ventana\/#primaryimage"},"thumbnailUrl":"http:\/\/www.noticiasradioreflejos.com.ar\/noticias\/wp-content\/uploads\/2019\/08\/TRQA-1-1024x365.png","datePublished":"2019-08-16T11:28:28+00:00","author":{"@id":"https:\/\/www.noticiasradioreflejos.com.ar\/2021\/#\/schema\/person\/ad82545263dcc5ec0996818884fd5fb1"},"breadcrumb":{"@id":"https:\/\/www.noticiasradioreflejos.com.ar\/2021\/un-sismo-de-29-fue-detectado-en-buenos-aires-por-el-sismografo-de-sierra-de-la-ventana\/#breadcrumb"},"inLanguage":"es","potentialAction":[{"@type":"ReadAction","target":["https:\/\/www.noticiasradioreflejos.com.ar\/2021\/un-sismo-de-29-fue-detectado-en-buenos-aires-por-el-sismografo-de-sierra-de-la-ventana\/"]}]},{"@type":"ImageObject","inLanguage":"es","@id":"https:\/\/www.noticiasradioreflejos.com.ar\/2021\/un-sismo-de-29-fue-detectado-en-buenos-aires-por-el-sismografo-de-sierra-de-la-ventana\/#primaryimage","url":"http:\/\/www.noticiasradioreflejos.com.ar\/noticias\/wp-content\/uploads\/2019\/08\/TRQA-1-1024x365.png","contentUrl":"http:\/\/www.noticiasradioreflejos.com.ar\/noticias\/wp-content\/uploads\/2019\/08\/TRQA-1-1024x365.png"},{"@type":"BreadcrumbList","@id":"https:\/\/www.noticiasradioreflejos.com.ar\/2021\/un-sismo-de-29-fue-detectado-en-buenos-aires-por-el-sismografo-de-sierra-de-la-ventana\/#breadcrumb","itemListElement":[{"@type":"ListItem","position":1,"name":"Portada","item":"https:\/\/www.noticiasradioreflejos.com.ar\/2021\/"},{"@type":"ListItem","position":2,"name":"Un sismo de 2,9 fue detectado en Buenos Aires por el sism\u00f3grafo de Sierra de la Ventana"}]},{"@type":"WebSite","@id":"https:\/\/www.noticiasradioreflejos.com.ar\/2021\/#website","url":"https:\/\/www.noticiasradioreflejos.com.ar\/2021\/","name":"Noticias Radio Reflejos","description":"Las noticias de mi comarca","potentialAction":[{"@type":"SearchAction","target":{"@type":"EntryPoint","urlTemplate":"https:\/\/www.noticiasradioreflejos.com.ar\/2021\/?s={search_term_string}"},"query-input":{"@type":"PropertyValueSpecification","valueRequired":true,"valueName":"search_term_string"}}],"inLanguage":"es"},{"@type":"Person","@id":"https:\/\/www.noticiasradioreflejos.com.ar\/2021\/#\/schema\/person\/ad82545263dcc5ec0996818884fd5fb1","name":"Arnaldo Botto","image":{"@type":"ImageObject","inLanguage":"es","@id":"https:\/\/www.noticiasradioreflejos.com.ar\/2021\/#\/schema\/person\/image\/","url":"https:\/\/secure.gravatar.com\/avatar\/55cb5e37c1efa326397366e6974cb338056df65cb50e7d64d1cf314e87504837?s=96&d=mm&r=g","contentUrl":"https:\/\/secure.gravatar.com\/avatar\/55cb5e37c1efa326397366e6974cb338056df65cb50e7d64d1cf314e87504837?s=96&d=mm&r=g","caption":"Arnaldo Botto"},"url":"https:\/\/www.noticiasradioreflejos.com.ar\/2021\/author\/arnaldo\/"}]}},"_links":{"self":[{"href":"https:\/\/www.noticiasradioreflejos.com.ar\/2021\/wp-json\/wp\/v2\/posts\/33862","targetHints":{"allow":["GET"]}}],"collection":[{"href":"https:\/\/www.noticiasradioreflejos.com.ar\/2021\/wp-json\/wp\/v2\/posts"}],"about":[{"href":"https:\/\/www.noticiasradioreflejos.com.ar\/2021\/wp-json\/wp\/v2\/types\/post"}],"author":[{"embeddable":true,"href":"https:\/\/www.noticiasradioreflejos.com.ar\/2021\/wp-json\/wp\/v2\/users\/3"}],"replies":[{"embeddable":true,"href":"https:\/\/www.noticiasradioreflejos.com.ar\/2021\/wp-json\/wp\/v2\/comments?post=33862"}],"version-history":[{"count":0,"href":"https:\/\/www.noticiasradioreflejos.com.ar\/2021\/wp-json\/wp\/v2\/posts\/33862\/revisions"}],"wp:attachment":[{"href":"https:\/\/www.noticiasradioreflejos.com.ar\/2021\/wp-json\/wp\/v2\/media?parent=33862"}],"wp:term":[{"taxonomy":"category","embeddable":true,"href":"https:\/\/www.noticiasradioreflejos.com.ar\/2021\/wp-json\/wp\/v2\/categories?post=33862"},{"taxonomy":"post_tag","embeddable":true,"href":"https:\/\/www.noticiasradioreflejos.com.ar\/2021\/wp-json\/wp\/v2\/tags?post=33862"}],"curies":[{"name":"wp","href":"https:\/\/api.w.org\/{rel}","templated":true}]}}