{"id":33856,"date":"2019-08-15T19:08:07","date_gmt":"2019-08-15T22:08:07","guid":{"rendered":"http:\/\/www.noticiasradioreflejos.com.ar\/noticias\/?p=33856"},"modified":"2019-08-15T19:08:07","modified_gmt":"2019-08-15T22:08:07","slug":"a-presentacion-del-plan-de-robotica-educativa-en-escuelas-primarias","status":"publish","type":"post","link":"https:\/\/www.noticiasradioreflejos.com.ar\/2021\/a-presentacion-del-plan-de-robotica-educativa-en-escuelas-primarias\/","title":{"rendered":"Presentaci\u00f3n del Plan de Rob\u00f3tica Educativa en Escuelas Primarias"},"content":{"rendered":"<p>Jefatura Distrital Tornquist informa que el d\u00eda mi\u00e9rcoles  14 de Agosto, en las instalaciones de la Escuela de Educaci\u00f3n Secundaria N\u00b01, se realiz\u00f3 la presentaci\u00f3n del Plan Provincial de Rob\u00f3tica Educativa a implementarse en las Escuelas Primarias del Distrito.<!--more--><br \/>\nEn dicho encuentro la Inspectora Jefe Distrital, Prof. Mar\u00eda Rosa Gonz\u00e1lez, en conjunto con la Inspectora de Educaci\u00f3n Primaria, Prof. Patricia Larrainzar y el referente Regional Marcos Ch\u00e1vez,  firmaron los Contratos de Comodatos para la entrega de los kits de Rob\u00f3tica. En dicho acto se present\u00f3 al Tallerista de Rob\u00f3tica Educativa del distrito de Tornquist Prof. Cristian Elizalde.<br \/>\nLos directivos de las escuelas primarias, recibieron Kits de rob\u00f3tica y programaci\u00f3n para trabajar en las aulas, en el marco del Plan Provincial  mencionado, que impulsa el desarrollo de una propuesta pedag\u00f3gica innovadora e integral, con m\u00faltiples aportes para los alumnos: desde mejorar el aprendizaje de matem\u00e1tica y otros contenidos curriculares a trav\u00e9s de la resoluci\u00f3n de problemas, hasta potenciar la creatividad, promoviendo el acceso, la inclusi\u00f3n y la educaci\u00f3n digital, as\u00ed como el desarrollo de habilidades y competencias necesarias para la inserci\u00f3n plena en la sociedad del conocimiento.<br \/>\nDurante la jornada, se realizaron demostraciones y se explicaron generalidades sobre el futuro dictado de talleres y capacitaciones para los maestros de grado,  a fin de poder sumar la cultura digital y el pensamiento computacional \u2013 de manera transversal- a los contenidos curriculares planificados en sus clases.<br \/>\n<a href=\"http:\/\/www.noticiasradioreflejos.com.ar\/noticias\/wp-content\/uploads\/2019\/08\/IMG-20190814-WA0034-1.jpg\"><img loading=\"lazy\" decoding=\"async\" src=\"http:\/\/www.noticiasradioreflejos.com.ar\/noticias\/wp-content\/uploads\/2019\/08\/IMG-20190814-WA0034-1.jpg\" alt=\"IMG-20190814-WA0034\" width=\"923\" height=\"483\" class=\"aligncenter size-full wp-image-33859\" \/><\/a><\/p>\n","protected":false},"excerpt":{"rendered":"<p>Jefatura Distrital Tornquist informa que el d\u00eda mi\u00e9rcoles 14 de Agosto, en las instalaciones de la Escuela de Educaci\u00f3n Secundaria N\u00b01, se realiz\u00f3 la presentaci\u00f3n del Plan Provincial de Rob\u00f3tica Educativa a implementarse en las Escuelas Primarias del Distrito.<\/p>\n","protected":false},"author":3,"featured_media":0,"comment_status":"closed","ping_status":"open","sticky":false,"template":"","format":"standard","meta":{"footnotes":""},"categories":[34],"tags":[],"class_list":["post-33856","post","type-post","status-publish","format-standard","hentry","category-educacion"],"yoast_head":"<!-- This site is optimized with the Yoast SEO plugin v25.9 - https:\/\/yoast.com\/wordpress\/plugins\/seo\/ -->\n<title>Presentaci\u00f3n del Plan de Rob\u00f3tica Educativa en Escuelas Primarias - Noticias Radio Reflejos<\/title>\n<meta name=\"robots\" content=\"index, follow, max-snippet:-1, max-image-preview:large, max-video-preview:-1\" \/>\n<link rel=\"canonical\" href=\"https:\/\/www.noticiasradioreflejos.com.ar\/2021\/a-presentacion-del-plan-de-robotica-educativa-en-escuelas-primarias\/\" \/>\n<meta property=\"og:locale\" content=\"es_ES\" \/>\n<meta property=\"og:type\" content=\"article\" \/>\n<meta property=\"og:title\" content=\"Presentaci\u00f3n del Plan de Rob\u00f3tica Educativa en Escuelas Primarias - Noticias Radio Reflejos\" \/>\n<meta property=\"og:description\" content=\"Jefatura Distrital Tornquist informa que el d\u00eda mi\u00e9rcoles 14 de Agosto, en las instalaciones de la Escuela de Educaci\u00f3n Secundaria N\u00b01, se realiz\u00f3 la presentaci\u00f3n del Plan Provincial de Rob\u00f3tica Educativa a implementarse en las Escuelas Primarias del Distrito.\" \/>\n<meta property=\"og:url\" content=\"https:\/\/www.noticiasradioreflejos.com.ar\/2021\/a-presentacion-del-plan-de-robotica-educativa-en-escuelas-primarias\/\" \/>\n<meta property=\"og:site_name\" content=\"Noticias Radio Reflejos\" \/>\n<meta property=\"article:published_time\" content=\"2019-08-15T22:08:07+00:00\" \/>\n<meta property=\"og:image\" content=\"https:\/\/www.noticiasradioreflejos.com.ar\/2021\/wp-content\/uploads\/2021\/07\/logosol300x200.png\" \/>\n\t<meta property=\"og:image:width\" content=\"300\" \/>\n\t<meta property=\"og:image:height\" content=\"200\" \/>\n\t<meta property=\"og:image:type\" content=\"image\/png\" \/>\n<meta name=\"author\" content=\"Arnaldo Botto\" \/>\n<meta name=\"twitter:card\" content=\"summary_large_image\" \/>\n<script type=\"application\/ld+json\" class=\"yoast-schema-graph\">{\"@context\":\"https:\/\/schema.org\",\"@graph\":[{\"@type\":\"WebPage\",\"@id\":\"https:\/\/www.noticiasradioreflejos.com.ar\/2021\/a-presentacion-del-plan-de-robotica-educativa-en-escuelas-primarias\/\",\"url\":\"https:\/\/www.noticiasradioreflejos.com.ar\/2021\/a-presentacion-del-plan-de-robotica-educativa-en-escuelas-primarias\/\",\"name\":\"Presentaci\u00f3n del Plan de Rob\u00f3tica Educativa en Escuelas Primarias - Noticias Radio Reflejos\",\"isPartOf\":{\"@id\":\"https:\/\/www.noticiasradioreflejos.com.ar\/2021\/#website\"},\"primaryImageOfPage\":{\"@id\":\"https:\/\/www.noticiasradioreflejos.com.ar\/2021\/a-presentacion-del-plan-de-robotica-educativa-en-escuelas-primarias\/#primaryimage\"},\"image\":{\"@id\":\"https:\/\/www.noticiasradioreflejos.com.ar\/2021\/a-presentacion-del-plan-de-robotica-educativa-en-escuelas-primarias\/#primaryimage\"},\"thumbnailUrl\":\"http:\/\/www.noticiasradioreflejos.com.ar\/noticias\/wp-content\/uploads\/2019\/08\/IMG-20190814-WA0034-1.jpg\",\"datePublished\":\"2019-08-15T22:08:07+00:00\",\"author\":{\"@id\":\"https:\/\/www.noticiasradioreflejos.com.ar\/2021\/#\/schema\/person\/ad82545263dcc5ec0996818884fd5fb1\"},\"breadcrumb\":{\"@id\":\"https:\/\/www.noticiasradioreflejos.com.ar\/2021\/a-presentacion-del-plan-de-robotica-educativa-en-escuelas-primarias\/#breadcrumb\"},\"inLanguage\":\"es\",\"potentialAction\":[{\"@type\":\"ReadAction\",\"target\":[\"https:\/\/www.noticiasradioreflejos.com.ar\/2021\/a-presentacion-del-plan-de-robotica-educativa-en-escuelas-primarias\/\"]}]},{\"@type\":\"ImageObject\",\"inLanguage\":\"es\",\"@id\":\"https:\/\/www.noticiasradioreflejos.com.ar\/2021\/a-presentacion-del-plan-de-robotica-educativa-en-escuelas-primarias\/#primaryimage\",\"url\":\"http:\/\/www.noticiasradioreflejos.com.ar\/noticias\/wp-content\/uploads\/2019\/08\/IMG-20190814-WA0034-1.jpg\",\"contentUrl\":\"http:\/\/www.noticiasradioreflejos.com.ar\/noticias\/wp-content\/uploads\/2019\/08\/IMG-20190814-WA0034-1.jpg\"},{\"@type\":\"BreadcrumbList\",\"@id\":\"https:\/\/www.noticiasradioreflejos.com.ar\/2021\/a-presentacion-del-plan-de-robotica-educativa-en-escuelas-primarias\/#breadcrumb\",\"itemListElement\":[{\"@type\":\"ListItem\",\"position\":1,\"name\":\"Portada\",\"item\":\"https:\/\/www.noticiasradioreflejos.com.ar\/2021\/\"},{\"@type\":\"ListItem\",\"position\":2,\"name\":\"Presentaci\u00f3n del Plan de Rob\u00f3tica Educativa en Escuelas Primarias\"}]},{\"@type\":\"WebSite\",\"@id\":\"https:\/\/www.noticiasradioreflejos.com.ar\/2021\/#website\",\"url\":\"https:\/\/www.noticiasradioreflejos.com.ar\/2021\/\",\"name\":\"Noticias Radio Reflejos\",\"description\":\"Las noticias de mi comarca\",\"potentialAction\":[{\"@type\":\"SearchAction\",\"target\":{\"@type\":\"EntryPoint\",\"urlTemplate\":\"https:\/\/www.noticiasradioreflejos.com.ar\/2021\/?s={search_term_string}\"},\"query-input\":{\"@type\":\"PropertyValueSpecification\",\"valueRequired\":true,\"valueName\":\"search_term_string\"}}],\"inLanguage\":\"es\"},{\"@type\":\"Person\",\"@id\":\"https:\/\/www.noticiasradioreflejos.com.ar\/2021\/#\/schema\/person\/ad82545263dcc5ec0996818884fd5fb1\",\"name\":\"Arnaldo Botto\",\"image\":{\"@type\":\"ImageObject\",\"inLanguage\":\"es\",\"@id\":\"https:\/\/www.noticiasradioreflejos.com.ar\/2021\/#\/schema\/person\/image\/\",\"url\":\"https:\/\/secure.gravatar.com\/avatar\/55cb5e37c1efa326397366e6974cb338056df65cb50e7d64d1cf314e87504837?s=96&d=mm&r=g\",\"contentUrl\":\"https:\/\/secure.gravatar.com\/avatar\/55cb5e37c1efa326397366e6974cb338056df65cb50e7d64d1cf314e87504837?s=96&d=mm&r=g\",\"caption\":\"Arnaldo Botto\"},\"url\":\"https:\/\/www.noticiasradioreflejos.com.ar\/2021\/author\/arnaldo\/\"}]}<\/script>\n<!-- \/ Yoast SEO plugin. -->","yoast_head_json":{"title":"Presentaci\u00f3n del Plan de Rob\u00f3tica Educativa en Escuelas Primarias - Noticias Radio Reflejos","robots":{"index":"index","follow":"follow","max-snippet":"max-snippet:-1","max-image-preview":"max-image-preview:large","max-video-preview":"max-video-preview:-1"},"canonical":"https:\/\/www.noticiasradioreflejos.com.ar\/2021\/a-presentacion-del-plan-de-robotica-educativa-en-escuelas-primarias\/","og_locale":"es_ES","og_type":"article","og_title":"Presentaci\u00f3n del Plan de Rob\u00f3tica Educativa en Escuelas Primarias - Noticias Radio Reflejos","og_description":"Jefatura Distrital Tornquist informa que el d\u00eda mi\u00e9rcoles 14 de Agosto, en las instalaciones de la Escuela de Educaci\u00f3n Secundaria N\u00b01, se realiz\u00f3 la presentaci\u00f3n del Plan Provincial de Rob\u00f3tica Educativa a implementarse en las Escuelas Primarias del Distrito.","og_url":"https:\/\/www.noticiasradioreflejos.com.ar\/2021\/a-presentacion-del-plan-de-robotica-educativa-en-escuelas-primarias\/","og_site_name":"Noticias Radio Reflejos","article_published_time":"2019-08-15T22:08:07+00:00","og_image":[{"width":300,"height":200,"url":"https:\/\/www.noticiasradioreflejos.com.ar\/2021\/wp-content\/uploads\/2021\/07\/logosol300x200.png","type":"image\/png"}],"author":"Arnaldo Botto","twitter_card":"summary_large_image","schema":{"@context":"https:\/\/schema.org","@graph":[{"@type":"WebPage","@id":"https:\/\/www.noticiasradioreflejos.com.ar\/2021\/a-presentacion-del-plan-de-robotica-educativa-en-escuelas-primarias\/","url":"https:\/\/www.noticiasradioreflejos.com.ar\/2021\/a-presentacion-del-plan-de-robotica-educativa-en-escuelas-primarias\/","name":"Presentaci\u00f3n del Plan de Rob\u00f3tica Educativa en Escuelas Primarias - Noticias Radio Reflejos","isPartOf":{"@id":"https:\/\/www.noticiasradioreflejos.com.ar\/2021\/#website"},"primaryImageOfPage":{"@id":"https:\/\/www.noticiasradioreflejos.com.ar\/2021\/a-presentacion-del-plan-de-robotica-educativa-en-escuelas-primarias\/#primaryimage"},"image":{"@id":"https:\/\/www.noticiasradioreflejos.com.ar\/2021\/a-presentacion-del-plan-de-robotica-educativa-en-escuelas-primarias\/#primaryimage"},"thumbnailUrl":"http:\/\/www.noticiasradioreflejos.com.ar\/noticias\/wp-content\/uploads\/2019\/08\/IMG-20190814-WA0034-1.jpg","datePublished":"2019-08-15T22:08:07+00:00","author":{"@id":"https:\/\/www.noticiasradioreflejos.com.ar\/2021\/#\/schema\/person\/ad82545263dcc5ec0996818884fd5fb1"},"breadcrumb":{"@id":"https:\/\/www.noticiasradioreflejos.com.ar\/2021\/a-presentacion-del-plan-de-robotica-educativa-en-escuelas-primarias\/#breadcrumb"},"inLanguage":"es","potentialAction":[{"@type":"ReadAction","target":["https:\/\/www.noticiasradioreflejos.com.ar\/2021\/a-presentacion-del-plan-de-robotica-educativa-en-escuelas-primarias\/"]}]},{"@type":"ImageObject","inLanguage":"es","@id":"https:\/\/www.noticiasradioreflejos.com.ar\/2021\/a-presentacion-del-plan-de-robotica-educativa-en-escuelas-primarias\/#primaryimage","url":"http:\/\/www.noticiasradioreflejos.com.ar\/noticias\/wp-content\/uploads\/2019\/08\/IMG-20190814-WA0034-1.jpg","contentUrl":"http:\/\/www.noticiasradioreflejos.com.ar\/noticias\/wp-content\/uploads\/2019\/08\/IMG-20190814-WA0034-1.jpg"},{"@type":"BreadcrumbList","@id":"https:\/\/www.noticiasradioreflejos.com.ar\/2021\/a-presentacion-del-plan-de-robotica-educativa-en-escuelas-primarias\/#breadcrumb","itemListElement":[{"@type":"ListItem","position":1,"name":"Portada","item":"https:\/\/www.noticiasradioreflejos.com.ar\/2021\/"},{"@type":"ListItem","position":2,"name":"Presentaci\u00f3n del Plan de Rob\u00f3tica Educativa en Escuelas Primarias"}]},{"@type":"WebSite","@id":"https:\/\/www.noticiasradioreflejos.com.ar\/2021\/#website","url":"https:\/\/www.noticiasradioreflejos.com.ar\/2021\/","name":"Noticias Radio Reflejos","description":"Las noticias de mi comarca","potentialAction":[{"@type":"SearchAction","target":{"@type":"EntryPoint","urlTemplate":"https:\/\/www.noticiasradioreflejos.com.ar\/2021\/?s={search_term_string}"},"query-input":{"@type":"PropertyValueSpecification","valueRequired":true,"valueName":"search_term_string"}}],"inLanguage":"es"},{"@type":"Person","@id":"https:\/\/www.noticiasradioreflejos.com.ar\/2021\/#\/schema\/person\/ad82545263dcc5ec0996818884fd5fb1","name":"Arnaldo Botto","image":{"@type":"ImageObject","inLanguage":"es","@id":"https:\/\/www.noticiasradioreflejos.com.ar\/2021\/#\/schema\/person\/image\/","url":"https:\/\/secure.gravatar.com\/avatar\/55cb5e37c1efa326397366e6974cb338056df65cb50e7d64d1cf314e87504837?s=96&d=mm&r=g","contentUrl":"https:\/\/secure.gravatar.com\/avatar\/55cb5e37c1efa326397366e6974cb338056df65cb50e7d64d1cf314e87504837?s=96&d=mm&r=g","caption":"Arnaldo Botto"},"url":"https:\/\/www.noticiasradioreflejos.com.ar\/2021\/author\/arnaldo\/"}]}},"_links":{"self":[{"href":"https:\/\/www.noticiasradioreflejos.com.ar\/2021\/wp-json\/wp\/v2\/posts\/33856","targetHints":{"allow":["GET"]}}],"collection":[{"href":"https:\/\/www.noticiasradioreflejos.com.ar\/2021\/wp-json\/wp\/v2\/posts"}],"about":[{"href":"https:\/\/www.noticiasradioreflejos.com.ar\/2021\/wp-json\/wp\/v2\/types\/post"}],"author":[{"embeddable":true,"href":"https:\/\/www.noticiasradioreflejos.com.ar\/2021\/wp-json\/wp\/v2\/users\/3"}],"replies":[{"embeddable":true,"href":"https:\/\/www.noticiasradioreflejos.com.ar\/2021\/wp-json\/wp\/v2\/comments?post=33856"}],"version-history":[{"count":0,"href":"https:\/\/www.noticiasradioreflejos.com.ar\/2021\/wp-json\/wp\/v2\/posts\/33856\/revisions"}],"wp:attachment":[{"href":"https:\/\/www.noticiasradioreflejos.com.ar\/2021\/wp-json\/wp\/v2\/media?parent=33856"}],"wp:term":[{"taxonomy":"category","embeddable":true,"href":"https:\/\/www.noticiasradioreflejos.com.ar\/2021\/wp-json\/wp\/v2\/categories?post=33856"},{"taxonomy":"post_tag","embeddable":true,"href":"https:\/\/www.noticiasradioreflejos.com.ar\/2021\/wp-json\/wp\/v2\/tags?post=33856"}],"curies":[{"name":"wp","href":"https:\/\/api.w.org\/{rel}","templated":true}]}}