{"id":33573,"date":"2019-08-06T12:11:25","date_gmt":"2019-08-06T15:11:25","guid":{"rendered":"http:\/\/www.noticiasradioreflejos.com.ar\/noticias\/?p=33573"},"modified":"2019-08-06T12:11:25","modified_gmt":"2019-08-06T15:11:25","slug":"desde-1883-que-se-creo-el-municipio-no-hubo-un-intendente-que-haya-subido-las-tasas-como-el-de-este-gobierno","status":"publish","type":"post","link":"https:\/\/www.noticiasradioreflejos.com.ar\/2021\/desde-1883-que-se-creo-el-municipio-no-hubo-un-intendente-que-haya-subido-las-tasas-como-el-de-este-gobierno\/","title":{"rendered":"&quot;Desde 1883 que se cre\u00f3 el municipio, no hubo un intendente que haya subido las tasas como el de este gobierno&quot;."},"content":{"rendered":"<p><a href=\"http:\/\/www.noticiasradioreflejos.com.ar\/noticias\/wp-content\/uploads\/2019\/08\/WhatsApp-Image-2019-08-06-at-12.33.56.jpeg\"><img loading=\"lazy\" decoding=\"async\" class=\"alignleft size-medium wp-image-33581\" src=\"http:\/\/www.noticiasradioreflejos.com.ar\/noticias\/wp-content\/uploads\/2019\/08\/WhatsApp-Image-2019-08-06-at-12.33.56-300x225.jpeg\" alt=\"WhatsApp Image 2019-08-06 at 12.33.56\" width=\"300\" height=\"225\" \/><\/a>Carmen Soverchia y Gustavo Trankels, candidatos del Frente de Todos en Tornquist, visitaron los estudios de FM Reflejos para expresar sus ideas y proyectos a la vez que di\u00f3 respuestas a muchos llamados, mensajes y consultas por las redes.<br \/>\n\u00abHemos dado vuelta todos el distrito con reuniones tem\u00e1ticas, nos interesa con profundidad lo que inquieta al ciudadano\u00bb, arranc\u00f3 diciendo Trankels en el comienzo de la entrevista. describiendo como fueron recorriendo cada localidad con esta novedosa din\u00e1mica de campa\u00f1a.<!--more--><br \/>\nCarmen Soverchia por su lado coment\u00f3: \u00abLa gente propici\u00f3 las reuniones, cosa que nosotros festejamos\u00bb.<br \/>\nLa entrevista tuvo una duraci\u00f3n de m\u00e1s de una hora, donde llegaron inquietudes, consultas y preguntas que exigieron respuestas a los candidatos.<a href=\"http:\/\/www.noticiasradioreflejos.com.ar\/noticias\/wp-content\/uploads\/2018\/06\/descarga.jpg\"><br \/>\n<\/a><br \/>\n\u00abLa pol\u00edtica es tomar decisiones, tenemos que mejorar el estilo y forma de comunicaci\u00f3n con los vecinos\u00bb expres\u00f3 Trankels ante la consulta de las diferencias entre su \u00faltimo a\u00f1o de gesti\u00f3n y\u00a0un eventual nuevo gobierno.<br \/>\nCon relaci\u00f3n a la situaci\u00f3n econ\u00f3mica que enfrenta la naci\u00f3n y el propio municipio, Gustavo dijo: \u00abTenemos la esperanza de un nuevo gobierno que sabe como conducir al pa\u00eds en una crisis\u00bb, a lo que sum\u00f3 en cuanto a la situaci\u00f3n local: \u00bb\u00a0\u00abDesde 1883 que se cre\u00f3 el municipio, no hubo un intendente que haya subido las tasas como el de este gobierno\u00bb, explicando que el actual gobierno municipal posee \u00abCompromisos de m\u00e1s de 10 millones con los proveedores y m\u00e1s de 200 millones en total de deuda\u00bb esto sobre un presupuesto para el 2020 que rondar\u00eda los 590 millones.<br \/>\n<strong>Nota completa con Carmen Soverchia y Gustavo Trankels.\u00a0<\/strong><br \/>\n<iframe loading=\"lazy\" src=\"https:\/\/w.soundcloud.com\/player\/?url=https%3A\/\/api.soundcloud.com\/tracks\/661931909&amp;color=%23ff5500&amp;auto_play=false&amp;hide_related=false&amp;show_comments=true&amp;show_user=true&amp;show_reposts=false&amp;show_teaser=true\" width=\"100%\" height=\"166\" frameborder=\"no\" scrolling=\"no\"><\/iframe><\/p>\n","protected":false},"excerpt":{"rendered":"<p>Carmen Soverchia y Gustavo Trankels, candidatos del Frente de Todos en Tornquist, visitaron los estudios de FM Reflejos para expresar sus ideas y proyectos a la vez que di\u00f3 respuestas a muchos llamados, mensajes y consultas por las redes. \u00abHemos dado vuelta todos el distrito con reuniones tem\u00e1ticas, nos interesa con profundidad lo que inquieta [&hellip;]<\/p>\n","protected":false},"author":3,"featured_media":0,"comment_status":"closed","ping_status":"open","sticky":false,"template":"","format":"standard","meta":{"footnotes":""},"categories":[24],"tags":[],"class_list":["post-33573","post","type-post","status-publish","format-standard","hentry","category-politica"],"yoast_head":"<!-- This site is optimized with the Yoast SEO plugin v25.9 - https:\/\/yoast.com\/wordpress\/plugins\/seo\/ -->\n<title>&quot;Desde 1883 que se cre\u00f3 el municipio, no hubo un intendente que haya subido las tasas como el de este gobierno&quot;. - Noticias Radio Reflejos<\/title>\n<meta name=\"robots\" content=\"index, follow, max-snippet:-1, max-image-preview:large, max-video-preview:-1\" \/>\n<link rel=\"canonical\" href=\"https:\/\/www.noticiasradioreflejos.com.ar\/2021\/desde-1883-que-se-creo-el-municipio-no-hubo-un-intendente-que-haya-subido-las-tasas-como-el-de-este-gobierno\/\" \/>\n<meta property=\"og:locale\" content=\"es_ES\" \/>\n<meta property=\"og:type\" content=\"article\" \/>\n<meta property=\"og:title\" content=\"&quot;Desde 1883 que se cre\u00f3 el municipio, no hubo un intendente que haya subido las tasas como el de este gobierno&quot;. - Noticias Radio Reflejos\" \/>\n<meta property=\"og:description\" content=\"Carmen Soverchia y Gustavo Trankels, candidatos del Frente de Todos en Tornquist, visitaron los estudios de FM Reflejos para expresar sus ideas y proyectos a la vez que di\u00f3 respuestas a muchos llamados, mensajes y consultas por las redes. \u00abHemos dado vuelta todos el distrito con reuniones tem\u00e1ticas, nos interesa con profundidad lo que inquieta [&hellip;]\" \/>\n<meta property=\"og:url\" content=\"https:\/\/www.noticiasradioreflejos.com.ar\/2021\/desde-1883-que-se-creo-el-municipio-no-hubo-un-intendente-que-haya-subido-las-tasas-como-el-de-este-gobierno\/\" \/>\n<meta property=\"og:site_name\" content=\"Noticias Radio Reflejos\" \/>\n<meta property=\"article:published_time\" content=\"2019-08-06T15:11:25+00:00\" \/>\n<meta property=\"og:image\" content=\"https:\/\/www.noticiasradioreflejos.com.ar\/2021\/wp-content\/uploads\/2021\/07\/logosol300x200.png\" \/>\n\t<meta property=\"og:image:width\" content=\"300\" \/>\n\t<meta property=\"og:image:height\" content=\"200\" \/>\n\t<meta property=\"og:image:type\" content=\"image\/png\" \/>\n<meta name=\"author\" content=\"Arnaldo Botto\" \/>\n<meta name=\"twitter:card\" content=\"summary_large_image\" \/>\n<script type=\"application\/ld+json\" class=\"yoast-schema-graph\">{\"@context\":\"https:\/\/schema.org\",\"@graph\":[{\"@type\":\"WebPage\",\"@id\":\"https:\/\/www.noticiasradioreflejos.com.ar\/2021\/desde-1883-que-se-creo-el-municipio-no-hubo-un-intendente-que-haya-subido-las-tasas-como-el-de-este-gobierno\/\",\"url\":\"https:\/\/www.noticiasradioreflejos.com.ar\/2021\/desde-1883-que-se-creo-el-municipio-no-hubo-un-intendente-que-haya-subido-las-tasas-como-el-de-este-gobierno\/\",\"name\":\"&quot;Desde 1883 que se cre\u00f3 el municipio, no hubo un intendente que haya subido las tasas como el de este gobierno&quot;. - Noticias Radio Reflejos\",\"isPartOf\":{\"@id\":\"https:\/\/www.noticiasradioreflejos.com.ar\/2021\/#website\"},\"primaryImageOfPage\":{\"@id\":\"https:\/\/www.noticiasradioreflejos.com.ar\/2021\/desde-1883-que-se-creo-el-municipio-no-hubo-un-intendente-que-haya-subido-las-tasas-como-el-de-este-gobierno\/#primaryimage\"},\"image\":{\"@id\":\"https:\/\/www.noticiasradioreflejos.com.ar\/2021\/desde-1883-que-se-creo-el-municipio-no-hubo-un-intendente-que-haya-subido-las-tasas-como-el-de-este-gobierno\/#primaryimage\"},\"thumbnailUrl\":\"http:\/\/www.noticiasradioreflejos.com.ar\/noticias\/wp-content\/uploads\/2019\/08\/WhatsApp-Image-2019-08-06-at-12.33.56-300x225.jpeg\",\"datePublished\":\"2019-08-06T15:11:25+00:00\",\"author\":{\"@id\":\"https:\/\/www.noticiasradioreflejos.com.ar\/2021\/#\/schema\/person\/ad82545263dcc5ec0996818884fd5fb1\"},\"breadcrumb\":{\"@id\":\"https:\/\/www.noticiasradioreflejos.com.ar\/2021\/desde-1883-que-se-creo-el-municipio-no-hubo-un-intendente-que-haya-subido-las-tasas-como-el-de-este-gobierno\/#breadcrumb\"},\"inLanguage\":\"es\",\"potentialAction\":[{\"@type\":\"ReadAction\",\"target\":[\"https:\/\/www.noticiasradioreflejos.com.ar\/2021\/desde-1883-que-se-creo-el-municipio-no-hubo-un-intendente-que-haya-subido-las-tasas-como-el-de-este-gobierno\/\"]}]},{\"@type\":\"ImageObject\",\"inLanguage\":\"es\",\"@id\":\"https:\/\/www.noticiasradioreflejos.com.ar\/2021\/desde-1883-que-se-creo-el-municipio-no-hubo-un-intendente-que-haya-subido-las-tasas-como-el-de-este-gobierno\/#primaryimage\",\"url\":\"http:\/\/www.noticiasradioreflejos.com.ar\/noticias\/wp-content\/uploads\/2019\/08\/WhatsApp-Image-2019-08-06-at-12.33.56-300x225.jpeg\",\"contentUrl\":\"http:\/\/www.noticiasradioreflejos.com.ar\/noticias\/wp-content\/uploads\/2019\/08\/WhatsApp-Image-2019-08-06-at-12.33.56-300x225.jpeg\"},{\"@type\":\"BreadcrumbList\",\"@id\":\"https:\/\/www.noticiasradioreflejos.com.ar\/2021\/desde-1883-que-se-creo-el-municipio-no-hubo-un-intendente-que-haya-subido-las-tasas-como-el-de-este-gobierno\/#breadcrumb\",\"itemListElement\":[{\"@type\":\"ListItem\",\"position\":1,\"name\":\"Portada\",\"item\":\"https:\/\/www.noticiasradioreflejos.com.ar\/2021\/\"},{\"@type\":\"ListItem\",\"position\":2,\"name\":\"&quot;Desde 1883 que se cre\u00f3 el municipio, no hubo un intendente que haya subido las tasas como el de este gobierno&quot;.\"}]},{\"@type\":\"WebSite\",\"@id\":\"https:\/\/www.noticiasradioreflejos.com.ar\/2021\/#website\",\"url\":\"https:\/\/www.noticiasradioreflejos.com.ar\/2021\/\",\"name\":\"Noticias Radio Reflejos\",\"description\":\"Las noticias de mi comarca\",\"potentialAction\":[{\"@type\":\"SearchAction\",\"target\":{\"@type\":\"EntryPoint\",\"urlTemplate\":\"https:\/\/www.noticiasradioreflejos.com.ar\/2021\/?s={search_term_string}\"},\"query-input\":{\"@type\":\"PropertyValueSpecification\",\"valueRequired\":true,\"valueName\":\"search_term_string\"}}],\"inLanguage\":\"es\"},{\"@type\":\"Person\",\"@id\":\"https:\/\/www.noticiasradioreflejos.com.ar\/2021\/#\/schema\/person\/ad82545263dcc5ec0996818884fd5fb1\",\"name\":\"Arnaldo Botto\",\"image\":{\"@type\":\"ImageObject\",\"inLanguage\":\"es\",\"@id\":\"https:\/\/www.noticiasradioreflejos.com.ar\/2021\/#\/schema\/person\/image\/\",\"url\":\"https:\/\/secure.gravatar.com\/avatar\/55cb5e37c1efa326397366e6974cb338056df65cb50e7d64d1cf314e87504837?s=96&d=mm&r=g\",\"contentUrl\":\"https:\/\/secure.gravatar.com\/avatar\/55cb5e37c1efa326397366e6974cb338056df65cb50e7d64d1cf314e87504837?s=96&d=mm&r=g\",\"caption\":\"Arnaldo Botto\"},\"url\":\"https:\/\/www.noticiasradioreflejos.com.ar\/2021\/author\/arnaldo\/\"}]}<\/script>\n<!-- \/ Yoast SEO plugin. -->","yoast_head_json":{"title":"&quot;Desde 1883 que se cre\u00f3 el municipio, no hubo un intendente que haya subido las tasas como el de este gobierno&quot;. - Noticias Radio Reflejos","robots":{"index":"index","follow":"follow","max-snippet":"max-snippet:-1","max-image-preview":"max-image-preview:large","max-video-preview":"max-video-preview:-1"},"canonical":"https:\/\/www.noticiasradioreflejos.com.ar\/2021\/desde-1883-que-se-creo-el-municipio-no-hubo-un-intendente-que-haya-subido-las-tasas-como-el-de-este-gobierno\/","og_locale":"es_ES","og_type":"article","og_title":"&quot;Desde 1883 que se cre\u00f3 el municipio, no hubo un intendente que haya subido las tasas como el de este gobierno&quot;. - Noticias Radio Reflejos","og_description":"Carmen Soverchia y Gustavo Trankels, candidatos del Frente de Todos en Tornquist, visitaron los estudios de FM Reflejos para expresar sus ideas y proyectos a la vez que di\u00f3 respuestas a muchos llamados, mensajes y consultas por las redes. \u00abHemos dado vuelta todos el distrito con reuniones tem\u00e1ticas, nos interesa con profundidad lo que inquieta [&hellip;]","og_url":"https:\/\/www.noticiasradioreflejos.com.ar\/2021\/desde-1883-que-se-creo-el-municipio-no-hubo-un-intendente-que-haya-subido-las-tasas-como-el-de-este-gobierno\/","og_site_name":"Noticias Radio Reflejos","article_published_time":"2019-08-06T15:11:25+00:00","og_image":[{"width":300,"height":200,"url":"https:\/\/www.noticiasradioreflejos.com.ar\/2021\/wp-content\/uploads\/2021\/07\/logosol300x200.png","type":"image\/png"}],"author":"Arnaldo Botto","twitter_card":"summary_large_image","schema":{"@context":"https:\/\/schema.org","@graph":[{"@type":"WebPage","@id":"https:\/\/www.noticiasradioreflejos.com.ar\/2021\/desde-1883-que-se-creo-el-municipio-no-hubo-un-intendente-que-haya-subido-las-tasas-como-el-de-este-gobierno\/","url":"https:\/\/www.noticiasradioreflejos.com.ar\/2021\/desde-1883-que-se-creo-el-municipio-no-hubo-un-intendente-que-haya-subido-las-tasas-como-el-de-este-gobierno\/","name":"&quot;Desde 1883 que se cre\u00f3 el municipio, no hubo un intendente que haya subido las tasas como el de este gobierno&quot;. - Noticias Radio Reflejos","isPartOf":{"@id":"https:\/\/www.noticiasradioreflejos.com.ar\/2021\/#website"},"primaryImageOfPage":{"@id":"https:\/\/www.noticiasradioreflejos.com.ar\/2021\/desde-1883-que-se-creo-el-municipio-no-hubo-un-intendente-que-haya-subido-las-tasas-como-el-de-este-gobierno\/#primaryimage"},"image":{"@id":"https:\/\/www.noticiasradioreflejos.com.ar\/2021\/desde-1883-que-se-creo-el-municipio-no-hubo-un-intendente-que-haya-subido-las-tasas-como-el-de-este-gobierno\/#primaryimage"},"thumbnailUrl":"http:\/\/www.noticiasradioreflejos.com.ar\/noticias\/wp-content\/uploads\/2019\/08\/WhatsApp-Image-2019-08-06-at-12.33.56-300x225.jpeg","datePublished":"2019-08-06T15:11:25+00:00","author":{"@id":"https:\/\/www.noticiasradioreflejos.com.ar\/2021\/#\/schema\/person\/ad82545263dcc5ec0996818884fd5fb1"},"breadcrumb":{"@id":"https:\/\/www.noticiasradioreflejos.com.ar\/2021\/desde-1883-que-se-creo-el-municipio-no-hubo-un-intendente-que-haya-subido-las-tasas-como-el-de-este-gobierno\/#breadcrumb"},"inLanguage":"es","potentialAction":[{"@type":"ReadAction","target":["https:\/\/www.noticiasradioreflejos.com.ar\/2021\/desde-1883-que-se-creo-el-municipio-no-hubo-un-intendente-que-haya-subido-las-tasas-como-el-de-este-gobierno\/"]}]},{"@type":"ImageObject","inLanguage":"es","@id":"https:\/\/www.noticiasradioreflejos.com.ar\/2021\/desde-1883-que-se-creo-el-municipio-no-hubo-un-intendente-que-haya-subido-las-tasas-como-el-de-este-gobierno\/#primaryimage","url":"http:\/\/www.noticiasradioreflejos.com.ar\/noticias\/wp-content\/uploads\/2019\/08\/WhatsApp-Image-2019-08-06-at-12.33.56-300x225.jpeg","contentUrl":"http:\/\/www.noticiasradioreflejos.com.ar\/noticias\/wp-content\/uploads\/2019\/08\/WhatsApp-Image-2019-08-06-at-12.33.56-300x225.jpeg"},{"@type":"BreadcrumbList","@id":"https:\/\/www.noticiasradioreflejos.com.ar\/2021\/desde-1883-que-se-creo-el-municipio-no-hubo-un-intendente-que-haya-subido-las-tasas-como-el-de-este-gobierno\/#breadcrumb","itemListElement":[{"@type":"ListItem","position":1,"name":"Portada","item":"https:\/\/www.noticiasradioreflejos.com.ar\/2021\/"},{"@type":"ListItem","position":2,"name":"&quot;Desde 1883 que se cre\u00f3 el municipio, no hubo un intendente que haya subido las tasas como el de este gobierno&quot;."}]},{"@type":"WebSite","@id":"https:\/\/www.noticiasradioreflejos.com.ar\/2021\/#website","url":"https:\/\/www.noticiasradioreflejos.com.ar\/2021\/","name":"Noticias Radio Reflejos","description":"Las noticias de mi comarca","potentialAction":[{"@type":"SearchAction","target":{"@type":"EntryPoint","urlTemplate":"https:\/\/www.noticiasradioreflejos.com.ar\/2021\/?s={search_term_string}"},"query-input":{"@type":"PropertyValueSpecification","valueRequired":true,"valueName":"search_term_string"}}],"inLanguage":"es"},{"@type":"Person","@id":"https:\/\/www.noticiasradioreflejos.com.ar\/2021\/#\/schema\/person\/ad82545263dcc5ec0996818884fd5fb1","name":"Arnaldo Botto","image":{"@type":"ImageObject","inLanguage":"es","@id":"https:\/\/www.noticiasradioreflejos.com.ar\/2021\/#\/schema\/person\/image\/","url":"https:\/\/secure.gravatar.com\/avatar\/55cb5e37c1efa326397366e6974cb338056df65cb50e7d64d1cf314e87504837?s=96&d=mm&r=g","contentUrl":"https:\/\/secure.gravatar.com\/avatar\/55cb5e37c1efa326397366e6974cb338056df65cb50e7d64d1cf314e87504837?s=96&d=mm&r=g","caption":"Arnaldo Botto"},"url":"https:\/\/www.noticiasradioreflejos.com.ar\/2021\/author\/arnaldo\/"}]}},"_links":{"self":[{"href":"https:\/\/www.noticiasradioreflejos.com.ar\/2021\/wp-json\/wp\/v2\/posts\/33573","targetHints":{"allow":["GET"]}}],"collection":[{"href":"https:\/\/www.noticiasradioreflejos.com.ar\/2021\/wp-json\/wp\/v2\/posts"}],"about":[{"href":"https:\/\/www.noticiasradioreflejos.com.ar\/2021\/wp-json\/wp\/v2\/types\/post"}],"author":[{"embeddable":true,"href":"https:\/\/www.noticiasradioreflejos.com.ar\/2021\/wp-json\/wp\/v2\/users\/3"}],"replies":[{"embeddable":true,"href":"https:\/\/www.noticiasradioreflejos.com.ar\/2021\/wp-json\/wp\/v2\/comments?post=33573"}],"version-history":[{"count":0,"href":"https:\/\/www.noticiasradioreflejos.com.ar\/2021\/wp-json\/wp\/v2\/posts\/33573\/revisions"}],"wp:attachment":[{"href":"https:\/\/www.noticiasradioreflejos.com.ar\/2021\/wp-json\/wp\/v2\/media?parent=33573"}],"wp:term":[{"taxonomy":"category","embeddable":true,"href":"https:\/\/www.noticiasradioreflejos.com.ar\/2021\/wp-json\/wp\/v2\/categories?post=33573"},{"taxonomy":"post_tag","embeddable":true,"href":"https:\/\/www.noticiasradioreflejos.com.ar\/2021\/wp-json\/wp\/v2\/tags?post=33573"}],"curies":[{"name":"wp","href":"https:\/\/api.w.org\/{rel}","templated":true}]}}