{"id":33557,"date":"2019-08-06T09:07:08","date_gmt":"2019-08-06T12:07:08","guid":{"rendered":"http:\/\/www.noticiasradioreflejos.com.ar\/noticias\/?p=33557"},"modified":"2019-08-06T09:07:08","modified_gmt":"2019-08-06T12:07:08","slug":"donde-voto-en-buenos-aires-consulta-el-padron-electoral-de-2019","status":"publish","type":"post","link":"https:\/\/www.noticiasradioreflejos.com.ar\/2021\/donde-voto-en-buenos-aires-consulta-el-padron-electoral-de-2019\/","title":{"rendered":"D\u00f3nde voto en Buenos Aires: consult\u00e1 el padr\u00f3n electoral de 2019"},"content":{"rendered":"<p>el domingo 11 de agosto habr\u00e1 elecciones en la provincia de Buenos Aires para definir qui\u00e9n ser\u00e1 el candidato gobernador a trav\u00e9s de las Primarias Abiertas Simult\u00e1neas y Obligatorias. Ese d\u00eda, tambi\u00e9n se celebrar\u00e1n las PASO para definir las candidaturas presidenciales.<br \/>\n<a href=\"https:\/\/www.padron.gov.ar\/\"><strong>Consult\u00e1 el padr\u00f3n electoral 2019<\/strong><\/a><br \/>\nEl padr\u00f3n electoral, publicado por la C\u00e1mara Nacional electoral (CNE), permitir\u00e1 a los electores consultar d\u00f3nde votan en la p\u00e1gina web oficial, con solo introducir su n\u00famero de documento, g\u00e9nero, distrito y un c\u00f3digo de seguridad.<!--more--><br \/>\nAdem\u00e1s, la CNE inform\u00f3 que ya se encuentra disponible el curso de capacitaci\u00f3n virtual para las autoridades de mesa y el cronograma para la capacitaci\u00f3n presencial que se realizar\u00e1 en el Archivo General de la Naci\u00f3n, desde el lunes 5 hasta el viernes 9 de agosto.<br \/>\nEn provincia de Buenos Aires Mar\u00eda Eugenia Vidal intentar\u00e1 alcanzar la reelecci\u00f3n; por el Frente de todos compite el exministro de Econom\u00eda Axel Kicillof; Consenso Federal presenta como postulante a la gobernaci\u00f3n a Eduardo Bucca; Christian Castillo es el candidato de FIT- Unidad; Mart\u00edn Bay\u00f3n se postula en la lista de Nuevo M\u00e1s; El Frente Desertar lleva como candidato a Guillermo Castelo y el Frente Patriota a Leonardo Bariani.<br \/>\nEn el distrito m\u00e1s poblado del pa\u00eds, adem\u00e1s del cargo de gobernador se elegir\u00e1n 23 senadores y 46 diputados provinciales, 135 intendentes, 1097 concejales y 401 consejeros escolares.<br \/>\nEn la elecci\u00f3n presidencial, si el 27 de octubre ning\u00fan candidato alcanza la mayor\u00eda, se realizar\u00e1 una segunda vuelta. Para alcanzar la mayor\u00eda, el candidato ganador tiene que tener el 45% de los votos o el 40% de los votos con una diferencia porcentual mayor a 10 puntos con respecto al otro candidato.<\/p>\n","protected":false},"excerpt":{"rendered":"<p>el domingo 11 de agosto habr\u00e1 elecciones en la provincia de Buenos Aires para definir qui\u00e9n ser\u00e1 el candidato gobernador a trav\u00e9s de las Primarias Abiertas Simult\u00e1neas y Obligatorias. Ese d\u00eda, tambi\u00e9n se celebrar\u00e1n las PASO para definir las candidaturas presidenciales. Consult\u00e1 el padr\u00f3n electoral 2019 El padr\u00f3n electoral, publicado por la C\u00e1mara Nacional electoral [&hellip;]<\/p>\n","protected":false},"author":3,"featured_media":0,"comment_status":"closed","ping_status":"open","sticky":false,"template":"","format":"standard","meta":{"footnotes":""},"categories":[24],"tags":[],"class_list":["post-33557","post","type-post","status-publish","format-standard","hentry","category-politica"],"yoast_head":"<!-- This site is optimized with the Yoast SEO plugin v25.9 - https:\/\/yoast.com\/wordpress\/plugins\/seo\/ -->\n<title>D\u00f3nde voto en Buenos Aires: consult\u00e1 el padr\u00f3n electoral de 2019 - Noticias Radio Reflejos<\/title>\n<meta name=\"robots\" content=\"index, follow, max-snippet:-1, max-image-preview:large, max-video-preview:-1\" \/>\n<link rel=\"canonical\" href=\"https:\/\/www.noticiasradioreflejos.com.ar\/2021\/donde-voto-en-buenos-aires-consulta-el-padron-electoral-de-2019\/\" \/>\n<meta property=\"og:locale\" content=\"es_ES\" \/>\n<meta property=\"og:type\" content=\"article\" \/>\n<meta property=\"og:title\" content=\"D\u00f3nde voto en Buenos Aires: consult\u00e1 el padr\u00f3n electoral de 2019 - Noticias Radio Reflejos\" \/>\n<meta property=\"og:description\" content=\"el domingo 11 de agosto habr\u00e1 elecciones en la provincia de Buenos Aires para definir qui\u00e9n ser\u00e1 el candidato gobernador a trav\u00e9s de las Primarias Abiertas Simult\u00e1neas y Obligatorias. Ese d\u00eda, tambi\u00e9n se celebrar\u00e1n las PASO para definir las candidaturas presidenciales. Consult\u00e1 el padr\u00f3n electoral 2019 El padr\u00f3n electoral, publicado por la C\u00e1mara Nacional electoral [&hellip;]\" \/>\n<meta property=\"og:url\" content=\"https:\/\/www.noticiasradioreflejos.com.ar\/2021\/donde-voto-en-buenos-aires-consulta-el-padron-electoral-de-2019\/\" \/>\n<meta property=\"og:site_name\" content=\"Noticias Radio Reflejos\" \/>\n<meta property=\"article:published_time\" content=\"2019-08-06T12:07:08+00:00\" \/>\n<meta property=\"og:image\" content=\"https:\/\/www.noticiasradioreflejos.com.ar\/2021\/wp-content\/uploads\/2021\/07\/logosol300x200.png\" \/>\n\t<meta property=\"og:image:width\" content=\"300\" \/>\n\t<meta property=\"og:image:height\" content=\"200\" \/>\n\t<meta property=\"og:image:type\" content=\"image\/png\" \/>\n<meta name=\"author\" content=\"Arnaldo Botto\" \/>\n<meta name=\"twitter:card\" content=\"summary_large_image\" \/>\n<script type=\"application\/ld+json\" class=\"yoast-schema-graph\">{\"@context\":\"https:\/\/schema.org\",\"@graph\":[{\"@type\":\"WebPage\",\"@id\":\"https:\/\/www.noticiasradioreflejos.com.ar\/2021\/donde-voto-en-buenos-aires-consulta-el-padron-electoral-de-2019\/\",\"url\":\"https:\/\/www.noticiasradioreflejos.com.ar\/2021\/donde-voto-en-buenos-aires-consulta-el-padron-electoral-de-2019\/\",\"name\":\"D\u00f3nde voto en Buenos Aires: consult\u00e1 el padr\u00f3n electoral de 2019 - Noticias Radio Reflejos\",\"isPartOf\":{\"@id\":\"https:\/\/www.noticiasradioreflejos.com.ar\/2021\/#website\"},\"datePublished\":\"2019-08-06T12:07:08+00:00\",\"author\":{\"@id\":\"https:\/\/www.noticiasradioreflejos.com.ar\/2021\/#\/schema\/person\/ad82545263dcc5ec0996818884fd5fb1\"},\"breadcrumb\":{\"@id\":\"https:\/\/www.noticiasradioreflejos.com.ar\/2021\/donde-voto-en-buenos-aires-consulta-el-padron-electoral-de-2019\/#breadcrumb\"},\"inLanguage\":\"es\",\"potentialAction\":[{\"@type\":\"ReadAction\",\"target\":[\"https:\/\/www.noticiasradioreflejos.com.ar\/2021\/donde-voto-en-buenos-aires-consulta-el-padron-electoral-de-2019\/\"]}]},{\"@type\":\"BreadcrumbList\",\"@id\":\"https:\/\/www.noticiasradioreflejos.com.ar\/2021\/donde-voto-en-buenos-aires-consulta-el-padron-electoral-de-2019\/#breadcrumb\",\"itemListElement\":[{\"@type\":\"ListItem\",\"position\":1,\"name\":\"Portada\",\"item\":\"https:\/\/www.noticiasradioreflejos.com.ar\/2021\/\"},{\"@type\":\"ListItem\",\"position\":2,\"name\":\"D\u00f3nde voto en Buenos Aires: consult\u00e1 el padr\u00f3n electoral de 2019\"}]},{\"@type\":\"WebSite\",\"@id\":\"https:\/\/www.noticiasradioreflejos.com.ar\/2021\/#website\",\"url\":\"https:\/\/www.noticiasradioreflejos.com.ar\/2021\/\",\"name\":\"Noticias Radio Reflejos\",\"description\":\"Las noticias de mi comarca\",\"potentialAction\":[{\"@type\":\"SearchAction\",\"target\":{\"@type\":\"EntryPoint\",\"urlTemplate\":\"https:\/\/www.noticiasradioreflejos.com.ar\/2021\/?s={search_term_string}\"},\"query-input\":{\"@type\":\"PropertyValueSpecification\",\"valueRequired\":true,\"valueName\":\"search_term_string\"}}],\"inLanguage\":\"es\"},{\"@type\":\"Person\",\"@id\":\"https:\/\/www.noticiasradioreflejos.com.ar\/2021\/#\/schema\/person\/ad82545263dcc5ec0996818884fd5fb1\",\"name\":\"Arnaldo Botto\",\"image\":{\"@type\":\"ImageObject\",\"inLanguage\":\"es\",\"@id\":\"https:\/\/www.noticiasradioreflejos.com.ar\/2021\/#\/schema\/person\/image\/\",\"url\":\"https:\/\/secure.gravatar.com\/avatar\/55cb5e37c1efa326397366e6974cb338056df65cb50e7d64d1cf314e87504837?s=96&d=mm&r=g\",\"contentUrl\":\"https:\/\/secure.gravatar.com\/avatar\/55cb5e37c1efa326397366e6974cb338056df65cb50e7d64d1cf314e87504837?s=96&d=mm&r=g\",\"caption\":\"Arnaldo Botto\"},\"url\":\"https:\/\/www.noticiasradioreflejos.com.ar\/2021\/author\/arnaldo\/\"}]}<\/script>\n<!-- \/ Yoast SEO plugin. -->","yoast_head_json":{"title":"D\u00f3nde voto en Buenos Aires: consult\u00e1 el padr\u00f3n electoral de 2019 - Noticias Radio Reflejos","robots":{"index":"index","follow":"follow","max-snippet":"max-snippet:-1","max-image-preview":"max-image-preview:large","max-video-preview":"max-video-preview:-1"},"canonical":"https:\/\/www.noticiasradioreflejos.com.ar\/2021\/donde-voto-en-buenos-aires-consulta-el-padron-electoral-de-2019\/","og_locale":"es_ES","og_type":"article","og_title":"D\u00f3nde voto en Buenos Aires: consult\u00e1 el padr\u00f3n electoral de 2019 - Noticias Radio Reflejos","og_description":"el domingo 11 de agosto habr\u00e1 elecciones en la provincia de Buenos Aires para definir qui\u00e9n ser\u00e1 el candidato gobernador a trav\u00e9s de las Primarias Abiertas Simult\u00e1neas y Obligatorias. Ese d\u00eda, tambi\u00e9n se celebrar\u00e1n las PASO para definir las candidaturas presidenciales. Consult\u00e1 el padr\u00f3n electoral 2019 El padr\u00f3n electoral, publicado por la C\u00e1mara Nacional electoral [&hellip;]","og_url":"https:\/\/www.noticiasradioreflejos.com.ar\/2021\/donde-voto-en-buenos-aires-consulta-el-padron-electoral-de-2019\/","og_site_name":"Noticias Radio Reflejos","article_published_time":"2019-08-06T12:07:08+00:00","og_image":[{"width":300,"height":200,"url":"https:\/\/www.noticiasradioreflejos.com.ar\/2021\/wp-content\/uploads\/2021\/07\/logosol300x200.png","type":"image\/png"}],"author":"Arnaldo Botto","twitter_card":"summary_large_image","schema":{"@context":"https:\/\/schema.org","@graph":[{"@type":"WebPage","@id":"https:\/\/www.noticiasradioreflejos.com.ar\/2021\/donde-voto-en-buenos-aires-consulta-el-padron-electoral-de-2019\/","url":"https:\/\/www.noticiasradioreflejos.com.ar\/2021\/donde-voto-en-buenos-aires-consulta-el-padron-electoral-de-2019\/","name":"D\u00f3nde voto en Buenos Aires: consult\u00e1 el padr\u00f3n electoral de 2019 - Noticias Radio Reflejos","isPartOf":{"@id":"https:\/\/www.noticiasradioreflejos.com.ar\/2021\/#website"},"datePublished":"2019-08-06T12:07:08+00:00","author":{"@id":"https:\/\/www.noticiasradioreflejos.com.ar\/2021\/#\/schema\/person\/ad82545263dcc5ec0996818884fd5fb1"},"breadcrumb":{"@id":"https:\/\/www.noticiasradioreflejos.com.ar\/2021\/donde-voto-en-buenos-aires-consulta-el-padron-electoral-de-2019\/#breadcrumb"},"inLanguage":"es","potentialAction":[{"@type":"ReadAction","target":["https:\/\/www.noticiasradioreflejos.com.ar\/2021\/donde-voto-en-buenos-aires-consulta-el-padron-electoral-de-2019\/"]}]},{"@type":"BreadcrumbList","@id":"https:\/\/www.noticiasradioreflejos.com.ar\/2021\/donde-voto-en-buenos-aires-consulta-el-padron-electoral-de-2019\/#breadcrumb","itemListElement":[{"@type":"ListItem","position":1,"name":"Portada","item":"https:\/\/www.noticiasradioreflejos.com.ar\/2021\/"},{"@type":"ListItem","position":2,"name":"D\u00f3nde voto en Buenos Aires: consult\u00e1 el padr\u00f3n electoral de 2019"}]},{"@type":"WebSite","@id":"https:\/\/www.noticiasradioreflejos.com.ar\/2021\/#website","url":"https:\/\/www.noticiasradioreflejos.com.ar\/2021\/","name":"Noticias Radio Reflejos","description":"Las noticias de mi comarca","potentialAction":[{"@type":"SearchAction","target":{"@type":"EntryPoint","urlTemplate":"https:\/\/www.noticiasradioreflejos.com.ar\/2021\/?s={search_term_string}"},"query-input":{"@type":"PropertyValueSpecification","valueRequired":true,"valueName":"search_term_string"}}],"inLanguage":"es"},{"@type":"Person","@id":"https:\/\/www.noticiasradioreflejos.com.ar\/2021\/#\/schema\/person\/ad82545263dcc5ec0996818884fd5fb1","name":"Arnaldo Botto","image":{"@type":"ImageObject","inLanguage":"es","@id":"https:\/\/www.noticiasradioreflejos.com.ar\/2021\/#\/schema\/person\/image\/","url":"https:\/\/secure.gravatar.com\/avatar\/55cb5e37c1efa326397366e6974cb338056df65cb50e7d64d1cf314e87504837?s=96&d=mm&r=g","contentUrl":"https:\/\/secure.gravatar.com\/avatar\/55cb5e37c1efa326397366e6974cb338056df65cb50e7d64d1cf314e87504837?s=96&d=mm&r=g","caption":"Arnaldo Botto"},"url":"https:\/\/www.noticiasradioreflejos.com.ar\/2021\/author\/arnaldo\/"}]}},"_links":{"self":[{"href":"https:\/\/www.noticiasradioreflejos.com.ar\/2021\/wp-json\/wp\/v2\/posts\/33557","targetHints":{"allow":["GET"]}}],"collection":[{"href":"https:\/\/www.noticiasradioreflejos.com.ar\/2021\/wp-json\/wp\/v2\/posts"}],"about":[{"href":"https:\/\/www.noticiasradioreflejos.com.ar\/2021\/wp-json\/wp\/v2\/types\/post"}],"author":[{"embeddable":true,"href":"https:\/\/www.noticiasradioreflejos.com.ar\/2021\/wp-json\/wp\/v2\/users\/3"}],"replies":[{"embeddable":true,"href":"https:\/\/www.noticiasradioreflejos.com.ar\/2021\/wp-json\/wp\/v2\/comments?post=33557"}],"version-history":[{"count":0,"href":"https:\/\/www.noticiasradioreflejos.com.ar\/2021\/wp-json\/wp\/v2\/posts\/33557\/revisions"}],"wp:attachment":[{"href":"https:\/\/www.noticiasradioreflejos.com.ar\/2021\/wp-json\/wp\/v2\/media?parent=33557"}],"wp:term":[{"taxonomy":"category","embeddable":true,"href":"https:\/\/www.noticiasradioreflejos.com.ar\/2021\/wp-json\/wp\/v2\/categories?post=33557"},{"taxonomy":"post_tag","embeddable":true,"href":"https:\/\/www.noticiasradioreflejos.com.ar\/2021\/wp-json\/wp\/v2\/tags?post=33557"}],"curies":[{"name":"wp","href":"https:\/\/api.w.org\/{rel}","templated":true}]}}