{"id":33492,"date":"2019-08-02T09:01:59","date_gmt":"2019-08-02T12:01:59","guid":{"rendered":"http:\/\/www.noticiasradioreflejos.com.ar\/noticias\/?p=33492"},"modified":"2019-08-02T09:01:59","modified_gmt":"2019-08-02T12:01:59","slug":"son-dos-proyectos-muy-marcados-y-diferentes-nosotros-creemos-que-el-rol-del-estado-debe-direccionar-el-desarrollo-claudio-iribarren","status":"publish","type":"post","link":"https:\/\/www.noticiasradioreflejos.com.ar\/2021\/son-dos-proyectos-muy-marcados-y-diferentes-nosotros-creemos-que-el-rol-del-estado-debe-direccionar-el-desarrollo-claudio-iribarren\/","title":{"rendered":"&quot;Son dos proyectos muy marcados y diferentes, nosotros  creemos que el rol del estado  debe direccionar el desarrollo&quot; Claudio Iribarren."},"content":{"rendered":"<p>El Ing. Forestal <strong>Claudio Iribarren<\/strong>, candidato a concejal por el<strong> Frente de Todos<\/strong>, visit\u00f3 los estudios de FM Reflejos, donde expres\u00f3 su visi\u00f3n sobre la marcha de la campa\u00f1a, el nuevo sistema de escrutinio y las pautas que manejan para los d\u00edas previos a las PASO.<!--more--><br \/>\nEn el comienzo de la charla, consultamos al \u00abVasco\u00bb sobre la preocupaci\u00f3n que se viene manifestando en cuanto al nuevo sistema de escrutinio que se pondr\u00e1 en vigencia en las pr\u00f3ximas elecciones, \u00abRealmente preocupa, no se hizo con la anticipaci\u00f3n previa para manejarlo y se han cambiado reglas de c\u00f3mo sale el archivo con la informaci\u00f3n.\u00bb describi\u00f3 el candidato en relaci\u00f3n a la transferencia electr\u00f3nica de los datos de cada mesa donde se votar\u00e1.<br \/>\nCon relaci\u00f3n a la metodolog\u00eda que aplicaron para la campa\u00f1a dijo \u00abEstar muy contento\u00bb, y asegur\u00f3 que \u00abBuena parte de las propuestas son el reflejo de la ciudadan\u00eda\u00bb, asegurando que tienen muchos proyectos para trabajar desde el Concejo para cumplir con estas demandas de los vecinos.<br \/>\nIribarren abord\u00f3 el tema econ\u00f3mico y destac\u00f3: \u00abEl golpe su\u00e9 gigante y en toda la poblaci\u00f3n\u00bb refiri\u00e9ndose al mal momento que vive el pa\u00eds en materia econ\u00f3mica.<br \/>\nFinalmente destac\u00f3 que \u00abSon dos proyectos muy marcados y diferentes, nosotros creemos que el rol del estado debe direccionar el desarrollo\u00bb.<br \/>\n<iframe loading=\"lazy\" src=\"https:\/\/w.soundcloud.com\/player\/?url=https%3A\/\/api.soundcloud.com\/tracks\/659567111&amp;color=%23ff5500&amp;auto_play=false&amp;hide_related=false&amp;show_comments=true&amp;show_user=true&amp;show_reposts=false&amp;show_teaser=true\" width=\"100%\" height=\"166\" frameborder=\"no\" scrolling=\"no\"><\/iframe><\/p>\n","protected":false},"excerpt":{"rendered":"<p>El Ing. Forestal Claudio Iribarren, candidato a concejal por el Frente de Todos, visit\u00f3 los estudios de FM Reflejos, donde expres\u00f3 su visi\u00f3n sobre la marcha de la campa\u00f1a, el nuevo sistema de escrutinio y las pautas que manejan para los d\u00edas previos a las PASO.<\/p>\n","protected":false},"author":3,"featured_media":0,"comment_status":"closed","ping_status":"open","sticky":false,"template":"","format":"standard","meta":{"footnotes":""},"categories":[24],"tags":[],"class_list":["post-33492","post","type-post","status-publish","format-standard","hentry","category-politica"],"yoast_head":"<!-- This site is optimized with the Yoast SEO plugin v25.9 - https:\/\/yoast.com\/wordpress\/plugins\/seo\/ -->\n<title>&quot;Son dos proyectos muy marcados y diferentes, nosotros creemos que el rol del estado debe direccionar el desarrollo&quot; Claudio Iribarren. - Noticias Radio Reflejos<\/title>\n<meta name=\"robots\" content=\"index, follow, max-snippet:-1, max-image-preview:large, max-video-preview:-1\" \/>\n<link rel=\"canonical\" href=\"https:\/\/www.noticiasradioreflejos.com.ar\/2021\/son-dos-proyectos-muy-marcados-y-diferentes-nosotros-creemos-que-el-rol-del-estado-debe-direccionar-el-desarrollo-claudio-iribarren\/\" \/>\n<meta property=\"og:locale\" content=\"es_ES\" \/>\n<meta property=\"og:type\" content=\"article\" \/>\n<meta property=\"og:title\" content=\"&quot;Son dos proyectos muy marcados y diferentes, nosotros creemos que el rol del estado debe direccionar el desarrollo&quot; Claudio Iribarren. - Noticias Radio Reflejos\" \/>\n<meta property=\"og:description\" content=\"El Ing. Forestal Claudio Iribarren, candidato a concejal por el Frente de Todos, visit\u00f3 los estudios de FM Reflejos, donde expres\u00f3 su visi\u00f3n sobre la marcha de la campa\u00f1a, el nuevo sistema de escrutinio y las pautas que manejan para los d\u00edas previos a las PASO.\" \/>\n<meta property=\"og:url\" content=\"https:\/\/www.noticiasradioreflejos.com.ar\/2021\/son-dos-proyectos-muy-marcados-y-diferentes-nosotros-creemos-que-el-rol-del-estado-debe-direccionar-el-desarrollo-claudio-iribarren\/\" \/>\n<meta property=\"og:site_name\" content=\"Noticias Radio Reflejos\" \/>\n<meta property=\"article:published_time\" content=\"2019-08-02T12:01:59+00:00\" \/>\n<meta property=\"og:image\" content=\"https:\/\/www.noticiasradioreflejos.com.ar\/2021\/wp-content\/uploads\/2021\/07\/logosol300x200.png\" \/>\n\t<meta property=\"og:image:width\" content=\"300\" \/>\n\t<meta property=\"og:image:height\" content=\"200\" \/>\n\t<meta property=\"og:image:type\" content=\"image\/png\" \/>\n<meta name=\"author\" content=\"Arnaldo Botto\" \/>\n<meta name=\"twitter:card\" content=\"summary_large_image\" \/>\n<script type=\"application\/ld+json\" class=\"yoast-schema-graph\">{\"@context\":\"https:\/\/schema.org\",\"@graph\":[{\"@type\":\"WebPage\",\"@id\":\"https:\/\/www.noticiasradioreflejos.com.ar\/2021\/son-dos-proyectos-muy-marcados-y-diferentes-nosotros-creemos-que-el-rol-del-estado-debe-direccionar-el-desarrollo-claudio-iribarren\/\",\"url\":\"https:\/\/www.noticiasradioreflejos.com.ar\/2021\/son-dos-proyectos-muy-marcados-y-diferentes-nosotros-creemos-que-el-rol-del-estado-debe-direccionar-el-desarrollo-claudio-iribarren\/\",\"name\":\"&quot;Son dos proyectos muy marcados y diferentes, nosotros creemos que el rol del estado debe direccionar el desarrollo&quot; Claudio Iribarren. - Noticias Radio Reflejos\",\"isPartOf\":{\"@id\":\"https:\/\/www.noticiasradioreflejos.com.ar\/2021\/#website\"},\"datePublished\":\"2019-08-02T12:01:59+00:00\",\"author\":{\"@id\":\"https:\/\/www.noticiasradioreflejos.com.ar\/2021\/#\/schema\/person\/ad82545263dcc5ec0996818884fd5fb1\"},\"breadcrumb\":{\"@id\":\"https:\/\/www.noticiasradioreflejos.com.ar\/2021\/son-dos-proyectos-muy-marcados-y-diferentes-nosotros-creemos-que-el-rol-del-estado-debe-direccionar-el-desarrollo-claudio-iribarren\/#breadcrumb\"},\"inLanguage\":\"es\",\"potentialAction\":[{\"@type\":\"ReadAction\",\"target\":[\"https:\/\/www.noticiasradioreflejos.com.ar\/2021\/son-dos-proyectos-muy-marcados-y-diferentes-nosotros-creemos-que-el-rol-del-estado-debe-direccionar-el-desarrollo-claudio-iribarren\/\"]}]},{\"@type\":\"BreadcrumbList\",\"@id\":\"https:\/\/www.noticiasradioreflejos.com.ar\/2021\/son-dos-proyectos-muy-marcados-y-diferentes-nosotros-creemos-que-el-rol-del-estado-debe-direccionar-el-desarrollo-claudio-iribarren\/#breadcrumb\",\"itemListElement\":[{\"@type\":\"ListItem\",\"position\":1,\"name\":\"Portada\",\"item\":\"https:\/\/www.noticiasradioreflejos.com.ar\/2021\/\"},{\"@type\":\"ListItem\",\"position\":2,\"name\":\"&quot;Son dos proyectos muy marcados y diferentes, nosotros creemos que el rol del estado debe direccionar el desarrollo&quot; Claudio Iribarren.\"}]},{\"@type\":\"WebSite\",\"@id\":\"https:\/\/www.noticiasradioreflejos.com.ar\/2021\/#website\",\"url\":\"https:\/\/www.noticiasradioreflejos.com.ar\/2021\/\",\"name\":\"Noticias Radio Reflejos\",\"description\":\"Las noticias de mi comarca\",\"potentialAction\":[{\"@type\":\"SearchAction\",\"target\":{\"@type\":\"EntryPoint\",\"urlTemplate\":\"https:\/\/www.noticiasradioreflejos.com.ar\/2021\/?s={search_term_string}\"},\"query-input\":{\"@type\":\"PropertyValueSpecification\",\"valueRequired\":true,\"valueName\":\"search_term_string\"}}],\"inLanguage\":\"es\"},{\"@type\":\"Person\",\"@id\":\"https:\/\/www.noticiasradioreflejos.com.ar\/2021\/#\/schema\/person\/ad82545263dcc5ec0996818884fd5fb1\",\"name\":\"Arnaldo Botto\",\"image\":{\"@type\":\"ImageObject\",\"inLanguage\":\"es\",\"@id\":\"https:\/\/www.noticiasradioreflejos.com.ar\/2021\/#\/schema\/person\/image\/\",\"url\":\"https:\/\/secure.gravatar.com\/avatar\/55cb5e37c1efa326397366e6974cb338056df65cb50e7d64d1cf314e87504837?s=96&d=mm&r=g\",\"contentUrl\":\"https:\/\/secure.gravatar.com\/avatar\/55cb5e37c1efa326397366e6974cb338056df65cb50e7d64d1cf314e87504837?s=96&d=mm&r=g\",\"caption\":\"Arnaldo Botto\"},\"url\":\"https:\/\/www.noticiasradioreflejos.com.ar\/2021\/author\/arnaldo\/\"}]}<\/script>\n<!-- \/ Yoast SEO plugin. -->","yoast_head_json":{"title":"&quot;Son dos proyectos muy marcados y diferentes, nosotros creemos que el rol del estado debe direccionar el desarrollo&quot; Claudio Iribarren. - Noticias Radio Reflejos","robots":{"index":"index","follow":"follow","max-snippet":"max-snippet:-1","max-image-preview":"max-image-preview:large","max-video-preview":"max-video-preview:-1"},"canonical":"https:\/\/www.noticiasradioreflejos.com.ar\/2021\/son-dos-proyectos-muy-marcados-y-diferentes-nosotros-creemos-que-el-rol-del-estado-debe-direccionar-el-desarrollo-claudio-iribarren\/","og_locale":"es_ES","og_type":"article","og_title":"&quot;Son dos proyectos muy marcados y diferentes, nosotros creemos que el rol del estado debe direccionar el desarrollo&quot; Claudio Iribarren. - Noticias Radio Reflejos","og_description":"El Ing. Forestal Claudio Iribarren, candidato a concejal por el Frente de Todos, visit\u00f3 los estudios de FM Reflejos, donde expres\u00f3 su visi\u00f3n sobre la marcha de la campa\u00f1a, el nuevo sistema de escrutinio y las pautas que manejan para los d\u00edas previos a las PASO.","og_url":"https:\/\/www.noticiasradioreflejos.com.ar\/2021\/son-dos-proyectos-muy-marcados-y-diferentes-nosotros-creemos-que-el-rol-del-estado-debe-direccionar-el-desarrollo-claudio-iribarren\/","og_site_name":"Noticias Radio Reflejos","article_published_time":"2019-08-02T12:01:59+00:00","og_image":[{"width":300,"height":200,"url":"https:\/\/www.noticiasradioreflejos.com.ar\/2021\/wp-content\/uploads\/2021\/07\/logosol300x200.png","type":"image\/png"}],"author":"Arnaldo Botto","twitter_card":"summary_large_image","schema":{"@context":"https:\/\/schema.org","@graph":[{"@type":"WebPage","@id":"https:\/\/www.noticiasradioreflejos.com.ar\/2021\/son-dos-proyectos-muy-marcados-y-diferentes-nosotros-creemos-que-el-rol-del-estado-debe-direccionar-el-desarrollo-claudio-iribarren\/","url":"https:\/\/www.noticiasradioreflejos.com.ar\/2021\/son-dos-proyectos-muy-marcados-y-diferentes-nosotros-creemos-que-el-rol-del-estado-debe-direccionar-el-desarrollo-claudio-iribarren\/","name":"&quot;Son dos proyectos muy marcados y diferentes, nosotros creemos que el rol del estado debe direccionar el desarrollo&quot; Claudio Iribarren. - Noticias Radio Reflejos","isPartOf":{"@id":"https:\/\/www.noticiasradioreflejos.com.ar\/2021\/#website"},"datePublished":"2019-08-02T12:01:59+00:00","author":{"@id":"https:\/\/www.noticiasradioreflejos.com.ar\/2021\/#\/schema\/person\/ad82545263dcc5ec0996818884fd5fb1"},"breadcrumb":{"@id":"https:\/\/www.noticiasradioreflejos.com.ar\/2021\/son-dos-proyectos-muy-marcados-y-diferentes-nosotros-creemos-que-el-rol-del-estado-debe-direccionar-el-desarrollo-claudio-iribarren\/#breadcrumb"},"inLanguage":"es","potentialAction":[{"@type":"ReadAction","target":["https:\/\/www.noticiasradioreflejos.com.ar\/2021\/son-dos-proyectos-muy-marcados-y-diferentes-nosotros-creemos-que-el-rol-del-estado-debe-direccionar-el-desarrollo-claudio-iribarren\/"]}]},{"@type":"BreadcrumbList","@id":"https:\/\/www.noticiasradioreflejos.com.ar\/2021\/son-dos-proyectos-muy-marcados-y-diferentes-nosotros-creemos-que-el-rol-del-estado-debe-direccionar-el-desarrollo-claudio-iribarren\/#breadcrumb","itemListElement":[{"@type":"ListItem","position":1,"name":"Portada","item":"https:\/\/www.noticiasradioreflejos.com.ar\/2021\/"},{"@type":"ListItem","position":2,"name":"&quot;Son dos proyectos muy marcados y diferentes, nosotros creemos que el rol del estado debe direccionar el desarrollo&quot; Claudio Iribarren."}]},{"@type":"WebSite","@id":"https:\/\/www.noticiasradioreflejos.com.ar\/2021\/#website","url":"https:\/\/www.noticiasradioreflejos.com.ar\/2021\/","name":"Noticias Radio Reflejos","description":"Las noticias de mi comarca","potentialAction":[{"@type":"SearchAction","target":{"@type":"EntryPoint","urlTemplate":"https:\/\/www.noticiasradioreflejos.com.ar\/2021\/?s={search_term_string}"},"query-input":{"@type":"PropertyValueSpecification","valueRequired":true,"valueName":"search_term_string"}}],"inLanguage":"es"},{"@type":"Person","@id":"https:\/\/www.noticiasradioreflejos.com.ar\/2021\/#\/schema\/person\/ad82545263dcc5ec0996818884fd5fb1","name":"Arnaldo Botto","image":{"@type":"ImageObject","inLanguage":"es","@id":"https:\/\/www.noticiasradioreflejos.com.ar\/2021\/#\/schema\/person\/image\/","url":"https:\/\/secure.gravatar.com\/avatar\/55cb5e37c1efa326397366e6974cb338056df65cb50e7d64d1cf314e87504837?s=96&d=mm&r=g","contentUrl":"https:\/\/secure.gravatar.com\/avatar\/55cb5e37c1efa326397366e6974cb338056df65cb50e7d64d1cf314e87504837?s=96&d=mm&r=g","caption":"Arnaldo Botto"},"url":"https:\/\/www.noticiasradioreflejos.com.ar\/2021\/author\/arnaldo\/"}]}},"_links":{"self":[{"href":"https:\/\/www.noticiasradioreflejos.com.ar\/2021\/wp-json\/wp\/v2\/posts\/33492","targetHints":{"allow":["GET"]}}],"collection":[{"href":"https:\/\/www.noticiasradioreflejos.com.ar\/2021\/wp-json\/wp\/v2\/posts"}],"about":[{"href":"https:\/\/www.noticiasradioreflejos.com.ar\/2021\/wp-json\/wp\/v2\/types\/post"}],"author":[{"embeddable":true,"href":"https:\/\/www.noticiasradioreflejos.com.ar\/2021\/wp-json\/wp\/v2\/users\/3"}],"replies":[{"embeddable":true,"href":"https:\/\/www.noticiasradioreflejos.com.ar\/2021\/wp-json\/wp\/v2\/comments?post=33492"}],"version-history":[{"count":0,"href":"https:\/\/www.noticiasradioreflejos.com.ar\/2021\/wp-json\/wp\/v2\/posts\/33492\/revisions"}],"wp:attachment":[{"href":"https:\/\/www.noticiasradioreflejos.com.ar\/2021\/wp-json\/wp\/v2\/media?parent=33492"}],"wp:term":[{"taxonomy":"category","embeddable":true,"href":"https:\/\/www.noticiasradioreflejos.com.ar\/2021\/wp-json\/wp\/v2\/categories?post=33492"},{"taxonomy":"post_tag","embeddable":true,"href":"https:\/\/www.noticiasradioreflejos.com.ar\/2021\/wp-json\/wp\/v2\/tags?post=33492"}],"curies":[{"name":"wp","href":"https:\/\/api.w.org\/{rel}","templated":true}]}}