{"id":33444,"date":"2019-07-31T08:27:53","date_gmt":"2019-07-31T11:27:53","guid":{"rendered":"http:\/\/www.noticiasradioreflejos.com.ar\/noticias\/?p=33444"},"modified":"2019-07-31T08:27:53","modified_gmt":"2019-07-31T11:27:53","slug":"queremos-devolverle-la-esperanza-a-la-gente-y-poner-en-marcha-de-vuelta-la-argentina-la-provincia-y-el-distrito","status":"publish","type":"post","link":"https:\/\/www.noticiasradioreflejos.com.ar\/2021\/queremos-devolverle-la-esperanza-a-la-gente-y-poner-en-marcha-de-vuelta-la-argentina-la-provincia-y-el-distrito\/","title":{"rendered":"\u201cQueremos devolverle la esperanza a la gente y poner en marcha de vuelta la Argentina, la provincia y el distrito.&quot;"},"content":{"rendered":"<p>El pre candidato a Intendente por el Frente de Todos, Gustavo Trankels, dialog\u00f3 con nuestro medio este martes en FM de la Ciudad. Estuvo acompa\u00f1ado por las pre candidatas Carmen Soverchia y Marcela Gimenez.<!--more--><br \/>\nEste martes por la ma\u00f1ana compartieron el programa \u201cLa ma\u00f1ana de la ciudad\u201d por FM 99.5, candidatos del Frente de Todos que postula a Gustavo Trankels como Intendente.<br \/>\nEl ex jefe comunal estuvo acompa\u00f1ado de Carmen Soverchia, cabeza de lista como pre candidata al Concejo Deliberante y Marcela Gimenez pre candidata al Consejo Escolar.<br \/>\n\u00abEstamos llegando al final de la primera etapa que son estas primarias, habiendo recorrido todas las localidades del distrito y dando una segunda vuelta ya con reuniones m\u00e1s espec\u00edficas, tem\u00e1ticas, empezamos de lo general en cada una de las localidades donde los propios vecinos  nos van guiando, instituciones que se quieren reunir, distintas expresiones de la comunidad, j\u00f3venes, tenemos reuniones con centro de jubilados, grupos de la comunidad que quieren juntarse, contarnos cu\u00e1les son sus ideas, sus proyectos para aportar a esta gran movida pol\u00edtica que tiene que ver con devolver la esperanza a la gente y poner en marcha de vuelta la Argentina,la provincia y el distrito.\u00bb  Adelant\u00f3 Trankels.<br \/>\n\u00abTenemos 10 localidades y todas ellas son de caracter\u00edsticas diferentes, por ah\u00ed ves aspectos similares en Villa ventana y en Sierra de la ventana por la fuerte impronta tur\u00edstica que tienen  y en ese sentido la preocupaci\u00f3n por la merma en la afluencia tur\u00edstica del distrito y el poder adquisitivo de quienes nos visitan, vos ves gente dando vuelta pero por ah\u00ed no es demasiado el gasto que hacen el distrito y por supuesto que eso afecta los emprendimientos principalmente al comercio y aquellos tanto locales como gente que vino de afuera a invertir en el distrito y ven  el rendimiento de sus emprendimientos y la rentabilidad est\u00e1 bastante afectadas, eso tiene que ver con el marco nacional principalmente y despu\u00e9s con algunas estrategias que podamos hacer de convocatoria del distrito de parte del propio municipio para que la gente, el turista nos siga visitando y sigue apostando a visitar nuestra comarca\u201d. Anticip\u00f3.<br \/>\n\u201cTambi\u00e9n  despu\u00e9s en la recorrida ves cuestiones m\u00e1s puntuales de las distintas localidades, estuvimos en Pelicura donde tambi\u00e9n debemos  hacer una fuerte acci\u00f3n de parte del Estado municipal, nosotros cuando hicimos Tres Picos en lo que es materia medioambiental fue el primer pueblo de la provincia en tener cien por cien  de agua potable por red y cien por cien de agua caliente a trav\u00e9s de colectores solares, en Pel\u00edcura y en Nueva Roma dejamos entregados a cada uno de los habitantes de las localidades esos termos solares que siguen sin colocarse\u201d.<br \/>\n\u201cHay acciones que el Estado municipal tiene que hacer inmediatamente y estuvimos relevando eso para de alguna manera aggiornar nuestro proyecto a la situaci\u00f3n actual. Es eso, yo quiero agradecer a toda la gente que nos fue recibiendo, a las instituciones, porque adem\u00e1s hay una onda muy positiva, un buen \u00e1nimo de prestar colaboraci\u00f3n, querer salir adelante, de proponer cosas y para nosotros es absolutamente enriquecedor como proyecto que la gente tenga esta energ\u00eda y que la quiera compartir con nosotros.\u00bb Sostuvo.<br \/>\nM\u00e1s adelante sobre las candidatas que lo acompa\u00f1an agreg\u00f3,<br \/>\n\u00bb Para m\u00ed es un orgullo estar acompa\u00f1ando tanto de Marcela como a Carmen porque s\u00e9 de su capacidad y su compromiso con el pueblo y ese es el valor que tiene esta lista que es un equipo donde hay mucha gente que lleva bien alto esos valores y que fortalece much\u00edsimo nuestra propuesta.\u00bb<br \/>\nEl armado del gabinete si le tocara asumir un tercer mandato<br \/>\n\u00abEn realidad es algo que lo estamos pensando por etapas ,en principio dijimos recorrer los pueblos, de manera abierta convocando a todo el mundo, luego con reuniones m\u00e1s espec\u00edficas, ahora tenemos el desaf\u00edo de la Paso, si nos va bien  encarar con toda la fuerza y m\u00e1s especificidad en los temas hacia octubre y despu\u00e9s de octubre si ganamos concentrarnos en esos cuarenta y pico de d\u00edas que tenemos entre fines de octubre entre el 27 y el 10 de diciembre justamente para crear el gabinete, igual para nosotros es mucho m\u00e1s sencillo habiendo tenido la experiencia en el gobierno y conociendo un mont\u00f3n de gente m\u00e1s todo el equipo que se ha conformado, ahora para esta elecci\u00f3n va a ser una tarea m\u00e1s sencilla, no va a ser algo nuevo para nosotros y por eso lo podemos programar en etapas, no tendr\u00eda sentido armar un gabinete a esta altura cuando todav\u00eda no se realiz\u00f3 la elecci\u00f3n y no se sabe qu\u00e9 va a pasar.\u00bb Recalc\u00f3.<br \/>\nCon respecto a la opini\u00f3n personal de una elecci\u00f3n PASO agregaba,<br \/>\n\u00abYo creo que fue una herramienta que se justifico en su momento y que no podemos desconocer porque se aprob\u00f3 por unanimidad de todas las fuerzas pol\u00edticas.No estamos demasiado acostumbrados a esto es parte del ejercicio C\u00edvico ciudadano y pol\u00edtico que todos los que queremos vivir en democracia tenemos que ejercer lo que pasa que a veces es agobiante y yo entiendo al vecino, la bater\u00eda de propaganda pol\u00edtica que hay antes de las elecciones y por eso tambi\u00e9n nos dicen la verdad que cansa y yo los entiendo porque no es algo a lo que estamos acostumbrados\u201d.<br \/>\n\u201cEn ese sentido sirve cuando se la planific\u00f3 en su momento y se la aprob\u00f3 con todas las fuerzas pol\u00edticas, era un ordenador de los partidos pol\u00edticos entonces ten\u00eda su justificaci\u00f3n esto no quiere decir que debe permanecer as\u00ed indefinidamente, si hay consenso se lo tendr\u00e1 que reveer pero me parece que es algo que tenemos que aceptar pero  sujeto a modificaciones en un futuro si es necesario.\u00bb<br \/>\nSobre la visi\u00f3n de la actual gesti\u00f3n de gobierno opin\u00f3:<br \/>\n\u201cNosotros nos presentamos como una propuesta distinta porque no estamos de acuerdo con la manera en que se est\u00e1 gestionando el municipio, para el fin de este mandato se van a haber ejecutado 2000 millones de pesos en el distrito y no vemos un correlato en obras, el dinero tenemos la certeza que lleg\u00f3 al distrito porque podes chequear por las p\u00e1ginas oficiales del Ministerio de econom\u00eda y del tribunal de cuentas pero no vemos que en el distrito de Tornquist esa inversi\u00f3n de 2000 millones de pesos que es much\u00edsimo dinero, tenga un correlato en obras, con acciones de gobierno que le hayan cambiado la vida al vecino\u201d.<br \/>\n\u201cNosotros lo que proponemos es venir a gestionar de otra manera, con mayor transparencia, con m\u00e1s efectividad en la mejora de la calidad de vida de cada una de las localidades y en ejemplos concretos como Pel\u00edcura y Nueva Roma, esos termos solares ya ten\u00edan que estar puestos, era cuesti\u00f3n de colocarlos nada m\u00e1s, ya la inversi\u00f3n estaba hecha, est\u00e1n comprados y hay que darle continuidad a esas cosas\u201d. Sostuvo.<br \/>\nDisconforme con declaraciones del Dr.Nicol\u00e1s de la Cruz  sobre la causa GIRSU<br \/>\n\u00abEl abogado no ley\u00f3 la causa. Me parece que est\u00e1 bueno que quede claro que eso fue la propia c\u00e1mara Federal la que dict\u00f3 la falta de m\u00e9rito entonces para m\u00ed ya es un tema cerrado; como lo estuvo desde un principio cuando aclaramos la acusaci\u00f3n para Tornquist. Nada que ver con un mal uso de los fondos. La justicia corrobor\u00f3 nuestros dichos dictando la falta de m\u00e9rito. \u00bb<br \/>\n\u00abMas all\u00e1 de la cuesti\u00f3n politica legal, que fue objeto de campa\u00f1a por parte del oficialismo, t\u00e9cnicamente es un gran proyecto avalado por los t\u00e9cnicos del OPDS y por la Secretar\u00eda de medio ambiente de la Naci\u00f3n y por Profesionales de la UNS y continuar con esos proyectos que no se deber\u00edan sacar de la agenda nunca. Deber\u00eda ser una pol\u00edtica de estado, es uno de los desaf\u00edos que tenemos para el pr\u00f3ximo gobierno y una de las cosas en las que nos queremos diferenciar de la actual gesti\u00f3n, est\u00e1 claro que en ese sentido no hubo demasiado avance en 3 a\u00f1os.\u00bb Recalc\u00f3.<br \/>\nPor el gasto en las campa\u00f1as pol\u00edticas de las PASO<br \/>\n\u00abPor m\u00e1s que haya alguna fuerza pol\u00edtica que reniegue m\u00e1s que otra de ese tema se aprob\u00f3 por unanimidad, o sea todas las fuerzas pol\u00edticas estuvieron de acuerdo y es un gasto que estiman en los 4.000 millones de pesos que si te pones a pensar es lo que el actual gobierno invierte en el pago de intereses en tan s\u00f3lo tres d\u00edas, con 3 d\u00edas de lo que estamos pagando de intereses en  las leliq o lebac en su momento, se paga todo este gasto de elecciones, si vamos a priorizar gastos hay cosas que salen much\u00edsimo m\u00e1s caras a la comunidad que organizar esta elecci\u00f3n\u201d.<br \/>\n\u201cMi opini\u00f3n sigue siendo que tampoco es algo permanente, si la gente considera que no es necesario que nos podemos organizar como comunidad y digamos en la parte c\u00edvica y pol\u00edtica con una sola elecci\u00f3n. Mucha gente todav\u00eda no tiene la elecci\u00f3n de la paso como algo verdaderamente importante, te dice \u00abno voy a votar\u00bb, por otro lado creo que es la que vale porque en realidad tambi\u00e9n hay un registro de que como ahora hay solamente dos fuerzas y la paso no termina ordenando nada en esta situaci\u00f3n y por eso hay mucha gente que no se la toma demasiado en serio y qu\u00e9 realidad va a ir a expresar su Sentimiento en octubre. El final es abierto m\u00e1s all\u00e1 de la diferencia que va a marcar algo importante.\u00bb Finaliz\u00f3.<br \/>\nCarmen Soverchia lo acompa\u00f1a como cabeza de lista de Concejales y respecto a este nuevo desaf\u00edo, dec\u00eda.<br \/>\n\u00abMe ha encontrado muy bien, es una experiencia nueva para m\u00ed, el contacto con la gente es lo que mas me gusta, estamos haciendo recorrido por las localidades y si bien hay problem\u00e1ticas que se repiten, la idea en conjunto es plantear las ordenanzas desde un trabajo directamente con la comunidad y que no sean ordenanzas armadas, sin tener en cuenta la opini\u00f3n del vecino, que se cumplan y se reglamenten, que se controlen\u201d. Destac\u00f3.<br \/>\n\u201cLa mayor preocupaci\u00f3n es la falta de trabajo, en mujeres y j\u00f3venes, la falta de viviendas. La gente se comunica con nosotros por las redes o por whatsapp y nos organizamos para acercarnos al vecino. Vistandolos, uno puede acercarse e interiorizarse m\u00e1s en las problem\u00e1ticas yo no tengo problemas en visitar las casas del distrito, siempre he ido. El trabajo es siempre el mismo y es lo que mas nos gusta.\u00bb Manifest\u00f3.<br \/>\n\u00abLa gente se comunica  y nos cuenta cu\u00e1l es la problem\u00e1tica y en la medida de lo que podemos realmente tratamos de solucionar algunos temas, tambi\u00e9n con la ayuda de los concejales actuales. Ellos nos dan una mano muy grande  porque tienen acceso a resolver algunas cuestiones. Tenemos una p\u00e1gina que es frentedetodosTornquist. Por ah\u00ed la gente que se quiera comunicar con mensajitos, mensajes al Facebook nuestro personal, nos acercamos, estamos en la unidad b\u00e1sica, todos los d\u00edas para ir a la consulta de padrones y en estos d\u00edas tendremos las boletas.Tenemos mucha fe que nos va a ir muy bien.En el slogan hablamos de esperanza y realmente en la gente del distrito es el sentimiento que tiene depositado en la figura de Gustavo Trankels y su equipo.\u00bb<br \/>\nOtra de las pre candidatas a Consejera Escolar es la actual inspectora de educaci\u00f3n inicial, Marcela Gim\u00e9nez.<br \/>\n\u00bb Hace mucho que milito y me parece que hay que involucrarse cuando uno no est\u00e1 conforme o no le gustan las maneras de algunas cosas que se resuelven, hay que involucrarse, cuando Gustavo me llam\u00f3 no lo dud\u00e9, estoy convencida que esa es la manera, de participar y de involucrarse para poder hacer algo y transformar la realidad aunque sea lo micro y lo fundamental. Y est\u00e1 bueno conocer el \u00e1mbito educativo porque ayuda a tomar decisiones\u201d destac\u00f3.<br \/>\n\u201cMe parece que est\u00e1 bueno esto de conocer el \u00e1mbito educativo porque ayuda a tomar decisiones y al trabajo en equipo, cuando uno trabaja en equipo puede escuchar todas las voces, nosotros estamos enfocados en eso, en escuchar a los directivos, a los docentes, a los auxiliares, a los miembros de cooperadora, para poder juntos construir un nuevo proyecto.\u00bb Continu\u00f3.<br \/>\nSobre el futuro<br \/>\n\u00bb Me veo gestionando, trabajando en conjunto para sumar y de la mano de Gustavo Trankels, que sabemos lo que ha hecho en educaci\u00f3n, el otro dia nombraba alguna de las cuestiones que se han realizado por ejemplo la creaci\u00f3n de la escuela t\u00e9cnica, este a\u00f1o vamos a tener los primeros egresados de la escuela t\u00e9cnica y la separaci\u00f3n del centro de atenci\u00f3n temprana que era un servicio agregado de la escuela especial y hoy es una instituci\u00f3n independiente que atiende a madres y a ni\u00f1os desde los 45 d\u00edas, lo cual es fundamental porque sabemos que la inclusi\u00f3n temprana de los ni\u00f1os peque\u00f1os en la educaci\u00f3n favorece much\u00edsimo sus trayectorias luego en la trayectoria educativa, todos los jardines del distrito tienen sala de dos y eso no ocurre siempre, en Bah\u00eda Blanca es dificil\u00edsimo encontrar salas de 2 en los jardines, es dif\u00edcil encontrar salas de tres, nosotros tenemos sala de 2 en todos los jardines de infantes y eso vino de la mano de Gustavo Trankels, empezaron a estar en los jardines a trav\u00e9s de una resoluci\u00f3n que se llama escuela infantil que implica que se incluyan esta sala de dos en los jardines de infantes p\u00fablicos  y nuestro Distrito tom\u00f3 esa iniciativa y con la gesti\u00f3n de Gustavo hemos logrado que los 14 Jardines de infantes del Distrito tengan sala de 2.\u00bb<br \/>\nRespecto al fondo educativo y su distribuci\u00f3n<br \/>\n\u00abEs un fondo justamente que llega al municipio para pura y exclusiva responsabilidad del intendente lo que hace justamente ahora el consejo escolar es mediar para que esos fondos lleguen a las escuelas como ha llegado siempre y me parece que la facultad la tiene el intendente y el trabajo es en conjunto, decidimos las prioridades y lo que est\u00e1 claro es que hay que establecer un orden de prioridades y qu\u00e9 tiene que ser repartido con equidad.\u00bb<br \/>\n\u201cEstamos trabajando fuertemente y realizando un diagn\u00f3stico para poder comprometernos luego con alg\u00fan proyecto de gesti\u00f3n. Con mucha expectativa y ganas de aportar\u201d concluy\u00f3.<br \/>\n<iframe loading=\"lazy\" width=\"100%\" height=\"166\" scrolling=\"no\" frameborder=\"no\" allow=\"autoplay\" src=\"https:\/\/w.soundcloud.com\/player\/?url=https%3A\/\/api.soundcloud.com\/tracks\/658980950&#038;color=%23ff5500&#038;auto_play=false&#038;hide_related=false&#038;show_comments=true&#038;show_user=true&#038;show_reposts=false&#038;show_teaser=true\"><\/iframe><\/p>\n","protected":false},"excerpt":{"rendered":"<p>El pre candidato a Intendente por el Frente de Todos, Gustavo Trankels, dialog\u00f3 con nuestro medio este martes en FM de la Ciudad. Estuvo acompa\u00f1ado por las pre candidatas Carmen Soverchia y Marcela Gimenez.<\/p>\n","protected":false},"author":3,"featured_media":0,"comment_status":"closed","ping_status":"open","sticky":false,"template":"","format":"standard","meta":{"footnotes":""},"categories":[24],"tags":[],"class_list":["post-33444","post","type-post","status-publish","format-standard","hentry","category-politica"],"yoast_head":"<!-- This site is optimized with the Yoast SEO plugin v25.9 - https:\/\/yoast.com\/wordpress\/plugins\/seo\/ -->\n<title>\u201cQueremos devolverle la esperanza a la gente y poner en marcha de vuelta la Argentina, la provincia y el distrito.&quot; - Noticias Radio Reflejos<\/title>\n<meta name=\"robots\" content=\"index, follow, max-snippet:-1, max-image-preview:large, max-video-preview:-1\" \/>\n<link rel=\"canonical\" href=\"https:\/\/www.noticiasradioreflejos.com.ar\/2021\/queremos-devolverle-la-esperanza-a-la-gente-y-poner-en-marcha-de-vuelta-la-argentina-la-provincia-y-el-distrito\/\" \/>\n<meta property=\"og:locale\" content=\"es_ES\" \/>\n<meta property=\"og:type\" content=\"article\" \/>\n<meta property=\"og:title\" content=\"\u201cQueremos devolverle la esperanza a la gente y poner en marcha de vuelta la Argentina, la provincia y el distrito.&quot; - Noticias Radio Reflejos\" \/>\n<meta property=\"og:description\" content=\"El pre candidato a Intendente por el Frente de Todos, Gustavo Trankels, dialog\u00f3 con nuestro medio este martes en FM de la Ciudad. Estuvo acompa\u00f1ado por las pre candidatas Carmen Soverchia y Marcela Gimenez.\" \/>\n<meta property=\"og:url\" content=\"https:\/\/www.noticiasradioreflejos.com.ar\/2021\/queremos-devolverle-la-esperanza-a-la-gente-y-poner-en-marcha-de-vuelta-la-argentina-la-provincia-y-el-distrito\/\" \/>\n<meta property=\"og:site_name\" content=\"Noticias Radio Reflejos\" \/>\n<meta property=\"article:published_time\" content=\"2019-07-31T11:27:53+00:00\" \/>\n<meta property=\"og:image\" content=\"https:\/\/www.noticiasradioreflejos.com.ar\/2021\/wp-content\/uploads\/2021\/07\/logosol300x200.png\" \/>\n\t<meta property=\"og:image:width\" content=\"300\" \/>\n\t<meta property=\"og:image:height\" content=\"200\" \/>\n\t<meta property=\"og:image:type\" content=\"image\/png\" \/>\n<meta name=\"author\" content=\"Arnaldo Botto\" \/>\n<meta name=\"twitter:card\" content=\"summary_large_image\" \/>\n<script type=\"application\/ld+json\" class=\"yoast-schema-graph\">{\"@context\":\"https:\/\/schema.org\",\"@graph\":[{\"@type\":\"WebPage\",\"@id\":\"https:\/\/www.noticiasradioreflejos.com.ar\/2021\/queremos-devolverle-la-esperanza-a-la-gente-y-poner-en-marcha-de-vuelta-la-argentina-la-provincia-y-el-distrito\/\",\"url\":\"https:\/\/www.noticiasradioreflejos.com.ar\/2021\/queremos-devolverle-la-esperanza-a-la-gente-y-poner-en-marcha-de-vuelta-la-argentina-la-provincia-y-el-distrito\/\",\"name\":\"\u201cQueremos devolverle la esperanza a la gente y poner en marcha de vuelta la Argentina, la provincia y el distrito.&quot; - Noticias Radio Reflejos\",\"isPartOf\":{\"@id\":\"https:\/\/www.noticiasradioreflejos.com.ar\/2021\/#website\"},\"datePublished\":\"2019-07-31T11:27:53+00:00\",\"author\":{\"@id\":\"https:\/\/www.noticiasradioreflejos.com.ar\/2021\/#\/schema\/person\/ad82545263dcc5ec0996818884fd5fb1\"},\"breadcrumb\":{\"@id\":\"https:\/\/www.noticiasradioreflejos.com.ar\/2021\/queremos-devolverle-la-esperanza-a-la-gente-y-poner-en-marcha-de-vuelta-la-argentina-la-provincia-y-el-distrito\/#breadcrumb\"},\"inLanguage\":\"es\",\"potentialAction\":[{\"@type\":\"ReadAction\",\"target\":[\"https:\/\/www.noticiasradioreflejos.com.ar\/2021\/queremos-devolverle-la-esperanza-a-la-gente-y-poner-en-marcha-de-vuelta-la-argentina-la-provincia-y-el-distrito\/\"]}]},{\"@type\":\"BreadcrumbList\",\"@id\":\"https:\/\/www.noticiasradioreflejos.com.ar\/2021\/queremos-devolverle-la-esperanza-a-la-gente-y-poner-en-marcha-de-vuelta-la-argentina-la-provincia-y-el-distrito\/#breadcrumb\",\"itemListElement\":[{\"@type\":\"ListItem\",\"position\":1,\"name\":\"Portada\",\"item\":\"https:\/\/www.noticiasradioreflejos.com.ar\/2021\/\"},{\"@type\":\"ListItem\",\"position\":2,\"name\":\"\u201cQueremos devolverle la esperanza a la gente y poner en marcha de vuelta la Argentina, la provincia y el distrito.&quot;\"}]},{\"@type\":\"WebSite\",\"@id\":\"https:\/\/www.noticiasradioreflejos.com.ar\/2021\/#website\",\"url\":\"https:\/\/www.noticiasradioreflejos.com.ar\/2021\/\",\"name\":\"Noticias Radio Reflejos\",\"description\":\"Las noticias de mi comarca\",\"potentialAction\":[{\"@type\":\"SearchAction\",\"target\":{\"@type\":\"EntryPoint\",\"urlTemplate\":\"https:\/\/www.noticiasradioreflejos.com.ar\/2021\/?s={search_term_string}\"},\"query-input\":{\"@type\":\"PropertyValueSpecification\",\"valueRequired\":true,\"valueName\":\"search_term_string\"}}],\"inLanguage\":\"es\"},{\"@type\":\"Person\",\"@id\":\"https:\/\/www.noticiasradioreflejos.com.ar\/2021\/#\/schema\/person\/ad82545263dcc5ec0996818884fd5fb1\",\"name\":\"Arnaldo Botto\",\"image\":{\"@type\":\"ImageObject\",\"inLanguage\":\"es\",\"@id\":\"https:\/\/www.noticiasradioreflejos.com.ar\/2021\/#\/schema\/person\/image\/\",\"url\":\"https:\/\/secure.gravatar.com\/avatar\/55cb5e37c1efa326397366e6974cb338056df65cb50e7d64d1cf314e87504837?s=96&d=mm&r=g\",\"contentUrl\":\"https:\/\/secure.gravatar.com\/avatar\/55cb5e37c1efa326397366e6974cb338056df65cb50e7d64d1cf314e87504837?s=96&d=mm&r=g\",\"caption\":\"Arnaldo Botto\"},\"url\":\"https:\/\/www.noticiasradioreflejos.com.ar\/2021\/author\/arnaldo\/\"}]}<\/script>\n<!-- \/ Yoast SEO plugin. -->","yoast_head_json":{"title":"\u201cQueremos devolverle la esperanza a la gente y poner en marcha de vuelta la Argentina, la provincia y el distrito.&quot; - Noticias Radio Reflejos","robots":{"index":"index","follow":"follow","max-snippet":"max-snippet:-1","max-image-preview":"max-image-preview:large","max-video-preview":"max-video-preview:-1"},"canonical":"https:\/\/www.noticiasradioreflejos.com.ar\/2021\/queremos-devolverle-la-esperanza-a-la-gente-y-poner-en-marcha-de-vuelta-la-argentina-la-provincia-y-el-distrito\/","og_locale":"es_ES","og_type":"article","og_title":"\u201cQueremos devolverle la esperanza a la gente y poner en marcha de vuelta la Argentina, la provincia y el distrito.&quot; - Noticias Radio Reflejos","og_description":"El pre candidato a Intendente por el Frente de Todos, Gustavo Trankels, dialog\u00f3 con nuestro medio este martes en FM de la Ciudad. Estuvo acompa\u00f1ado por las pre candidatas Carmen Soverchia y Marcela Gimenez.","og_url":"https:\/\/www.noticiasradioreflejos.com.ar\/2021\/queremos-devolverle-la-esperanza-a-la-gente-y-poner-en-marcha-de-vuelta-la-argentina-la-provincia-y-el-distrito\/","og_site_name":"Noticias Radio Reflejos","article_published_time":"2019-07-31T11:27:53+00:00","og_image":[{"width":300,"height":200,"url":"https:\/\/www.noticiasradioreflejos.com.ar\/2021\/wp-content\/uploads\/2021\/07\/logosol300x200.png","type":"image\/png"}],"author":"Arnaldo Botto","twitter_card":"summary_large_image","schema":{"@context":"https:\/\/schema.org","@graph":[{"@type":"WebPage","@id":"https:\/\/www.noticiasradioreflejos.com.ar\/2021\/queremos-devolverle-la-esperanza-a-la-gente-y-poner-en-marcha-de-vuelta-la-argentina-la-provincia-y-el-distrito\/","url":"https:\/\/www.noticiasradioreflejos.com.ar\/2021\/queremos-devolverle-la-esperanza-a-la-gente-y-poner-en-marcha-de-vuelta-la-argentina-la-provincia-y-el-distrito\/","name":"\u201cQueremos devolverle la esperanza a la gente y poner en marcha de vuelta la Argentina, la provincia y el distrito.&quot; - Noticias Radio Reflejos","isPartOf":{"@id":"https:\/\/www.noticiasradioreflejos.com.ar\/2021\/#website"},"datePublished":"2019-07-31T11:27:53+00:00","author":{"@id":"https:\/\/www.noticiasradioreflejos.com.ar\/2021\/#\/schema\/person\/ad82545263dcc5ec0996818884fd5fb1"},"breadcrumb":{"@id":"https:\/\/www.noticiasradioreflejos.com.ar\/2021\/queremos-devolverle-la-esperanza-a-la-gente-y-poner-en-marcha-de-vuelta-la-argentina-la-provincia-y-el-distrito\/#breadcrumb"},"inLanguage":"es","potentialAction":[{"@type":"ReadAction","target":["https:\/\/www.noticiasradioreflejos.com.ar\/2021\/queremos-devolverle-la-esperanza-a-la-gente-y-poner-en-marcha-de-vuelta-la-argentina-la-provincia-y-el-distrito\/"]}]},{"@type":"BreadcrumbList","@id":"https:\/\/www.noticiasradioreflejos.com.ar\/2021\/queremos-devolverle-la-esperanza-a-la-gente-y-poner-en-marcha-de-vuelta-la-argentina-la-provincia-y-el-distrito\/#breadcrumb","itemListElement":[{"@type":"ListItem","position":1,"name":"Portada","item":"https:\/\/www.noticiasradioreflejos.com.ar\/2021\/"},{"@type":"ListItem","position":2,"name":"\u201cQueremos devolverle la esperanza a la gente y poner en marcha de vuelta la Argentina, la provincia y el distrito.&quot;"}]},{"@type":"WebSite","@id":"https:\/\/www.noticiasradioreflejos.com.ar\/2021\/#website","url":"https:\/\/www.noticiasradioreflejos.com.ar\/2021\/","name":"Noticias Radio Reflejos","description":"Las noticias de mi comarca","potentialAction":[{"@type":"SearchAction","target":{"@type":"EntryPoint","urlTemplate":"https:\/\/www.noticiasradioreflejos.com.ar\/2021\/?s={search_term_string}"},"query-input":{"@type":"PropertyValueSpecification","valueRequired":true,"valueName":"search_term_string"}}],"inLanguage":"es"},{"@type":"Person","@id":"https:\/\/www.noticiasradioreflejos.com.ar\/2021\/#\/schema\/person\/ad82545263dcc5ec0996818884fd5fb1","name":"Arnaldo Botto","image":{"@type":"ImageObject","inLanguage":"es","@id":"https:\/\/www.noticiasradioreflejos.com.ar\/2021\/#\/schema\/person\/image\/","url":"https:\/\/secure.gravatar.com\/avatar\/55cb5e37c1efa326397366e6974cb338056df65cb50e7d64d1cf314e87504837?s=96&d=mm&r=g","contentUrl":"https:\/\/secure.gravatar.com\/avatar\/55cb5e37c1efa326397366e6974cb338056df65cb50e7d64d1cf314e87504837?s=96&d=mm&r=g","caption":"Arnaldo Botto"},"url":"https:\/\/www.noticiasradioreflejos.com.ar\/2021\/author\/arnaldo\/"}]}},"_links":{"self":[{"href":"https:\/\/www.noticiasradioreflejos.com.ar\/2021\/wp-json\/wp\/v2\/posts\/33444","targetHints":{"allow":["GET"]}}],"collection":[{"href":"https:\/\/www.noticiasradioreflejos.com.ar\/2021\/wp-json\/wp\/v2\/posts"}],"about":[{"href":"https:\/\/www.noticiasradioreflejos.com.ar\/2021\/wp-json\/wp\/v2\/types\/post"}],"author":[{"embeddable":true,"href":"https:\/\/www.noticiasradioreflejos.com.ar\/2021\/wp-json\/wp\/v2\/users\/3"}],"replies":[{"embeddable":true,"href":"https:\/\/www.noticiasradioreflejos.com.ar\/2021\/wp-json\/wp\/v2\/comments?post=33444"}],"version-history":[{"count":0,"href":"https:\/\/www.noticiasradioreflejos.com.ar\/2021\/wp-json\/wp\/v2\/posts\/33444\/revisions"}],"wp:attachment":[{"href":"https:\/\/www.noticiasradioreflejos.com.ar\/2021\/wp-json\/wp\/v2\/media?parent=33444"}],"wp:term":[{"taxonomy":"category","embeddable":true,"href":"https:\/\/www.noticiasradioreflejos.com.ar\/2021\/wp-json\/wp\/v2\/categories?post=33444"},{"taxonomy":"post_tag","embeddable":true,"href":"https:\/\/www.noticiasradioreflejos.com.ar\/2021\/wp-json\/wp\/v2\/tags?post=33444"}],"curies":[{"name":"wp","href":"https:\/\/api.w.org\/{rel}","templated":true}]}}