{"id":33430,"date":"2019-07-30T11:31:08","date_gmt":"2019-07-30T14:31:08","guid":{"rendered":"http:\/\/www.noticiasradioreflejos.com.ar\/noticias\/?p=33430"},"modified":"2019-07-30T11:31:08","modified_gmt":"2019-07-30T14:31:08","slug":"comienza-la-inscripcion-de-aspirantes-para-porteros-y-peones-de-cocina","status":"publish","type":"post","link":"https:\/\/www.noticiasradioreflejos.com.ar\/2021\/comienza-la-inscripcion-de-aspirantes-para-porteros-y-peones-de-cocina\/","title":{"rendered":"Comienza la inscripci\u00f3n de aspirantes para porteros y peones de cocina."},"content":{"rendered":"<p>LISTADO A\u00d1O 2020<br \/>\nDel 01\/08\/2019 al 30\/08\/2019: Inscripci\u00f3n online a trav\u00e9s del portal <a href=\"http:\/\/www.abc.gob.ar\"><strong>www.abc.gob.ar<\/strong><\/a><!--more--><br \/>\nEl procedimiento de inscripci\u00f3n es por autogesti\u00f3n (cada aspirante deber\u00e1 ingresar a la p\u00e1gina del ABC con su n\u00famero de usuario y contrase\u00f1a y realizar la autogesti\u00f3n en el \u00edcono correspondiente).<br \/>\nLos aspirantes que se inscriban por primera vez, deber\u00e1n hacerlo en la sede del Consejo Escolar a fin de que el ingreso a la base de datos de la DGCYE lo pueda realizar<br \/>\nREQUISITOS:<br \/>\n1. Ser argentino nativo, por opci\u00f3n o naturalizado.<br \/>\n2. Tener DIECIOCHO (18) a\u00f1os de edad como m\u00ednimo y CINCUENTA (50) a\u00f1os de edad como m\u00e1ximo.<br \/>\nLos aspirantes que por servicios prestados anteriormente tengan computables a\u00f1os a los efectos de la jubilaci\u00f3n, debidamente certificados, podr\u00e1n ingresar hasta la edad que resulte de sumar a los CINCUENTA (50) a\u00f1os, los de servicios prestados, pero en ning\u00fan caso la edad de los aspirantes puede exceder de los SESENTA (60) a\u00f1os.<br \/>\nDel 01\/09\/2019 al 30\/09\/2019: Presentar la documentaci\u00f3n respaldatoria<br \/>\nEM,n la sede del Consejo Escolar en el horario de 10:00 a 12:30 hs. en carpeta de tres solapas.<br \/>\nSE DEBERA PRESENTAR:<br \/>\n1. Original y copia de DNI (anverso y reverso)<br \/>\n2. Certificado de buena salud vigente expedido por hospital o instituci\u00f3n de salud de car\u00e1cter p\u00fablico.<br \/>\n3. Certificado de antecedentes penales vigente (se tramita a trav\u00e9s de la Comisar\u00eda local).<br \/>\n4. Original y copia de certificado de estudios primarios, secundarios, terciarios o universitarios aprobados. Si tuviera completo 1\u00b0 o 2\u00b0 a\u00f1o secundario presentar certificaci\u00f3n de a\u00f1o aprobado y constancia de alumno regular en secundario adultos.<br \/>\n5. Original y copia de certificado definitivo de cursos dictados por Centro de Formaci\u00f3n Profesional reconocidos (\u201cCocinero para comedor escolar\u201d, \u201cManipulaci\u00f3n de Alimentos\u201d, \u201cLimpieza institucional\u201d , \u201cEl trabajo del auxiliar en instituciones educativas\u201d, \u201cElaboraci\u00f3n de carnes y embutidos\u201d, \u201cElaboraci\u00f3n y conservaci\u00f3n de frutas y verduras\u201d, \u201cCocinero para restaurante M\u00f3dulo I b\u00e1sico\u201d, \u201cCocinero para restaurante m\u00f3dulo II y III\u201d, \u201cElaboraci\u00f3n de alimentos a base de soja\u201d y \u201cGesti\u00f3n y abordaje integral del servicio alimentario escolar\u201d)).<br \/>\n6. Si cuenta con servicios prestados en establecimientos educativos de DGCYE como personal de servicio: cuaderno de actuaci\u00f3n.<br \/>\n7. Si cuenta con servicios prestados como personal de servicio en establecimientos educativos de gesti\u00f3n privada: constancia original de servicios prestados en establecimientos educativos de gesti\u00f3n privada.<br \/>\n8. Si cuenta con servicios prestados en el \u00e1mbito privado en las mismas tareas para las que se inscribe: \u00faltimo recibo de sueldo y constancia de aportes Anses.<br \/>\n9. Comprobante de inscripci\u00f3n con n\u00famero de orden y fecha impreso desde la p\u00e1gina ABC al realizar la inscripci\u00f3n online.<br \/>\n10. Veteranos de guerra: certificado correspondiente<br \/>\n11. Discapacitados: certificado oficial de Discapacidad<br \/>\n12. Extranjeros: constancia de residencia de m\u00e1s de 5 a\u00f1os en el pa\u00eds (de la Direcci\u00f3n Nacional de Migraciones) y de matrimonio o v\u00ednculo familiar en primer grado con un argentino.<\/p>\n","protected":false},"excerpt":{"rendered":"<p>LISTADO A\u00d1O 2020 Del 01\/08\/2019 al 30\/08\/2019: Inscripci\u00f3n online a trav\u00e9s del portal www.abc.gob.ar<\/p>\n","protected":false},"author":3,"featured_media":0,"comment_status":"closed","ping_status":"open","sticky":false,"template":"","format":"standard","meta":{"footnotes":""},"categories":[34],"tags":[],"class_list":["post-33430","post","type-post","status-publish","format-standard","hentry","category-educacion"],"yoast_head":"<!-- This site is optimized with the Yoast SEO plugin v25.9 - https:\/\/yoast.com\/wordpress\/plugins\/seo\/ -->\n<title>Comienza la inscripci\u00f3n de aspirantes para porteros y peones de cocina. - Noticias Radio Reflejos<\/title>\n<meta name=\"robots\" content=\"index, follow, max-snippet:-1, max-image-preview:large, max-video-preview:-1\" \/>\n<link rel=\"canonical\" href=\"https:\/\/www.noticiasradioreflejos.com.ar\/2021\/comienza-la-inscripcion-de-aspirantes-para-porteros-y-peones-de-cocina\/\" \/>\n<meta property=\"og:locale\" content=\"es_ES\" \/>\n<meta property=\"og:type\" content=\"article\" \/>\n<meta property=\"og:title\" content=\"Comienza la inscripci\u00f3n de aspirantes para porteros y peones de cocina. - Noticias Radio Reflejos\" \/>\n<meta property=\"og:description\" content=\"LISTADO A\u00d1O 2020 Del 01\/08\/2019 al 30\/08\/2019: Inscripci\u00f3n online a trav\u00e9s del portal www.abc.gob.ar\" \/>\n<meta property=\"og:url\" content=\"https:\/\/www.noticiasradioreflejos.com.ar\/2021\/comienza-la-inscripcion-de-aspirantes-para-porteros-y-peones-de-cocina\/\" \/>\n<meta property=\"og:site_name\" content=\"Noticias Radio Reflejos\" \/>\n<meta property=\"article:published_time\" content=\"2019-07-30T14:31:08+00:00\" \/>\n<meta property=\"og:image\" content=\"https:\/\/www.noticiasradioreflejos.com.ar\/2021\/wp-content\/uploads\/2021\/07\/logosol300x200.png\" \/>\n\t<meta property=\"og:image:width\" content=\"300\" \/>\n\t<meta property=\"og:image:height\" content=\"200\" \/>\n\t<meta property=\"og:image:type\" content=\"image\/png\" \/>\n<meta name=\"author\" content=\"Arnaldo Botto\" \/>\n<meta name=\"twitter:card\" content=\"summary_large_image\" \/>\n<script type=\"application\/ld+json\" class=\"yoast-schema-graph\">{\"@context\":\"https:\/\/schema.org\",\"@graph\":[{\"@type\":\"WebPage\",\"@id\":\"https:\/\/www.noticiasradioreflejos.com.ar\/2021\/comienza-la-inscripcion-de-aspirantes-para-porteros-y-peones-de-cocina\/\",\"url\":\"https:\/\/www.noticiasradioreflejos.com.ar\/2021\/comienza-la-inscripcion-de-aspirantes-para-porteros-y-peones-de-cocina\/\",\"name\":\"Comienza la inscripci\u00f3n de aspirantes para porteros y peones de cocina. - Noticias Radio Reflejos\",\"isPartOf\":{\"@id\":\"https:\/\/www.noticiasradioreflejos.com.ar\/2021\/#website\"},\"datePublished\":\"2019-07-30T14:31:08+00:00\",\"author\":{\"@id\":\"https:\/\/www.noticiasradioreflejos.com.ar\/2021\/#\/schema\/person\/ad82545263dcc5ec0996818884fd5fb1\"},\"breadcrumb\":{\"@id\":\"https:\/\/www.noticiasradioreflejos.com.ar\/2021\/comienza-la-inscripcion-de-aspirantes-para-porteros-y-peones-de-cocina\/#breadcrumb\"},\"inLanguage\":\"es\",\"potentialAction\":[{\"@type\":\"ReadAction\",\"target\":[\"https:\/\/www.noticiasradioreflejos.com.ar\/2021\/comienza-la-inscripcion-de-aspirantes-para-porteros-y-peones-de-cocina\/\"]}]},{\"@type\":\"BreadcrumbList\",\"@id\":\"https:\/\/www.noticiasradioreflejos.com.ar\/2021\/comienza-la-inscripcion-de-aspirantes-para-porteros-y-peones-de-cocina\/#breadcrumb\",\"itemListElement\":[{\"@type\":\"ListItem\",\"position\":1,\"name\":\"Portada\",\"item\":\"https:\/\/www.noticiasradioreflejos.com.ar\/2021\/\"},{\"@type\":\"ListItem\",\"position\":2,\"name\":\"Comienza la inscripci\u00f3n de aspirantes para porteros y peones de cocina.\"}]},{\"@type\":\"WebSite\",\"@id\":\"https:\/\/www.noticiasradioreflejos.com.ar\/2021\/#website\",\"url\":\"https:\/\/www.noticiasradioreflejos.com.ar\/2021\/\",\"name\":\"Noticias Radio Reflejos\",\"description\":\"Las noticias de mi comarca\",\"potentialAction\":[{\"@type\":\"SearchAction\",\"target\":{\"@type\":\"EntryPoint\",\"urlTemplate\":\"https:\/\/www.noticiasradioreflejos.com.ar\/2021\/?s={search_term_string}\"},\"query-input\":{\"@type\":\"PropertyValueSpecification\",\"valueRequired\":true,\"valueName\":\"search_term_string\"}}],\"inLanguage\":\"es\"},{\"@type\":\"Person\",\"@id\":\"https:\/\/www.noticiasradioreflejos.com.ar\/2021\/#\/schema\/person\/ad82545263dcc5ec0996818884fd5fb1\",\"name\":\"Arnaldo Botto\",\"image\":{\"@type\":\"ImageObject\",\"inLanguage\":\"es\",\"@id\":\"https:\/\/www.noticiasradioreflejos.com.ar\/2021\/#\/schema\/person\/image\/\",\"url\":\"https:\/\/secure.gravatar.com\/avatar\/55cb5e37c1efa326397366e6974cb338056df65cb50e7d64d1cf314e87504837?s=96&d=mm&r=g\",\"contentUrl\":\"https:\/\/secure.gravatar.com\/avatar\/55cb5e37c1efa326397366e6974cb338056df65cb50e7d64d1cf314e87504837?s=96&d=mm&r=g\",\"caption\":\"Arnaldo Botto\"},\"url\":\"https:\/\/www.noticiasradioreflejos.com.ar\/2021\/author\/arnaldo\/\"}]}<\/script>\n<!-- \/ Yoast SEO plugin. -->","yoast_head_json":{"title":"Comienza la inscripci\u00f3n de aspirantes para porteros y peones de cocina. - Noticias Radio Reflejos","robots":{"index":"index","follow":"follow","max-snippet":"max-snippet:-1","max-image-preview":"max-image-preview:large","max-video-preview":"max-video-preview:-1"},"canonical":"https:\/\/www.noticiasradioreflejos.com.ar\/2021\/comienza-la-inscripcion-de-aspirantes-para-porteros-y-peones-de-cocina\/","og_locale":"es_ES","og_type":"article","og_title":"Comienza la inscripci\u00f3n de aspirantes para porteros y peones de cocina. - Noticias Radio Reflejos","og_description":"LISTADO A\u00d1O 2020 Del 01\/08\/2019 al 30\/08\/2019: Inscripci\u00f3n online a trav\u00e9s del portal www.abc.gob.ar","og_url":"https:\/\/www.noticiasradioreflejos.com.ar\/2021\/comienza-la-inscripcion-de-aspirantes-para-porteros-y-peones-de-cocina\/","og_site_name":"Noticias Radio Reflejos","article_published_time":"2019-07-30T14:31:08+00:00","og_image":[{"width":300,"height":200,"url":"https:\/\/www.noticiasradioreflejos.com.ar\/2021\/wp-content\/uploads\/2021\/07\/logosol300x200.png","type":"image\/png"}],"author":"Arnaldo Botto","twitter_card":"summary_large_image","schema":{"@context":"https:\/\/schema.org","@graph":[{"@type":"WebPage","@id":"https:\/\/www.noticiasradioreflejos.com.ar\/2021\/comienza-la-inscripcion-de-aspirantes-para-porteros-y-peones-de-cocina\/","url":"https:\/\/www.noticiasradioreflejos.com.ar\/2021\/comienza-la-inscripcion-de-aspirantes-para-porteros-y-peones-de-cocina\/","name":"Comienza la inscripci\u00f3n de aspirantes para porteros y peones de cocina. - Noticias Radio Reflejos","isPartOf":{"@id":"https:\/\/www.noticiasradioreflejos.com.ar\/2021\/#website"},"datePublished":"2019-07-30T14:31:08+00:00","author":{"@id":"https:\/\/www.noticiasradioreflejos.com.ar\/2021\/#\/schema\/person\/ad82545263dcc5ec0996818884fd5fb1"},"breadcrumb":{"@id":"https:\/\/www.noticiasradioreflejos.com.ar\/2021\/comienza-la-inscripcion-de-aspirantes-para-porteros-y-peones-de-cocina\/#breadcrumb"},"inLanguage":"es","potentialAction":[{"@type":"ReadAction","target":["https:\/\/www.noticiasradioreflejos.com.ar\/2021\/comienza-la-inscripcion-de-aspirantes-para-porteros-y-peones-de-cocina\/"]}]},{"@type":"BreadcrumbList","@id":"https:\/\/www.noticiasradioreflejos.com.ar\/2021\/comienza-la-inscripcion-de-aspirantes-para-porteros-y-peones-de-cocina\/#breadcrumb","itemListElement":[{"@type":"ListItem","position":1,"name":"Portada","item":"https:\/\/www.noticiasradioreflejos.com.ar\/2021\/"},{"@type":"ListItem","position":2,"name":"Comienza la inscripci\u00f3n de aspirantes para porteros y peones de cocina."}]},{"@type":"WebSite","@id":"https:\/\/www.noticiasradioreflejos.com.ar\/2021\/#website","url":"https:\/\/www.noticiasradioreflejos.com.ar\/2021\/","name":"Noticias Radio Reflejos","description":"Las noticias de mi comarca","potentialAction":[{"@type":"SearchAction","target":{"@type":"EntryPoint","urlTemplate":"https:\/\/www.noticiasradioreflejos.com.ar\/2021\/?s={search_term_string}"},"query-input":{"@type":"PropertyValueSpecification","valueRequired":true,"valueName":"search_term_string"}}],"inLanguage":"es"},{"@type":"Person","@id":"https:\/\/www.noticiasradioreflejos.com.ar\/2021\/#\/schema\/person\/ad82545263dcc5ec0996818884fd5fb1","name":"Arnaldo Botto","image":{"@type":"ImageObject","inLanguage":"es","@id":"https:\/\/www.noticiasradioreflejos.com.ar\/2021\/#\/schema\/person\/image\/","url":"https:\/\/secure.gravatar.com\/avatar\/55cb5e37c1efa326397366e6974cb338056df65cb50e7d64d1cf314e87504837?s=96&d=mm&r=g","contentUrl":"https:\/\/secure.gravatar.com\/avatar\/55cb5e37c1efa326397366e6974cb338056df65cb50e7d64d1cf314e87504837?s=96&d=mm&r=g","caption":"Arnaldo Botto"},"url":"https:\/\/www.noticiasradioreflejos.com.ar\/2021\/author\/arnaldo\/"}]}},"_links":{"self":[{"href":"https:\/\/www.noticiasradioreflejos.com.ar\/2021\/wp-json\/wp\/v2\/posts\/33430","targetHints":{"allow":["GET"]}}],"collection":[{"href":"https:\/\/www.noticiasradioreflejos.com.ar\/2021\/wp-json\/wp\/v2\/posts"}],"about":[{"href":"https:\/\/www.noticiasradioreflejos.com.ar\/2021\/wp-json\/wp\/v2\/types\/post"}],"author":[{"embeddable":true,"href":"https:\/\/www.noticiasradioreflejos.com.ar\/2021\/wp-json\/wp\/v2\/users\/3"}],"replies":[{"embeddable":true,"href":"https:\/\/www.noticiasradioreflejos.com.ar\/2021\/wp-json\/wp\/v2\/comments?post=33430"}],"version-history":[{"count":0,"href":"https:\/\/www.noticiasradioreflejos.com.ar\/2021\/wp-json\/wp\/v2\/posts\/33430\/revisions"}],"wp:attachment":[{"href":"https:\/\/www.noticiasradioreflejos.com.ar\/2021\/wp-json\/wp\/v2\/media?parent=33430"}],"wp:term":[{"taxonomy":"category","embeddable":true,"href":"https:\/\/www.noticiasradioreflejos.com.ar\/2021\/wp-json\/wp\/v2\/categories?post=33430"},{"taxonomy":"post_tag","embeddable":true,"href":"https:\/\/www.noticiasradioreflejos.com.ar\/2021\/wp-json\/wp\/v2\/tags?post=33430"}],"curies":[{"name":"wp","href":"https:\/\/api.w.org\/{rel}","templated":true}]}}