{"id":33339,"date":"2019-07-25T19:00:15","date_gmt":"2019-07-25T22:00:15","guid":{"rendered":"http:\/\/www.noticiasradioreflejos.com.ar\/noticias\/?p=33339"},"modified":"2019-07-25T19:00:15","modified_gmt":"2019-07-25T22:00:15","slug":"variadas-actividades-para-este-viernes-en-la-macedonio","status":"publish","type":"post","link":"https:\/\/www.noticiasradioreflejos.com.ar\/2021\/variadas-actividades-para-este-viernes-en-la-macedonio\/","title":{"rendered":"Variadas actividades para este viernes en la Macedonio."},"content":{"rendered":"<p>Actividades en la biblioteca de Villa Ventana para este viernes 26 de julio<!--more--><br \/>\n &#8211; 9 hs. Clase de Tai Chi a cargo del Prof. Hugo Silvero. gratuito<br \/>\n &#8211; 15.30 hs. Yoga en familia. Juego corporal, relajaci\u00f3n y creatividad para compartir el placer del movimiento en familia. Coor. Laia Mir\u00f3 Ortiz. Colaboraci\u00f3n voluntaria<br \/>\n &#8211; 17.30 hs. \u00abTaller Emocionarte\u00bb.  Inscripci\u00f3n previa. Cupos limitados<br \/>\nEste taller es realizado con el objetivo de que los participantes se adentren en el conocimiento del mundo de las emociones y sentimientos desde sus propias experiencias. En el mismo se realizan actividades relacionadas al conocimiento de ellas, cu\u00e1ndo se originaron, c\u00f3mo reconocerlas en uno y en los otros, para qu\u00e9 y qu\u00e9 beneficios personales nos provoca en especial en la convivencia familiar. Reciprocidad $250.-<br \/>\n &#8211; 21 hs. Patagonia Brass. Concierto de m\u00fasica de C\u00e1mara. Trompeta, Corno, Tuba. Repertorio Bach, Debussy, Paganini, Piazzolla, entre otros. Contribuci\u00f3n a la gorra.<br \/>\n<a href=\"http:\/\/live.staticflickr.com\/65535\/48375766426_7b000261f5_s.jpg\" title=\"67200501_2377403582339905_327491879090257920_n\" rel=\"\"><img loading=\"lazy\" decoding=\"async\" src=\"http:\/\/live.staticflickr.com\/65535\/48375766426_7b000261f5_z.jpg\" width=\"397\" height=\"559\" alt=\"67200501_2377403582339905_327491879090257920_n\" title=\"67200501_2377403582339905_327491879090257920_n\" class=\"aligncenter\"><\/a><\/p>\n","protected":false},"excerpt":{"rendered":"<p>Actividades en la biblioteca de Villa Ventana para este viernes 26 de julio<\/p>\n","protected":false},"author":3,"featured_media":0,"comment_status":"closed","ping_status":"open","sticky":false,"template":"","format":"standard","meta":{"footnotes":""},"categories":[35],"tags":[],"class_list":["post-33339","post","type-post","status-publish","format-standard","hentry","category-cultura"],"yoast_head":"<!-- This site is optimized with the Yoast SEO plugin v25.9 - https:\/\/yoast.com\/wordpress\/plugins\/seo\/ -->\n<title>Variadas actividades para este viernes en la Macedonio. - Noticias Radio Reflejos<\/title>\n<meta name=\"robots\" content=\"index, follow, max-snippet:-1, max-image-preview:large, max-video-preview:-1\" \/>\n<link rel=\"canonical\" href=\"https:\/\/www.noticiasradioreflejos.com.ar\/2021\/variadas-actividades-para-este-viernes-en-la-macedonio\/\" \/>\n<meta property=\"og:locale\" content=\"es_ES\" \/>\n<meta property=\"og:type\" content=\"article\" \/>\n<meta property=\"og:title\" content=\"Variadas actividades para este viernes en la Macedonio. - Noticias Radio Reflejos\" \/>\n<meta property=\"og:description\" content=\"Actividades en la biblioteca de Villa Ventana para este viernes 26 de julio\" \/>\n<meta property=\"og:url\" content=\"https:\/\/www.noticiasradioreflejos.com.ar\/2021\/variadas-actividades-para-este-viernes-en-la-macedonio\/\" \/>\n<meta property=\"og:site_name\" content=\"Noticias Radio Reflejos\" \/>\n<meta property=\"article:published_time\" content=\"2019-07-25T22:00:15+00:00\" \/>\n<meta property=\"og:image\" content=\"http:\/\/live.staticflickr.com\/65535\/48375766426_7b000261f5_z.jpg\" \/>\n<meta name=\"author\" content=\"Arnaldo Botto\" \/>\n<meta name=\"twitter:card\" content=\"summary_large_image\" \/>\n<script type=\"application\/ld+json\" class=\"yoast-schema-graph\">{\"@context\":\"https:\/\/schema.org\",\"@graph\":[{\"@type\":\"WebPage\",\"@id\":\"https:\/\/www.noticiasradioreflejos.com.ar\/2021\/variadas-actividades-para-este-viernes-en-la-macedonio\/\",\"url\":\"https:\/\/www.noticiasradioreflejos.com.ar\/2021\/variadas-actividades-para-este-viernes-en-la-macedonio\/\",\"name\":\"Variadas actividades para este viernes en la Macedonio. - Noticias Radio Reflejos\",\"isPartOf\":{\"@id\":\"https:\/\/www.noticiasradioreflejos.com.ar\/2021\/#website\"},\"primaryImageOfPage\":{\"@id\":\"https:\/\/www.noticiasradioreflejos.com.ar\/2021\/variadas-actividades-para-este-viernes-en-la-macedonio\/#primaryimage\"},\"image\":{\"@id\":\"https:\/\/www.noticiasradioreflejos.com.ar\/2021\/variadas-actividades-para-este-viernes-en-la-macedonio\/#primaryimage\"},\"thumbnailUrl\":\"http:\/\/live.staticflickr.com\/65535\/48375766426_7b000261f5_z.jpg\",\"datePublished\":\"2019-07-25T22:00:15+00:00\",\"author\":{\"@id\":\"https:\/\/www.noticiasradioreflejos.com.ar\/2021\/#\/schema\/person\/ad82545263dcc5ec0996818884fd5fb1\"},\"breadcrumb\":{\"@id\":\"https:\/\/www.noticiasradioreflejos.com.ar\/2021\/variadas-actividades-para-este-viernes-en-la-macedonio\/#breadcrumb\"},\"inLanguage\":\"es\",\"potentialAction\":[{\"@type\":\"ReadAction\",\"target\":[\"https:\/\/www.noticiasradioreflejos.com.ar\/2021\/variadas-actividades-para-este-viernes-en-la-macedonio\/\"]}]},{\"@type\":\"ImageObject\",\"inLanguage\":\"es\",\"@id\":\"https:\/\/www.noticiasradioreflejos.com.ar\/2021\/variadas-actividades-para-este-viernes-en-la-macedonio\/#primaryimage\",\"url\":\"http:\/\/live.staticflickr.com\/65535\/48375766426_7b000261f5_z.jpg\",\"contentUrl\":\"http:\/\/live.staticflickr.com\/65535\/48375766426_7b000261f5_z.jpg\"},{\"@type\":\"BreadcrumbList\",\"@id\":\"https:\/\/www.noticiasradioreflejos.com.ar\/2021\/variadas-actividades-para-este-viernes-en-la-macedonio\/#breadcrumb\",\"itemListElement\":[{\"@type\":\"ListItem\",\"position\":1,\"name\":\"Portada\",\"item\":\"https:\/\/www.noticiasradioreflejos.com.ar\/2021\/\"},{\"@type\":\"ListItem\",\"position\":2,\"name\":\"Variadas actividades para este viernes en la Macedonio.\"}]},{\"@type\":\"WebSite\",\"@id\":\"https:\/\/www.noticiasradioreflejos.com.ar\/2021\/#website\",\"url\":\"https:\/\/www.noticiasradioreflejos.com.ar\/2021\/\",\"name\":\"Noticias Radio Reflejos\",\"description\":\"Las noticias de mi comarca\",\"potentialAction\":[{\"@type\":\"SearchAction\",\"target\":{\"@type\":\"EntryPoint\",\"urlTemplate\":\"https:\/\/www.noticiasradioreflejos.com.ar\/2021\/?s={search_term_string}\"},\"query-input\":{\"@type\":\"PropertyValueSpecification\",\"valueRequired\":true,\"valueName\":\"search_term_string\"}}],\"inLanguage\":\"es\"},{\"@type\":\"Person\",\"@id\":\"https:\/\/www.noticiasradioreflejos.com.ar\/2021\/#\/schema\/person\/ad82545263dcc5ec0996818884fd5fb1\",\"name\":\"Arnaldo Botto\",\"image\":{\"@type\":\"ImageObject\",\"inLanguage\":\"es\",\"@id\":\"https:\/\/www.noticiasradioreflejos.com.ar\/2021\/#\/schema\/person\/image\/\",\"url\":\"https:\/\/secure.gravatar.com\/avatar\/55cb5e37c1efa326397366e6974cb338056df65cb50e7d64d1cf314e87504837?s=96&d=mm&r=g\",\"contentUrl\":\"https:\/\/secure.gravatar.com\/avatar\/55cb5e37c1efa326397366e6974cb338056df65cb50e7d64d1cf314e87504837?s=96&d=mm&r=g\",\"caption\":\"Arnaldo Botto\"},\"url\":\"https:\/\/www.noticiasradioreflejos.com.ar\/2021\/author\/arnaldo\/\"}]}<\/script>\n<!-- \/ Yoast SEO plugin. -->","yoast_head_json":{"title":"Variadas actividades para este viernes en la Macedonio. - Noticias Radio Reflejos","robots":{"index":"index","follow":"follow","max-snippet":"max-snippet:-1","max-image-preview":"max-image-preview:large","max-video-preview":"max-video-preview:-1"},"canonical":"https:\/\/www.noticiasradioreflejos.com.ar\/2021\/variadas-actividades-para-este-viernes-en-la-macedonio\/","og_locale":"es_ES","og_type":"article","og_title":"Variadas actividades para este viernes en la Macedonio. - Noticias Radio Reflejos","og_description":"Actividades en la biblioteca de Villa Ventana para este viernes 26 de julio","og_url":"https:\/\/www.noticiasradioreflejos.com.ar\/2021\/variadas-actividades-para-este-viernes-en-la-macedonio\/","og_site_name":"Noticias Radio Reflejos","article_published_time":"2019-07-25T22:00:15+00:00","og_image":[{"url":"http:\/\/live.staticflickr.com\/65535\/48375766426_7b000261f5_z.jpg","type":"","width":"","height":""}],"author":"Arnaldo Botto","twitter_card":"summary_large_image","schema":{"@context":"https:\/\/schema.org","@graph":[{"@type":"WebPage","@id":"https:\/\/www.noticiasradioreflejos.com.ar\/2021\/variadas-actividades-para-este-viernes-en-la-macedonio\/","url":"https:\/\/www.noticiasradioreflejos.com.ar\/2021\/variadas-actividades-para-este-viernes-en-la-macedonio\/","name":"Variadas actividades para este viernes en la Macedonio. - Noticias Radio Reflejos","isPartOf":{"@id":"https:\/\/www.noticiasradioreflejos.com.ar\/2021\/#website"},"primaryImageOfPage":{"@id":"https:\/\/www.noticiasradioreflejos.com.ar\/2021\/variadas-actividades-para-este-viernes-en-la-macedonio\/#primaryimage"},"image":{"@id":"https:\/\/www.noticiasradioreflejos.com.ar\/2021\/variadas-actividades-para-este-viernes-en-la-macedonio\/#primaryimage"},"thumbnailUrl":"http:\/\/live.staticflickr.com\/65535\/48375766426_7b000261f5_z.jpg","datePublished":"2019-07-25T22:00:15+00:00","author":{"@id":"https:\/\/www.noticiasradioreflejos.com.ar\/2021\/#\/schema\/person\/ad82545263dcc5ec0996818884fd5fb1"},"breadcrumb":{"@id":"https:\/\/www.noticiasradioreflejos.com.ar\/2021\/variadas-actividades-para-este-viernes-en-la-macedonio\/#breadcrumb"},"inLanguage":"es","potentialAction":[{"@type":"ReadAction","target":["https:\/\/www.noticiasradioreflejos.com.ar\/2021\/variadas-actividades-para-este-viernes-en-la-macedonio\/"]}]},{"@type":"ImageObject","inLanguage":"es","@id":"https:\/\/www.noticiasradioreflejos.com.ar\/2021\/variadas-actividades-para-este-viernes-en-la-macedonio\/#primaryimage","url":"http:\/\/live.staticflickr.com\/65535\/48375766426_7b000261f5_z.jpg","contentUrl":"http:\/\/live.staticflickr.com\/65535\/48375766426_7b000261f5_z.jpg"},{"@type":"BreadcrumbList","@id":"https:\/\/www.noticiasradioreflejos.com.ar\/2021\/variadas-actividades-para-este-viernes-en-la-macedonio\/#breadcrumb","itemListElement":[{"@type":"ListItem","position":1,"name":"Portada","item":"https:\/\/www.noticiasradioreflejos.com.ar\/2021\/"},{"@type":"ListItem","position":2,"name":"Variadas actividades para este viernes en la Macedonio."}]},{"@type":"WebSite","@id":"https:\/\/www.noticiasradioreflejos.com.ar\/2021\/#website","url":"https:\/\/www.noticiasradioreflejos.com.ar\/2021\/","name":"Noticias Radio Reflejos","description":"Las noticias de mi comarca","potentialAction":[{"@type":"SearchAction","target":{"@type":"EntryPoint","urlTemplate":"https:\/\/www.noticiasradioreflejos.com.ar\/2021\/?s={search_term_string}"},"query-input":{"@type":"PropertyValueSpecification","valueRequired":true,"valueName":"search_term_string"}}],"inLanguage":"es"},{"@type":"Person","@id":"https:\/\/www.noticiasradioreflejos.com.ar\/2021\/#\/schema\/person\/ad82545263dcc5ec0996818884fd5fb1","name":"Arnaldo Botto","image":{"@type":"ImageObject","inLanguage":"es","@id":"https:\/\/www.noticiasradioreflejos.com.ar\/2021\/#\/schema\/person\/image\/","url":"https:\/\/secure.gravatar.com\/avatar\/55cb5e37c1efa326397366e6974cb338056df65cb50e7d64d1cf314e87504837?s=96&d=mm&r=g","contentUrl":"https:\/\/secure.gravatar.com\/avatar\/55cb5e37c1efa326397366e6974cb338056df65cb50e7d64d1cf314e87504837?s=96&d=mm&r=g","caption":"Arnaldo Botto"},"url":"https:\/\/www.noticiasradioreflejos.com.ar\/2021\/author\/arnaldo\/"}]}},"_links":{"self":[{"href":"https:\/\/www.noticiasradioreflejos.com.ar\/2021\/wp-json\/wp\/v2\/posts\/33339","targetHints":{"allow":["GET"]}}],"collection":[{"href":"https:\/\/www.noticiasradioreflejos.com.ar\/2021\/wp-json\/wp\/v2\/posts"}],"about":[{"href":"https:\/\/www.noticiasradioreflejos.com.ar\/2021\/wp-json\/wp\/v2\/types\/post"}],"author":[{"embeddable":true,"href":"https:\/\/www.noticiasradioreflejos.com.ar\/2021\/wp-json\/wp\/v2\/users\/3"}],"replies":[{"embeddable":true,"href":"https:\/\/www.noticiasradioreflejos.com.ar\/2021\/wp-json\/wp\/v2\/comments?post=33339"}],"version-history":[{"count":0,"href":"https:\/\/www.noticiasradioreflejos.com.ar\/2021\/wp-json\/wp\/v2\/posts\/33339\/revisions"}],"wp:attachment":[{"href":"https:\/\/www.noticiasradioreflejos.com.ar\/2021\/wp-json\/wp\/v2\/media?parent=33339"}],"wp:term":[{"taxonomy":"category","embeddable":true,"href":"https:\/\/www.noticiasradioreflejos.com.ar\/2021\/wp-json\/wp\/v2\/categories?post=33339"},{"taxonomy":"post_tag","embeddable":true,"href":"https:\/\/www.noticiasradioreflejos.com.ar\/2021\/wp-json\/wp\/v2\/tags?post=33339"}],"curies":[{"name":"wp","href":"https:\/\/api.w.org\/{rel}","templated":true}]}}